{"id":9655,"date":"2017-03-09T12:37:02","date_gmt":"2017-03-09T12:37:02","guid":{"rendered":"http:\/\/www.mfwa.org\/?p=9655"},"modified":"2017-03-15T10:56:02","modified_gmt":"2017-03-15T10:56:02","slug":"nigeria-journaliste-renvoyee-de-la-salle-daudience-par-un-juge","status":"publish","type":"post","link":"https:\/\/mfwa.org\/fr\/nigeria-journaliste-renvoyee-de-la-salle-daudience-par-un-juge\/","title":{"rendered":"Nigeria: Journaliste Renvoy\u00e9e de la Salle d\u2019Audience par un Juge"},"content":{"rendered":"<p style=\"text-align: justify;\">Un juge de la cour des magistrats de Igbosere \u00e0 Lagos, H.O. Amos, a renvoy\u00e9 une reporter du journal <em>Vanguard<\/em>, Onozure Dania, le 5 Mars 2017, de la salle d\u2019audience du tribunal lorsqu\u2019elle s\u2019y \u00e9tait rendue sans autorisation pr\u00e9alable pour couvrir le proc\u00e8s que le juge \u00e9tait en train de pr\u00e9sider.<\/p>\n<p style=\"text-align: justify;\">Le juge a aussi insist\u00e9 qu\u2019il doit v\u00e9rifier la r\u00e9daction manuscrite de la journaliste avant que cela ne soit publi\u00e9e.<\/p>\n<p style=\"text-align: justify;\">Onosure Dania est all\u00e9e \u00e0 la Cour des Magistrats pour couvrir un cas dans lequel la d\u00e9fense recherchait \u00e0 retirer sa caution pour l\u2019accus\u00e9. Lors de l\u2019audience, le greffier de la s\u00e9ance a inform\u00e9 le juge de la pr\u00e9sence du journaliste. Amos, qui a la r\u00e9putation d\u2019interdire aux m\u00e9dias l\u2019acc\u00e8s \u00e0 sa salle d\u2019audience, a brusquement arr\u00eat\u00e9 l\u2019audience et a demand\u00e9 \u00e0 la journaliste de se pr\u00e9senter.<\/p>\n<p style=\"text-align: justify;\">Apr\u00e8s qu\u2019Onozure ait mentionn\u00e9 son nom et sa profession de journaliste, le juge l\u2019a demand\u00e9 de d\u00e9clarer son int\u00e9r\u00eat dans le cas d\u2019audience en cours. Onozure a r\u00e9pondu en ces termes\u00a0:<\/p>\n<p style=\"text-align: justify;\">\u00abJe n\u2019ai aucun int\u00e9r\u00eat dans l\u2019affaire. Je couvre les audiences au tribunal, voil\u00e0 la raison de ma pr\u00e9sence ici\u00a0\u00bb.<\/p>\n<p style=\"text-align: justify;\">Le juge a poursuivi en demandant \u00e0 Onuzure d\u2019obtenir une autorisation de sa part avant d\u2019entrer dans la salle d\u2019audience.<\/p>\n<p style=\"text-align: justify;\"><strong>\u00ab<\/strong>Je n\u2019ai pas besoin d\u2019autorisation, puisque l\u2019audience est ouvert public. Je couvre les audiences m\u00eame au niveau des hautes instances juridictionnelles, et l\u2019on ne m\u2019a jamais demand\u00e9 d\u2019obtenir aucune autorisation pr\u00e9alable.\u00bb<\/p>\n<p style=\"text-align: justify;\">Le juge a ajout\u00e9 donc:\u00a0\u00abSi tu veux \u00e9crire n\u2019importe quoi de cette audience, je dois v\u00e9rifier cela avant que \u00e7a ne soit publi\u00e9\u00bb. Lorsqu\u2019Onozure a protest\u00e9 contre cette exigence, le juge a ordonn\u00e9 qu\u2019elle soit mise hors de la salle d\u2019audience.<\/p>\n<p style=\"text-align: justify;\">Il y a \u00e0 peu pr\u00e8s un an, le 8 F\u00e9vrier 2016, <a href=\"http:\/\/www.mfwa.org\/fr\/nigeria-un-magistrat-interdit-les-journalistes-de-couvrir-une-audience-publique-de-justice\/\">le m\u00eame juge avait ordonn\u00e9 \u00e0 un groupe de journalistes de sortir de la salle d\u2019audience<\/a> et a demand\u00e9 qu\u2019ils se pr\u00e9sentent avec une autorisation \u00e9crite avant d\u2019avoir acc\u00e8s \u00e0 la salle d\u2019audience pour couvrir les proc\u00e9dures.<\/p>\n<p style=\"text-align: justify;\">Les journalistes font face souvent \u00e0 des hostilit\u00e9s de la part des personnels de la justice et des personnes impliqu\u00e9es dans les diff\u00e9rends au niveau des tribunaux de justice. Ils sont quelquefois agress\u00e9s pour le simple fait qu\u2019ils remplissent leurs devoirs. Le 10 janvier 2017, par exemple, les <a href=\"http:\/\/www.mfwa.org\/fr\/nigeria-journalistes-prives-dacces-a-la-salle-daudience-du-tribunal\/\">agents de s\u00e9curit\u00e9 en poste \u00e0 la Haute Cour de Justice d\u2019Abuja ont refus\u00e9\u00a0l\u2019acc\u00e8s \u00e0 un groupe de journalistes \u00e0 la salle d\u2019audience<\/a>, ce qui a conduit \u00e0 de vives et bruyantes protestations. Lorsque les journalistes ont \u00e9t\u00e9 \u00e9ventuellement autoris\u00e9s \u00e0 acc\u00e9der \u00e0 la salle d\u2019audience, ils ne pouvaient suivre l\u2019audience qu\u2019en se tenant derri\u00e8re un rideau.<\/p>\n<p style=\"text-align: justify;\">La MFWA trouve malencontreux ce dernier fait du juge Amos d\u2019imposer une censure sur les reportages sur les proc\u00e9dures, et f\u00e9licite la journaliste Onazure pour son courage en rejetant l\u2019imposition du juge.<\/p>\n<p style=\"text-align: justify;\">Nous exhortons les autorit\u00e9s judiciaires au Nigeria de rappeler \u00e0 l\u2019ordre les agents de la s\u00e9curit\u00e9, les employ\u00e9s de la cour, les greffiers et les juges qui harcellent les journalistes au niveau des diff\u00e9rents tribunaux lorsqu\u2019ils sont en train d\u2019accomplir leur travail. Nous croyons qu\u2019en mettant en place un corps de presse juridique\u00a0 et en lui d\u00e9signant un espace sp\u00e9cifique au sein des salles d\u2019audience des tribunaux, cela aidera \u00e9norm\u00e9ment \u00e0 \u00e9viter les tensions.<\/p>\n","protected":false},"excerpt":{"rendered":"<p>Un juge de la cour des magistrats de Igbosere \u00e0 Lagos, H.O. Amos, a renvoy\u00e9 une reporter du<\/p>\n","protected":false},"author":2,"featured_media":9583,"comment_status":"closed","ping_status":"closed","sticky":false,"template":"","format":"standard","meta":{"footnotes":""},"categories":[1,254],"tags":[],"country":[250],"staff-position":[],"opportunity-category":[],"ppma_author":[513],"class_list":["post-9655","post","type-post","status-publish","format-standard","has-post-thumbnail","hentry","category-uncategorized","category-free-expression-violations-fr","country-nigeria-fr"],"yoast_head":"<!-- This site is optimized with the Yoast SEO plugin v27.4 - https:\/\/yoast.com\/product\/yoast-seo-wordpress\/ -->\n<title>Nigeria: Journaliste Renvoy\u00e9e de la Salle d\u2019Audience par un Juge - Media Foundation For West Africa<\/title>\n<meta name=\"robots\" content=\"index, follow, max-snippet:-1, max-image-preview:large, max-video-preview:-1\" \/>\n<link rel=\"canonical\" href=\"https:\/\/mfwa.org\/fr\/nigeria-journaliste-renvoyee-de-la-salle-daudience-par-un-juge\/\" \/>\n<meta property=\"og:locale\" content=\"fr_FR\" \/>\n<meta property=\"og:type\" content=\"article\" \/>\n<meta property=\"og:title\" content=\"Nigeria: Journaliste Renvoy\u00e9e de la Salle d\u2019Audience par un Juge - Media Foundation For West Africa\" \/>\n<meta property=\"og:description\" content=\"Un juge de la cour des magistrats de Igbosere \u00e0 Lagos, H.O. Amos, a renvoy\u00e9 une reporter du\" \/>\n<meta property=\"og:url\" content=\"https:\/\/mfwa.org\/fr\/nigeria-journaliste-renvoyee-de-la-salle-daudience-par-un-juge\/\" \/>\n<meta property=\"og:site_name\" content=\"Media Foundation For West Africa\" \/>\n<meta property=\"article:publisher\" content=\"https:\/\/www.facebook.com\/themfwa\" \/>\n<meta property=\"article:published_time\" content=\"2017-03-09T12:37:02+00:00\" \/>\n<meta property=\"article:modified_time\" content=\"2017-03-15T10:56:02+00:00\" \/>\n<meta property=\"og:image\" content=\"https:\/\/mfwa.org\/wp-content\/uploads\/2017\/03\/court.jpg\" \/>\n\t<meta property=\"og:image:width\" content=\"840\" \/>\n\t<meta property=\"og:image:height\" content=\"407\" \/>\n\t<meta property=\"og:image:type\" content=\"image\/jpeg\" \/>\n<meta name=\"author\" content=\"Vivian Affoah\" \/>\n<meta name=\"twitter:card\" content=\"summary_large_image\" \/>\n<meta name=\"twitter:creator\" content=\"@TheMFWA\" \/>\n<meta name=\"twitter:site\" content=\"@TheMFWA\" \/>\n<meta name=\"twitter:label1\" content=\"Written by\" \/>\n\t<meta name=\"twitter:data1\" content=\"Vivian Affoah\" \/>\n\t<meta name=\"twitter:label2\" content=\"Est. reading time\" \/>\n\t<meta name=\"twitter:data2\" content=\"3 minutes\" \/>\n<script type=\"application\/ld+json\" class=\"yoast-schema-graph\">{\"@context\":\"https:\\\/\\\/schema.org\",\"@graph\":[{\"@type\":\"Article\",\"@id\":\"https:\\\/\\\/mfwa.org\\\/fr\\\/nigeria-journaliste-renvoyee-de-la-salle-daudience-par-un-juge\\\/#article\",\"isPartOf\":{\"@id\":\"https:\\\/\\\/mfwa.org\\\/fr\\\/nigeria-journaliste-renvoyee-de-la-salle-daudience-par-un-juge\\\/\"},\"author\":{\"name\":\"Vivian Affoah\",\"@id\":\"https:\\\/\\\/mfwa.org\\\/#\\\/schema\\\/person\\\/6a1a8151b41fab6317c9544da609a96b\"},\"headline\":\"Nigeria: Journaliste Renvoy\u00e9e de la Salle d\u2019Audience par un Juge\",\"datePublished\":\"2017-03-09T12:37:02+00:00\",\"dateModified\":\"2017-03-15T10:56:02+00:00\",\"mainEntityOfPage\":{\"@id\":\"https:\\\/\\\/mfwa.org\\\/fr\\\/nigeria-journaliste-renvoyee-de-la-salle-daudience-par-un-juge\\\/\"},\"wordCount\":627,\"publisher\":{\"@id\":\"https:\\\/\\\/mfwa.org\\\/#organization\"},\"image\":{\"@id\":\"https:\\\/\\\/mfwa.org\\\/fr\\\/nigeria-journaliste-renvoyee-de-la-salle-daudience-par-un-juge\\\/#primaryimage\"},\"thumbnailUrl\":\"https:\\\/\\\/mfwa.org\\\/wp-content\\\/uploads\\\/2017\\\/03\\\/court.jpg\",\"articleSection\":[\".\",\"Les violations de la libre expression\"],\"inLanguage\":\"fr-FR\"},{\"@type\":\"WebPage\",\"@id\":\"https:\\\/\\\/mfwa.org\\\/fr\\\/nigeria-journaliste-renvoyee-de-la-salle-daudience-par-un-juge\\\/\",\"url\":\"https:\\\/\\\/mfwa.org\\\/fr\\\/nigeria-journaliste-renvoyee-de-la-salle-daudience-par-un-juge\\\/\",\"name\":\"Nigeria: Journaliste Renvoy\u00e9e de la Salle d\u2019Audience par un Juge - Media Foundation For West Africa\",\"isPartOf\":{\"@id\":\"https:\\\/\\\/mfwa.org\\\/#website\"},\"primaryImageOfPage\":{\"@id\":\"https:\\\/\\\/mfwa.org\\\/fr\\\/nigeria-journaliste-renvoyee-de-la-salle-daudience-par-un-juge\\\/#primaryimage\"},\"image\":{\"@id\":\"https:\\\/\\\/mfwa.org\\\/fr\\\/nigeria-journaliste-renvoyee-de-la-salle-daudience-par-un-juge\\\/#primaryimage\"},\"thumbnailUrl\":\"https:\\\/\\\/mfwa.org\\\/wp-content\\\/uploads\\\/2017\\\/03\\\/court.jpg\",\"datePublished\":\"2017-03-09T12:37:02+00:00\",\"dateModified\":\"2017-03-15T10:56:02+00:00\",\"breadcrumb\":{\"@id\":\"https:\\\/\\\/mfwa.org\\\/fr\\\/nigeria-journaliste-renvoyee-de-la-salle-daudience-par-un-juge\\\/#breadcrumb\"},\"inLanguage\":\"fr-FR\",\"potentialAction\":[{\"@type\":\"ReadAction\",\"target\":[\"https:\\\/\\\/mfwa.org\\\/fr\\\/nigeria-journaliste-renvoyee-de-la-salle-daudience-par-un-juge\\\/\"]}]},{\"@type\":\"ImageObject\",\"inLanguage\":\"fr-FR\",\"@id\":\"https:\\\/\\\/mfwa.org\\\/fr\\\/nigeria-journaliste-renvoyee-de-la-salle-daudience-par-un-juge\\\/#primaryimage\",\"url\":\"https:\\\/\\\/mfwa.org\\\/wp-content\\\/uploads\\\/2017\\\/03\\\/court.jpg\",\"contentUrl\":\"https:\\\/\\\/mfwa.org\\\/wp-content\\\/uploads\\\/2017\\\/03\\\/court.jpg\",\"width\":840,\"height\":407},{\"@type\":\"BreadcrumbList\",\"@id\":\"https:\\\/\\\/mfwa.org\\\/fr\\\/nigeria-journaliste-renvoyee-de-la-salle-daudience-par-un-juge\\\/#breadcrumb\",\"itemListElement\":[{\"@type\":\"ListItem\",\"position\":1,\"name\":\"Home\",\"item\":\"https:\\\/\\\/mfwa.org\\\/fr\\\/\"},{\"@type\":\"ListItem\",\"position\":2,\"name\":\"Nigeria: Journaliste Renvoy\u00e9e de la Salle d\u2019Audience par un Juge\"}]},{\"@type\":\"WebSite\",\"@id\":\"https:\\\/\\\/mfwa.org\\\/#website\",\"url\":\"https:\\\/\\\/mfwa.org\\\/\",\"name\":\"Media Foundation For West Africa\",\"description\":\"Promoting Freedom of Expression and Democracy in West Africa\",\"publisher\":{\"@id\":\"https:\\\/\\\/mfwa.org\\\/#organization\"},\"potentialAction\":[{\"@type\":\"SearchAction\",\"target\":{\"@type\":\"EntryPoint\",\"urlTemplate\":\"https:\\\/\\\/mfwa.org\\\/?s={search_term_string}\"},\"query-input\":{\"@type\":\"PropertyValueSpecification\",\"valueRequired\":true,\"valueName\":\"search_term_string\"}}],\"inLanguage\":\"fr-FR\"},{\"@type\":\"Organization\",\"@id\":\"https:\\\/\\\/mfwa.org\\\/#organization\",\"name\":\"Media Foundation for West Africa\",\"url\":\"https:\\\/\\\/mfwa.org\\\/\",\"logo\":{\"@type\":\"ImageObject\",\"inLanguage\":\"fr-FR\",\"@id\":\"https:\\\/\\\/mfwa.org\\\/#\\\/schema\\\/logo\\\/image\\\/\",\"url\":\"https:\\\/\\\/www.mfwa.org\\\/wp-content\\\/uploads\\\/2016\\\/06\\\/MFWA-LOGO.png\",\"contentUrl\":\"https:\\\/\\\/www.mfwa.org\\\/wp-content\\\/uploads\\\/2016\\\/06\\\/MFWA-LOGO.png\",\"width\":180,\"height\":180,\"caption\":\"Media Foundation for West Africa\"},\"image\":{\"@id\":\"https:\\\/\\\/mfwa.org\\\/#\\\/schema\\\/logo\\\/image\\\/\"},\"sameAs\":[\"https:\\\/\\\/www.facebook.com\\\/themfwa\",\"https:\\\/\\\/x.com\\\/TheMFWA\",\"https:\\\/\\\/www.youtube.com\\\/channel\\\/UCF6HrPuXcV1K1Ed8AAq4Rdw\"]},{\"@type\":\"Person\",\"@id\":\"https:\\\/\\\/mfwa.org\\\/#\\\/schema\\\/person\\\/6a1a8151b41fab6317c9544da609a96b\",\"name\":\"Vivian Affoah\",\"image\":{\"@type\":\"ImageObject\",\"inLanguage\":\"fr-FR\",\"@id\":\"https:\\\/\\\/secure.gravatar.com\\\/avatar\\\/ddf6c5c2ef2f35c978196ce314f9b81dba2ec548b12806a3acbe02e2360d7e63?s=96&d=mm&r=g719420b9d28a4a0781c1038ec6921926\",\"url\":\"https:\\\/\\\/secure.gravatar.com\\\/avatar\\\/ddf6c5c2ef2f35c978196ce314f9b81dba2ec548b12806a3acbe02e2360d7e63?s=96&d=mm&r=g\",\"contentUrl\":\"https:\\\/\\\/secure.gravatar.com\\\/avatar\\\/ddf6c5c2ef2f35c978196ce314f9b81dba2ec548b12806a3acbe02e2360d7e63?s=96&d=mm&r=g\",\"caption\":\"Vivian Affoah\"},\"sameAs\":[\"http:\\\/\\\/www.mfwa.org\"],\"url\":\"https:\\\/\\\/mfwa.org\\\/fr\\\/author\\\/vivian\\\/\"}]}<\/script>\n<!-- \/ Yoast SEO plugin. -->","yoast_head_json":{"title":"Nigeria: Journaliste Renvoy\u00e9e de la Salle d\u2019Audience par un Juge - Media Foundation For West Africa","robots":{"index":"index","follow":"follow","max-snippet":"max-snippet:-1","max-image-preview":"max-image-preview:large","max-video-preview":"max-video-preview:-1"},"canonical":"https:\/\/mfwa.org\/fr\/nigeria-journaliste-renvoyee-de-la-salle-daudience-par-un-juge\/","og_locale":"fr_FR","og_type":"article","og_title":"Nigeria: Journaliste Renvoy\u00e9e de la Salle d\u2019Audience par un Juge - Media Foundation For West Africa","og_description":"Un juge de la cour des magistrats de Igbosere \u00e0 Lagos, H.O. Amos, a renvoy\u00e9 une reporter du","og_url":"https:\/\/mfwa.org\/fr\/nigeria-journaliste-renvoyee-de-la-salle-daudience-par-un-juge\/","og_site_name":"Media Foundation For West Africa","article_publisher":"https:\/\/www.facebook.com\/themfwa","article_published_time":"2017-03-09T12:37:02+00:00","article_modified_time":"2017-03-15T10:56:02+00:00","og_image":[{"width":840,"height":407,"url":"https:\/\/mfwa.org\/wp-content\/uploads\/2017\/03\/court.jpg","type":"image\/jpeg"}],"author":"Vivian Affoah","twitter_card":"summary_large_image","twitter_creator":"@TheMFWA","twitter_site":"@TheMFWA","twitter_misc":{"Written by":"Vivian Affoah","Est. reading time":"3 minutes"},"schema":{"@context":"https:\/\/schema.org","@graph":[{"@type":"Article","@id":"https:\/\/mfwa.org\/fr\/nigeria-journaliste-renvoyee-de-la-salle-daudience-par-un-juge\/#article","isPartOf":{"@id":"https:\/\/mfwa.org\/fr\/nigeria-journaliste-renvoyee-de-la-salle-daudience-par-un-juge\/"},"author":{"name":"Vivian Affoah","@id":"https:\/\/mfwa.org\/#\/schema\/person\/6a1a8151b41fab6317c9544da609a96b"},"headline":"Nigeria: Journaliste Renvoy\u00e9e de la Salle d\u2019Audience par un Juge","datePublished":"2017-03-09T12:37:02+00:00","dateModified":"2017-03-15T10:56:02+00:00","mainEntityOfPage":{"@id":"https:\/\/mfwa.org\/fr\/nigeria-journaliste-renvoyee-de-la-salle-daudience-par-un-juge\/"},"wordCount":627,"publisher":{"@id":"https:\/\/mfwa.org\/#organization"},"image":{"@id":"https:\/\/mfwa.org\/fr\/nigeria-journaliste-renvoyee-de-la-salle-daudience-par-un-juge\/#primaryimage"},"thumbnailUrl":"https:\/\/mfwa.org\/wp-content\/uploads\/2017\/03\/court.jpg","articleSection":[".","Les violations de la libre expression"],"inLanguage":"fr-FR"},{"@type":"WebPage","@id":"https:\/\/mfwa.org\/fr\/nigeria-journaliste-renvoyee-de-la-salle-daudience-par-un-juge\/","url":"https:\/\/mfwa.org\/fr\/nigeria-journaliste-renvoyee-de-la-salle-daudience-par-un-juge\/","name":"Nigeria: Journaliste Renvoy\u00e9e de la Salle d\u2019Audience par un Juge - Media Foundation For West Africa","isPartOf":{"@id":"https:\/\/mfwa.org\/#website"},"primaryImageOfPage":{"@id":"https:\/\/mfwa.org\/fr\/nigeria-journaliste-renvoyee-de-la-salle-daudience-par-un-juge\/#primaryimage"},"image":{"@id":"https:\/\/mfwa.org\/fr\/nigeria-journaliste-renvoyee-de-la-salle-daudience-par-un-juge\/#primaryimage"},"thumbnailUrl":"https:\/\/mfwa.org\/wp-content\/uploads\/2017\/03\/court.jpg","datePublished":"2017-03-09T12:37:02+00:00","dateModified":"2017-03-15T10:56:02+00:00","breadcrumb":{"@id":"https:\/\/mfwa.org\/fr\/nigeria-journaliste-renvoyee-de-la-salle-daudience-par-un-juge\/#breadcrumb"},"inLanguage":"fr-FR","potentialAction":[{"@type":"ReadAction","target":["https:\/\/mfwa.org\/fr\/nigeria-journaliste-renvoyee-de-la-salle-daudience-par-un-juge\/"]}]},{"@type":"ImageObject","inLanguage":"fr-FR","@id":"https:\/\/mfwa.org\/fr\/nigeria-journaliste-renvoyee-de-la-salle-daudience-par-un-juge\/#primaryimage","url":"https:\/\/mfwa.org\/wp-content\/uploads\/2017\/03\/court.jpg","contentUrl":"https:\/\/mfwa.org\/wp-content\/uploads\/2017\/03\/court.jpg","width":840,"height":407},{"@type":"BreadcrumbList","@id":"https:\/\/mfwa.org\/fr\/nigeria-journaliste-renvoyee-de-la-salle-daudience-par-un-juge\/#breadcrumb","itemListElement":[{"@type":"ListItem","position":1,"name":"Home","item":"https:\/\/mfwa.org\/fr\/"},{"@type":"ListItem","position":2,"name":"Nigeria: Journaliste Renvoy\u00e9e de la Salle d\u2019Audience par un Juge"}]},{"@type":"WebSite","@id":"https:\/\/mfwa.org\/#website","url":"https:\/\/mfwa.org\/","name":"Media Foundation For West Africa","description":"Promoting Freedom of Expression and Democracy in West Africa","publisher":{"@id":"https:\/\/mfwa.org\/#organization"},"potentialAction":[{"@type":"SearchAction","target":{"@type":"EntryPoint","urlTemplate":"https:\/\/mfwa.org\/?s={search_term_string}"},"query-input":{"@type":"PropertyValueSpecification","valueRequired":true,"valueName":"search_term_string"}}],"inLanguage":"fr-FR"},{"@type":"Organization","@id":"https:\/\/mfwa.org\/#organization","name":"Media Foundation for West Africa","url":"https:\/\/mfwa.org\/","logo":{"@type":"ImageObject","inLanguage":"fr-FR","@id":"https:\/\/mfwa.org\/#\/schema\/logo\/image\/","url":"https:\/\/www.mfwa.org\/wp-content\/uploads\/2016\/06\/MFWA-LOGO.png","contentUrl":"https:\/\/www.mfwa.org\/wp-content\/uploads\/2016\/06\/MFWA-LOGO.png","width":180,"height":180,"caption":"Media Foundation for West Africa"},"image":{"@id":"https:\/\/mfwa.org\/#\/schema\/logo\/image\/"},"sameAs":["https:\/\/www.facebook.com\/themfwa","https:\/\/x.com\/TheMFWA","https:\/\/www.youtube.com\/channel\/UCF6HrPuXcV1K1Ed8AAq4Rdw"]},{"@type":"Person","@id":"https:\/\/mfwa.org\/#\/schema\/person\/6a1a8151b41fab6317c9544da609a96b","name":"Vivian Affoah","image":{"@type":"ImageObject","inLanguage":"fr-FR","@id":"https:\/\/secure.gravatar.com\/avatar\/ddf6c5c2ef2f35c978196ce314f9b81dba2ec548b12806a3acbe02e2360d7e63?s=96&d=mm&r=g719420b9d28a4a0781c1038ec6921926","url":"https:\/\/secure.gravatar.com\/avatar\/ddf6c5c2ef2f35c978196ce314f9b81dba2ec548b12806a3acbe02e2360d7e63?s=96&d=mm&r=g","contentUrl":"https:\/\/secure.gravatar.com\/avatar\/ddf6c5c2ef2f35c978196ce314f9b81dba2ec548b12806a3acbe02e2360d7e63?s=96&d=mm&r=g","caption":"Vivian Affoah"},"sameAs":["http:\/\/www.mfwa.org"],"url":"https:\/\/mfwa.org\/fr\/author\/vivian\/"}]}},"authors":[{"term_id":513,"user_id":2,"is_guest":0,"slug":"vivian","display_name":"Vivian Affoah","avatar_url":"https:\/\/secure.gravatar.com\/avatar\/ddf6c5c2ef2f35c978196ce314f9b81dba2ec548b12806a3acbe02e2360d7e63?s=96&d=mm&r=g","0":null,"1":"","2":"","3":"","4":"","5":"","6":"","7":"","8":""}],"_links":{"self":[{"href":"https:\/\/mfwa.org\/fr\/wp-json\/wp\/v2\/posts\/9655","targetHints":{"allow":["GET"]}}],"collection":[{"href":"https:\/\/mfwa.org\/fr\/wp-json\/wp\/v2\/posts"}],"about":[{"href":"https:\/\/mfwa.org\/fr\/wp-json\/wp\/v2\/types\/post"}],"author":[{"embeddable":true,"href":"https:\/\/mfwa.org\/fr\/wp-json\/wp\/v2\/users\/2"}],"replies":[{"embeddable":true,"href":"https:\/\/mfwa.org\/fr\/wp-json\/wp\/v2\/comments?post=9655"}],"version-history":[{"count":0,"href":"https:\/\/mfwa.org\/fr\/wp-json\/wp\/v2\/posts\/9655\/revisions"}],"wp:featuredmedia":[{"embeddable":true,"href":"https:\/\/mfwa.org\/fr\/wp-json\/wp\/v2\/media\/9583"}],"wp:attachment":[{"href":"https:\/\/mfwa.org\/fr\/wp-json\/wp\/v2\/media?parent=9655"}],"wp:term":[{"taxonomy":"category","embeddable":true,"href":"https:\/\/mfwa.org\/fr\/wp-json\/wp\/v2\/categories?post=9655"},{"taxonomy":"post_tag","embeddable":true,"href":"https:\/\/mfwa.org\/fr\/wp-json\/wp\/v2\/tags?post=9655"},{"taxonomy":"country","embeddable":true,"href":"https:\/\/mfwa.org\/fr\/wp-json\/wp\/v2\/country?post=9655"},{"taxonomy":"staff-position","embeddable":true,"href":"https:\/\/mfwa.org\/fr\/wp-json\/wp\/v2\/staff-position?post=9655"},{"taxonomy":"opportunity-category","embeddable":true,"href":"https:\/\/mfwa.org\/fr\/wp-json\/wp\/v2\/opportunity-category?post=9655"},{"taxonomy":"author","embeddable":true,"href":"https:\/\/mfwa.org\/fr\/wp-json\/wp\/v2\/ppma_author?post=9655"}],"curies":[{"name":"wp","href":"https:\/\/api.w.org\/{rel}","templated":true}]}}