{"id":9387,"date":"2017-01-12T10:31:30","date_gmt":"2017-01-12T10:31:30","guid":{"rendered":"http:\/\/www.mfwa.org\/?p=9387"},"modified":"2017-02-20T16:00:27","modified_gmt":"2017-02-20T16:00:27","slug":"nigeria-journalistes-prives-dacces-a-la-salle-daudience-du-tribunal","status":"publish","type":"post","link":"https:\/\/mfwa.org\/fr\/nigeria-journalistes-prives-dacces-a-la-salle-daudience-du-tribunal\/","title":{"rendered":"Nigeria: Journalistes Priv\u00e9s d\u2019Acc\u00e8s \u00e0 la Salle d\u2019Audience du Tribunal"},"content":{"rendered":"<p class=\"p1\" style=\"text-align: justify;\">Des journalistes qui sont all\u00e9s \u00e0 la Cour Supr\u00eame F\u00e9d\u00e9ral d\u2019Abuja pour couvrir un proc\u00e8s dans lequel Nnamdi Kanu; leader du groupe pro-s\u00e9paratiste des Populations Indig\u00e8nes de Biafra (IPOB), comparaissait pour trahison, se sont vu refus\u00e9 l\u2019acc\u00e8s \u00e0 la salle d\u2019audience.<\/p>\n<p class=\"p1\" style=\"text-align: justify;\"><span class=\"s1\">Les forces de s\u00e9curit\u00e9 ont dit aux reporters qui se sont pr\u00e9sent\u00e9s \u00e0 la cour pour la couverture de l\u2019audience du 10 Janvier 2017, que le pr\u00e9sident de l\u2019audience, le Juge Binta Nyako, a ordonn\u00e9 \u00e0 ce que les journalistes soient priv\u00e9s d\u2019acc\u00e8s \u00e0 la salle. Ils affirmaient que le juge a requiert l\u2019anonymat des t\u00e9moins du proc\u00e8s, et que par cons\u00e9quent, les journalistes sont interdits d\u2019acc\u00e8s \u00e0 la salle d\u2019audience, except\u00e9s ceux qui ont les badges d\u00e9livr\u00e9s par la Cour Supr\u00eame F\u00e9d\u00e9rale.<\/span><\/p>\n<p class=\"p1\" style=\"text-align: justify;\"><span class=\"s1\">Selon les journaux, une confusion s\u2019en est suivie lorsque les forces de s\u00e9curit\u00e9 ont tent\u00e9 d\u2019appliquer les mesures d\u2019interdiction. Les journalistes ont protest\u00e9 du fait que cela ne leur pas \u00e9t\u00e9 notifi\u00e9 auparavant. D\u2019autres se sont plaints du fait que leur demande de badges n\u2019ont pas \u00e9t\u00e9 trait\u00e9s depuis trois ans.<\/span><\/p>\n<p class=\"p1\" style=\"text-align: justify;\"><span class=\"s1\">Les protestations ont cr\u00e9\u00e9s de la confusion, obligeant les autorit\u00e9s de la cour \u00e0 renoncer. Cependant, les journalistes ont d\u00fb faire face \u00e0 une surprise d\u00e9plaisante \u00e9tant donn\u00e9 qu\u2019ils ont \u00e9t\u00e9 forc\u00e9s de suivre les proc\u00e9dures de v\u00e9rification par scanner.<\/span><\/p>\n<p class=\"p1\" style=\"text-align: justify;\"><span class=\"s1\">La MFWA appelle les autorit\u00e9s judiciaires du Nigeria \u00e0 prendre des mesures pour communiquer aux m\u00e9dias \u00e0 temps sur les proc\u00e9dures et les conditions de couverture des audiences du tribunal pour \u00e9viter ces genres de malentendus entre les m\u00e9dias et les autorit\u00e9s de la cour. Nous appelons aussi les autorit\u00e9s \u00e0 acc\u00e9l\u00e9rer la d\u00e9livrance des badges aux journalistes qui en ont fait la demande en vue de leur permettre d\u2019acc\u00e9der aux audiences.<\/span><\/p>\n","protected":false},"excerpt":{"rendered":"<p>Des journalistes qui sont all\u00e9s \u00e0 la Cour Supr\u00eame F\u00e9d\u00e9ral d\u2019Abuja pour couvrir un proc\u00e8s dans lequel Nnamdi<\/p>\n","protected":false},"author":2,"featured_media":0,"comment_status":"closed","ping_status":"closed","sticky":false,"template":"","format":"standard","meta":{"footnotes":""},"categories":[254],"tags":[],"country":[250],"staff-position":[],"opportunity-category":[],"ppma_author":[513],"class_list":["post-9387","post","type-post","status-publish","format-standard","hentry","category-free-expression-violations-fr","country-nigeria-fr"],"yoast_head":"<!-- This site is optimized with the Yoast SEO plugin v27.4 - https:\/\/yoast.com\/product\/yoast-seo-wordpress\/ -->\n<title>Nigeria: Journalistes Priv\u00e9s d\u2019Acc\u00e8s \u00e0 la Salle d\u2019Audience du Tribunal - Media Foundation For West Africa<\/title>\n<meta name=\"robots\" content=\"index, follow, max-snippet:-1, max-image-preview:large, max-video-preview:-1\" \/>\n<link rel=\"canonical\" href=\"https:\/\/mfwa.org\/fr\/nigeria-journalistes-prives-dacces-a-la-salle-daudience-du-tribunal\/\" \/>\n<meta property=\"og:locale\" content=\"fr_FR\" \/>\n<meta property=\"og:type\" content=\"article\" \/>\n<meta property=\"og:title\" content=\"Nigeria: Journalistes Priv\u00e9s d\u2019Acc\u00e8s \u00e0 la Salle d\u2019Audience du Tribunal - Media Foundation For West Africa\" \/>\n<meta property=\"og:description\" content=\"Des journalistes qui sont all\u00e9s \u00e0 la Cour Supr\u00eame F\u00e9d\u00e9ral d\u2019Abuja pour couvrir un proc\u00e8s dans lequel Nnamdi\" \/>\n<meta property=\"og:url\" content=\"https:\/\/mfwa.org\/fr\/nigeria-journalistes-prives-dacces-a-la-salle-daudience-du-tribunal\/\" \/>\n<meta property=\"og:site_name\" content=\"Media Foundation For West Africa\" \/>\n<meta property=\"article:publisher\" content=\"https:\/\/www.facebook.com\/themfwa\" \/>\n<meta property=\"article:published_time\" content=\"2017-01-12T10:31:30+00:00\" \/>\n<meta property=\"article:modified_time\" content=\"2017-02-20T16:00:27+00:00\" \/>\n<meta name=\"author\" content=\"Vivian Affoah\" \/>\n<meta name=\"twitter:card\" content=\"summary_large_image\" \/>\n<meta name=\"twitter:creator\" content=\"@TheMFWA\" \/>\n<meta name=\"twitter:site\" content=\"@TheMFWA\" \/>\n<meta name=\"twitter:label1\" content=\"Written by\" \/>\n\t<meta name=\"twitter:data1\" content=\"Vivian Affoah\" \/>\n\t<meta name=\"twitter:label2\" content=\"Est. reading time\" \/>\n\t<meta name=\"twitter:data2\" content=\"2 minutes\" \/>\n<script type=\"application\/ld+json\" class=\"yoast-schema-graph\">{\"@context\":\"https:\\\/\\\/schema.org\",\"@graph\":[{\"@type\":\"Article\",\"@id\":\"https:\\\/\\\/mfwa.org\\\/fr\\\/nigeria-journalistes-prives-dacces-a-la-salle-daudience-du-tribunal\\\/#article\",\"isPartOf\":{\"@id\":\"https:\\\/\\\/mfwa.org\\\/fr\\\/nigeria-journalistes-prives-dacces-a-la-salle-daudience-du-tribunal\\\/\"},\"author\":{\"name\":\"Vivian Affoah\",\"@id\":\"https:\\\/\\\/mfwa.org\\\/#\\\/schema\\\/person\\\/6a1a8151b41fab6317c9544da609a96b\"},\"headline\":\"Nigeria: Journalistes Priv\u00e9s d\u2019Acc\u00e8s \u00e0 la Salle d\u2019Audience du Tribunal\",\"datePublished\":\"2017-01-12T10:31:30+00:00\",\"dateModified\":\"2017-02-20T16:00:27+00:00\",\"mainEntityOfPage\":{\"@id\":\"https:\\\/\\\/mfwa.org\\\/fr\\\/nigeria-journalistes-prives-dacces-a-la-salle-daudience-du-tribunal\\\/\"},\"wordCount\":345,\"publisher\":{\"@id\":\"https:\\\/\\\/mfwa.org\\\/#organization\"},\"articleSection\":[\"Les violations de la libre expression\"],\"inLanguage\":\"fr-FR\"},{\"@type\":\"WebPage\",\"@id\":\"https:\\\/\\\/mfwa.org\\\/fr\\\/nigeria-journalistes-prives-dacces-a-la-salle-daudience-du-tribunal\\\/\",\"url\":\"https:\\\/\\\/mfwa.org\\\/fr\\\/nigeria-journalistes-prives-dacces-a-la-salle-daudience-du-tribunal\\\/\",\"name\":\"Nigeria: Journalistes Priv\u00e9s d\u2019Acc\u00e8s \u00e0 la Salle d\u2019Audience du Tribunal - Media Foundation For West Africa\",\"isPartOf\":{\"@id\":\"https:\\\/\\\/mfwa.org\\\/#website\"},\"datePublished\":\"2017-01-12T10:31:30+00:00\",\"dateModified\":\"2017-02-20T16:00:27+00:00\",\"breadcrumb\":{\"@id\":\"https:\\\/\\\/mfwa.org\\\/fr\\\/nigeria-journalistes-prives-dacces-a-la-salle-daudience-du-tribunal\\\/#breadcrumb\"},\"inLanguage\":\"fr-FR\",\"potentialAction\":[{\"@type\":\"ReadAction\",\"target\":[\"https:\\\/\\\/mfwa.org\\\/fr\\\/nigeria-journalistes-prives-dacces-a-la-salle-daudience-du-tribunal\\\/\"]}]},{\"@type\":\"BreadcrumbList\",\"@id\":\"https:\\\/\\\/mfwa.org\\\/fr\\\/nigeria-journalistes-prives-dacces-a-la-salle-daudience-du-tribunal\\\/#breadcrumb\",\"itemListElement\":[{\"@type\":\"ListItem\",\"position\":1,\"name\":\"Home\",\"item\":\"https:\\\/\\\/mfwa.org\\\/fr\\\/\"},{\"@type\":\"ListItem\",\"position\":2,\"name\":\"Nigeria: Journalistes Priv\u00e9s d\u2019Acc\u00e8s \u00e0 la Salle d\u2019Audience du Tribunal\"}]},{\"@type\":\"WebSite\",\"@id\":\"https:\\\/\\\/mfwa.org\\\/#website\",\"url\":\"https:\\\/\\\/mfwa.org\\\/\",\"name\":\"Media Foundation For West Africa\",\"description\":\"Promoting Freedom of Expression and Democracy in West Africa\",\"publisher\":{\"@id\":\"https:\\\/\\\/mfwa.org\\\/#organization\"},\"potentialAction\":[{\"@type\":\"SearchAction\",\"target\":{\"@type\":\"EntryPoint\",\"urlTemplate\":\"https:\\\/\\\/mfwa.org\\\/?s={search_term_string}\"},\"query-input\":{\"@type\":\"PropertyValueSpecification\",\"valueRequired\":true,\"valueName\":\"search_term_string\"}}],\"inLanguage\":\"fr-FR\"},{\"@type\":\"Organization\",\"@id\":\"https:\\\/\\\/mfwa.org\\\/#organization\",\"name\":\"Media Foundation for West Africa\",\"url\":\"https:\\\/\\\/mfwa.org\\\/\",\"logo\":{\"@type\":\"ImageObject\",\"inLanguage\":\"fr-FR\",\"@id\":\"https:\\\/\\\/mfwa.org\\\/#\\\/schema\\\/logo\\\/image\\\/\",\"url\":\"https:\\\/\\\/www.mfwa.org\\\/wp-content\\\/uploads\\\/2016\\\/06\\\/MFWA-LOGO.png\",\"contentUrl\":\"https:\\\/\\\/www.mfwa.org\\\/wp-content\\\/uploads\\\/2016\\\/06\\\/MFWA-LOGO.png\",\"width\":180,\"height\":180,\"caption\":\"Media Foundation for West Africa\"},\"image\":{\"@id\":\"https:\\\/\\\/mfwa.org\\\/#\\\/schema\\\/logo\\\/image\\\/\"},\"sameAs\":[\"https:\\\/\\\/www.facebook.com\\\/themfwa\",\"https:\\\/\\\/x.com\\\/TheMFWA\",\"https:\\\/\\\/www.youtube.com\\\/channel\\\/UCF6HrPuXcV1K1Ed8AAq4Rdw\"]},{\"@type\":\"Person\",\"@id\":\"https:\\\/\\\/mfwa.org\\\/#\\\/schema\\\/person\\\/6a1a8151b41fab6317c9544da609a96b\",\"name\":\"Vivian Affoah\",\"image\":{\"@type\":\"ImageObject\",\"inLanguage\":\"fr-FR\",\"@id\":\"https:\\\/\\\/secure.gravatar.com\\\/avatar\\\/ddf6c5c2ef2f35c978196ce314f9b81dba2ec548b12806a3acbe02e2360d7e63?s=96&d=mm&r=g719420b9d28a4a0781c1038ec6921926\",\"url\":\"https:\\\/\\\/secure.gravatar.com\\\/avatar\\\/ddf6c5c2ef2f35c978196ce314f9b81dba2ec548b12806a3acbe02e2360d7e63?s=96&d=mm&r=g\",\"contentUrl\":\"https:\\\/\\\/secure.gravatar.com\\\/avatar\\\/ddf6c5c2ef2f35c978196ce314f9b81dba2ec548b12806a3acbe02e2360d7e63?s=96&d=mm&r=g\",\"caption\":\"Vivian Affoah\"},\"sameAs\":[\"http:\\\/\\\/www.mfwa.org\"],\"url\":\"https:\\\/\\\/mfwa.org\\\/fr\\\/author\\\/vivian\\\/\"}]}<\/script>\n<!-- \/ Yoast SEO plugin. -->","yoast_head_json":{"title":"Nigeria: Journalistes Priv\u00e9s d\u2019Acc\u00e8s \u00e0 la Salle d\u2019Audience du Tribunal - Media Foundation For West Africa","robots":{"index":"index","follow":"follow","max-snippet":"max-snippet:-1","max-image-preview":"max-image-preview:large","max-video-preview":"max-video-preview:-1"},"canonical":"https:\/\/mfwa.org\/fr\/nigeria-journalistes-prives-dacces-a-la-salle-daudience-du-tribunal\/","og_locale":"fr_FR","og_type":"article","og_title":"Nigeria: Journalistes Priv\u00e9s d\u2019Acc\u00e8s \u00e0 la Salle d\u2019Audience du Tribunal - Media Foundation For West Africa","og_description":"Des journalistes qui sont all\u00e9s \u00e0 la Cour Supr\u00eame F\u00e9d\u00e9ral d\u2019Abuja pour couvrir un proc\u00e8s dans lequel Nnamdi","og_url":"https:\/\/mfwa.org\/fr\/nigeria-journalistes-prives-dacces-a-la-salle-daudience-du-tribunal\/","og_site_name":"Media Foundation For West Africa","article_publisher":"https:\/\/www.facebook.com\/themfwa","article_published_time":"2017-01-12T10:31:30+00:00","article_modified_time":"2017-02-20T16:00:27+00:00","author":"Vivian Affoah","twitter_card":"summary_large_image","twitter_creator":"@TheMFWA","twitter_site":"@TheMFWA","twitter_misc":{"Written by":"Vivian Affoah","Est. reading time":"2 minutes"},"schema":{"@context":"https:\/\/schema.org","@graph":[{"@type":"Article","@id":"https:\/\/mfwa.org\/fr\/nigeria-journalistes-prives-dacces-a-la-salle-daudience-du-tribunal\/#article","isPartOf":{"@id":"https:\/\/mfwa.org\/fr\/nigeria-journalistes-prives-dacces-a-la-salle-daudience-du-tribunal\/"},"author":{"name":"Vivian Affoah","@id":"https:\/\/mfwa.org\/#\/schema\/person\/6a1a8151b41fab6317c9544da609a96b"},"headline":"Nigeria: Journalistes Priv\u00e9s d\u2019Acc\u00e8s \u00e0 la Salle d\u2019Audience du Tribunal","datePublished":"2017-01-12T10:31:30+00:00","dateModified":"2017-02-20T16:00:27+00:00","mainEntityOfPage":{"@id":"https:\/\/mfwa.org\/fr\/nigeria-journalistes-prives-dacces-a-la-salle-daudience-du-tribunal\/"},"wordCount":345,"publisher":{"@id":"https:\/\/mfwa.org\/#organization"},"articleSection":["Les violations de la libre expression"],"inLanguage":"fr-FR"},{"@type":"WebPage","@id":"https:\/\/mfwa.org\/fr\/nigeria-journalistes-prives-dacces-a-la-salle-daudience-du-tribunal\/","url":"https:\/\/mfwa.org\/fr\/nigeria-journalistes-prives-dacces-a-la-salle-daudience-du-tribunal\/","name":"Nigeria: Journalistes Priv\u00e9s d\u2019Acc\u00e8s \u00e0 la Salle d\u2019Audience du Tribunal - Media Foundation For West Africa","isPartOf":{"@id":"https:\/\/mfwa.org\/#website"},"datePublished":"2017-01-12T10:31:30+00:00","dateModified":"2017-02-20T16:00:27+00:00","breadcrumb":{"@id":"https:\/\/mfwa.org\/fr\/nigeria-journalistes-prives-dacces-a-la-salle-daudience-du-tribunal\/#breadcrumb"},"inLanguage":"fr-FR","potentialAction":[{"@type":"ReadAction","target":["https:\/\/mfwa.org\/fr\/nigeria-journalistes-prives-dacces-a-la-salle-daudience-du-tribunal\/"]}]},{"@type":"BreadcrumbList","@id":"https:\/\/mfwa.org\/fr\/nigeria-journalistes-prives-dacces-a-la-salle-daudience-du-tribunal\/#breadcrumb","itemListElement":[{"@type":"ListItem","position":1,"name":"Home","item":"https:\/\/mfwa.org\/fr\/"},{"@type":"ListItem","position":2,"name":"Nigeria: Journalistes Priv\u00e9s d\u2019Acc\u00e8s \u00e0 la Salle d\u2019Audience du Tribunal"}]},{"@type":"WebSite","@id":"https:\/\/mfwa.org\/#website","url":"https:\/\/mfwa.org\/","name":"Media Foundation For West Africa","description":"Promoting Freedom of Expression and Democracy in West Africa","publisher":{"@id":"https:\/\/mfwa.org\/#organization"},"potentialAction":[{"@type":"SearchAction","target":{"@type":"EntryPoint","urlTemplate":"https:\/\/mfwa.org\/?s={search_term_string}"},"query-input":{"@type":"PropertyValueSpecification","valueRequired":true,"valueName":"search_term_string"}}],"inLanguage":"fr-FR"},{"@type":"Organization","@id":"https:\/\/mfwa.org\/#organization","name":"Media Foundation for West Africa","url":"https:\/\/mfwa.org\/","logo":{"@type":"ImageObject","inLanguage":"fr-FR","@id":"https:\/\/mfwa.org\/#\/schema\/logo\/image\/","url":"https:\/\/www.mfwa.org\/wp-content\/uploads\/2016\/06\/MFWA-LOGO.png","contentUrl":"https:\/\/www.mfwa.org\/wp-content\/uploads\/2016\/06\/MFWA-LOGO.png","width":180,"height":180,"caption":"Media Foundation for West Africa"},"image":{"@id":"https:\/\/mfwa.org\/#\/schema\/logo\/image\/"},"sameAs":["https:\/\/www.facebook.com\/themfwa","https:\/\/x.com\/TheMFWA","https:\/\/www.youtube.com\/channel\/UCF6HrPuXcV1K1Ed8AAq4Rdw"]},{"@type":"Person","@id":"https:\/\/mfwa.org\/#\/schema\/person\/6a1a8151b41fab6317c9544da609a96b","name":"Vivian Affoah","image":{"@type":"ImageObject","inLanguage":"fr-FR","@id":"https:\/\/secure.gravatar.com\/avatar\/ddf6c5c2ef2f35c978196ce314f9b81dba2ec548b12806a3acbe02e2360d7e63?s=96&d=mm&r=g719420b9d28a4a0781c1038ec6921926","url":"https:\/\/secure.gravatar.com\/avatar\/ddf6c5c2ef2f35c978196ce314f9b81dba2ec548b12806a3acbe02e2360d7e63?s=96&d=mm&r=g","contentUrl":"https:\/\/secure.gravatar.com\/avatar\/ddf6c5c2ef2f35c978196ce314f9b81dba2ec548b12806a3acbe02e2360d7e63?s=96&d=mm&r=g","caption":"Vivian Affoah"},"sameAs":["http:\/\/www.mfwa.org"],"url":"https:\/\/mfwa.org\/fr\/author\/vivian\/"}]}},"authors":[{"term_id":513,"user_id":2,"is_guest":0,"slug":"vivian","display_name":"Vivian Affoah","avatar_url":"https:\/\/secure.gravatar.com\/avatar\/ddf6c5c2ef2f35c978196ce314f9b81dba2ec548b12806a3acbe02e2360d7e63?s=96&d=mm&r=g","0":null,"1":"","2":"","3":"","4":"","5":"","6":"","7":"","8":""}],"_links":{"self":[{"href":"https:\/\/mfwa.org\/fr\/wp-json\/wp\/v2\/posts\/9387","targetHints":{"allow":["GET"]}}],"collection":[{"href":"https:\/\/mfwa.org\/fr\/wp-json\/wp\/v2\/posts"}],"about":[{"href":"https:\/\/mfwa.org\/fr\/wp-json\/wp\/v2\/types\/post"}],"author":[{"embeddable":true,"href":"https:\/\/mfwa.org\/fr\/wp-json\/wp\/v2\/users\/2"}],"replies":[{"embeddable":true,"href":"https:\/\/mfwa.org\/fr\/wp-json\/wp\/v2\/comments?post=9387"}],"version-history":[{"count":0,"href":"https:\/\/mfwa.org\/fr\/wp-json\/wp\/v2\/posts\/9387\/revisions"}],"wp:attachment":[{"href":"https:\/\/mfwa.org\/fr\/wp-json\/wp\/v2\/media?parent=9387"}],"wp:term":[{"taxonomy":"category","embeddable":true,"href":"https:\/\/mfwa.org\/fr\/wp-json\/wp\/v2\/categories?post=9387"},{"taxonomy":"post_tag","embeddable":true,"href":"https:\/\/mfwa.org\/fr\/wp-json\/wp\/v2\/tags?post=9387"},{"taxonomy":"country","embeddable":true,"href":"https:\/\/mfwa.org\/fr\/wp-json\/wp\/v2\/country?post=9387"},{"taxonomy":"staff-position","embeddable":true,"href":"https:\/\/mfwa.org\/fr\/wp-json\/wp\/v2\/staff-position?post=9387"},{"taxonomy":"opportunity-category","embeddable":true,"href":"https:\/\/mfwa.org\/fr\/wp-json\/wp\/v2\/opportunity-category?post=9387"},{"taxonomy":"author","embeddable":true,"href":"https:\/\/mfwa.org\/fr\/wp-json\/wp\/v2\/ppma_author?post=9387"}],"curies":[{"name":"wp","href":"https:\/\/api.w.org\/{rel}","templated":true}]}}