{"id":9350,"date":"2017-02-15T17:22:57","date_gmt":"2017-02-15T17:22:57","guid":{"rendered":"http:\/\/www.mfwa.org\/?p=9350"},"modified":"2017-02-17T10:39:25","modified_gmt":"2017-02-17T10:39:25","slug":"cote-divoire-mise-a-jour-liberation-de-six-journalistes-detenus","status":"publish","type":"post","link":"https:\/\/mfwa.org\/fr\/cote-divoire-mise-a-jour-liberation-de-six-journalistes-detenus\/","title":{"rendered":"C\u00f4te d\u2019Ivoire MISE-A-JOUR: Lib\u00e9ration de Six Journalistes D\u00e9tenus"},"content":{"rendered":"<p class=\"p1\" style=\"text-align: justify;\">Six journalistes <a href=\"http:\/\/www.mfwa.org\/fr\/cote-divoire-six-journalistes-arretes-detenus-pour-divulgation-de-fausses-informations\/\">d\u00e9tenus<\/a> le 12 F\u00e9vrier 2017 pour une publication r\u00e9cente sur la r\u00e9volte des soldats ivoiriens ont \u00e9t\u00e9 lib\u00e9r\u00e9s.<\/p>\n<p class=\"p1\" style=\"text-align: justify;\"><span class=\"s1\">Coulibaly Vamara et Hamadou Ziao du journal <i>Inter<\/i>\u00a0; Bamba Franck Mamadou de <i>Notre Voie<\/i>\u00a0; Gban\u00e9 Yacouba et Ferdinand Bailly de <i>Le Temps<\/i> et Jean Bedel Gnago du <i>Soir Info<\/i> ont tous retrouv\u00e9 la libert\u00e9 provisoire le 14 F\u00e9vrier, apr\u00e8s avoir pass\u00e9 48 heures en d\u00e9tention.<\/span><\/p>\n<p class=\"p1\" style=\"text-align: justify;\"><span class=\"s1\">En annon\u00e7ant la lib\u00e9ration des journalistes \u00e0 l\u2019Agence France Presse(AFP), Guillaume Gbato, le responsable du Syndicat de la presse priv\u00e9e en C\u00f4te d\u2019Ivoire, l\u2019organisation principale de la presse priv\u00e9e du pays a d\u00e9clar\u00e9 que les six journalistes, restent cependant, sous\u00a0\u00ab\u00a0les charges d\u2019atteinte \u00e0 la s\u00e9curit\u00e9 de l\u2019Etat et incitation des soldats aux actes \u00a0de r\u00e9volte\u00a0\u00bb. Il a ajout\u00e9\u00a0 que \u00abC&#8217;est un soulagement, mais nous demandons l&#8217;abandon total de toutes les charges retenues contre nos confr\u00e8res. \u00bb.<\/span><\/p>\n<p class=\"p1\" style=\"text-align: justify;\"><span class=\"s1\">De nombreuses organisations nationales et internationales ont protest\u00e9 contre cette arrestation qu&#8217;elles est consid\u00e8rent comme une flagrante atteinte \u00e0 la libert\u00e9 de la presse.<\/span><\/p>\n<p class=\"p1\" style=\"text-align: justify;\"><span class=\"s1\">La MFWA salue la lib\u00e9ration des six journalistes et exhorte les autorit\u00e9s \u00e0 mettre fin \u00e0 leurs poursuites judiciaires.<\/span><\/p>\n","protected":false},"excerpt":{"rendered":"<p>Six journalistes d\u00e9tenus le 12 F\u00e9vrier 2017 pour une publication r\u00e9cente sur la r\u00e9volte des soldats ivoiriens ont<\/p>\n","protected":false},"author":2,"featured_media":0,"comment_status":"closed","ping_status":"closed","sticky":false,"template":"","format":"standard","meta":{"footnotes":""},"categories":[254],"tags":[],"country":[241],"staff-position":[],"opportunity-category":[],"ppma_author":[513],"class_list":["post-9350","post","type-post","status-publish","format-standard","hentry","category-free-expression-violations-fr","country-cote-divoire-fr"],"yoast_head":"<!-- This site is optimized with the Yoast SEO plugin v27.4 - https:\/\/yoast.com\/product\/yoast-seo-wordpress\/ -->\n<title>C\u00f4te d\u2019Ivoire MISE-A-JOUR: Lib\u00e9ration de Six Journalistes D\u00e9tenus - Media Foundation For West Africa<\/title>\n<meta name=\"robots\" content=\"index, follow, max-snippet:-1, max-image-preview:large, max-video-preview:-1\" \/>\n<link rel=\"canonical\" href=\"https:\/\/mfwa.org\/fr\/cote-divoire-mise-a-jour-liberation-de-six-journalistes-detenus\/\" \/>\n<meta property=\"og:locale\" content=\"fr_FR\" \/>\n<meta property=\"og:type\" content=\"article\" \/>\n<meta property=\"og:title\" content=\"C\u00f4te d\u2019Ivoire MISE-A-JOUR: Lib\u00e9ration de Six Journalistes D\u00e9tenus - Media Foundation For West Africa\" \/>\n<meta property=\"og:description\" content=\"Six journalistes d\u00e9tenus le 12 F\u00e9vrier 2017 pour une publication r\u00e9cente sur la r\u00e9volte des soldats ivoiriens ont\" \/>\n<meta property=\"og:url\" content=\"https:\/\/mfwa.org\/fr\/cote-divoire-mise-a-jour-liberation-de-six-journalistes-detenus\/\" \/>\n<meta property=\"og:site_name\" content=\"Media Foundation For West Africa\" \/>\n<meta property=\"article:publisher\" content=\"https:\/\/www.facebook.com\/themfwa\" \/>\n<meta property=\"article:published_time\" content=\"2017-02-15T17:22:57+00:00\" \/>\n<meta property=\"article:modified_time\" content=\"2017-02-17T10:39:25+00:00\" \/>\n<meta name=\"author\" content=\"Vivian Affoah\" \/>\n<meta name=\"twitter:card\" content=\"summary_large_image\" \/>\n<meta name=\"twitter:creator\" content=\"@TheMFWA\" \/>\n<meta name=\"twitter:site\" content=\"@TheMFWA\" \/>\n<meta name=\"twitter:label1\" content=\"Written by\" \/>\n\t<meta name=\"twitter:data1\" content=\"Vivian Affoah\" \/>\n\t<meta name=\"twitter:label2\" content=\"Est. reading time\" \/>\n\t<meta name=\"twitter:data2\" content=\"1 minute\" \/>\n<script type=\"application\/ld+json\" class=\"yoast-schema-graph\">{\"@context\":\"https:\\\/\\\/schema.org\",\"@graph\":[{\"@type\":\"Article\",\"@id\":\"https:\\\/\\\/mfwa.org\\\/fr\\\/cote-divoire-mise-a-jour-liberation-de-six-journalistes-detenus\\\/#article\",\"isPartOf\":{\"@id\":\"https:\\\/\\\/mfwa.org\\\/fr\\\/cote-divoire-mise-a-jour-liberation-de-six-journalistes-detenus\\\/\"},\"author\":{\"name\":\"Vivian Affoah\",\"@id\":\"https:\\\/\\\/mfwa.org\\\/#\\\/schema\\\/person\\\/6a1a8151b41fab6317c9544da609a96b\"},\"headline\":\"C\u00f4te d\u2019Ivoire MISE-A-JOUR: Lib\u00e9ration de Six Journalistes D\u00e9tenus\",\"datePublished\":\"2017-02-15T17:22:57+00:00\",\"dateModified\":\"2017-02-17T10:39:25+00:00\",\"mainEntityOfPage\":{\"@id\":\"https:\\\/\\\/mfwa.org\\\/fr\\\/cote-divoire-mise-a-jour-liberation-de-six-journalistes-detenus\\\/\"},\"wordCount\":217,\"publisher\":{\"@id\":\"https:\\\/\\\/mfwa.org\\\/#organization\"},\"articleSection\":[\"Les violations de la libre expression\"],\"inLanguage\":\"fr-FR\"},{\"@type\":\"WebPage\",\"@id\":\"https:\\\/\\\/mfwa.org\\\/fr\\\/cote-divoire-mise-a-jour-liberation-de-six-journalistes-detenus\\\/\",\"url\":\"https:\\\/\\\/mfwa.org\\\/fr\\\/cote-divoire-mise-a-jour-liberation-de-six-journalistes-detenus\\\/\",\"name\":\"C\u00f4te d\u2019Ivoire MISE-A-JOUR: Lib\u00e9ration de Six Journalistes D\u00e9tenus - Media Foundation For West Africa\",\"isPartOf\":{\"@id\":\"https:\\\/\\\/mfwa.org\\\/#website\"},\"datePublished\":\"2017-02-15T17:22:57+00:00\",\"dateModified\":\"2017-02-17T10:39:25+00:00\",\"breadcrumb\":{\"@id\":\"https:\\\/\\\/mfwa.org\\\/fr\\\/cote-divoire-mise-a-jour-liberation-de-six-journalistes-detenus\\\/#breadcrumb\"},\"inLanguage\":\"fr-FR\",\"potentialAction\":[{\"@type\":\"ReadAction\",\"target\":[\"https:\\\/\\\/mfwa.org\\\/fr\\\/cote-divoire-mise-a-jour-liberation-de-six-journalistes-detenus\\\/\"]}]},{\"@type\":\"BreadcrumbList\",\"@id\":\"https:\\\/\\\/mfwa.org\\\/fr\\\/cote-divoire-mise-a-jour-liberation-de-six-journalistes-detenus\\\/#breadcrumb\",\"itemListElement\":[{\"@type\":\"ListItem\",\"position\":1,\"name\":\"Home\",\"item\":\"https:\\\/\\\/mfwa.org\\\/fr\\\/\"},{\"@type\":\"ListItem\",\"position\":2,\"name\":\"C\u00f4te d\u2019Ivoire MISE-A-JOUR: Lib\u00e9ration de Six Journalistes D\u00e9tenus\"}]},{\"@type\":\"WebSite\",\"@id\":\"https:\\\/\\\/mfwa.org\\\/#website\",\"url\":\"https:\\\/\\\/mfwa.org\\\/\",\"name\":\"Media Foundation For West Africa\",\"description\":\"Promoting Freedom of Expression and Democracy in West Africa\",\"publisher\":{\"@id\":\"https:\\\/\\\/mfwa.org\\\/#organization\"},\"potentialAction\":[{\"@type\":\"SearchAction\",\"target\":{\"@type\":\"EntryPoint\",\"urlTemplate\":\"https:\\\/\\\/mfwa.org\\\/?s={search_term_string}\"},\"query-input\":{\"@type\":\"PropertyValueSpecification\",\"valueRequired\":true,\"valueName\":\"search_term_string\"}}],\"inLanguage\":\"fr-FR\"},{\"@type\":\"Organization\",\"@id\":\"https:\\\/\\\/mfwa.org\\\/#organization\",\"name\":\"Media Foundation for West Africa\",\"url\":\"https:\\\/\\\/mfwa.org\\\/\",\"logo\":{\"@type\":\"ImageObject\",\"inLanguage\":\"fr-FR\",\"@id\":\"https:\\\/\\\/mfwa.org\\\/#\\\/schema\\\/logo\\\/image\\\/\",\"url\":\"https:\\\/\\\/www.mfwa.org\\\/wp-content\\\/uploads\\\/2016\\\/06\\\/MFWA-LOGO.png\",\"contentUrl\":\"https:\\\/\\\/www.mfwa.org\\\/wp-content\\\/uploads\\\/2016\\\/06\\\/MFWA-LOGO.png\",\"width\":180,\"height\":180,\"caption\":\"Media Foundation for West Africa\"},\"image\":{\"@id\":\"https:\\\/\\\/mfwa.org\\\/#\\\/schema\\\/logo\\\/image\\\/\"},\"sameAs\":[\"https:\\\/\\\/www.facebook.com\\\/themfwa\",\"https:\\\/\\\/x.com\\\/TheMFWA\",\"https:\\\/\\\/www.youtube.com\\\/channel\\\/UCF6HrPuXcV1K1Ed8AAq4Rdw\"]},{\"@type\":\"Person\",\"@id\":\"https:\\\/\\\/mfwa.org\\\/#\\\/schema\\\/person\\\/6a1a8151b41fab6317c9544da609a96b\",\"name\":\"Vivian Affoah\",\"image\":{\"@type\":\"ImageObject\",\"inLanguage\":\"fr-FR\",\"@id\":\"https:\\\/\\\/secure.gravatar.com\\\/avatar\\\/ddf6c5c2ef2f35c978196ce314f9b81dba2ec548b12806a3acbe02e2360d7e63?s=96&d=mm&r=g719420b9d28a4a0781c1038ec6921926\",\"url\":\"https:\\\/\\\/secure.gravatar.com\\\/avatar\\\/ddf6c5c2ef2f35c978196ce314f9b81dba2ec548b12806a3acbe02e2360d7e63?s=96&d=mm&r=g\",\"contentUrl\":\"https:\\\/\\\/secure.gravatar.com\\\/avatar\\\/ddf6c5c2ef2f35c978196ce314f9b81dba2ec548b12806a3acbe02e2360d7e63?s=96&d=mm&r=g\",\"caption\":\"Vivian Affoah\"},\"sameAs\":[\"http:\\\/\\\/www.mfwa.org\"],\"url\":\"https:\\\/\\\/mfwa.org\\\/fr\\\/author\\\/vivian\\\/\"}]}<\/script>\n<!-- \/ Yoast SEO plugin. -->","yoast_head_json":{"title":"C\u00f4te d\u2019Ivoire MISE-A-JOUR: Lib\u00e9ration de Six Journalistes D\u00e9tenus - Media Foundation For West Africa","robots":{"index":"index","follow":"follow","max-snippet":"max-snippet:-1","max-image-preview":"max-image-preview:large","max-video-preview":"max-video-preview:-1"},"canonical":"https:\/\/mfwa.org\/fr\/cote-divoire-mise-a-jour-liberation-de-six-journalistes-detenus\/","og_locale":"fr_FR","og_type":"article","og_title":"C\u00f4te d\u2019Ivoire MISE-A-JOUR: Lib\u00e9ration de Six Journalistes D\u00e9tenus - Media Foundation For West Africa","og_description":"Six journalistes d\u00e9tenus le 12 F\u00e9vrier 2017 pour une publication r\u00e9cente sur la r\u00e9volte des soldats ivoiriens ont","og_url":"https:\/\/mfwa.org\/fr\/cote-divoire-mise-a-jour-liberation-de-six-journalistes-detenus\/","og_site_name":"Media Foundation For West Africa","article_publisher":"https:\/\/www.facebook.com\/themfwa","article_published_time":"2017-02-15T17:22:57+00:00","article_modified_time":"2017-02-17T10:39:25+00:00","author":"Vivian Affoah","twitter_card":"summary_large_image","twitter_creator":"@TheMFWA","twitter_site":"@TheMFWA","twitter_misc":{"Written by":"Vivian Affoah","Est. reading time":"1 minute"},"schema":{"@context":"https:\/\/schema.org","@graph":[{"@type":"Article","@id":"https:\/\/mfwa.org\/fr\/cote-divoire-mise-a-jour-liberation-de-six-journalistes-detenus\/#article","isPartOf":{"@id":"https:\/\/mfwa.org\/fr\/cote-divoire-mise-a-jour-liberation-de-six-journalistes-detenus\/"},"author":{"name":"Vivian Affoah","@id":"https:\/\/mfwa.org\/#\/schema\/person\/6a1a8151b41fab6317c9544da609a96b"},"headline":"C\u00f4te d\u2019Ivoire MISE-A-JOUR: Lib\u00e9ration de Six Journalistes D\u00e9tenus","datePublished":"2017-02-15T17:22:57+00:00","dateModified":"2017-02-17T10:39:25+00:00","mainEntityOfPage":{"@id":"https:\/\/mfwa.org\/fr\/cote-divoire-mise-a-jour-liberation-de-six-journalistes-detenus\/"},"wordCount":217,"publisher":{"@id":"https:\/\/mfwa.org\/#organization"},"articleSection":["Les violations de la libre expression"],"inLanguage":"fr-FR"},{"@type":"WebPage","@id":"https:\/\/mfwa.org\/fr\/cote-divoire-mise-a-jour-liberation-de-six-journalistes-detenus\/","url":"https:\/\/mfwa.org\/fr\/cote-divoire-mise-a-jour-liberation-de-six-journalistes-detenus\/","name":"C\u00f4te d\u2019Ivoire MISE-A-JOUR: Lib\u00e9ration de Six Journalistes D\u00e9tenus - Media Foundation For West Africa","isPartOf":{"@id":"https:\/\/mfwa.org\/#website"},"datePublished":"2017-02-15T17:22:57+00:00","dateModified":"2017-02-17T10:39:25+00:00","breadcrumb":{"@id":"https:\/\/mfwa.org\/fr\/cote-divoire-mise-a-jour-liberation-de-six-journalistes-detenus\/#breadcrumb"},"inLanguage":"fr-FR","potentialAction":[{"@type":"ReadAction","target":["https:\/\/mfwa.org\/fr\/cote-divoire-mise-a-jour-liberation-de-six-journalistes-detenus\/"]}]},{"@type":"BreadcrumbList","@id":"https:\/\/mfwa.org\/fr\/cote-divoire-mise-a-jour-liberation-de-six-journalistes-detenus\/#breadcrumb","itemListElement":[{"@type":"ListItem","position":1,"name":"Home","item":"https:\/\/mfwa.org\/fr\/"},{"@type":"ListItem","position":2,"name":"C\u00f4te d\u2019Ivoire MISE-A-JOUR: Lib\u00e9ration de Six Journalistes D\u00e9tenus"}]},{"@type":"WebSite","@id":"https:\/\/mfwa.org\/#website","url":"https:\/\/mfwa.org\/","name":"Media Foundation For West Africa","description":"Promoting Freedom of Expression and Democracy in West Africa","publisher":{"@id":"https:\/\/mfwa.org\/#organization"},"potentialAction":[{"@type":"SearchAction","target":{"@type":"EntryPoint","urlTemplate":"https:\/\/mfwa.org\/?s={search_term_string}"},"query-input":{"@type":"PropertyValueSpecification","valueRequired":true,"valueName":"search_term_string"}}],"inLanguage":"fr-FR"},{"@type":"Organization","@id":"https:\/\/mfwa.org\/#organization","name":"Media Foundation for West Africa","url":"https:\/\/mfwa.org\/","logo":{"@type":"ImageObject","inLanguage":"fr-FR","@id":"https:\/\/mfwa.org\/#\/schema\/logo\/image\/","url":"https:\/\/www.mfwa.org\/wp-content\/uploads\/2016\/06\/MFWA-LOGO.png","contentUrl":"https:\/\/www.mfwa.org\/wp-content\/uploads\/2016\/06\/MFWA-LOGO.png","width":180,"height":180,"caption":"Media Foundation for West Africa"},"image":{"@id":"https:\/\/mfwa.org\/#\/schema\/logo\/image\/"},"sameAs":["https:\/\/www.facebook.com\/themfwa","https:\/\/x.com\/TheMFWA","https:\/\/www.youtube.com\/channel\/UCF6HrPuXcV1K1Ed8AAq4Rdw"]},{"@type":"Person","@id":"https:\/\/mfwa.org\/#\/schema\/person\/6a1a8151b41fab6317c9544da609a96b","name":"Vivian Affoah","image":{"@type":"ImageObject","inLanguage":"fr-FR","@id":"https:\/\/secure.gravatar.com\/avatar\/ddf6c5c2ef2f35c978196ce314f9b81dba2ec548b12806a3acbe02e2360d7e63?s=96&d=mm&r=g719420b9d28a4a0781c1038ec6921926","url":"https:\/\/secure.gravatar.com\/avatar\/ddf6c5c2ef2f35c978196ce314f9b81dba2ec548b12806a3acbe02e2360d7e63?s=96&d=mm&r=g","contentUrl":"https:\/\/secure.gravatar.com\/avatar\/ddf6c5c2ef2f35c978196ce314f9b81dba2ec548b12806a3acbe02e2360d7e63?s=96&d=mm&r=g","caption":"Vivian Affoah"},"sameAs":["http:\/\/www.mfwa.org"],"url":"https:\/\/mfwa.org\/fr\/author\/vivian\/"}]}},"authors":[{"term_id":513,"user_id":2,"is_guest":0,"slug":"vivian","display_name":"Vivian Affoah","avatar_url":"https:\/\/secure.gravatar.com\/avatar\/ddf6c5c2ef2f35c978196ce314f9b81dba2ec548b12806a3acbe02e2360d7e63?s=96&d=mm&r=g","0":null,"1":"","2":"","3":"","4":"","5":"","6":"","7":"","8":""}],"_links":{"self":[{"href":"https:\/\/mfwa.org\/fr\/wp-json\/wp\/v2\/posts\/9350","targetHints":{"allow":["GET"]}}],"collection":[{"href":"https:\/\/mfwa.org\/fr\/wp-json\/wp\/v2\/posts"}],"about":[{"href":"https:\/\/mfwa.org\/fr\/wp-json\/wp\/v2\/types\/post"}],"author":[{"embeddable":true,"href":"https:\/\/mfwa.org\/fr\/wp-json\/wp\/v2\/users\/2"}],"replies":[{"embeddable":true,"href":"https:\/\/mfwa.org\/fr\/wp-json\/wp\/v2\/comments?post=9350"}],"version-history":[{"count":0,"href":"https:\/\/mfwa.org\/fr\/wp-json\/wp\/v2\/posts\/9350\/revisions"}],"wp:attachment":[{"href":"https:\/\/mfwa.org\/fr\/wp-json\/wp\/v2\/media?parent=9350"}],"wp:term":[{"taxonomy":"category","embeddable":true,"href":"https:\/\/mfwa.org\/fr\/wp-json\/wp\/v2\/categories?post=9350"},{"taxonomy":"post_tag","embeddable":true,"href":"https:\/\/mfwa.org\/fr\/wp-json\/wp\/v2\/tags?post=9350"},{"taxonomy":"country","embeddable":true,"href":"https:\/\/mfwa.org\/fr\/wp-json\/wp\/v2\/country?post=9350"},{"taxonomy":"staff-position","embeddable":true,"href":"https:\/\/mfwa.org\/fr\/wp-json\/wp\/v2\/staff-position?post=9350"},{"taxonomy":"opportunity-category","embeddable":true,"href":"https:\/\/mfwa.org\/fr\/wp-json\/wp\/v2\/opportunity-category?post=9350"},{"taxonomy":"author","embeddable":true,"href":"https:\/\/mfwa.org\/fr\/wp-json\/wp\/v2\/ppma_author?post=9350"}],"curies":[{"name":"wp","href":"https:\/\/api.w.org\/{rel}","templated":true}]}}