{"id":8318,"date":"2016-10-15T08:07:01","date_gmt":"2016-10-15T08:07:01","guid":{"rendered":"http:\/\/www.mfwa.org\/?p=8318"},"modified":"2017-02-03T17:44:38","modified_gmt":"2017-02-03T17:44:38","slug":"benin-manifestations-de-protestation-interdites","status":"publish","type":"post","link":"https:\/\/mfwa.org\/fr\/benin-manifestations-de-protestation-interdites\/","title":{"rendered":"Benin: Interdiction de Manifestations aux Associations Estudiantines dans Toutes les Universit\u00e9s Publiques"},"content":{"rendered":"<p style=\"text-align: justify;\">Les autorit\u00e9s de l\u2019Etat B\u00e9ninois ont interdit les activit\u00e9s des organisations estudiantines sur tous les quatre campus universitaires publics du pays.<\/p>\n<p style=\"text-align: justify;\">La d\u00e9cision qui a \u00e9t\u00e9 prise en conseil du ministre le 5 Octobre 2016, fait suite \u00e0 des agitations violentes contre des nouvelles mesures administratives \u00e0 l\u2019Universit\u00e9 d\u2019Abomey-Calavi.<\/p>\n<p style=\"text-align: justify;\">Le ministre d\u2019Etat, Pascal Ir\u00e9n\u00e9e Koupaki qui a annonc\u00e9 la mesure le 6 Octobre, a dit que l\u2019interdiction fait suite\u00a0\u2018\u2019 aux enqu\u00eates administratives sur les cas de violence et actes de vandalisme survenus sur le campus d\u2019Abomey-Calavi\u2019\u2019, et de rench\u00e9rir que \u2018\u2019les conditions d\u2019exercice d\u2019activit\u00e9s et\/ou de reconnaissance des associations d\u2019\u00e9tudiants sont d\u00e9finies par d\u00e9cret pris en conseil des ministres.\u2019\u2019<\/p>\n<p style=\"text-align: justify;\">L\u2019interdiction a \u00e9t\u00e9 condamn\u00e9e par plusieurs m\u00e9dia, partis politiques, les associations estudiantines, les organisations de la soci\u00e9t\u00e9 civile et les organisations syndicales comme une violation de la libert\u00e9 d\u2019association qui ont, d\u2019ailleurs, appel\u00e9 \u00e0 ce qu\u2019elle soit lev\u00e9e.<\/p>\n<p style=\"text-align: justify;\">Dans un communiqu\u00e9 de presse dat\u00e9 du 6 Octobre, la principale organisation syndicale du pays, la Conf\u00e9d\u00e9ration Syndicale des Travailleurs du Benin, CSTB a dit que l\u2019interdiction est anticonstitutionnelle. Dans une d\u00e9claration sign\u00e9e par le Secr\u00e9taire G\u00e9n\u00e9ral, Paul Esse Iko, la CSTB\u00a0a cit\u00e9 l\u2019article 25 de la constitution nationale qui stipule que \u2018\u2019l\u2019Etat reconnait et garantit, dans les conditions fix\u00e9es par la loi, la libert\u00e9 d\u2019aller et venir, la libert\u00e9 d\u2019association, de r\u00e9union, de cort\u00e8ge et de manifestation\u2019\u2019, et conclu qu\u2019\u00a0\u2018\u2019aucune loi, encore moins un d\u00e9cret, ne peut interdire une libert\u00e9 constitutionnelle.\u2019\u2019<\/p>\n<p style=\"text-align: justify;\">En r\u00e9ponse \u00e0 la vague de critique \u00e0 l\u2019\u00e9gard de l\u2019interdiction, le Ministre de la Justice, le Professeur Joseph DJOGBENOU, a tenu une conf\u00e9rence de presse le 11 Octobre au cours de laquelle il a pr\u00e9cis\u00e9 que la d\u00e9cision ne vise pas \u00e0 dissoudre les organisations estudiantines mais \u00abporte interdiction d\u2019activit\u00e9s\u00bb desdites organisations.<\/p>\n<p style=\"text-align: justify;\">Ceci n\u2019est pas la premi\u00e8re fois que les \u00e9tudiants de\u00a0l\u2019Universit\u00e9 d\u2019Abomey-Calavi protestent contre des mesures administratives impopulaires. En Novembre 2013, 17 \u00e9tudiants ont \u00e9t\u00e9 bless\u00e9s suite \u00e0 des affrontements avec la police lors d\u2019une protestation contre de nouvelles mesures universitaires. Le journaliste qui essayait de filmer les <a href=\"http:\/\/www.mfwa.org\/fr\/alerte-benin-deux-journalistes-arretes-17-etudiants-blesses-lors-dune-manifestation\/\">affrontements fut aussi arr\u00eat\u00e9<\/a>.<\/p>\n<p style=\"text-align: justify;\">La MFWA appelle les autorit\u00e9s b\u00e9ninoises \u00e0 revenir sur l\u2019interdiction de protestations dans les universit\u00e9s publiques \u00e9tant donn\u00e9 que cela porte atteinte au droit \u00e0 la libert\u00e9 d\u2019association des \u00e9tudiants. Nous exhortons aussi les \u00e9tudiants \u00e0 exercer leur droit de mani\u00e8re responsable.<\/p>\n","protected":false},"excerpt":{"rendered":"<p>Les autorit\u00e9s de l\u2019Etat B\u00e9ninois ont interdit les activit\u00e9s des organisations estudiantines sur tous les quatre campus universitaires<\/p>\n","protected":false},"author":2,"featured_media":0,"comment_status":"closed","ping_status":"closed","sticky":false,"template":"","format":"standard","meta":{"footnotes":""},"categories":[254],"tags":[],"country":[238],"staff-position":[],"opportunity-category":[],"ppma_author":[513],"class_list":["post-8318","post","type-post","status-publish","format-standard","hentry","category-free-expression-violations-fr","country-benin-fr"],"yoast_head":"<!-- This site is optimized with the Yoast SEO plugin v27.4 - https:\/\/yoast.com\/product\/yoast-seo-wordpress\/ -->\n<title>Benin: Interdiction de Manifestations aux Associations Estudiantines dans Toutes les Universit\u00e9s Publiques - Media Foundation For West Africa<\/title>\n<meta name=\"robots\" content=\"index, follow, max-snippet:-1, max-image-preview:large, max-video-preview:-1\" \/>\n<link rel=\"canonical\" href=\"https:\/\/mfwa.org\/fr\/benin-manifestations-de-protestation-interdites\/\" \/>\n<meta property=\"og:locale\" content=\"fr_FR\" \/>\n<meta property=\"og:type\" content=\"article\" \/>\n<meta property=\"og:title\" content=\"Benin: Interdiction de Manifestations aux Associations Estudiantines dans Toutes les Universit\u00e9s Publiques - Media Foundation For West Africa\" \/>\n<meta property=\"og:description\" content=\"Les autorit\u00e9s de l\u2019Etat B\u00e9ninois ont interdit les activit\u00e9s des organisations estudiantines sur tous les quatre campus universitaires\" \/>\n<meta property=\"og:url\" content=\"https:\/\/mfwa.org\/fr\/benin-manifestations-de-protestation-interdites\/\" \/>\n<meta property=\"og:site_name\" content=\"Media Foundation For West Africa\" \/>\n<meta property=\"article:publisher\" content=\"https:\/\/www.facebook.com\/themfwa\" \/>\n<meta property=\"article:published_time\" content=\"2016-10-15T08:07:01+00:00\" \/>\n<meta property=\"article:modified_time\" content=\"2017-02-03T17:44:38+00:00\" \/>\n<meta name=\"author\" content=\"Vivian Affoah\" \/>\n<meta name=\"twitter:card\" content=\"summary_large_image\" \/>\n<meta name=\"twitter:creator\" content=\"@TheMFWA\" \/>\n<meta name=\"twitter:site\" content=\"@TheMFWA\" \/>\n<meta name=\"twitter:label1\" content=\"Written by\" \/>\n\t<meta name=\"twitter:data1\" content=\"Vivian Affoah\" \/>\n\t<meta name=\"twitter:label2\" content=\"Est. reading time\" \/>\n\t<meta name=\"twitter:data2\" content=\"2 minutes\" \/>\n<script type=\"application\/ld+json\" class=\"yoast-schema-graph\">{\"@context\":\"https:\\\/\\\/schema.org\",\"@graph\":[{\"@type\":\"Article\",\"@id\":\"https:\\\/\\\/mfwa.org\\\/fr\\\/benin-manifestations-de-protestation-interdites\\\/#article\",\"isPartOf\":{\"@id\":\"https:\\\/\\\/mfwa.org\\\/fr\\\/benin-manifestations-de-protestation-interdites\\\/\"},\"author\":{\"name\":\"Vivian Affoah\",\"@id\":\"https:\\\/\\\/mfwa.org\\\/#\\\/schema\\\/person\\\/6a1a8151b41fab6317c9544da609a96b\"},\"headline\":\"Benin: Interdiction de Manifestations aux Associations Estudiantines dans Toutes les Universit\u00e9s Publiques\",\"datePublished\":\"2016-10-15T08:07:01+00:00\",\"dateModified\":\"2017-02-03T17:44:38+00:00\",\"mainEntityOfPage\":{\"@id\":\"https:\\\/\\\/mfwa.org\\\/fr\\\/benin-manifestations-de-protestation-interdites\\\/\"},\"wordCount\":449,\"publisher\":{\"@id\":\"https:\\\/\\\/mfwa.org\\\/#organization\"},\"articleSection\":[\"Les violations de la libre expression\"],\"inLanguage\":\"fr-FR\"},{\"@type\":\"WebPage\",\"@id\":\"https:\\\/\\\/mfwa.org\\\/fr\\\/benin-manifestations-de-protestation-interdites\\\/\",\"url\":\"https:\\\/\\\/mfwa.org\\\/fr\\\/benin-manifestations-de-protestation-interdites\\\/\",\"name\":\"Benin: Interdiction de Manifestations aux Associations Estudiantines dans Toutes les Universit\u00e9s Publiques - Media Foundation For West Africa\",\"isPartOf\":{\"@id\":\"https:\\\/\\\/mfwa.org\\\/#website\"},\"datePublished\":\"2016-10-15T08:07:01+00:00\",\"dateModified\":\"2017-02-03T17:44:38+00:00\",\"breadcrumb\":{\"@id\":\"https:\\\/\\\/mfwa.org\\\/fr\\\/benin-manifestations-de-protestation-interdites\\\/#breadcrumb\"},\"inLanguage\":\"fr-FR\",\"potentialAction\":[{\"@type\":\"ReadAction\",\"target\":[\"https:\\\/\\\/mfwa.org\\\/fr\\\/benin-manifestations-de-protestation-interdites\\\/\"]}]},{\"@type\":\"BreadcrumbList\",\"@id\":\"https:\\\/\\\/mfwa.org\\\/fr\\\/benin-manifestations-de-protestation-interdites\\\/#breadcrumb\",\"itemListElement\":[{\"@type\":\"ListItem\",\"position\":1,\"name\":\"Home\",\"item\":\"https:\\\/\\\/mfwa.org\\\/fr\\\/\"},{\"@type\":\"ListItem\",\"position\":2,\"name\":\"Benin: Interdiction de Manifestations aux Associations Estudiantines dans Toutes les Universit\u00e9s Publiques\"}]},{\"@type\":\"WebSite\",\"@id\":\"https:\\\/\\\/mfwa.org\\\/#website\",\"url\":\"https:\\\/\\\/mfwa.org\\\/\",\"name\":\"Media Foundation For West Africa\",\"description\":\"Promoting Freedom of Expression and Democracy in West Africa\",\"publisher\":{\"@id\":\"https:\\\/\\\/mfwa.org\\\/#organization\"},\"potentialAction\":[{\"@type\":\"SearchAction\",\"target\":{\"@type\":\"EntryPoint\",\"urlTemplate\":\"https:\\\/\\\/mfwa.org\\\/?s={search_term_string}\"},\"query-input\":{\"@type\":\"PropertyValueSpecification\",\"valueRequired\":true,\"valueName\":\"search_term_string\"}}],\"inLanguage\":\"fr-FR\"},{\"@type\":\"Organization\",\"@id\":\"https:\\\/\\\/mfwa.org\\\/#organization\",\"name\":\"Media Foundation for West Africa\",\"url\":\"https:\\\/\\\/mfwa.org\\\/\",\"logo\":{\"@type\":\"ImageObject\",\"inLanguage\":\"fr-FR\",\"@id\":\"https:\\\/\\\/mfwa.org\\\/#\\\/schema\\\/logo\\\/image\\\/\",\"url\":\"https:\\\/\\\/www.mfwa.org\\\/wp-content\\\/uploads\\\/2016\\\/06\\\/MFWA-LOGO.png\",\"contentUrl\":\"https:\\\/\\\/www.mfwa.org\\\/wp-content\\\/uploads\\\/2016\\\/06\\\/MFWA-LOGO.png\",\"width\":180,\"height\":180,\"caption\":\"Media Foundation for West Africa\"},\"image\":{\"@id\":\"https:\\\/\\\/mfwa.org\\\/#\\\/schema\\\/logo\\\/image\\\/\"},\"sameAs\":[\"https:\\\/\\\/www.facebook.com\\\/themfwa\",\"https:\\\/\\\/x.com\\\/TheMFWA\",\"https:\\\/\\\/www.youtube.com\\\/channel\\\/UCF6HrPuXcV1K1Ed8AAq4Rdw\"]},{\"@type\":\"Person\",\"@id\":\"https:\\\/\\\/mfwa.org\\\/#\\\/schema\\\/person\\\/6a1a8151b41fab6317c9544da609a96b\",\"name\":\"Vivian Affoah\",\"image\":{\"@type\":\"ImageObject\",\"inLanguage\":\"fr-FR\",\"@id\":\"https:\\\/\\\/secure.gravatar.com\\\/avatar\\\/ddf6c5c2ef2f35c978196ce314f9b81dba2ec548b12806a3acbe02e2360d7e63?s=96&d=mm&r=g719420b9d28a4a0781c1038ec6921926\",\"url\":\"https:\\\/\\\/secure.gravatar.com\\\/avatar\\\/ddf6c5c2ef2f35c978196ce314f9b81dba2ec548b12806a3acbe02e2360d7e63?s=96&d=mm&r=g\",\"contentUrl\":\"https:\\\/\\\/secure.gravatar.com\\\/avatar\\\/ddf6c5c2ef2f35c978196ce314f9b81dba2ec548b12806a3acbe02e2360d7e63?s=96&d=mm&r=g\",\"caption\":\"Vivian Affoah\"},\"sameAs\":[\"http:\\\/\\\/www.mfwa.org\"],\"url\":\"https:\\\/\\\/mfwa.org\\\/fr\\\/author\\\/vivian\\\/\"}]}<\/script>\n<!-- \/ Yoast SEO plugin. -->","yoast_head_json":{"title":"Benin: Interdiction de Manifestations aux Associations Estudiantines dans Toutes les Universit\u00e9s Publiques - Media Foundation For West Africa","robots":{"index":"index","follow":"follow","max-snippet":"max-snippet:-1","max-image-preview":"max-image-preview:large","max-video-preview":"max-video-preview:-1"},"canonical":"https:\/\/mfwa.org\/fr\/benin-manifestations-de-protestation-interdites\/","og_locale":"fr_FR","og_type":"article","og_title":"Benin: Interdiction de Manifestations aux Associations Estudiantines dans Toutes les Universit\u00e9s Publiques - Media Foundation For West Africa","og_description":"Les autorit\u00e9s de l\u2019Etat B\u00e9ninois ont interdit les activit\u00e9s des organisations estudiantines sur tous les quatre campus universitaires","og_url":"https:\/\/mfwa.org\/fr\/benin-manifestations-de-protestation-interdites\/","og_site_name":"Media Foundation For West Africa","article_publisher":"https:\/\/www.facebook.com\/themfwa","article_published_time":"2016-10-15T08:07:01+00:00","article_modified_time":"2017-02-03T17:44:38+00:00","author":"Vivian Affoah","twitter_card":"summary_large_image","twitter_creator":"@TheMFWA","twitter_site":"@TheMFWA","twitter_misc":{"Written by":"Vivian Affoah","Est. reading time":"2 minutes"},"schema":{"@context":"https:\/\/schema.org","@graph":[{"@type":"Article","@id":"https:\/\/mfwa.org\/fr\/benin-manifestations-de-protestation-interdites\/#article","isPartOf":{"@id":"https:\/\/mfwa.org\/fr\/benin-manifestations-de-protestation-interdites\/"},"author":{"name":"Vivian Affoah","@id":"https:\/\/mfwa.org\/#\/schema\/person\/6a1a8151b41fab6317c9544da609a96b"},"headline":"Benin: Interdiction de Manifestations aux Associations Estudiantines dans Toutes les Universit\u00e9s Publiques","datePublished":"2016-10-15T08:07:01+00:00","dateModified":"2017-02-03T17:44:38+00:00","mainEntityOfPage":{"@id":"https:\/\/mfwa.org\/fr\/benin-manifestations-de-protestation-interdites\/"},"wordCount":449,"publisher":{"@id":"https:\/\/mfwa.org\/#organization"},"articleSection":["Les violations de la libre expression"],"inLanguage":"fr-FR"},{"@type":"WebPage","@id":"https:\/\/mfwa.org\/fr\/benin-manifestations-de-protestation-interdites\/","url":"https:\/\/mfwa.org\/fr\/benin-manifestations-de-protestation-interdites\/","name":"Benin: Interdiction de Manifestations aux Associations Estudiantines dans Toutes les Universit\u00e9s Publiques - Media Foundation For West Africa","isPartOf":{"@id":"https:\/\/mfwa.org\/#website"},"datePublished":"2016-10-15T08:07:01+00:00","dateModified":"2017-02-03T17:44:38+00:00","breadcrumb":{"@id":"https:\/\/mfwa.org\/fr\/benin-manifestations-de-protestation-interdites\/#breadcrumb"},"inLanguage":"fr-FR","potentialAction":[{"@type":"ReadAction","target":["https:\/\/mfwa.org\/fr\/benin-manifestations-de-protestation-interdites\/"]}]},{"@type":"BreadcrumbList","@id":"https:\/\/mfwa.org\/fr\/benin-manifestations-de-protestation-interdites\/#breadcrumb","itemListElement":[{"@type":"ListItem","position":1,"name":"Home","item":"https:\/\/mfwa.org\/fr\/"},{"@type":"ListItem","position":2,"name":"Benin: Interdiction de Manifestations aux Associations Estudiantines dans Toutes les Universit\u00e9s Publiques"}]},{"@type":"WebSite","@id":"https:\/\/mfwa.org\/#website","url":"https:\/\/mfwa.org\/","name":"Media Foundation For West Africa","description":"Promoting Freedom of Expression and Democracy in West Africa","publisher":{"@id":"https:\/\/mfwa.org\/#organization"},"potentialAction":[{"@type":"SearchAction","target":{"@type":"EntryPoint","urlTemplate":"https:\/\/mfwa.org\/?s={search_term_string}"},"query-input":{"@type":"PropertyValueSpecification","valueRequired":true,"valueName":"search_term_string"}}],"inLanguage":"fr-FR"},{"@type":"Organization","@id":"https:\/\/mfwa.org\/#organization","name":"Media Foundation for West Africa","url":"https:\/\/mfwa.org\/","logo":{"@type":"ImageObject","inLanguage":"fr-FR","@id":"https:\/\/mfwa.org\/#\/schema\/logo\/image\/","url":"https:\/\/www.mfwa.org\/wp-content\/uploads\/2016\/06\/MFWA-LOGO.png","contentUrl":"https:\/\/www.mfwa.org\/wp-content\/uploads\/2016\/06\/MFWA-LOGO.png","width":180,"height":180,"caption":"Media Foundation for West Africa"},"image":{"@id":"https:\/\/mfwa.org\/#\/schema\/logo\/image\/"},"sameAs":["https:\/\/www.facebook.com\/themfwa","https:\/\/x.com\/TheMFWA","https:\/\/www.youtube.com\/channel\/UCF6HrPuXcV1K1Ed8AAq4Rdw"]},{"@type":"Person","@id":"https:\/\/mfwa.org\/#\/schema\/person\/6a1a8151b41fab6317c9544da609a96b","name":"Vivian Affoah","image":{"@type":"ImageObject","inLanguage":"fr-FR","@id":"https:\/\/secure.gravatar.com\/avatar\/ddf6c5c2ef2f35c978196ce314f9b81dba2ec548b12806a3acbe02e2360d7e63?s=96&d=mm&r=g719420b9d28a4a0781c1038ec6921926","url":"https:\/\/secure.gravatar.com\/avatar\/ddf6c5c2ef2f35c978196ce314f9b81dba2ec548b12806a3acbe02e2360d7e63?s=96&d=mm&r=g","contentUrl":"https:\/\/secure.gravatar.com\/avatar\/ddf6c5c2ef2f35c978196ce314f9b81dba2ec548b12806a3acbe02e2360d7e63?s=96&d=mm&r=g","caption":"Vivian Affoah"},"sameAs":["http:\/\/www.mfwa.org"],"url":"https:\/\/mfwa.org\/fr\/author\/vivian\/"}]}},"authors":[{"term_id":513,"user_id":2,"is_guest":0,"slug":"vivian","display_name":"Vivian Affoah","avatar_url":"https:\/\/secure.gravatar.com\/avatar\/ddf6c5c2ef2f35c978196ce314f9b81dba2ec548b12806a3acbe02e2360d7e63?s=96&d=mm&r=g","0":null,"1":"","2":"","3":"","4":"","5":"","6":"","7":"","8":""}],"_links":{"self":[{"href":"https:\/\/mfwa.org\/fr\/wp-json\/wp\/v2\/posts\/8318","targetHints":{"allow":["GET"]}}],"collection":[{"href":"https:\/\/mfwa.org\/fr\/wp-json\/wp\/v2\/posts"}],"about":[{"href":"https:\/\/mfwa.org\/fr\/wp-json\/wp\/v2\/types\/post"}],"author":[{"embeddable":true,"href":"https:\/\/mfwa.org\/fr\/wp-json\/wp\/v2\/users\/2"}],"replies":[{"embeddable":true,"href":"https:\/\/mfwa.org\/fr\/wp-json\/wp\/v2\/comments?post=8318"}],"version-history":[{"count":0,"href":"https:\/\/mfwa.org\/fr\/wp-json\/wp\/v2\/posts\/8318\/revisions"}],"wp:attachment":[{"href":"https:\/\/mfwa.org\/fr\/wp-json\/wp\/v2\/media?parent=8318"}],"wp:term":[{"taxonomy":"category","embeddable":true,"href":"https:\/\/mfwa.org\/fr\/wp-json\/wp\/v2\/categories?post=8318"},{"taxonomy":"post_tag","embeddable":true,"href":"https:\/\/mfwa.org\/fr\/wp-json\/wp\/v2\/tags?post=8318"},{"taxonomy":"country","embeddable":true,"href":"https:\/\/mfwa.org\/fr\/wp-json\/wp\/v2\/country?post=8318"},{"taxonomy":"staff-position","embeddable":true,"href":"https:\/\/mfwa.org\/fr\/wp-json\/wp\/v2\/staff-position?post=8318"},{"taxonomy":"opportunity-category","embeddable":true,"href":"https:\/\/mfwa.org\/fr\/wp-json\/wp\/v2\/opportunity-category?post=8318"},{"taxonomy":"author","embeddable":true,"href":"https:\/\/mfwa.org\/fr\/wp-json\/wp\/v2\/ppma_author?post=8318"}],"curies":[{"name":"wp","href":"https:\/\/api.w.org\/{rel}","templated":true}]}}