{"id":8154,"date":"2016-09-20T14:47:07","date_gmt":"2016-09-20T14:47:07","guid":{"rendered":"http:\/\/www.mfwa.org\/?p=8154"},"modified":"2016-09-27T12:32:58","modified_gmt":"2016-09-27T12:32:58","slug":"liberia-journaliste-detenu-pour-une-publication-sur-le-president-de-la-guinee-equatoriale","status":"publish","type":"post","link":"https:\/\/mfwa.org\/fr\/liberia-journaliste-detenu-pour-une-publication-sur-le-president-de-la-guinee-equatoriale\/","title":{"rendered":"Liberia: Journaliste D\u00e9tenu pour une publication sur le Pr\u00e9sident de la Guin\u00e9e Equatoriale"},"content":{"rendered":"<p style=\"text-align: justify;\">Le 15 Septembre 2016, le journaliste et r\u00e9dacteur du journal de Monrovia, New Democrat a \u00e9t\u00e9 arr\u00eat\u00e9 et d\u00e9f\u00e9r\u00e9 au quartier g\u00e9n\u00e9ral de la Police Nationale du Liberia, o\u00f9 il a \u00e9t\u00e9 d\u00e9tenu pendant des heures avant d\u2019\u00eatre liber\u00e9.<\/p>\n<p style=\"text-align: justify;\">Le partenaire national de la MFWA au Liberia, Center for Media Studies and Peacebuiling (CEMESP), rapporte que la d\u00e9tention de Poquie a fait suite \u00e0 une affaire publi\u00e9 dans la parution du 13 Septembre 2016 du journal.<\/p>\n<p style=\"text-align: justify;\">Initialement publi\u00e9 par Daily Mail du Royaume Uni, l\u2019article relatait des pr\u00e9tendus actes de cannibalisme du Pr\u00e9sident \u00c9quato-Guin\u00e9enne, Teodoro Obiang Nguema.<\/p>\n<p style=\"text-align: justify;\">CEMESP cite la police en disant que Poquie \u00e9tait arr\u00eat\u00e9 et d\u00e9tenu parce que son journal n\u2019a pas pris contact avec le gouvernement de la Guin\u00e9e Equatoriale pour v\u00e9rifier les d\u00e9clarations de Thomas Burrow, l\u2019auteur original. Poquie a \u00e9t\u00e9 lib\u00e9r\u00e9 suite \u00e0 l\u2019intervention de la Press Union of Liberia et d\u2019un avocat de droits humains le Chancelier Taiwon Gongoloe<\/p>\n<p style=\"text-align: justify;\">Le Ministre de l\u2019Information du Liberia Eugene Lenn Nagbe, aurait demand\u00e9 que le journal soit sanctionn\u00e9 et oblig\u00e9 \u00e0 retirer le reportage.<\/p>\n<p style=\"text-align: justify;\">En attendant, CEMESP a vivement critiqu\u00e9 l\u2019action du gouvernement Lib\u00e9rien, en disant que l\u2019acte mine aux efforts en cours au Liberia pour d\u00e9p\u00e9naliser la parole.<\/p>\n<p style=\"text-align: justify;\">La Press Union of Liberia a \u00e9galement d\u00e9nonc\u00e9 l\u2019interpellation de Poquie. L\u2019organisation insiste que les journalistes ne doivent pas \u00eatre interpell\u00e9s pour avoir tri\u00e9 des informations d\u2019une autre source, ce qui est \u00ab\u00a0une pratique courante de journalisme.\u00a0\u00bb<\/p>\n<p>&nbsp;<\/p>\n","protected":false},"excerpt":{"rendered":"<p>Le 15 Septembre 2016, le journaliste et r\u00e9dacteur du journal de Monrovia, New Democrat a \u00e9t\u00e9 arr\u00eat\u00e9 et<\/p>\n","protected":false},"author":2,"featured_media":8157,"comment_status":"closed","ping_status":"closed","sticky":false,"template":"","format":"standard","meta":{"footnotes":""},"categories":[254],"tags":[],"country":[246],"staff-position":[],"opportunity-category":[],"class_list":["post-8154","post","type-post","status-publish","format-standard","has-post-thumbnail","hentry","category-free-expression-violations-fr","country-liberia-fr"],"yoast_head":"<!-- This site is optimized with the Yoast SEO plugin v27.5 - https:\/\/yoast.com\/product\/yoast-seo-wordpress\/ -->\n<title>Liberia: Journaliste D\u00e9tenu pour une publication sur le Pr\u00e9sident de la Guin\u00e9e Equatoriale - Media Foundation For West Africa<\/title>\n<meta name=\"robots\" content=\"index, follow, max-snippet:-1, max-image-preview:large, max-video-preview:-1\" \/>\n<link rel=\"canonical\" href=\"https:\/\/mfwa.org\/fr\/liberia-journaliste-detenu-pour-une-publication-sur-le-president-de-la-guinee-equatoriale\/\" \/>\n<meta property=\"og:locale\" content=\"fr_FR\" \/>\n<meta property=\"og:type\" content=\"article\" \/>\n<meta property=\"og:title\" content=\"Liberia: Journaliste D\u00e9tenu pour une publication sur le Pr\u00e9sident de la Guin\u00e9e Equatoriale - Media Foundation For West Africa\" \/>\n<meta property=\"og:description\" content=\"Le 15 Septembre 2016, le journaliste et r\u00e9dacteur du journal de Monrovia, New Democrat a \u00e9t\u00e9 arr\u00eat\u00e9 et\" \/>\n<meta property=\"og:url\" content=\"https:\/\/mfwa.org\/fr\/liberia-journaliste-detenu-pour-une-publication-sur-le-president-de-la-guinee-equatoriale\/\" \/>\n<meta property=\"og:site_name\" content=\"Media Foundation For West Africa\" \/>\n<meta property=\"article:publisher\" content=\"https:\/\/www.facebook.com\/themfwa\" \/>\n<meta property=\"article:published_time\" content=\"2016-09-20T14:47:07+00:00\" \/>\n<meta property=\"article:modified_time\" content=\"2016-09-27T12:32:58+00:00\" \/>\n<meta property=\"og:image\" content=\"https:\/\/mfwa.org\/wp-content\/uploads\/2016\/09\/festus-poquie-1.jpg\" \/>\n\t<meta property=\"og:image:width\" content=\"1344\" \/>\n\t<meta property=\"og:image:height\" content=\"1497\" \/>\n\t<meta property=\"og:image:type\" content=\"image\/jpeg\" \/>\n<meta name=\"author\" content=\"Vivian Affoah\" \/>\n<meta name=\"twitter:card\" content=\"summary_large_image\" \/>\n<meta name=\"twitter:creator\" content=\"@TheMFWA\" \/>\n<meta name=\"twitter:site\" content=\"@TheMFWA\" \/>\n<meta name=\"twitter:label1\" content=\"Written by\" \/>\n\t<meta name=\"twitter:data1\" content=\"Vivian Affoah\" \/>\n\t<meta name=\"twitter:label2\" content=\"Est. reading time\" \/>\n\t<meta name=\"twitter:data2\" content=\"1 minute\" \/>\n<script type=\"application\/ld+json\" class=\"yoast-schema-graph\">{\"@context\":\"https:\\\/\\\/schema.org\",\"@graph\":[{\"@type\":\"Article\",\"@id\":\"https:\\\/\\\/mfwa.org\\\/fr\\\/liberia-journaliste-detenu-pour-une-publication-sur-le-president-de-la-guinee-equatoriale\\\/#article\",\"isPartOf\":{\"@id\":\"https:\\\/\\\/mfwa.org\\\/fr\\\/liberia-journaliste-detenu-pour-une-publication-sur-le-president-de-la-guinee-equatoriale\\\/\"},\"author\":{\"name\":\"Vivian Affoah\",\"@id\":\"https:\\\/\\\/mfwa.org\\\/#\\\/schema\\\/person\\\/6a1a8151b41fab6317c9544da609a96b\"},\"headline\":\"Liberia: Journaliste D\u00e9tenu pour une publication sur le Pr\u00e9sident de la Guin\u00e9e Equatoriale\",\"datePublished\":\"2016-09-20T14:47:07+00:00\",\"dateModified\":\"2016-09-27T12:32:58+00:00\",\"mainEntityOfPage\":{\"@id\":\"https:\\\/\\\/mfwa.org\\\/fr\\\/liberia-journaliste-detenu-pour-une-publication-sur-le-president-de-la-guinee-equatoriale\\\/\"},\"wordCount\":284,\"publisher\":{\"@id\":\"https:\\\/\\\/mfwa.org\\\/#organization\"},\"image\":{\"@id\":\"https:\\\/\\\/mfwa.org\\\/fr\\\/liberia-journaliste-detenu-pour-une-publication-sur-le-president-de-la-guinee-equatoriale\\\/#primaryimage\"},\"thumbnailUrl\":\"https:\\\/\\\/mfwa.org\\\/wp-content\\\/uploads\\\/2016\\\/09\\\/festus-poquie-1.jpg\",\"articleSection\":[\"Les violations de la libre expression\"],\"inLanguage\":\"fr-FR\"},{\"@type\":\"WebPage\",\"@id\":\"https:\\\/\\\/mfwa.org\\\/fr\\\/liberia-journaliste-detenu-pour-une-publication-sur-le-president-de-la-guinee-equatoriale\\\/\",\"url\":\"https:\\\/\\\/mfwa.org\\\/fr\\\/liberia-journaliste-detenu-pour-une-publication-sur-le-president-de-la-guinee-equatoriale\\\/\",\"name\":\"Liberia: Journaliste D\u00e9tenu pour une publication sur le Pr\u00e9sident de la Guin\u00e9e Equatoriale - Media Foundation For West Africa\",\"isPartOf\":{\"@id\":\"https:\\\/\\\/mfwa.org\\\/#website\"},\"primaryImageOfPage\":{\"@id\":\"https:\\\/\\\/mfwa.org\\\/fr\\\/liberia-journaliste-detenu-pour-une-publication-sur-le-president-de-la-guinee-equatoriale\\\/#primaryimage\"},\"image\":{\"@id\":\"https:\\\/\\\/mfwa.org\\\/fr\\\/liberia-journaliste-detenu-pour-une-publication-sur-le-president-de-la-guinee-equatoriale\\\/#primaryimage\"},\"thumbnailUrl\":\"https:\\\/\\\/mfwa.org\\\/wp-content\\\/uploads\\\/2016\\\/09\\\/festus-poquie-1.jpg\",\"datePublished\":\"2016-09-20T14:47:07+00:00\",\"dateModified\":\"2016-09-27T12:32:58+00:00\",\"breadcrumb\":{\"@id\":\"https:\\\/\\\/mfwa.org\\\/fr\\\/liberia-journaliste-detenu-pour-une-publication-sur-le-president-de-la-guinee-equatoriale\\\/#breadcrumb\"},\"inLanguage\":\"fr-FR\",\"potentialAction\":[{\"@type\":\"ReadAction\",\"target\":[\"https:\\\/\\\/mfwa.org\\\/fr\\\/liberia-journaliste-detenu-pour-une-publication-sur-le-president-de-la-guinee-equatoriale\\\/\"]}]},{\"@type\":\"ImageObject\",\"inLanguage\":\"fr-FR\",\"@id\":\"https:\\\/\\\/mfwa.org\\\/fr\\\/liberia-journaliste-detenu-pour-une-publication-sur-le-president-de-la-guinee-equatoriale\\\/#primaryimage\",\"url\":\"https:\\\/\\\/mfwa.org\\\/wp-content\\\/uploads\\\/2016\\\/09\\\/festus-poquie-1.jpg\",\"contentUrl\":\"https:\\\/\\\/mfwa.org\\\/wp-content\\\/uploads\\\/2016\\\/09\\\/festus-poquie-1.jpg\",\"width\":1344,\"height\":1497,\"caption\":\"Festus Poquie\"},{\"@type\":\"BreadcrumbList\",\"@id\":\"https:\\\/\\\/mfwa.org\\\/fr\\\/liberia-journaliste-detenu-pour-une-publication-sur-le-president-de-la-guinee-equatoriale\\\/#breadcrumb\",\"itemListElement\":[{\"@type\":\"ListItem\",\"position\":1,\"name\":\"Home\",\"item\":\"https:\\\/\\\/mfwa.org\\\/fr\\\/\"},{\"@type\":\"ListItem\",\"position\":2,\"name\":\"Liberia: Journaliste D\u00e9tenu pour une publication sur le Pr\u00e9sident de la Guin\u00e9e Equatoriale\"}]},{\"@type\":\"WebSite\",\"@id\":\"https:\\\/\\\/mfwa.org\\\/#website\",\"url\":\"https:\\\/\\\/mfwa.org\\\/\",\"name\":\"Media Foundation For West Africa\",\"description\":\"Promoting Freedom of Expression and Democracy in West Africa\",\"publisher\":{\"@id\":\"https:\\\/\\\/mfwa.org\\\/#organization\"},\"potentialAction\":[{\"@type\":\"SearchAction\",\"target\":{\"@type\":\"EntryPoint\",\"urlTemplate\":\"https:\\\/\\\/mfwa.org\\\/?s={search_term_string}\"},\"query-input\":{\"@type\":\"PropertyValueSpecification\",\"valueRequired\":true,\"valueName\":\"search_term_string\"}}],\"inLanguage\":\"fr-FR\"},{\"@type\":\"Organization\",\"@id\":\"https:\\\/\\\/mfwa.org\\\/#organization\",\"name\":\"Media Foundation for West Africa\",\"url\":\"https:\\\/\\\/mfwa.org\\\/\",\"logo\":{\"@type\":\"ImageObject\",\"inLanguage\":\"fr-FR\",\"@id\":\"https:\\\/\\\/mfwa.org\\\/#\\\/schema\\\/logo\\\/image\\\/\",\"url\":\"https:\\\/\\\/www.mfwa.org\\\/wp-content\\\/uploads\\\/2016\\\/06\\\/MFWA-LOGO.png\",\"contentUrl\":\"https:\\\/\\\/www.mfwa.org\\\/wp-content\\\/uploads\\\/2016\\\/06\\\/MFWA-LOGO.png\",\"width\":180,\"height\":180,\"caption\":\"Media Foundation for West Africa\"},\"image\":{\"@id\":\"https:\\\/\\\/mfwa.org\\\/#\\\/schema\\\/logo\\\/image\\\/\"},\"sameAs\":[\"https:\\\/\\\/www.facebook.com\\\/themfwa\",\"https:\\\/\\\/x.com\\\/TheMFWA\",\"https:\\\/\\\/www.youtube.com\\\/channel\\\/UCF6HrPuXcV1K1Ed8AAq4Rdw\"]},{\"@type\":\"Person\",\"@id\":\"https:\\\/\\\/mfwa.org\\\/#\\\/schema\\\/person\\\/6a1a8151b41fab6317c9544da609a96b\",\"name\":\"Vivian Affoah\",\"image\":{\"@type\":\"ImageObject\",\"inLanguage\":\"fr-FR\",\"@id\":\"https:\\\/\\\/secure.gravatar.com\\\/avatar\\\/ddf6c5c2ef2f35c978196ce314f9b81dba2ec548b12806a3acbe02e2360d7e63?s=96&d=mm&r=g\",\"url\":\"https:\\\/\\\/secure.gravatar.com\\\/avatar\\\/ddf6c5c2ef2f35c978196ce314f9b81dba2ec548b12806a3acbe02e2360d7e63?s=96&d=mm&r=g\",\"contentUrl\":\"https:\\\/\\\/secure.gravatar.com\\\/avatar\\\/ddf6c5c2ef2f35c978196ce314f9b81dba2ec548b12806a3acbe02e2360d7e63?s=96&d=mm&r=g\",\"caption\":\"Vivian Affoah\"},\"sameAs\":[\"http:\\\/\\\/www.mfwa.org\"],\"url\":\"https:\\\/\\\/mfwa.org\\\/fr\\\/author\\\/vivian\\\/\"}]}<\/script>\n<!-- \/ Yoast SEO plugin. -->","yoast_head_json":{"title":"Liberia: Journaliste D\u00e9tenu pour une publication sur le Pr\u00e9sident de la Guin\u00e9e Equatoriale - Media Foundation For West Africa","robots":{"index":"index","follow":"follow","max-snippet":"max-snippet:-1","max-image-preview":"max-image-preview:large","max-video-preview":"max-video-preview:-1"},"canonical":"https:\/\/mfwa.org\/fr\/liberia-journaliste-detenu-pour-une-publication-sur-le-president-de-la-guinee-equatoriale\/","og_locale":"fr_FR","og_type":"article","og_title":"Liberia: Journaliste D\u00e9tenu pour une publication sur le Pr\u00e9sident de la Guin\u00e9e Equatoriale - Media Foundation For West Africa","og_description":"Le 15 Septembre 2016, le journaliste et r\u00e9dacteur du journal de Monrovia, New Democrat a \u00e9t\u00e9 arr\u00eat\u00e9 et","og_url":"https:\/\/mfwa.org\/fr\/liberia-journaliste-detenu-pour-une-publication-sur-le-president-de-la-guinee-equatoriale\/","og_site_name":"Media Foundation For West Africa","article_publisher":"https:\/\/www.facebook.com\/themfwa","article_published_time":"2016-09-20T14:47:07+00:00","article_modified_time":"2016-09-27T12:32:58+00:00","og_image":[{"width":1344,"height":1497,"url":"https:\/\/mfwa.org\/wp-content\/uploads\/2016\/09\/festus-poquie-1.jpg","type":"image\/jpeg"}],"author":"Vivian Affoah","twitter_card":"summary_large_image","twitter_creator":"@TheMFWA","twitter_site":"@TheMFWA","twitter_misc":{"Written by":"Vivian Affoah","Est. reading time":"1 minute"},"schema":{"@context":"https:\/\/schema.org","@graph":[{"@type":"Article","@id":"https:\/\/mfwa.org\/fr\/liberia-journaliste-detenu-pour-une-publication-sur-le-president-de-la-guinee-equatoriale\/#article","isPartOf":{"@id":"https:\/\/mfwa.org\/fr\/liberia-journaliste-detenu-pour-une-publication-sur-le-president-de-la-guinee-equatoriale\/"},"author":{"name":"Vivian Affoah","@id":"https:\/\/mfwa.org\/#\/schema\/person\/6a1a8151b41fab6317c9544da609a96b"},"headline":"Liberia: Journaliste D\u00e9tenu pour une publication sur le Pr\u00e9sident de la Guin\u00e9e Equatoriale","datePublished":"2016-09-20T14:47:07+00:00","dateModified":"2016-09-27T12:32:58+00:00","mainEntityOfPage":{"@id":"https:\/\/mfwa.org\/fr\/liberia-journaliste-detenu-pour-une-publication-sur-le-president-de-la-guinee-equatoriale\/"},"wordCount":284,"publisher":{"@id":"https:\/\/mfwa.org\/#organization"},"image":{"@id":"https:\/\/mfwa.org\/fr\/liberia-journaliste-detenu-pour-une-publication-sur-le-president-de-la-guinee-equatoriale\/#primaryimage"},"thumbnailUrl":"https:\/\/mfwa.org\/wp-content\/uploads\/2016\/09\/festus-poquie-1.jpg","articleSection":["Les violations de la libre expression"],"inLanguage":"fr-FR"},{"@type":"WebPage","@id":"https:\/\/mfwa.org\/fr\/liberia-journaliste-detenu-pour-une-publication-sur-le-president-de-la-guinee-equatoriale\/","url":"https:\/\/mfwa.org\/fr\/liberia-journaliste-detenu-pour-une-publication-sur-le-president-de-la-guinee-equatoriale\/","name":"Liberia: Journaliste D\u00e9tenu pour une publication sur le Pr\u00e9sident de la Guin\u00e9e Equatoriale - Media Foundation For West Africa","isPartOf":{"@id":"https:\/\/mfwa.org\/#website"},"primaryImageOfPage":{"@id":"https:\/\/mfwa.org\/fr\/liberia-journaliste-detenu-pour-une-publication-sur-le-president-de-la-guinee-equatoriale\/#primaryimage"},"image":{"@id":"https:\/\/mfwa.org\/fr\/liberia-journaliste-detenu-pour-une-publication-sur-le-president-de-la-guinee-equatoriale\/#primaryimage"},"thumbnailUrl":"https:\/\/mfwa.org\/wp-content\/uploads\/2016\/09\/festus-poquie-1.jpg","datePublished":"2016-09-20T14:47:07+00:00","dateModified":"2016-09-27T12:32:58+00:00","breadcrumb":{"@id":"https:\/\/mfwa.org\/fr\/liberia-journaliste-detenu-pour-une-publication-sur-le-president-de-la-guinee-equatoriale\/#breadcrumb"},"inLanguage":"fr-FR","potentialAction":[{"@type":"ReadAction","target":["https:\/\/mfwa.org\/fr\/liberia-journaliste-detenu-pour-une-publication-sur-le-president-de-la-guinee-equatoriale\/"]}]},{"@type":"ImageObject","inLanguage":"fr-FR","@id":"https:\/\/mfwa.org\/fr\/liberia-journaliste-detenu-pour-une-publication-sur-le-president-de-la-guinee-equatoriale\/#primaryimage","url":"https:\/\/mfwa.org\/wp-content\/uploads\/2016\/09\/festus-poquie-1.jpg","contentUrl":"https:\/\/mfwa.org\/wp-content\/uploads\/2016\/09\/festus-poquie-1.jpg","width":1344,"height":1497,"caption":"Festus Poquie"},{"@type":"BreadcrumbList","@id":"https:\/\/mfwa.org\/fr\/liberia-journaliste-detenu-pour-une-publication-sur-le-president-de-la-guinee-equatoriale\/#breadcrumb","itemListElement":[{"@type":"ListItem","position":1,"name":"Home","item":"https:\/\/mfwa.org\/fr\/"},{"@type":"ListItem","position":2,"name":"Liberia: Journaliste D\u00e9tenu pour une publication sur le Pr\u00e9sident de la Guin\u00e9e Equatoriale"}]},{"@type":"WebSite","@id":"https:\/\/mfwa.org\/#website","url":"https:\/\/mfwa.org\/","name":"Media Foundation For West Africa","description":"Promoting Freedom of Expression and Democracy in West Africa","publisher":{"@id":"https:\/\/mfwa.org\/#organization"},"potentialAction":[{"@type":"SearchAction","target":{"@type":"EntryPoint","urlTemplate":"https:\/\/mfwa.org\/?s={search_term_string}"},"query-input":{"@type":"PropertyValueSpecification","valueRequired":true,"valueName":"search_term_string"}}],"inLanguage":"fr-FR"},{"@type":"Organization","@id":"https:\/\/mfwa.org\/#organization","name":"Media Foundation for West Africa","url":"https:\/\/mfwa.org\/","logo":{"@type":"ImageObject","inLanguage":"fr-FR","@id":"https:\/\/mfwa.org\/#\/schema\/logo\/image\/","url":"https:\/\/www.mfwa.org\/wp-content\/uploads\/2016\/06\/MFWA-LOGO.png","contentUrl":"https:\/\/www.mfwa.org\/wp-content\/uploads\/2016\/06\/MFWA-LOGO.png","width":180,"height":180,"caption":"Media Foundation for West Africa"},"image":{"@id":"https:\/\/mfwa.org\/#\/schema\/logo\/image\/"},"sameAs":["https:\/\/www.facebook.com\/themfwa","https:\/\/x.com\/TheMFWA","https:\/\/www.youtube.com\/channel\/UCF6HrPuXcV1K1Ed8AAq4Rdw"]},{"@type":"Person","@id":"https:\/\/mfwa.org\/#\/schema\/person\/6a1a8151b41fab6317c9544da609a96b","name":"Vivian Affoah","image":{"@type":"ImageObject","inLanguage":"fr-FR","@id":"https:\/\/secure.gravatar.com\/avatar\/ddf6c5c2ef2f35c978196ce314f9b81dba2ec548b12806a3acbe02e2360d7e63?s=96&d=mm&r=g","url":"https:\/\/secure.gravatar.com\/avatar\/ddf6c5c2ef2f35c978196ce314f9b81dba2ec548b12806a3acbe02e2360d7e63?s=96&d=mm&r=g","contentUrl":"https:\/\/secure.gravatar.com\/avatar\/ddf6c5c2ef2f35c978196ce314f9b81dba2ec548b12806a3acbe02e2360d7e63?s=96&d=mm&r=g","caption":"Vivian Affoah"},"sameAs":["http:\/\/www.mfwa.org"],"url":"https:\/\/mfwa.org\/fr\/author\/vivian\/"}]}},"_links":{"self":[{"href":"https:\/\/mfwa.org\/fr\/wp-json\/wp\/v2\/posts\/8154","targetHints":{"allow":["GET"]}}],"collection":[{"href":"https:\/\/mfwa.org\/fr\/wp-json\/wp\/v2\/posts"}],"about":[{"href":"https:\/\/mfwa.org\/fr\/wp-json\/wp\/v2\/types\/post"}],"author":[{"embeddable":true,"href":"https:\/\/mfwa.org\/fr\/wp-json\/wp\/v2\/users\/2"}],"replies":[{"embeddable":true,"href":"https:\/\/mfwa.org\/fr\/wp-json\/wp\/v2\/comments?post=8154"}],"version-history":[{"count":0,"href":"https:\/\/mfwa.org\/fr\/wp-json\/wp\/v2\/posts\/8154\/revisions"}],"wp:featuredmedia":[{"embeddable":true,"href":"https:\/\/mfwa.org\/fr\/wp-json\/wp\/v2\/media\/8157"}],"wp:attachment":[{"href":"https:\/\/mfwa.org\/fr\/wp-json\/wp\/v2\/media?parent=8154"}],"wp:term":[{"taxonomy":"category","embeddable":true,"href":"https:\/\/mfwa.org\/fr\/wp-json\/wp\/v2\/categories?post=8154"},{"taxonomy":"post_tag","embeddable":true,"href":"https:\/\/mfwa.org\/fr\/wp-json\/wp\/v2\/tags?post=8154"},{"taxonomy":"country","embeddable":true,"href":"https:\/\/mfwa.org\/fr\/wp-json\/wp\/v2\/country?post=8154"},{"taxonomy":"staff-position","embeddable":true,"href":"https:\/\/mfwa.org\/fr\/wp-json\/wp\/v2\/staff-position?post=8154"},{"taxonomy":"opportunity-category","embeddable":true,"href":"https:\/\/mfwa.org\/fr\/wp-json\/wp\/v2\/opportunity-category?post=8154"}],"curies":[{"name":"wp","href":"https:\/\/api.w.org\/{rel}","templated":true}]}}