{"id":8037,"date":"2016-09-08T12:55:53","date_gmt":"2016-09-08T12:55:53","guid":{"rendered":"http:\/\/www.mfwa.org\/?p=8037"},"modified":"2016-09-15T17:26:36","modified_gmt":"2016-09-15T17:26:36","slug":"nigeria-journaliste-arrete-sous-accusation-de-collaboration-avec-boko-haram","status":"publish","type":"post","link":"https:\/\/mfwa.org\/fr\/nigeria-journaliste-arrete-sous-accusation-de-collaboration-avec-boko-haram\/","title":{"rendered":"Nigeria: Journaliste arr\u00eat\u00e9 sous accusation de collaboration avec Boko Haram"},"content":{"rendered":"<p style=\"text-align: justify;\">Le 5 septembre 2016, un journaliste Nig\u00e9rian, Ahmed Salkida recherch\u00e9s depuis quelques temps en lien avec une vid\u00e9o du groupe extr\u00e9miste Boko Haram, a \u00e9t\u00e9 arr\u00eat\u00e9, de m\u00eame que deux autres personnes.<\/p>\n<p style=\"text-align: justify;\">Salkida a \u00e9t\u00e9 interpell\u00e9 \u00e0 l\u2019a\u00e9roport international Nnamdi Azikiwe \u00e0 Abuja, juste apr\u00e8s son d\u00e9barquement d\u2019un avion en provenance du Moyen Orient o\u00f9 il vivait apparemment.<\/p>\n<p style=\"text-align: justify;\">Dans l\u2019avion qui le ramenait au pays, Salkida qui est sous un mandat d\u2019arr\u00eat, aurait d\u00e9clar\u00e9 \u00e0 un individu que le service de renseignement, State Security Service (SSS), \u00e9tait averti de son arriv\u00e9e et qu\u2019il craignait donc \u00eatre arr\u00eat\u00e9.<\/p>\n<p style=\"text-align: justify;\">Le 14 Ao\u00fbt, 2016, l\u2019Arm\u00e9e nig\u00e9riane a lanc\u00e9 un \u00ab\u00a0mandat d\u2019arr\u00eat\u00a0\u00bb contre Salkida et deux autres \u2013 l\u2019avocate Aisha Wakil, et l\u2019activiste Ahmed Bolori. L\u2019Arm\u00e9e avait d\u00e9clar\u00e9 que les trois \u00e9taient recherch\u00e9s pour leur lien pr\u00e9sum\u00e9 avec Boko Haram.<\/p>\n<p style=\"text-align: justify;\">Dans un communiqu\u00e9, le Colonel Sani Usman, responsable des relations publiques par int\u00e9rim, disait qu\u2019\u00a0\u00ab\u00a0il est indubitable que ces individus ont des liens avec les terroristes de Boko Haram et sont en contact avec eux. Ils doivent donc se pr\u00e9senter et r\u00e9v\u00e9ler l\u2019endroit o\u00f9 sont d\u00e9tenues les filles de Chibok ainsi que d\u2019autres personnes enlev\u00e9es pour qu\u2019on puisse aller les sauver.\u00a0\u00bb<\/p>\n<p style=\"text-align: justify;\">Salkida, qui a \u00e9tabli et maintenu un r\u00e9seau de sources d\u2019information au sein du groupe Boko Haram, avait un acc\u00e8s quasiment exclusif au groupe, devenant ainsi, pendant un certain temps, le seul journaliste \u00e0 \u00e9crire constamment des informations. Il s\u2019\u00e9tait donc \u00e9tabli comme source d\u2019information sur le groupe pour d\u2019autres journalistes.<\/p>\n<p style=\"text-align: justify;\">Quand la crise s\u2019est d\u00e9clench\u00e9e, j\u2019\u00e9tais le seul journaliste qui pourrait p\u00e9n\u00e9trer l\u2019enclave de la secte; m\u00eame les agents de s\u00e9curit\u00e9 avaient envie de m\u2019entendre raconter ce que j\u2019ai vu pendant les trois jours de domination du territoire par le groupe, avait dit Ahmed dans une interview accord\u00e9e \u00e0 la bloggeuse Abang Mercy.<\/p>\n<p style=\"text-align: justify;\">Il aurait admis qu\u2019il avait re\u00e7u deux clips vid\u00e9o du groupe terroriste avant que le groupe ne les ait diffus\u00e9s au public. Toutefois, Salkida nie toute implication avec Boko Haram<\/p>\n<p style=\"text-align: justify;\">Salkida \u00e9tait rel\u00e2ch\u00e9 le 6 Ao\u00fbt apr\u00e8s avoir \u00e9t\u00e9 soumis \u00e0 des interrogatoires sans son avocat.<\/p>\n<p style=\"text-align: justify;\">La Fondation des medias pour l\u2019Afrique de l\u2019Ouest (MFWA) n\u2019est pas s\u00fbre quant \u00e0 l\u2019implication du journaliste avec Boko Haram, mais nous continuerons de suivre et de signaler les \u00e9volutions de l\u2019affaire.<\/p>\n","protected":false},"excerpt":{"rendered":"<p>Le 5 septembre 2016, un journaliste Nig\u00e9rian, Ahmed Salkida recherch\u00e9s depuis quelques temps en lien avec une vid\u00e9o<\/p>\n","protected":false},"author":2,"featured_media":8033,"comment_status":"closed","ping_status":"closed","sticky":false,"template":"","format":"standard","meta":{"footnotes":""},"categories":[254],"tags":[],"country":[250],"staff-position":[],"opportunity-category":[],"ppma_author":[513],"class_list":["post-8037","post","type-post","status-publish","format-standard","has-post-thumbnail","hentry","category-free-expression-violations-fr","country-nigeria-fr"],"yoast_head":"<!-- This site is optimized with the Yoast SEO plugin v27.4 - https:\/\/yoast.com\/product\/yoast-seo-wordpress\/ -->\n<title>Nigeria: Journaliste arr\u00eat\u00e9 sous accusation de collaboration avec Boko Haram - Media Foundation For West Africa<\/title>\n<meta name=\"robots\" content=\"index, follow, max-snippet:-1, max-image-preview:large, max-video-preview:-1\" \/>\n<link rel=\"canonical\" href=\"https:\/\/mfwa.org\/fr\/nigeria-journaliste-arrete-sous-accusation-de-collaboration-avec-boko-haram\/\" \/>\n<meta property=\"og:locale\" content=\"fr_FR\" \/>\n<meta property=\"og:type\" content=\"article\" \/>\n<meta property=\"og:title\" content=\"Nigeria: Journaliste arr\u00eat\u00e9 sous accusation de collaboration avec Boko Haram - Media Foundation For West Africa\" \/>\n<meta property=\"og:description\" content=\"Le 5 septembre 2016, un journaliste Nig\u00e9rian, Ahmed Salkida recherch\u00e9s depuis quelques temps en lien avec une vid\u00e9o\" \/>\n<meta property=\"og:url\" content=\"https:\/\/mfwa.org\/fr\/nigeria-journaliste-arrete-sous-accusation-de-collaboration-avec-boko-haram\/\" \/>\n<meta property=\"og:site_name\" content=\"Media Foundation For West Africa\" \/>\n<meta property=\"article:publisher\" content=\"https:\/\/www.facebook.com\/themfwa\" \/>\n<meta property=\"article:published_time\" content=\"2016-09-08T12:55:53+00:00\" \/>\n<meta property=\"article:modified_time\" content=\"2016-09-15T17:26:36+00:00\" \/>\n<meta property=\"og:image\" content=\"https:\/\/mfwa.org\/wp-content\/uploads\/2016\/09\/salkida.jpg\" \/>\n\t<meta property=\"og:image:width\" content=\"700\" \/>\n\t<meta property=\"og:image:height\" content=\"395\" \/>\n\t<meta property=\"og:image:type\" content=\"image\/jpeg\" \/>\n<meta name=\"author\" content=\"Vivian Affoah\" \/>\n<meta name=\"twitter:card\" content=\"summary_large_image\" \/>\n<meta name=\"twitter:creator\" content=\"@TheMFWA\" \/>\n<meta name=\"twitter:site\" content=\"@TheMFWA\" \/>\n<meta name=\"twitter:label1\" content=\"Written by\" \/>\n\t<meta name=\"twitter:data1\" content=\"Vivian Affoah\" \/>\n\t<meta name=\"twitter:label2\" content=\"Est. reading time\" \/>\n\t<meta name=\"twitter:data2\" content=\"2 minutes\" \/>\n<script type=\"application\/ld+json\" class=\"yoast-schema-graph\">{\"@context\":\"https:\\\/\\\/schema.org\",\"@graph\":[{\"@type\":\"Article\",\"@id\":\"https:\\\/\\\/mfwa.org\\\/fr\\\/nigeria-journaliste-arrete-sous-accusation-de-collaboration-avec-boko-haram\\\/#article\",\"isPartOf\":{\"@id\":\"https:\\\/\\\/mfwa.org\\\/fr\\\/nigeria-journaliste-arrete-sous-accusation-de-collaboration-avec-boko-haram\\\/\"},\"author\":{\"name\":\"Vivian Affoah\",\"@id\":\"https:\\\/\\\/mfwa.org\\\/#\\\/schema\\\/person\\\/6a1a8151b41fab6317c9544da609a96b\"},\"headline\":\"Nigeria: Journaliste arr\u00eat\u00e9 sous accusation de collaboration avec Boko Haram\",\"datePublished\":\"2016-09-08T12:55:53+00:00\",\"dateModified\":\"2016-09-15T17:26:36+00:00\",\"mainEntityOfPage\":{\"@id\":\"https:\\\/\\\/mfwa.org\\\/fr\\\/nigeria-journaliste-arrete-sous-accusation-de-collaboration-avec-boko-haram\\\/\"},\"wordCount\":449,\"publisher\":{\"@id\":\"https:\\\/\\\/mfwa.org\\\/#organization\"},\"image\":{\"@id\":\"https:\\\/\\\/mfwa.org\\\/fr\\\/nigeria-journaliste-arrete-sous-accusation-de-collaboration-avec-boko-haram\\\/#primaryimage\"},\"thumbnailUrl\":\"https:\\\/\\\/mfwa.org\\\/wp-content\\\/uploads\\\/2016\\\/09\\\/salkida.jpg\",\"articleSection\":[\"Les violations de la libre expression\"],\"inLanguage\":\"fr-FR\"},{\"@type\":\"WebPage\",\"@id\":\"https:\\\/\\\/mfwa.org\\\/fr\\\/nigeria-journaliste-arrete-sous-accusation-de-collaboration-avec-boko-haram\\\/\",\"url\":\"https:\\\/\\\/mfwa.org\\\/fr\\\/nigeria-journaliste-arrete-sous-accusation-de-collaboration-avec-boko-haram\\\/\",\"name\":\"Nigeria: Journaliste arr\u00eat\u00e9 sous accusation de collaboration avec Boko Haram - Media Foundation For West Africa\",\"isPartOf\":{\"@id\":\"https:\\\/\\\/mfwa.org\\\/#website\"},\"primaryImageOfPage\":{\"@id\":\"https:\\\/\\\/mfwa.org\\\/fr\\\/nigeria-journaliste-arrete-sous-accusation-de-collaboration-avec-boko-haram\\\/#primaryimage\"},\"image\":{\"@id\":\"https:\\\/\\\/mfwa.org\\\/fr\\\/nigeria-journaliste-arrete-sous-accusation-de-collaboration-avec-boko-haram\\\/#primaryimage\"},\"thumbnailUrl\":\"https:\\\/\\\/mfwa.org\\\/wp-content\\\/uploads\\\/2016\\\/09\\\/salkida.jpg\",\"datePublished\":\"2016-09-08T12:55:53+00:00\",\"dateModified\":\"2016-09-15T17:26:36+00:00\",\"breadcrumb\":{\"@id\":\"https:\\\/\\\/mfwa.org\\\/fr\\\/nigeria-journaliste-arrete-sous-accusation-de-collaboration-avec-boko-haram\\\/#breadcrumb\"},\"inLanguage\":\"fr-FR\",\"potentialAction\":[{\"@type\":\"ReadAction\",\"target\":[\"https:\\\/\\\/mfwa.org\\\/fr\\\/nigeria-journaliste-arrete-sous-accusation-de-collaboration-avec-boko-haram\\\/\"]}]},{\"@type\":\"ImageObject\",\"inLanguage\":\"fr-FR\",\"@id\":\"https:\\\/\\\/mfwa.org\\\/fr\\\/nigeria-journaliste-arrete-sous-accusation-de-collaboration-avec-boko-haram\\\/#primaryimage\",\"url\":\"https:\\\/\\\/mfwa.org\\\/wp-content\\\/uploads\\\/2016\\\/09\\\/salkida.jpg\",\"contentUrl\":\"https:\\\/\\\/mfwa.org\\\/wp-content\\\/uploads\\\/2016\\\/09\\\/salkida.jpg\",\"width\":700,\"height\":395},{\"@type\":\"BreadcrumbList\",\"@id\":\"https:\\\/\\\/mfwa.org\\\/fr\\\/nigeria-journaliste-arrete-sous-accusation-de-collaboration-avec-boko-haram\\\/#breadcrumb\",\"itemListElement\":[{\"@type\":\"ListItem\",\"position\":1,\"name\":\"Home\",\"item\":\"https:\\\/\\\/mfwa.org\\\/fr\\\/\"},{\"@type\":\"ListItem\",\"position\":2,\"name\":\"Nigeria: Journaliste arr\u00eat\u00e9 sous accusation de collaboration avec Boko Haram\"}]},{\"@type\":\"WebSite\",\"@id\":\"https:\\\/\\\/mfwa.org\\\/#website\",\"url\":\"https:\\\/\\\/mfwa.org\\\/\",\"name\":\"Media Foundation For West Africa\",\"description\":\"Promoting Freedom of Expression and Democracy in West Africa\",\"publisher\":{\"@id\":\"https:\\\/\\\/mfwa.org\\\/#organization\"},\"potentialAction\":[{\"@type\":\"SearchAction\",\"target\":{\"@type\":\"EntryPoint\",\"urlTemplate\":\"https:\\\/\\\/mfwa.org\\\/?s={search_term_string}\"},\"query-input\":{\"@type\":\"PropertyValueSpecification\",\"valueRequired\":true,\"valueName\":\"search_term_string\"}}],\"inLanguage\":\"fr-FR\"},{\"@type\":\"Organization\",\"@id\":\"https:\\\/\\\/mfwa.org\\\/#organization\",\"name\":\"Media Foundation for West Africa\",\"url\":\"https:\\\/\\\/mfwa.org\\\/\",\"logo\":{\"@type\":\"ImageObject\",\"inLanguage\":\"fr-FR\",\"@id\":\"https:\\\/\\\/mfwa.org\\\/#\\\/schema\\\/logo\\\/image\\\/\",\"url\":\"https:\\\/\\\/www.mfwa.org\\\/wp-content\\\/uploads\\\/2016\\\/06\\\/MFWA-LOGO.png\",\"contentUrl\":\"https:\\\/\\\/www.mfwa.org\\\/wp-content\\\/uploads\\\/2016\\\/06\\\/MFWA-LOGO.png\",\"width\":180,\"height\":180,\"caption\":\"Media Foundation for West Africa\"},\"image\":{\"@id\":\"https:\\\/\\\/mfwa.org\\\/#\\\/schema\\\/logo\\\/image\\\/\"},\"sameAs\":[\"https:\\\/\\\/www.facebook.com\\\/themfwa\",\"https:\\\/\\\/x.com\\\/TheMFWA\",\"https:\\\/\\\/www.youtube.com\\\/channel\\\/UCF6HrPuXcV1K1Ed8AAq4Rdw\"]},{\"@type\":\"Person\",\"@id\":\"https:\\\/\\\/mfwa.org\\\/#\\\/schema\\\/person\\\/6a1a8151b41fab6317c9544da609a96b\",\"name\":\"Vivian Affoah\",\"image\":{\"@type\":\"ImageObject\",\"inLanguage\":\"fr-FR\",\"@id\":\"https:\\\/\\\/secure.gravatar.com\\\/avatar\\\/ddf6c5c2ef2f35c978196ce314f9b81dba2ec548b12806a3acbe02e2360d7e63?s=96&d=mm&r=g719420b9d28a4a0781c1038ec6921926\",\"url\":\"https:\\\/\\\/secure.gravatar.com\\\/avatar\\\/ddf6c5c2ef2f35c978196ce314f9b81dba2ec548b12806a3acbe02e2360d7e63?s=96&d=mm&r=g\",\"contentUrl\":\"https:\\\/\\\/secure.gravatar.com\\\/avatar\\\/ddf6c5c2ef2f35c978196ce314f9b81dba2ec548b12806a3acbe02e2360d7e63?s=96&d=mm&r=g\",\"caption\":\"Vivian Affoah\"},\"sameAs\":[\"http:\\\/\\\/www.mfwa.org\"],\"url\":\"https:\\\/\\\/mfwa.org\\\/fr\\\/author\\\/vivian\\\/\"}]}<\/script>\n<!-- \/ Yoast SEO plugin. -->","yoast_head_json":{"title":"Nigeria: Journaliste arr\u00eat\u00e9 sous accusation de collaboration avec Boko Haram - Media Foundation For West Africa","robots":{"index":"index","follow":"follow","max-snippet":"max-snippet:-1","max-image-preview":"max-image-preview:large","max-video-preview":"max-video-preview:-1"},"canonical":"https:\/\/mfwa.org\/fr\/nigeria-journaliste-arrete-sous-accusation-de-collaboration-avec-boko-haram\/","og_locale":"fr_FR","og_type":"article","og_title":"Nigeria: Journaliste arr\u00eat\u00e9 sous accusation de collaboration avec Boko Haram - Media Foundation For West Africa","og_description":"Le 5 septembre 2016, un journaliste Nig\u00e9rian, Ahmed Salkida recherch\u00e9s depuis quelques temps en lien avec une vid\u00e9o","og_url":"https:\/\/mfwa.org\/fr\/nigeria-journaliste-arrete-sous-accusation-de-collaboration-avec-boko-haram\/","og_site_name":"Media Foundation For West Africa","article_publisher":"https:\/\/www.facebook.com\/themfwa","article_published_time":"2016-09-08T12:55:53+00:00","article_modified_time":"2016-09-15T17:26:36+00:00","og_image":[{"width":700,"height":395,"url":"https:\/\/mfwa.org\/wp-content\/uploads\/2016\/09\/salkida.jpg","type":"image\/jpeg"}],"author":"Vivian Affoah","twitter_card":"summary_large_image","twitter_creator":"@TheMFWA","twitter_site":"@TheMFWA","twitter_misc":{"Written by":"Vivian Affoah","Est. reading time":"2 minutes"},"schema":{"@context":"https:\/\/schema.org","@graph":[{"@type":"Article","@id":"https:\/\/mfwa.org\/fr\/nigeria-journaliste-arrete-sous-accusation-de-collaboration-avec-boko-haram\/#article","isPartOf":{"@id":"https:\/\/mfwa.org\/fr\/nigeria-journaliste-arrete-sous-accusation-de-collaboration-avec-boko-haram\/"},"author":{"name":"Vivian Affoah","@id":"https:\/\/mfwa.org\/#\/schema\/person\/6a1a8151b41fab6317c9544da609a96b"},"headline":"Nigeria: Journaliste arr\u00eat\u00e9 sous accusation de collaboration avec Boko Haram","datePublished":"2016-09-08T12:55:53+00:00","dateModified":"2016-09-15T17:26:36+00:00","mainEntityOfPage":{"@id":"https:\/\/mfwa.org\/fr\/nigeria-journaliste-arrete-sous-accusation-de-collaboration-avec-boko-haram\/"},"wordCount":449,"publisher":{"@id":"https:\/\/mfwa.org\/#organization"},"image":{"@id":"https:\/\/mfwa.org\/fr\/nigeria-journaliste-arrete-sous-accusation-de-collaboration-avec-boko-haram\/#primaryimage"},"thumbnailUrl":"https:\/\/mfwa.org\/wp-content\/uploads\/2016\/09\/salkida.jpg","articleSection":["Les violations de la libre expression"],"inLanguage":"fr-FR"},{"@type":"WebPage","@id":"https:\/\/mfwa.org\/fr\/nigeria-journaliste-arrete-sous-accusation-de-collaboration-avec-boko-haram\/","url":"https:\/\/mfwa.org\/fr\/nigeria-journaliste-arrete-sous-accusation-de-collaboration-avec-boko-haram\/","name":"Nigeria: Journaliste arr\u00eat\u00e9 sous accusation de collaboration avec Boko Haram - Media Foundation For West Africa","isPartOf":{"@id":"https:\/\/mfwa.org\/#website"},"primaryImageOfPage":{"@id":"https:\/\/mfwa.org\/fr\/nigeria-journaliste-arrete-sous-accusation-de-collaboration-avec-boko-haram\/#primaryimage"},"image":{"@id":"https:\/\/mfwa.org\/fr\/nigeria-journaliste-arrete-sous-accusation-de-collaboration-avec-boko-haram\/#primaryimage"},"thumbnailUrl":"https:\/\/mfwa.org\/wp-content\/uploads\/2016\/09\/salkida.jpg","datePublished":"2016-09-08T12:55:53+00:00","dateModified":"2016-09-15T17:26:36+00:00","breadcrumb":{"@id":"https:\/\/mfwa.org\/fr\/nigeria-journaliste-arrete-sous-accusation-de-collaboration-avec-boko-haram\/#breadcrumb"},"inLanguage":"fr-FR","potentialAction":[{"@type":"ReadAction","target":["https:\/\/mfwa.org\/fr\/nigeria-journaliste-arrete-sous-accusation-de-collaboration-avec-boko-haram\/"]}]},{"@type":"ImageObject","inLanguage":"fr-FR","@id":"https:\/\/mfwa.org\/fr\/nigeria-journaliste-arrete-sous-accusation-de-collaboration-avec-boko-haram\/#primaryimage","url":"https:\/\/mfwa.org\/wp-content\/uploads\/2016\/09\/salkida.jpg","contentUrl":"https:\/\/mfwa.org\/wp-content\/uploads\/2016\/09\/salkida.jpg","width":700,"height":395},{"@type":"BreadcrumbList","@id":"https:\/\/mfwa.org\/fr\/nigeria-journaliste-arrete-sous-accusation-de-collaboration-avec-boko-haram\/#breadcrumb","itemListElement":[{"@type":"ListItem","position":1,"name":"Home","item":"https:\/\/mfwa.org\/fr\/"},{"@type":"ListItem","position":2,"name":"Nigeria: Journaliste arr\u00eat\u00e9 sous accusation de collaboration avec Boko Haram"}]},{"@type":"WebSite","@id":"https:\/\/mfwa.org\/#website","url":"https:\/\/mfwa.org\/","name":"Media Foundation For West Africa","description":"Promoting Freedom of Expression and Democracy in West Africa","publisher":{"@id":"https:\/\/mfwa.org\/#organization"},"potentialAction":[{"@type":"SearchAction","target":{"@type":"EntryPoint","urlTemplate":"https:\/\/mfwa.org\/?s={search_term_string}"},"query-input":{"@type":"PropertyValueSpecification","valueRequired":true,"valueName":"search_term_string"}}],"inLanguage":"fr-FR"},{"@type":"Organization","@id":"https:\/\/mfwa.org\/#organization","name":"Media Foundation for West Africa","url":"https:\/\/mfwa.org\/","logo":{"@type":"ImageObject","inLanguage":"fr-FR","@id":"https:\/\/mfwa.org\/#\/schema\/logo\/image\/","url":"https:\/\/www.mfwa.org\/wp-content\/uploads\/2016\/06\/MFWA-LOGO.png","contentUrl":"https:\/\/www.mfwa.org\/wp-content\/uploads\/2016\/06\/MFWA-LOGO.png","width":180,"height":180,"caption":"Media Foundation for West Africa"},"image":{"@id":"https:\/\/mfwa.org\/#\/schema\/logo\/image\/"},"sameAs":["https:\/\/www.facebook.com\/themfwa","https:\/\/x.com\/TheMFWA","https:\/\/www.youtube.com\/channel\/UCF6HrPuXcV1K1Ed8AAq4Rdw"]},{"@type":"Person","@id":"https:\/\/mfwa.org\/#\/schema\/person\/6a1a8151b41fab6317c9544da609a96b","name":"Vivian Affoah","image":{"@type":"ImageObject","inLanguage":"fr-FR","@id":"https:\/\/secure.gravatar.com\/avatar\/ddf6c5c2ef2f35c978196ce314f9b81dba2ec548b12806a3acbe02e2360d7e63?s=96&d=mm&r=g719420b9d28a4a0781c1038ec6921926","url":"https:\/\/secure.gravatar.com\/avatar\/ddf6c5c2ef2f35c978196ce314f9b81dba2ec548b12806a3acbe02e2360d7e63?s=96&d=mm&r=g","contentUrl":"https:\/\/secure.gravatar.com\/avatar\/ddf6c5c2ef2f35c978196ce314f9b81dba2ec548b12806a3acbe02e2360d7e63?s=96&d=mm&r=g","caption":"Vivian Affoah"},"sameAs":["http:\/\/www.mfwa.org"],"url":"https:\/\/mfwa.org\/fr\/author\/vivian\/"}]}},"authors":[{"term_id":513,"user_id":2,"is_guest":0,"slug":"vivian","display_name":"Vivian Affoah","avatar_url":"https:\/\/secure.gravatar.com\/avatar\/ddf6c5c2ef2f35c978196ce314f9b81dba2ec548b12806a3acbe02e2360d7e63?s=96&d=mm&r=g","0":null,"1":"","2":"","3":"","4":"","5":"","6":"","7":"","8":""}],"_links":{"self":[{"href":"https:\/\/mfwa.org\/fr\/wp-json\/wp\/v2\/posts\/8037","targetHints":{"allow":["GET"]}}],"collection":[{"href":"https:\/\/mfwa.org\/fr\/wp-json\/wp\/v2\/posts"}],"about":[{"href":"https:\/\/mfwa.org\/fr\/wp-json\/wp\/v2\/types\/post"}],"author":[{"embeddable":true,"href":"https:\/\/mfwa.org\/fr\/wp-json\/wp\/v2\/users\/2"}],"replies":[{"embeddable":true,"href":"https:\/\/mfwa.org\/fr\/wp-json\/wp\/v2\/comments?post=8037"}],"version-history":[{"count":0,"href":"https:\/\/mfwa.org\/fr\/wp-json\/wp\/v2\/posts\/8037\/revisions"}],"wp:featuredmedia":[{"embeddable":true,"href":"https:\/\/mfwa.org\/fr\/wp-json\/wp\/v2\/media\/8033"}],"wp:attachment":[{"href":"https:\/\/mfwa.org\/fr\/wp-json\/wp\/v2\/media?parent=8037"}],"wp:term":[{"taxonomy":"category","embeddable":true,"href":"https:\/\/mfwa.org\/fr\/wp-json\/wp\/v2\/categories?post=8037"},{"taxonomy":"post_tag","embeddable":true,"href":"https:\/\/mfwa.org\/fr\/wp-json\/wp\/v2\/tags?post=8037"},{"taxonomy":"country","embeddable":true,"href":"https:\/\/mfwa.org\/fr\/wp-json\/wp\/v2\/country?post=8037"},{"taxonomy":"staff-position","embeddable":true,"href":"https:\/\/mfwa.org\/fr\/wp-json\/wp\/v2\/staff-position?post=8037"},{"taxonomy":"opportunity-category","embeddable":true,"href":"https:\/\/mfwa.org\/fr\/wp-json\/wp\/v2\/opportunity-category?post=8037"},{"taxonomy":"author","embeddable":true,"href":"https:\/\/mfwa.org\/fr\/wp-json\/wp\/v2\/ppma_author?post=8037"}],"curies":[{"name":"wp","href":"https:\/\/api.w.org\/{rel}","templated":true}]}}