{"id":7328,"date":"2016-06-26T13:02:56","date_gmt":"2016-06-26T13:02:56","guid":{"rendered":"http:\/\/www.mfwa.org\/?p=7328"},"modified":"2016-06-29T15:08:04","modified_gmt":"2016-06-29T15:08:04","slug":"guinee-presentateur-de-radio-auditeur-condamnes-pour-remarques-sur-le-president","status":"publish","type":"post","link":"https:\/\/mfwa.org\/fr\/guinee-presentateur-de-radio-auditeur-condamnes-pour-remarques-sur-le-president\/","title":{"rendered":"Guin\u00e9e: Pr\u00e9sentateur de Radio, Auditeur Condamn\u00e9s pour Remarques sur le Pr\u00e9sident"},"content":{"rendered":"<p style=\"text-align: justify;\">Le pr\u00e9sentateur d\u2019un programme tr\u00e8s suivi sur Milo FM en Guin\u00e9e, Bouya Kebe, a \u00e9t\u00e9 condamn\u00e9 le 22 juin 2016, \u00e0 une amende d\u2019un million de Francs Guin\u00e9en (environ 115 dollar am\u00e9ricain), suite \u00e0 un appel en direct d\u2019un auditeur qui avait fait des commentaires jug\u00e9s offensant \u00e0 l\u2019endroit du pr\u00e9sident guin\u00e9en, Alpha Cond\u00e9.<\/p>\n<p style=\"text-align: justify;\">L\u2019intervenant, Mohamed Nabo, a \u00e9t\u00e9 condamn\u00e9 par contumace \u00e0 un an de prison ferme. Par ailleurs, un mandat d\u2019arr\u00eat a \u00e9t\u00e9 d\u00e9livr\u00e9 contre lui.<\/p>\n<p style=\"text-align: justify;\">Le correspondant de MFWA en Guin\u00e9e a rapport\u00e9 que, les poursuites \u00e9taient engag\u00e9es contre les deux par le gouverneur de la province de Haute Guin\u00e9e, Nawa Dram\u00e9, apr\u00e8s la critique faite par Nabo \u00e0 l\u2019endroit du Pr\u00e9sident Cond\u00e9 dans l\u2019\u00e9dition du 6 juin 2016 du programme appel\u00e9 \u00ab\u00a0an gnafo\u00a0\u00bb (On en parle)<\/p>\n<p style=\"text-align: justify;\">Suite \u00e0 la plainte port\u00e9e par le Gouverneur Drame devant le Tribunal de Premi\u00e8re Instance de Kankan, Bouya Kebe a \u00e9t\u00e9 accus\u00e9 de \u00ab\u00a0complicit\u00e9 d\u2019outrage au chef de l\u2019Etat\u00a0\u00bb, et Nabo, \u00ab\u00a0d\u2019outrage au chef de l\u2019Etat\u00bb Le 22 juin, le Tribunal de Premi\u00e8re Instance de Kankan a reconnu coupables les deux accus\u00e9s.<\/p>\n<p style=\"text-align: justify;\">Apr\u00e8s le proc\u00e8s, le journaliste, qui n\u2019a pas b\u00e9n\u00e9fici\u00e9 de l\u2019assistance d\u2019un avocat, a dit se plier au verdict, bien qu\u2019il lui semble \u00ab\u00a0ridicule.\u00bb<\/p>\n<p style=\"text-align: justify;\">Le media en Guin\u00e9e a vivement d\u00e9nonc\u00e9 le verdict. Ils ont aussi appel\u00e9 au r\u00e9gulateur national des medias, la Haute Autorit\u00e9 de l\u2019Audiovisuel et de la Communication, HAAC \u00e0 assumer ses responsabilit\u00e9s de surveillant des questions d\u00e9ontologiques au sein des media.<\/p>\n<p style=\"text-align: justify;\">La MFWA joint sa voix aux appels \u00e0 l\u2019endroit de la HAAC pour qu\u2019elle se saisisse, d\u2019une mani\u00e8re proactive, de toute infraction pr\u00e9sum\u00e9e du code d\u00e9ontologique afin d\u2019\u00e9viter\u00a0 que les hommes politiques ne s\u2019en immiscent pour intimider les journalistes par des proc\u00e8s judiciaires.<\/p>\n<p style=\"text-align: justify;\">Nous appelons \u00e9galement les pr\u00e9sentateurs des programmes de radio \u00e0 rejeter l\u2019usage des propos ind\u00e9cents sur leurs plateformes.<\/p>\n","protected":false},"excerpt":{"rendered":"<p>Le pr\u00e9sentateur d\u2019un programme tr\u00e8s suivi sur Milo FM en Guin\u00e9e, Bouya Kebe, a \u00e9t\u00e9 condamn\u00e9 le 22<\/p>\n","protected":false},"author":2,"featured_media":7316,"comment_status":"closed","ping_status":"closed","sticky":false,"template":"","format":"standard","meta":{"footnotes":""},"categories":[254],"tags":[],"country":[244],"staff-position":[],"opportunity-category":[],"ppma_author":[513],"class_list":["post-7328","post","type-post","status-publish","format-standard","has-post-thumbnail","hentry","category-free-expression-violations-fr","country-guinee"],"yoast_head":"<!-- This site is optimized with the Yoast SEO plugin v27.4 - https:\/\/yoast.com\/product\/yoast-seo-wordpress\/ -->\n<title>Guin\u00e9e: Pr\u00e9sentateur de Radio, Auditeur Condamn\u00e9s pour Remarques sur le Pr\u00e9sident - Media Foundation For West Africa<\/title>\n<meta name=\"robots\" content=\"index, follow, max-snippet:-1, max-image-preview:large, max-video-preview:-1\" \/>\n<link rel=\"canonical\" href=\"https:\/\/mfwa.org\/fr\/guinee-presentateur-de-radio-auditeur-condamnes-pour-remarques-sur-le-president\/\" \/>\n<meta property=\"og:locale\" content=\"fr_FR\" \/>\n<meta property=\"og:type\" content=\"article\" \/>\n<meta property=\"og:title\" content=\"Guin\u00e9e: Pr\u00e9sentateur de Radio, Auditeur Condamn\u00e9s pour Remarques sur le Pr\u00e9sident - Media Foundation For West Africa\" \/>\n<meta property=\"og:description\" content=\"Le pr\u00e9sentateur d\u2019un programme tr\u00e8s suivi sur Milo FM en Guin\u00e9e, Bouya Kebe, a \u00e9t\u00e9 condamn\u00e9 le 22\" \/>\n<meta property=\"og:url\" content=\"https:\/\/mfwa.org\/fr\/guinee-presentateur-de-radio-auditeur-condamnes-pour-remarques-sur-le-president\/\" \/>\n<meta property=\"og:site_name\" content=\"Media Foundation For West Africa\" \/>\n<meta property=\"article:publisher\" content=\"https:\/\/www.facebook.com\/themfwa\" \/>\n<meta property=\"article:published_time\" content=\"2016-06-26T13:02:56+00:00\" \/>\n<meta property=\"article:modified_time\" content=\"2016-06-29T15:08:04+00:00\" \/>\n<meta property=\"og:image\" content=\"https:\/\/mfwa.org\/wp-content\/uploads\/2016\/06\/kebe.jpg\" \/>\n\t<meta property=\"og:image:width\" content=\"600\" \/>\n\t<meta property=\"og:image:height\" content=\"509\" \/>\n\t<meta property=\"og:image:type\" content=\"image\/jpeg\" \/>\n<meta name=\"author\" content=\"Vivian Affoah\" \/>\n<meta name=\"twitter:card\" content=\"summary_large_image\" \/>\n<meta name=\"twitter:creator\" content=\"@TheMFWA\" \/>\n<meta name=\"twitter:site\" content=\"@TheMFWA\" \/>\n<meta name=\"twitter:label1\" content=\"Written by\" \/>\n\t<meta name=\"twitter:data1\" content=\"Vivian Affoah\" \/>\n\t<meta name=\"twitter:label2\" content=\"Est. reading time\" \/>\n\t<meta name=\"twitter:data2\" content=\"2 minutes\" \/>\n<script type=\"application\/ld+json\" class=\"yoast-schema-graph\">{\"@context\":\"https:\\\/\\\/schema.org\",\"@graph\":[{\"@type\":\"Article\",\"@id\":\"https:\\\/\\\/mfwa.org\\\/fr\\\/guinee-presentateur-de-radio-auditeur-condamnes-pour-remarques-sur-le-president\\\/#article\",\"isPartOf\":{\"@id\":\"https:\\\/\\\/mfwa.org\\\/fr\\\/guinee-presentateur-de-radio-auditeur-condamnes-pour-remarques-sur-le-president\\\/\"},\"author\":{\"name\":\"Vivian Affoah\",\"@id\":\"https:\\\/\\\/mfwa.org\\\/#\\\/schema\\\/person\\\/6a1a8151b41fab6317c9544da609a96b\"},\"headline\":\"Guin\u00e9e: Pr\u00e9sentateur de Radio, Auditeur Condamn\u00e9s pour Remarques sur le Pr\u00e9sident\",\"datePublished\":\"2016-06-26T13:02:56+00:00\",\"dateModified\":\"2016-06-29T15:08:04+00:00\",\"mainEntityOfPage\":{\"@id\":\"https:\\\/\\\/mfwa.org\\\/fr\\\/guinee-presentateur-de-radio-auditeur-condamnes-pour-remarques-sur-le-president\\\/\"},\"wordCount\":366,\"publisher\":{\"@id\":\"https:\\\/\\\/mfwa.org\\\/#organization\"},\"image\":{\"@id\":\"https:\\\/\\\/mfwa.org\\\/fr\\\/guinee-presentateur-de-radio-auditeur-condamnes-pour-remarques-sur-le-president\\\/#primaryimage\"},\"thumbnailUrl\":\"https:\\\/\\\/mfwa.org\\\/wp-content\\\/uploads\\\/2016\\\/06\\\/kebe.jpg\",\"articleSection\":[\"Les violations de la libre expression\"],\"inLanguage\":\"fr-FR\"},{\"@type\":\"WebPage\",\"@id\":\"https:\\\/\\\/mfwa.org\\\/fr\\\/guinee-presentateur-de-radio-auditeur-condamnes-pour-remarques-sur-le-president\\\/\",\"url\":\"https:\\\/\\\/mfwa.org\\\/fr\\\/guinee-presentateur-de-radio-auditeur-condamnes-pour-remarques-sur-le-president\\\/\",\"name\":\"Guin\u00e9e: Pr\u00e9sentateur de Radio, Auditeur Condamn\u00e9s pour Remarques sur le Pr\u00e9sident - Media Foundation For West Africa\",\"isPartOf\":{\"@id\":\"https:\\\/\\\/mfwa.org\\\/#website\"},\"primaryImageOfPage\":{\"@id\":\"https:\\\/\\\/mfwa.org\\\/fr\\\/guinee-presentateur-de-radio-auditeur-condamnes-pour-remarques-sur-le-president\\\/#primaryimage\"},\"image\":{\"@id\":\"https:\\\/\\\/mfwa.org\\\/fr\\\/guinee-presentateur-de-radio-auditeur-condamnes-pour-remarques-sur-le-president\\\/#primaryimage\"},\"thumbnailUrl\":\"https:\\\/\\\/mfwa.org\\\/wp-content\\\/uploads\\\/2016\\\/06\\\/kebe.jpg\",\"datePublished\":\"2016-06-26T13:02:56+00:00\",\"dateModified\":\"2016-06-29T15:08:04+00:00\",\"breadcrumb\":{\"@id\":\"https:\\\/\\\/mfwa.org\\\/fr\\\/guinee-presentateur-de-radio-auditeur-condamnes-pour-remarques-sur-le-president\\\/#breadcrumb\"},\"inLanguage\":\"fr-FR\",\"potentialAction\":[{\"@type\":\"ReadAction\",\"target\":[\"https:\\\/\\\/mfwa.org\\\/fr\\\/guinee-presentateur-de-radio-auditeur-condamnes-pour-remarques-sur-le-president\\\/\"]}]},{\"@type\":\"ImageObject\",\"inLanguage\":\"fr-FR\",\"@id\":\"https:\\\/\\\/mfwa.org\\\/fr\\\/guinee-presentateur-de-radio-auditeur-condamnes-pour-remarques-sur-le-president\\\/#primaryimage\",\"url\":\"https:\\\/\\\/mfwa.org\\\/wp-content\\\/uploads\\\/2016\\\/06\\\/kebe.jpg\",\"contentUrl\":\"https:\\\/\\\/mfwa.org\\\/wp-content\\\/uploads\\\/2016\\\/06\\\/kebe.jpg\",\"width\":600,\"height\":509},{\"@type\":\"BreadcrumbList\",\"@id\":\"https:\\\/\\\/mfwa.org\\\/fr\\\/guinee-presentateur-de-radio-auditeur-condamnes-pour-remarques-sur-le-president\\\/#breadcrumb\",\"itemListElement\":[{\"@type\":\"ListItem\",\"position\":1,\"name\":\"Home\",\"item\":\"https:\\\/\\\/mfwa.org\\\/fr\\\/\"},{\"@type\":\"ListItem\",\"position\":2,\"name\":\"Guin\u00e9e: Pr\u00e9sentateur de Radio, Auditeur Condamn\u00e9s pour Remarques sur le Pr\u00e9sident\"}]},{\"@type\":\"WebSite\",\"@id\":\"https:\\\/\\\/mfwa.org\\\/#website\",\"url\":\"https:\\\/\\\/mfwa.org\\\/\",\"name\":\"Media Foundation For West Africa\",\"description\":\"Promoting Freedom of Expression and Democracy in West Africa\",\"publisher\":{\"@id\":\"https:\\\/\\\/mfwa.org\\\/#organization\"},\"potentialAction\":[{\"@type\":\"SearchAction\",\"target\":{\"@type\":\"EntryPoint\",\"urlTemplate\":\"https:\\\/\\\/mfwa.org\\\/?s={search_term_string}\"},\"query-input\":{\"@type\":\"PropertyValueSpecification\",\"valueRequired\":true,\"valueName\":\"search_term_string\"}}],\"inLanguage\":\"fr-FR\"},{\"@type\":\"Organization\",\"@id\":\"https:\\\/\\\/mfwa.org\\\/#organization\",\"name\":\"Media Foundation for West Africa\",\"url\":\"https:\\\/\\\/mfwa.org\\\/\",\"logo\":{\"@type\":\"ImageObject\",\"inLanguage\":\"fr-FR\",\"@id\":\"https:\\\/\\\/mfwa.org\\\/#\\\/schema\\\/logo\\\/image\\\/\",\"url\":\"https:\\\/\\\/www.mfwa.org\\\/wp-content\\\/uploads\\\/2016\\\/06\\\/MFWA-LOGO.png\",\"contentUrl\":\"https:\\\/\\\/www.mfwa.org\\\/wp-content\\\/uploads\\\/2016\\\/06\\\/MFWA-LOGO.png\",\"width\":180,\"height\":180,\"caption\":\"Media Foundation for West Africa\"},\"image\":{\"@id\":\"https:\\\/\\\/mfwa.org\\\/#\\\/schema\\\/logo\\\/image\\\/\"},\"sameAs\":[\"https:\\\/\\\/www.facebook.com\\\/themfwa\",\"https:\\\/\\\/x.com\\\/TheMFWA\",\"https:\\\/\\\/www.youtube.com\\\/channel\\\/UCF6HrPuXcV1K1Ed8AAq4Rdw\"]},{\"@type\":\"Person\",\"@id\":\"https:\\\/\\\/mfwa.org\\\/#\\\/schema\\\/person\\\/6a1a8151b41fab6317c9544da609a96b\",\"name\":\"Vivian Affoah\",\"image\":{\"@type\":\"ImageObject\",\"inLanguage\":\"fr-FR\",\"@id\":\"https:\\\/\\\/secure.gravatar.com\\\/avatar\\\/ddf6c5c2ef2f35c978196ce314f9b81dba2ec548b12806a3acbe02e2360d7e63?s=96&d=mm&r=g719420b9d28a4a0781c1038ec6921926\",\"url\":\"https:\\\/\\\/secure.gravatar.com\\\/avatar\\\/ddf6c5c2ef2f35c978196ce314f9b81dba2ec548b12806a3acbe02e2360d7e63?s=96&d=mm&r=g\",\"contentUrl\":\"https:\\\/\\\/secure.gravatar.com\\\/avatar\\\/ddf6c5c2ef2f35c978196ce314f9b81dba2ec548b12806a3acbe02e2360d7e63?s=96&d=mm&r=g\",\"caption\":\"Vivian Affoah\"},\"sameAs\":[\"http:\\\/\\\/www.mfwa.org\"],\"url\":\"https:\\\/\\\/mfwa.org\\\/fr\\\/author\\\/vivian\\\/\"}]}<\/script>\n<!-- \/ Yoast SEO plugin. -->","yoast_head_json":{"title":"Guin\u00e9e: Pr\u00e9sentateur de Radio, Auditeur Condamn\u00e9s pour Remarques sur le Pr\u00e9sident - Media Foundation For West Africa","robots":{"index":"index","follow":"follow","max-snippet":"max-snippet:-1","max-image-preview":"max-image-preview:large","max-video-preview":"max-video-preview:-1"},"canonical":"https:\/\/mfwa.org\/fr\/guinee-presentateur-de-radio-auditeur-condamnes-pour-remarques-sur-le-president\/","og_locale":"fr_FR","og_type":"article","og_title":"Guin\u00e9e: Pr\u00e9sentateur de Radio, Auditeur Condamn\u00e9s pour Remarques sur le Pr\u00e9sident - Media Foundation For West Africa","og_description":"Le pr\u00e9sentateur d\u2019un programme tr\u00e8s suivi sur Milo FM en Guin\u00e9e, Bouya Kebe, a \u00e9t\u00e9 condamn\u00e9 le 22","og_url":"https:\/\/mfwa.org\/fr\/guinee-presentateur-de-radio-auditeur-condamnes-pour-remarques-sur-le-president\/","og_site_name":"Media Foundation For West Africa","article_publisher":"https:\/\/www.facebook.com\/themfwa","article_published_time":"2016-06-26T13:02:56+00:00","article_modified_time":"2016-06-29T15:08:04+00:00","og_image":[{"width":600,"height":509,"url":"https:\/\/mfwa.org\/wp-content\/uploads\/2016\/06\/kebe.jpg","type":"image\/jpeg"}],"author":"Vivian Affoah","twitter_card":"summary_large_image","twitter_creator":"@TheMFWA","twitter_site":"@TheMFWA","twitter_misc":{"Written by":"Vivian Affoah","Est. reading time":"2 minutes"},"schema":{"@context":"https:\/\/schema.org","@graph":[{"@type":"Article","@id":"https:\/\/mfwa.org\/fr\/guinee-presentateur-de-radio-auditeur-condamnes-pour-remarques-sur-le-president\/#article","isPartOf":{"@id":"https:\/\/mfwa.org\/fr\/guinee-presentateur-de-radio-auditeur-condamnes-pour-remarques-sur-le-president\/"},"author":{"name":"Vivian Affoah","@id":"https:\/\/mfwa.org\/#\/schema\/person\/6a1a8151b41fab6317c9544da609a96b"},"headline":"Guin\u00e9e: Pr\u00e9sentateur de Radio, Auditeur Condamn\u00e9s pour Remarques sur le Pr\u00e9sident","datePublished":"2016-06-26T13:02:56+00:00","dateModified":"2016-06-29T15:08:04+00:00","mainEntityOfPage":{"@id":"https:\/\/mfwa.org\/fr\/guinee-presentateur-de-radio-auditeur-condamnes-pour-remarques-sur-le-president\/"},"wordCount":366,"publisher":{"@id":"https:\/\/mfwa.org\/#organization"},"image":{"@id":"https:\/\/mfwa.org\/fr\/guinee-presentateur-de-radio-auditeur-condamnes-pour-remarques-sur-le-president\/#primaryimage"},"thumbnailUrl":"https:\/\/mfwa.org\/wp-content\/uploads\/2016\/06\/kebe.jpg","articleSection":["Les violations de la libre expression"],"inLanguage":"fr-FR"},{"@type":"WebPage","@id":"https:\/\/mfwa.org\/fr\/guinee-presentateur-de-radio-auditeur-condamnes-pour-remarques-sur-le-president\/","url":"https:\/\/mfwa.org\/fr\/guinee-presentateur-de-radio-auditeur-condamnes-pour-remarques-sur-le-president\/","name":"Guin\u00e9e: Pr\u00e9sentateur de Radio, Auditeur Condamn\u00e9s pour Remarques sur le Pr\u00e9sident - Media Foundation For West Africa","isPartOf":{"@id":"https:\/\/mfwa.org\/#website"},"primaryImageOfPage":{"@id":"https:\/\/mfwa.org\/fr\/guinee-presentateur-de-radio-auditeur-condamnes-pour-remarques-sur-le-president\/#primaryimage"},"image":{"@id":"https:\/\/mfwa.org\/fr\/guinee-presentateur-de-radio-auditeur-condamnes-pour-remarques-sur-le-president\/#primaryimage"},"thumbnailUrl":"https:\/\/mfwa.org\/wp-content\/uploads\/2016\/06\/kebe.jpg","datePublished":"2016-06-26T13:02:56+00:00","dateModified":"2016-06-29T15:08:04+00:00","breadcrumb":{"@id":"https:\/\/mfwa.org\/fr\/guinee-presentateur-de-radio-auditeur-condamnes-pour-remarques-sur-le-president\/#breadcrumb"},"inLanguage":"fr-FR","potentialAction":[{"@type":"ReadAction","target":["https:\/\/mfwa.org\/fr\/guinee-presentateur-de-radio-auditeur-condamnes-pour-remarques-sur-le-president\/"]}]},{"@type":"ImageObject","inLanguage":"fr-FR","@id":"https:\/\/mfwa.org\/fr\/guinee-presentateur-de-radio-auditeur-condamnes-pour-remarques-sur-le-president\/#primaryimage","url":"https:\/\/mfwa.org\/wp-content\/uploads\/2016\/06\/kebe.jpg","contentUrl":"https:\/\/mfwa.org\/wp-content\/uploads\/2016\/06\/kebe.jpg","width":600,"height":509},{"@type":"BreadcrumbList","@id":"https:\/\/mfwa.org\/fr\/guinee-presentateur-de-radio-auditeur-condamnes-pour-remarques-sur-le-president\/#breadcrumb","itemListElement":[{"@type":"ListItem","position":1,"name":"Home","item":"https:\/\/mfwa.org\/fr\/"},{"@type":"ListItem","position":2,"name":"Guin\u00e9e: Pr\u00e9sentateur de Radio, Auditeur Condamn\u00e9s pour Remarques sur le Pr\u00e9sident"}]},{"@type":"WebSite","@id":"https:\/\/mfwa.org\/#website","url":"https:\/\/mfwa.org\/","name":"Media Foundation For West Africa","description":"Promoting Freedom of Expression and Democracy in West Africa","publisher":{"@id":"https:\/\/mfwa.org\/#organization"},"potentialAction":[{"@type":"SearchAction","target":{"@type":"EntryPoint","urlTemplate":"https:\/\/mfwa.org\/?s={search_term_string}"},"query-input":{"@type":"PropertyValueSpecification","valueRequired":true,"valueName":"search_term_string"}}],"inLanguage":"fr-FR"},{"@type":"Organization","@id":"https:\/\/mfwa.org\/#organization","name":"Media Foundation for West Africa","url":"https:\/\/mfwa.org\/","logo":{"@type":"ImageObject","inLanguage":"fr-FR","@id":"https:\/\/mfwa.org\/#\/schema\/logo\/image\/","url":"https:\/\/www.mfwa.org\/wp-content\/uploads\/2016\/06\/MFWA-LOGO.png","contentUrl":"https:\/\/www.mfwa.org\/wp-content\/uploads\/2016\/06\/MFWA-LOGO.png","width":180,"height":180,"caption":"Media Foundation for West Africa"},"image":{"@id":"https:\/\/mfwa.org\/#\/schema\/logo\/image\/"},"sameAs":["https:\/\/www.facebook.com\/themfwa","https:\/\/x.com\/TheMFWA","https:\/\/www.youtube.com\/channel\/UCF6HrPuXcV1K1Ed8AAq4Rdw"]},{"@type":"Person","@id":"https:\/\/mfwa.org\/#\/schema\/person\/6a1a8151b41fab6317c9544da609a96b","name":"Vivian Affoah","image":{"@type":"ImageObject","inLanguage":"fr-FR","@id":"https:\/\/secure.gravatar.com\/avatar\/ddf6c5c2ef2f35c978196ce314f9b81dba2ec548b12806a3acbe02e2360d7e63?s=96&d=mm&r=g719420b9d28a4a0781c1038ec6921926","url":"https:\/\/secure.gravatar.com\/avatar\/ddf6c5c2ef2f35c978196ce314f9b81dba2ec548b12806a3acbe02e2360d7e63?s=96&d=mm&r=g","contentUrl":"https:\/\/secure.gravatar.com\/avatar\/ddf6c5c2ef2f35c978196ce314f9b81dba2ec548b12806a3acbe02e2360d7e63?s=96&d=mm&r=g","caption":"Vivian Affoah"},"sameAs":["http:\/\/www.mfwa.org"],"url":"https:\/\/mfwa.org\/fr\/author\/vivian\/"}]}},"authors":[{"term_id":513,"user_id":2,"is_guest":0,"slug":"vivian","display_name":"Vivian Affoah","avatar_url":"https:\/\/secure.gravatar.com\/avatar\/ddf6c5c2ef2f35c978196ce314f9b81dba2ec548b12806a3acbe02e2360d7e63?s=96&d=mm&r=g","0":null,"1":"","2":"","3":"","4":"","5":"","6":"","7":"","8":""}],"_links":{"self":[{"href":"https:\/\/mfwa.org\/fr\/wp-json\/wp\/v2\/posts\/7328","targetHints":{"allow":["GET"]}}],"collection":[{"href":"https:\/\/mfwa.org\/fr\/wp-json\/wp\/v2\/posts"}],"about":[{"href":"https:\/\/mfwa.org\/fr\/wp-json\/wp\/v2\/types\/post"}],"author":[{"embeddable":true,"href":"https:\/\/mfwa.org\/fr\/wp-json\/wp\/v2\/users\/2"}],"replies":[{"embeddable":true,"href":"https:\/\/mfwa.org\/fr\/wp-json\/wp\/v2\/comments?post=7328"}],"version-history":[{"count":0,"href":"https:\/\/mfwa.org\/fr\/wp-json\/wp\/v2\/posts\/7328\/revisions"}],"wp:featuredmedia":[{"embeddable":true,"href":"https:\/\/mfwa.org\/fr\/wp-json\/wp\/v2\/media\/7316"}],"wp:attachment":[{"href":"https:\/\/mfwa.org\/fr\/wp-json\/wp\/v2\/media?parent=7328"}],"wp:term":[{"taxonomy":"category","embeddable":true,"href":"https:\/\/mfwa.org\/fr\/wp-json\/wp\/v2\/categories?post=7328"},{"taxonomy":"post_tag","embeddable":true,"href":"https:\/\/mfwa.org\/fr\/wp-json\/wp\/v2\/tags?post=7328"},{"taxonomy":"country","embeddable":true,"href":"https:\/\/mfwa.org\/fr\/wp-json\/wp\/v2\/country?post=7328"},{"taxonomy":"staff-position","embeddable":true,"href":"https:\/\/mfwa.org\/fr\/wp-json\/wp\/v2\/staff-position?post=7328"},{"taxonomy":"opportunity-category","embeddable":true,"href":"https:\/\/mfwa.org\/fr\/wp-json\/wp\/v2\/opportunity-category?post=7328"},{"taxonomy":"author","embeddable":true,"href":"https:\/\/mfwa.org\/fr\/wp-json\/wp\/v2\/ppma_author?post=7328"}],"curies":[{"name":"wp","href":"https:\/\/api.w.org\/{rel}","templated":true}]}}