{"id":7040,"date":"2016-05-13T15:12:46","date_gmt":"2016-05-13T15:12:46","guid":{"rendered":"http:\/\/www.mfwa.org\/?p=7040"},"modified":"2016-06-02T10:29:22","modified_gmt":"2016-06-02T10:29:22","slug":"nigeria-journaliste-battu-pour-avoir-filme-la-brutalite-de-la-police","status":"publish","type":"post","link":"https:\/\/mfwa.org\/fr\/nigeria-journaliste-battu-pour-avoir-filme-la-brutalite-de-la-police\/","title":{"rendered":"Nigeria: Journaliste Battu Pour Avoir Film\u00e9 la Brutalit\u00e9 de la Police"},"content":{"rendered":"<p style=\"text-align: justify;\">Sampson Unamka, un reporter du journal \u00a0<em>The Nation<\/em> au Nigeria a \u00e9t\u00e9 agress\u00e9 le 12 Mai, 2016 et arr\u00eat\u00e9 par les officiers de police Nig\u00e9rian.<\/p>\n<p style=\"text-align: justify;\">Le correspondent de la Fondation des M\u00e9dias pour l\u2019Afrique de l\u2019Ouest(MFWA) au Nigeria a report\u00e9 que Unamka revenait de la couverture d\u2019une activit\u00e9 \u00a0lorsqu\u2019 il est tomb\u00e9 sur une bastonnade d\u2019un conducteur de taxi moto et son passager par les agents de police.<\/p>\n<p style=\"text-align: justify;\">Voyant la brutalit\u00e9 exerc\u00e9e par la police sur les citoyens, Unamka a commenc\u00e9 par filmer la sc\u00e8ne mais a \u00e9t\u00e9 rep\u00e9r\u00e9 par un des policiers qui a tent\u00e9 de saisir son t\u00e9l\u00e9phone. Lorsque Unamka r\u00e9sistait \u00e0 la tentative de lui saisir le t\u00e9l\u00e9phone, un autre agent de police\u00a0 le gifle et le menace de &#8220;d\u2019en d\u00e9coudre avec lui.\u2019\u2019 Les agents de police embarquent Unamka dans leur v\u00e9hicule et le conduisent \u00e0 leur poste \u00e0 Mushin, un district local de Lagos.<\/p>\n<p style=\"text-align: justify;\">\u2018\u2019J\u2019ai sorti mon t\u00e9l\u00e9phone pour prendre des photos de la sc\u00e8ne de violence et ensuite j\u2019ai \u00e9t\u00e9 gifl\u00e9 \u00e0 plusieurs reprises,\u2019\u2019 a dit Unamka en narrant son calvaire \u00e0 thenationonlineng.net.&#8221; Ils ont saisi mon t\u00e9l\u00e9phone et pris ma carte d\u2019identit\u00e9 et m\u2019ont jet\u00e9 dans leur fourgon policier pour avoir essay\u00e9 de faire mon devoir d\u2019un reporter. Ils ne m\u2019ont m\u00eame laiss\u00e9 le temps de m\u2019expliquer.\u2019\u2019<\/p>\n<p style=\"text-align: justify;\">Au poste de police, l\u2019Officier Divisionnaire de Police(DPO) a menac\u00e9 Unamaka de l\u2019accuser de \u2018\u2019tentative de prise de photo des agents de police.\u2019\u2019 Il a ordonn\u00e9 \u00e0 Unamaka de supprimer la vid\u00e9o et de faire une d\u00e9claration avant d\u2019instruire l\u2019agent de police qui arr\u00eat\u00e9 Unamka de le rel\u00e2cher.<\/p>\n<p style=\"text-align: justify;\">Le partenaire national de MFWA\u00a0au Nigeria The International Press Centre(IPC), a condamn\u00e9 l\u2019agression contre Unamka, qualifiant l\u2019attaque et l\u2019arrestation du journaliste d\u2019inacceptable.\u00a0\u2018\u2019Le devoir de la police est de prot\u00e9ger les citoyens et non de les battre dans l\u2019exercice de leur devoir l\u00e9gitime\u2019\u2019 a dit IPC.<\/p>\n<p style=\"text-align: justify;\">La MFWA condamne \u00e9galement l\u2019attaque et l\u2019arrestation d\u2019Unamka qui \u00e9tait en train d\u2019accomplir son devoir en tant que journaliste et aussi comme citoyen filmant une brutalit\u00e9 injustifi\u00e9e de la police sur des citoyens. La police, a pour mandat de respecter et de prot\u00e9ger les droits fondamentaux des citoyens et d\u2019assurer le respect de la loi, plut\u00f4t que de se faire sa propre loi. La MFWA interpelle l\u2019Inspecteur General de la Police \u00e0 mener une investigation sur l\u2019affaire et de sanctionner les\u00a0 agents de police impliqu\u00e9s.<\/p>\n","protected":false},"excerpt":{"rendered":"<p>Sampson Unamka, un reporter du journal \u00a0The Nation au Nigeria a \u00e9t\u00e9 agress\u00e9 le 12 Mai, 2016 et<\/p>\n","protected":false},"author":2,"featured_media":0,"comment_status":"closed","ping_status":"closed","sticky":false,"template":"","format":"standard","meta":{"footnotes":""},"categories":[254],"tags":[],"country":[250],"staff-position":[],"opportunity-category":[],"ppma_author":[513],"class_list":["post-7040","post","type-post","status-publish","format-standard","hentry","category-free-expression-violations-fr","country-nigeria-fr"],"yoast_head":"<!-- This site is optimized with the Yoast SEO plugin v27.4 - https:\/\/yoast.com\/product\/yoast-seo-wordpress\/ -->\n<title>Nigeria: Journaliste Battu Pour Avoir Film\u00e9 la Brutalit\u00e9 de la Police - Media Foundation For West Africa<\/title>\n<meta name=\"robots\" content=\"index, follow, max-snippet:-1, max-image-preview:large, max-video-preview:-1\" \/>\n<link rel=\"canonical\" href=\"https:\/\/mfwa.org\/fr\/nigeria-journaliste-battu-pour-avoir-filme-la-brutalite-de-la-police\/\" \/>\n<meta property=\"og:locale\" content=\"fr_FR\" \/>\n<meta property=\"og:type\" content=\"article\" \/>\n<meta property=\"og:title\" content=\"Nigeria: Journaliste Battu Pour Avoir Film\u00e9 la Brutalit\u00e9 de la Police - Media Foundation For West Africa\" \/>\n<meta property=\"og:description\" content=\"Sampson Unamka, un reporter du journal \u00a0The Nation au Nigeria a \u00e9t\u00e9 agress\u00e9 le 12 Mai, 2016 et\" \/>\n<meta property=\"og:url\" content=\"https:\/\/mfwa.org\/fr\/nigeria-journaliste-battu-pour-avoir-filme-la-brutalite-de-la-police\/\" \/>\n<meta property=\"og:site_name\" content=\"Media Foundation For West Africa\" \/>\n<meta property=\"article:publisher\" content=\"https:\/\/www.facebook.com\/themfwa\" \/>\n<meta property=\"article:published_time\" content=\"2016-05-13T15:12:46+00:00\" \/>\n<meta property=\"article:modified_time\" content=\"2016-06-02T10:29:22+00:00\" \/>\n<meta name=\"author\" content=\"Vivian Affoah\" \/>\n<meta name=\"twitter:card\" content=\"summary_large_image\" \/>\n<meta name=\"twitter:creator\" content=\"@TheMFWA\" \/>\n<meta name=\"twitter:site\" content=\"@TheMFWA\" \/>\n<meta name=\"twitter:label1\" content=\"Written by\" \/>\n\t<meta name=\"twitter:data1\" content=\"Vivian Affoah\" \/>\n\t<meta name=\"twitter:label2\" content=\"Est. reading time\" \/>\n\t<meta name=\"twitter:data2\" content=\"2 minutes\" \/>\n<script type=\"application\/ld+json\" class=\"yoast-schema-graph\">{\"@context\":\"https:\\\/\\\/schema.org\",\"@graph\":[{\"@type\":\"Article\",\"@id\":\"https:\\\/\\\/mfwa.org\\\/fr\\\/nigeria-journaliste-battu-pour-avoir-filme-la-brutalite-de-la-police\\\/#article\",\"isPartOf\":{\"@id\":\"https:\\\/\\\/mfwa.org\\\/fr\\\/nigeria-journaliste-battu-pour-avoir-filme-la-brutalite-de-la-police\\\/\"},\"author\":{\"name\":\"Vivian Affoah\",\"@id\":\"https:\\\/\\\/mfwa.org\\\/#\\\/schema\\\/person\\\/6a1a8151b41fab6317c9544da609a96b\"},\"headline\":\"Nigeria: Journaliste Battu Pour Avoir Film\u00e9 la Brutalit\u00e9 de la Police\",\"datePublished\":\"2016-05-13T15:12:46+00:00\",\"dateModified\":\"2016-06-02T10:29:22+00:00\",\"mainEntityOfPage\":{\"@id\":\"https:\\\/\\\/mfwa.org\\\/fr\\\/nigeria-journaliste-battu-pour-avoir-filme-la-brutalite-de-la-police\\\/\"},\"wordCount\":456,\"publisher\":{\"@id\":\"https:\\\/\\\/mfwa.org\\\/#organization\"},\"articleSection\":[\"Les violations de la libre expression\"],\"inLanguage\":\"fr-FR\"},{\"@type\":\"WebPage\",\"@id\":\"https:\\\/\\\/mfwa.org\\\/fr\\\/nigeria-journaliste-battu-pour-avoir-filme-la-brutalite-de-la-police\\\/\",\"url\":\"https:\\\/\\\/mfwa.org\\\/fr\\\/nigeria-journaliste-battu-pour-avoir-filme-la-brutalite-de-la-police\\\/\",\"name\":\"Nigeria: Journaliste Battu Pour Avoir Film\u00e9 la Brutalit\u00e9 de la Police - Media Foundation For West Africa\",\"isPartOf\":{\"@id\":\"https:\\\/\\\/mfwa.org\\\/#website\"},\"datePublished\":\"2016-05-13T15:12:46+00:00\",\"dateModified\":\"2016-06-02T10:29:22+00:00\",\"breadcrumb\":{\"@id\":\"https:\\\/\\\/mfwa.org\\\/fr\\\/nigeria-journaliste-battu-pour-avoir-filme-la-brutalite-de-la-police\\\/#breadcrumb\"},\"inLanguage\":\"fr-FR\",\"potentialAction\":[{\"@type\":\"ReadAction\",\"target\":[\"https:\\\/\\\/mfwa.org\\\/fr\\\/nigeria-journaliste-battu-pour-avoir-filme-la-brutalite-de-la-police\\\/\"]}]},{\"@type\":\"BreadcrumbList\",\"@id\":\"https:\\\/\\\/mfwa.org\\\/fr\\\/nigeria-journaliste-battu-pour-avoir-filme-la-brutalite-de-la-police\\\/#breadcrumb\",\"itemListElement\":[{\"@type\":\"ListItem\",\"position\":1,\"name\":\"Home\",\"item\":\"https:\\\/\\\/mfwa.org\\\/fr\\\/\"},{\"@type\":\"ListItem\",\"position\":2,\"name\":\"Nigeria: Journaliste Battu Pour Avoir Film\u00e9 la Brutalit\u00e9 de la Police\"}]},{\"@type\":\"WebSite\",\"@id\":\"https:\\\/\\\/mfwa.org\\\/#website\",\"url\":\"https:\\\/\\\/mfwa.org\\\/\",\"name\":\"Media Foundation For West Africa\",\"description\":\"Promoting Freedom of Expression and Democracy in West Africa\",\"publisher\":{\"@id\":\"https:\\\/\\\/mfwa.org\\\/#organization\"},\"potentialAction\":[{\"@type\":\"SearchAction\",\"target\":{\"@type\":\"EntryPoint\",\"urlTemplate\":\"https:\\\/\\\/mfwa.org\\\/?s={search_term_string}\"},\"query-input\":{\"@type\":\"PropertyValueSpecification\",\"valueRequired\":true,\"valueName\":\"search_term_string\"}}],\"inLanguage\":\"fr-FR\"},{\"@type\":\"Organization\",\"@id\":\"https:\\\/\\\/mfwa.org\\\/#organization\",\"name\":\"Media Foundation for West Africa\",\"url\":\"https:\\\/\\\/mfwa.org\\\/\",\"logo\":{\"@type\":\"ImageObject\",\"inLanguage\":\"fr-FR\",\"@id\":\"https:\\\/\\\/mfwa.org\\\/#\\\/schema\\\/logo\\\/image\\\/\",\"url\":\"https:\\\/\\\/www.mfwa.org\\\/wp-content\\\/uploads\\\/2016\\\/06\\\/MFWA-LOGO.png\",\"contentUrl\":\"https:\\\/\\\/www.mfwa.org\\\/wp-content\\\/uploads\\\/2016\\\/06\\\/MFWA-LOGO.png\",\"width\":180,\"height\":180,\"caption\":\"Media Foundation for West Africa\"},\"image\":{\"@id\":\"https:\\\/\\\/mfwa.org\\\/#\\\/schema\\\/logo\\\/image\\\/\"},\"sameAs\":[\"https:\\\/\\\/www.facebook.com\\\/themfwa\",\"https:\\\/\\\/x.com\\\/TheMFWA\",\"https:\\\/\\\/www.youtube.com\\\/channel\\\/UCF6HrPuXcV1K1Ed8AAq4Rdw\"]},{\"@type\":\"Person\",\"@id\":\"https:\\\/\\\/mfwa.org\\\/#\\\/schema\\\/person\\\/6a1a8151b41fab6317c9544da609a96b\",\"name\":\"Vivian Affoah\",\"image\":{\"@type\":\"ImageObject\",\"inLanguage\":\"fr-FR\",\"@id\":\"https:\\\/\\\/secure.gravatar.com\\\/avatar\\\/ddf6c5c2ef2f35c978196ce314f9b81dba2ec548b12806a3acbe02e2360d7e63?s=96&d=mm&r=g719420b9d28a4a0781c1038ec6921926\",\"url\":\"https:\\\/\\\/secure.gravatar.com\\\/avatar\\\/ddf6c5c2ef2f35c978196ce314f9b81dba2ec548b12806a3acbe02e2360d7e63?s=96&d=mm&r=g\",\"contentUrl\":\"https:\\\/\\\/secure.gravatar.com\\\/avatar\\\/ddf6c5c2ef2f35c978196ce314f9b81dba2ec548b12806a3acbe02e2360d7e63?s=96&d=mm&r=g\",\"caption\":\"Vivian Affoah\"},\"sameAs\":[\"http:\\\/\\\/www.mfwa.org\"],\"url\":\"https:\\\/\\\/mfwa.org\\\/fr\\\/author\\\/vivian\\\/\"}]}<\/script>\n<!-- \/ Yoast SEO plugin. -->","yoast_head_json":{"title":"Nigeria: Journaliste Battu Pour Avoir Film\u00e9 la Brutalit\u00e9 de la Police - Media Foundation For West Africa","robots":{"index":"index","follow":"follow","max-snippet":"max-snippet:-1","max-image-preview":"max-image-preview:large","max-video-preview":"max-video-preview:-1"},"canonical":"https:\/\/mfwa.org\/fr\/nigeria-journaliste-battu-pour-avoir-filme-la-brutalite-de-la-police\/","og_locale":"fr_FR","og_type":"article","og_title":"Nigeria: Journaliste Battu Pour Avoir Film\u00e9 la Brutalit\u00e9 de la Police - Media Foundation For West Africa","og_description":"Sampson Unamka, un reporter du journal \u00a0The Nation au Nigeria a \u00e9t\u00e9 agress\u00e9 le 12 Mai, 2016 et","og_url":"https:\/\/mfwa.org\/fr\/nigeria-journaliste-battu-pour-avoir-filme-la-brutalite-de-la-police\/","og_site_name":"Media Foundation For West Africa","article_publisher":"https:\/\/www.facebook.com\/themfwa","article_published_time":"2016-05-13T15:12:46+00:00","article_modified_time":"2016-06-02T10:29:22+00:00","author":"Vivian Affoah","twitter_card":"summary_large_image","twitter_creator":"@TheMFWA","twitter_site":"@TheMFWA","twitter_misc":{"Written by":"Vivian Affoah","Est. reading time":"2 minutes"},"schema":{"@context":"https:\/\/schema.org","@graph":[{"@type":"Article","@id":"https:\/\/mfwa.org\/fr\/nigeria-journaliste-battu-pour-avoir-filme-la-brutalite-de-la-police\/#article","isPartOf":{"@id":"https:\/\/mfwa.org\/fr\/nigeria-journaliste-battu-pour-avoir-filme-la-brutalite-de-la-police\/"},"author":{"name":"Vivian Affoah","@id":"https:\/\/mfwa.org\/#\/schema\/person\/6a1a8151b41fab6317c9544da609a96b"},"headline":"Nigeria: Journaliste Battu Pour Avoir Film\u00e9 la Brutalit\u00e9 de la Police","datePublished":"2016-05-13T15:12:46+00:00","dateModified":"2016-06-02T10:29:22+00:00","mainEntityOfPage":{"@id":"https:\/\/mfwa.org\/fr\/nigeria-journaliste-battu-pour-avoir-filme-la-brutalite-de-la-police\/"},"wordCount":456,"publisher":{"@id":"https:\/\/mfwa.org\/#organization"},"articleSection":["Les violations de la libre expression"],"inLanguage":"fr-FR"},{"@type":"WebPage","@id":"https:\/\/mfwa.org\/fr\/nigeria-journaliste-battu-pour-avoir-filme-la-brutalite-de-la-police\/","url":"https:\/\/mfwa.org\/fr\/nigeria-journaliste-battu-pour-avoir-filme-la-brutalite-de-la-police\/","name":"Nigeria: Journaliste Battu Pour Avoir Film\u00e9 la Brutalit\u00e9 de la Police - Media Foundation For West Africa","isPartOf":{"@id":"https:\/\/mfwa.org\/#website"},"datePublished":"2016-05-13T15:12:46+00:00","dateModified":"2016-06-02T10:29:22+00:00","breadcrumb":{"@id":"https:\/\/mfwa.org\/fr\/nigeria-journaliste-battu-pour-avoir-filme-la-brutalite-de-la-police\/#breadcrumb"},"inLanguage":"fr-FR","potentialAction":[{"@type":"ReadAction","target":["https:\/\/mfwa.org\/fr\/nigeria-journaliste-battu-pour-avoir-filme-la-brutalite-de-la-police\/"]}]},{"@type":"BreadcrumbList","@id":"https:\/\/mfwa.org\/fr\/nigeria-journaliste-battu-pour-avoir-filme-la-brutalite-de-la-police\/#breadcrumb","itemListElement":[{"@type":"ListItem","position":1,"name":"Home","item":"https:\/\/mfwa.org\/fr\/"},{"@type":"ListItem","position":2,"name":"Nigeria: Journaliste Battu Pour Avoir Film\u00e9 la Brutalit\u00e9 de la Police"}]},{"@type":"WebSite","@id":"https:\/\/mfwa.org\/#website","url":"https:\/\/mfwa.org\/","name":"Media Foundation For West Africa","description":"Promoting Freedom of Expression and Democracy in West Africa","publisher":{"@id":"https:\/\/mfwa.org\/#organization"},"potentialAction":[{"@type":"SearchAction","target":{"@type":"EntryPoint","urlTemplate":"https:\/\/mfwa.org\/?s={search_term_string}"},"query-input":{"@type":"PropertyValueSpecification","valueRequired":true,"valueName":"search_term_string"}}],"inLanguage":"fr-FR"},{"@type":"Organization","@id":"https:\/\/mfwa.org\/#organization","name":"Media Foundation for West Africa","url":"https:\/\/mfwa.org\/","logo":{"@type":"ImageObject","inLanguage":"fr-FR","@id":"https:\/\/mfwa.org\/#\/schema\/logo\/image\/","url":"https:\/\/www.mfwa.org\/wp-content\/uploads\/2016\/06\/MFWA-LOGO.png","contentUrl":"https:\/\/www.mfwa.org\/wp-content\/uploads\/2016\/06\/MFWA-LOGO.png","width":180,"height":180,"caption":"Media Foundation for West Africa"},"image":{"@id":"https:\/\/mfwa.org\/#\/schema\/logo\/image\/"},"sameAs":["https:\/\/www.facebook.com\/themfwa","https:\/\/x.com\/TheMFWA","https:\/\/www.youtube.com\/channel\/UCF6HrPuXcV1K1Ed8AAq4Rdw"]},{"@type":"Person","@id":"https:\/\/mfwa.org\/#\/schema\/person\/6a1a8151b41fab6317c9544da609a96b","name":"Vivian Affoah","image":{"@type":"ImageObject","inLanguage":"fr-FR","@id":"https:\/\/secure.gravatar.com\/avatar\/ddf6c5c2ef2f35c978196ce314f9b81dba2ec548b12806a3acbe02e2360d7e63?s=96&d=mm&r=g719420b9d28a4a0781c1038ec6921926","url":"https:\/\/secure.gravatar.com\/avatar\/ddf6c5c2ef2f35c978196ce314f9b81dba2ec548b12806a3acbe02e2360d7e63?s=96&d=mm&r=g","contentUrl":"https:\/\/secure.gravatar.com\/avatar\/ddf6c5c2ef2f35c978196ce314f9b81dba2ec548b12806a3acbe02e2360d7e63?s=96&d=mm&r=g","caption":"Vivian Affoah"},"sameAs":["http:\/\/www.mfwa.org"],"url":"https:\/\/mfwa.org\/fr\/author\/vivian\/"}]}},"authors":[{"term_id":513,"user_id":2,"is_guest":0,"slug":"vivian","display_name":"Vivian Affoah","avatar_url":"https:\/\/secure.gravatar.com\/avatar\/ddf6c5c2ef2f35c978196ce314f9b81dba2ec548b12806a3acbe02e2360d7e63?s=96&d=mm&r=g","0":null,"1":"","2":"","3":"","4":"","5":"","6":"","7":"","8":""}],"_links":{"self":[{"href":"https:\/\/mfwa.org\/fr\/wp-json\/wp\/v2\/posts\/7040","targetHints":{"allow":["GET"]}}],"collection":[{"href":"https:\/\/mfwa.org\/fr\/wp-json\/wp\/v2\/posts"}],"about":[{"href":"https:\/\/mfwa.org\/fr\/wp-json\/wp\/v2\/types\/post"}],"author":[{"embeddable":true,"href":"https:\/\/mfwa.org\/fr\/wp-json\/wp\/v2\/users\/2"}],"replies":[{"embeddable":true,"href":"https:\/\/mfwa.org\/fr\/wp-json\/wp\/v2\/comments?post=7040"}],"version-history":[{"count":0,"href":"https:\/\/mfwa.org\/fr\/wp-json\/wp\/v2\/posts\/7040\/revisions"}],"wp:attachment":[{"href":"https:\/\/mfwa.org\/fr\/wp-json\/wp\/v2\/media?parent=7040"}],"wp:term":[{"taxonomy":"category","embeddable":true,"href":"https:\/\/mfwa.org\/fr\/wp-json\/wp\/v2\/categories?post=7040"},{"taxonomy":"post_tag","embeddable":true,"href":"https:\/\/mfwa.org\/fr\/wp-json\/wp\/v2\/tags?post=7040"},{"taxonomy":"country","embeddable":true,"href":"https:\/\/mfwa.org\/fr\/wp-json\/wp\/v2\/country?post=7040"},{"taxonomy":"staff-position","embeddable":true,"href":"https:\/\/mfwa.org\/fr\/wp-json\/wp\/v2\/staff-position?post=7040"},{"taxonomy":"opportunity-category","embeddable":true,"href":"https:\/\/mfwa.org\/fr\/wp-json\/wp\/v2\/opportunity-category?post=7040"},{"taxonomy":"author","embeddable":true,"href":"https:\/\/mfwa.org\/fr\/wp-json\/wp\/v2\/ppma_author?post=7040"}],"curies":[{"name":"wp","href":"https:\/\/api.w.org\/{rel}","templated":true}]}}