{"id":7035,"date":"2016-05-27T13:47:38","date_gmt":"2016-05-27T13:47:38","guid":{"rendered":"http:\/\/www.mfwa.org\/?p=7035"},"modified":"2016-05-31T17:13:17","modified_gmt":"2016-05-31T17:13:17","slug":"cote-divoire-des-individus-inconnus-font-effraction-au-domicile-dun-journaliste-semparent-de-son-ordinateur","status":"publish","type":"post","link":"https:\/\/mfwa.org\/fr\/cote-divoire-des-individus-inconnus-font-effraction-au-domicile-dun-journaliste-semparent-de-son-ordinateur\/","title":{"rendered":"C\u00f4te d\u2019Ivoire : Des Individus Inconnus Font Effraction au Domicile d\u2019un Journaliste, S\u2019emparent de son Ordinateur"},"content":{"rendered":"<p style=\"text-align: justify;\">Le 22 Mai 2016, des assaillants inconnus attaquent le domicile de Baudelaire Mieu, un journaliste ind\u00e9pendant en C\u00f4te d\u2019Ivoire.<\/p>\n<p style=\"text-align: justify;\">L\u2019infraction perp\u00e9tr\u00e9e arme \u00e0 la pointe du domicile de Mieu par les inconnus qui \u00a0volent\u00a0 son ordinateur tandis que d\u2019autres objets de valeurs n\u2019ont pas \u00e9t\u00e9 touch\u00e9s est tres pr\u00e9occupant en ce sens que le vol \u00e9tait une tentative de saisie de l\u2019outil de travail du journaliste.<\/p>\n<p style=\"text-align: justify;\">Mieu, est un journaliste de Reporters Sans Fronti\u00e8res (RSF), de l\u2019American Bloomberg et de Jeune Afrique, il est sp\u00e9cialis\u00e9 dans le reportage des questions \u00e9conomiques, politiques aussi bien que sociales et est souvent tr\u00e8s critique.<\/p>\n<p style=\"text-align: justify;\">Dans un communiqu\u00e9 publi\u00e9 le 23Mai 2016, RSF a indiqu\u00e9 qu\u2019ils ont des raisons de croire que le vol \u00e9tait en lien avec le travail du journaliste.<\/p>\n<p style=\"text-align: justify;\">\u2018\u2019Cette agression arme \u00e0 la pointe semble avoir comme pour objectif d\u00e9fini de saisir l\u2019ordinateur de travail du journaliste est tr\u00e8s inqui\u00e9tante,\u2019\u2019 disait le communiqu\u00e9 de RSF. Nous exhortons les autorit\u00e9s ivoiriennes \u00e0 mener une investigation s\u00e9rieuse et approfondie qui permettrait de faire rapidement la lumi\u00e8re sur l\u2019affaire.\u2019\u2019<\/p>\n<p style=\"text-align: justify;\">Cependant Mieu a d\u00e9pos\u00e9 une plainte contre les assaillants inconnus (\u2018\u2019plainte contre x\u2019\u2019) au commissariat de Cocody.<\/p>\n<p style=\"text-align: justify;\">La MFWA se joint \u00e0 Mieu pour interpeller la police \u00e0 investiguer l\u2019affaire et traduire les auteurs devant les tribunaux.<\/p>\n","protected":false},"excerpt":{"rendered":"<p>Le 22 Mai 2016, des assaillants inconnus attaquent le domicile de Baudelaire Mieu, un journaliste ind\u00e9pendant en C\u00f4te<\/p>\n","protected":false},"author":2,"featured_media":0,"comment_status":"closed","ping_status":"closed","sticky":false,"template":"","format":"standard","meta":{"footnotes":""},"categories":[254],"tags":[],"country":[241],"staff-position":[],"opportunity-category":[],"ppma_author":[513],"class_list":["post-7035","post","type-post","status-publish","format-standard","hentry","category-free-expression-violations-fr","country-cote-divoire-fr"],"yoast_head":"<!-- This site is optimized with the Yoast SEO plugin v27.4 - https:\/\/yoast.com\/product\/yoast-seo-wordpress\/ -->\n<title>C\u00f4te d\u2019Ivoire : Des Individus Inconnus Font Effraction au Domicile d\u2019un Journaliste, S\u2019emparent de son Ordinateur - Media Foundation For West Africa<\/title>\n<meta name=\"robots\" content=\"index, follow, max-snippet:-1, max-image-preview:large, max-video-preview:-1\" \/>\n<link rel=\"canonical\" href=\"https:\/\/mfwa.org\/fr\/cote-divoire-des-individus-inconnus-font-effraction-au-domicile-dun-journaliste-semparent-de-son-ordinateur\/\" \/>\n<meta property=\"og:locale\" content=\"fr_FR\" \/>\n<meta property=\"og:type\" content=\"article\" \/>\n<meta property=\"og:title\" content=\"C\u00f4te d\u2019Ivoire : Des Individus Inconnus Font Effraction au Domicile d\u2019un Journaliste, S\u2019emparent de son Ordinateur - Media Foundation For West Africa\" \/>\n<meta property=\"og:description\" content=\"Le 22 Mai 2016, des assaillants inconnus attaquent le domicile de Baudelaire Mieu, un journaliste ind\u00e9pendant en C\u00f4te\" \/>\n<meta property=\"og:url\" content=\"https:\/\/mfwa.org\/fr\/cote-divoire-des-individus-inconnus-font-effraction-au-domicile-dun-journaliste-semparent-de-son-ordinateur\/\" \/>\n<meta property=\"og:site_name\" content=\"Media Foundation For West Africa\" \/>\n<meta property=\"article:publisher\" content=\"https:\/\/www.facebook.com\/themfwa\" \/>\n<meta property=\"article:published_time\" content=\"2016-05-27T13:47:38+00:00\" \/>\n<meta property=\"article:modified_time\" content=\"2016-05-31T17:13:17+00:00\" \/>\n<meta name=\"author\" content=\"Vivian Affoah\" \/>\n<meta name=\"twitter:card\" content=\"summary_large_image\" \/>\n<meta name=\"twitter:creator\" content=\"@TheMFWA\" \/>\n<meta name=\"twitter:site\" content=\"@TheMFWA\" \/>\n<meta name=\"twitter:label1\" content=\"Written by\" \/>\n\t<meta name=\"twitter:data1\" content=\"Vivian Affoah\" \/>\n\t<meta name=\"twitter:label2\" content=\"Est. reading time\" \/>\n\t<meta name=\"twitter:data2\" content=\"1 minute\" \/>\n<script type=\"application\/ld+json\" class=\"yoast-schema-graph\">{\"@context\":\"https:\\\/\\\/schema.org\",\"@graph\":[{\"@type\":\"Article\",\"@id\":\"https:\\\/\\\/mfwa.org\\\/fr\\\/cote-divoire-des-individus-inconnus-font-effraction-au-domicile-dun-journaliste-semparent-de-son-ordinateur\\\/#article\",\"isPartOf\":{\"@id\":\"https:\\\/\\\/mfwa.org\\\/fr\\\/cote-divoire-des-individus-inconnus-font-effraction-au-domicile-dun-journaliste-semparent-de-son-ordinateur\\\/\"},\"author\":{\"name\":\"Vivian Affoah\",\"@id\":\"https:\\\/\\\/mfwa.org\\\/#\\\/schema\\\/person\\\/6a1a8151b41fab6317c9544da609a96b\"},\"headline\":\"C\u00f4te d\u2019Ivoire : Des Individus Inconnus Font Effraction au Domicile d\u2019un Journaliste, S\u2019emparent de son Ordinateur\",\"datePublished\":\"2016-05-27T13:47:38+00:00\",\"dateModified\":\"2016-05-31T17:13:17+00:00\",\"mainEntityOfPage\":{\"@id\":\"https:\\\/\\\/mfwa.org\\\/fr\\\/cote-divoire-des-individus-inconnus-font-effraction-au-domicile-dun-journaliste-semparent-de-son-ordinateur\\\/\"},\"wordCount\":250,\"publisher\":{\"@id\":\"https:\\\/\\\/mfwa.org\\\/#organization\"},\"articleSection\":[\"Les violations de la libre expression\"],\"inLanguage\":\"fr-FR\"},{\"@type\":\"WebPage\",\"@id\":\"https:\\\/\\\/mfwa.org\\\/fr\\\/cote-divoire-des-individus-inconnus-font-effraction-au-domicile-dun-journaliste-semparent-de-son-ordinateur\\\/\",\"url\":\"https:\\\/\\\/mfwa.org\\\/fr\\\/cote-divoire-des-individus-inconnus-font-effraction-au-domicile-dun-journaliste-semparent-de-son-ordinateur\\\/\",\"name\":\"C\u00f4te d\u2019Ivoire : Des Individus Inconnus Font Effraction au Domicile d\u2019un Journaliste, S\u2019emparent de son Ordinateur - Media Foundation For West Africa\",\"isPartOf\":{\"@id\":\"https:\\\/\\\/mfwa.org\\\/#website\"},\"datePublished\":\"2016-05-27T13:47:38+00:00\",\"dateModified\":\"2016-05-31T17:13:17+00:00\",\"breadcrumb\":{\"@id\":\"https:\\\/\\\/mfwa.org\\\/fr\\\/cote-divoire-des-individus-inconnus-font-effraction-au-domicile-dun-journaliste-semparent-de-son-ordinateur\\\/#breadcrumb\"},\"inLanguage\":\"fr-FR\",\"potentialAction\":[{\"@type\":\"ReadAction\",\"target\":[\"https:\\\/\\\/mfwa.org\\\/fr\\\/cote-divoire-des-individus-inconnus-font-effraction-au-domicile-dun-journaliste-semparent-de-son-ordinateur\\\/\"]}]},{\"@type\":\"BreadcrumbList\",\"@id\":\"https:\\\/\\\/mfwa.org\\\/fr\\\/cote-divoire-des-individus-inconnus-font-effraction-au-domicile-dun-journaliste-semparent-de-son-ordinateur\\\/#breadcrumb\",\"itemListElement\":[{\"@type\":\"ListItem\",\"position\":1,\"name\":\"Home\",\"item\":\"https:\\\/\\\/mfwa.org\\\/fr\\\/\"},{\"@type\":\"ListItem\",\"position\":2,\"name\":\"C\u00f4te d\u2019Ivoire : Des Individus Inconnus Font Effraction au Domicile d\u2019un Journaliste, S\u2019emparent de son Ordinateur\"}]},{\"@type\":\"WebSite\",\"@id\":\"https:\\\/\\\/mfwa.org\\\/#website\",\"url\":\"https:\\\/\\\/mfwa.org\\\/\",\"name\":\"Media Foundation For West Africa\",\"description\":\"Promoting Freedom of Expression and Democracy in West Africa\",\"publisher\":{\"@id\":\"https:\\\/\\\/mfwa.org\\\/#organization\"},\"potentialAction\":[{\"@type\":\"SearchAction\",\"target\":{\"@type\":\"EntryPoint\",\"urlTemplate\":\"https:\\\/\\\/mfwa.org\\\/?s={search_term_string}\"},\"query-input\":{\"@type\":\"PropertyValueSpecification\",\"valueRequired\":true,\"valueName\":\"search_term_string\"}}],\"inLanguage\":\"fr-FR\"},{\"@type\":\"Organization\",\"@id\":\"https:\\\/\\\/mfwa.org\\\/#organization\",\"name\":\"Media Foundation for West Africa\",\"url\":\"https:\\\/\\\/mfwa.org\\\/\",\"logo\":{\"@type\":\"ImageObject\",\"inLanguage\":\"fr-FR\",\"@id\":\"https:\\\/\\\/mfwa.org\\\/#\\\/schema\\\/logo\\\/image\\\/\",\"url\":\"https:\\\/\\\/www.mfwa.org\\\/wp-content\\\/uploads\\\/2016\\\/06\\\/MFWA-LOGO.png\",\"contentUrl\":\"https:\\\/\\\/www.mfwa.org\\\/wp-content\\\/uploads\\\/2016\\\/06\\\/MFWA-LOGO.png\",\"width\":180,\"height\":180,\"caption\":\"Media Foundation for West Africa\"},\"image\":{\"@id\":\"https:\\\/\\\/mfwa.org\\\/#\\\/schema\\\/logo\\\/image\\\/\"},\"sameAs\":[\"https:\\\/\\\/www.facebook.com\\\/themfwa\",\"https:\\\/\\\/x.com\\\/TheMFWA\",\"https:\\\/\\\/www.youtube.com\\\/channel\\\/UCF6HrPuXcV1K1Ed8AAq4Rdw\"]},{\"@type\":\"Person\",\"@id\":\"https:\\\/\\\/mfwa.org\\\/#\\\/schema\\\/person\\\/6a1a8151b41fab6317c9544da609a96b\",\"name\":\"Vivian Affoah\",\"image\":{\"@type\":\"ImageObject\",\"inLanguage\":\"fr-FR\",\"@id\":\"https:\\\/\\\/secure.gravatar.com\\\/avatar\\\/ddf6c5c2ef2f35c978196ce314f9b81dba2ec548b12806a3acbe02e2360d7e63?s=96&d=mm&r=g719420b9d28a4a0781c1038ec6921926\",\"url\":\"https:\\\/\\\/secure.gravatar.com\\\/avatar\\\/ddf6c5c2ef2f35c978196ce314f9b81dba2ec548b12806a3acbe02e2360d7e63?s=96&d=mm&r=g\",\"contentUrl\":\"https:\\\/\\\/secure.gravatar.com\\\/avatar\\\/ddf6c5c2ef2f35c978196ce314f9b81dba2ec548b12806a3acbe02e2360d7e63?s=96&d=mm&r=g\",\"caption\":\"Vivian Affoah\"},\"sameAs\":[\"http:\\\/\\\/www.mfwa.org\"],\"url\":\"https:\\\/\\\/mfwa.org\\\/fr\\\/author\\\/vivian\\\/\"}]}<\/script>\n<!-- \/ Yoast SEO plugin. -->","yoast_head_json":{"title":"C\u00f4te d\u2019Ivoire : Des Individus Inconnus Font Effraction au Domicile d\u2019un Journaliste, S\u2019emparent de son Ordinateur - Media Foundation For West Africa","robots":{"index":"index","follow":"follow","max-snippet":"max-snippet:-1","max-image-preview":"max-image-preview:large","max-video-preview":"max-video-preview:-1"},"canonical":"https:\/\/mfwa.org\/fr\/cote-divoire-des-individus-inconnus-font-effraction-au-domicile-dun-journaliste-semparent-de-son-ordinateur\/","og_locale":"fr_FR","og_type":"article","og_title":"C\u00f4te d\u2019Ivoire : Des Individus Inconnus Font Effraction au Domicile d\u2019un Journaliste, S\u2019emparent de son Ordinateur - Media Foundation For West Africa","og_description":"Le 22 Mai 2016, des assaillants inconnus attaquent le domicile de Baudelaire Mieu, un journaliste ind\u00e9pendant en C\u00f4te","og_url":"https:\/\/mfwa.org\/fr\/cote-divoire-des-individus-inconnus-font-effraction-au-domicile-dun-journaliste-semparent-de-son-ordinateur\/","og_site_name":"Media Foundation For West Africa","article_publisher":"https:\/\/www.facebook.com\/themfwa","article_published_time":"2016-05-27T13:47:38+00:00","article_modified_time":"2016-05-31T17:13:17+00:00","author":"Vivian Affoah","twitter_card":"summary_large_image","twitter_creator":"@TheMFWA","twitter_site":"@TheMFWA","twitter_misc":{"Written by":"Vivian Affoah","Est. reading time":"1 minute"},"schema":{"@context":"https:\/\/schema.org","@graph":[{"@type":"Article","@id":"https:\/\/mfwa.org\/fr\/cote-divoire-des-individus-inconnus-font-effraction-au-domicile-dun-journaliste-semparent-de-son-ordinateur\/#article","isPartOf":{"@id":"https:\/\/mfwa.org\/fr\/cote-divoire-des-individus-inconnus-font-effraction-au-domicile-dun-journaliste-semparent-de-son-ordinateur\/"},"author":{"name":"Vivian Affoah","@id":"https:\/\/mfwa.org\/#\/schema\/person\/6a1a8151b41fab6317c9544da609a96b"},"headline":"C\u00f4te d\u2019Ivoire : Des Individus Inconnus Font Effraction au Domicile d\u2019un Journaliste, S\u2019emparent de son Ordinateur","datePublished":"2016-05-27T13:47:38+00:00","dateModified":"2016-05-31T17:13:17+00:00","mainEntityOfPage":{"@id":"https:\/\/mfwa.org\/fr\/cote-divoire-des-individus-inconnus-font-effraction-au-domicile-dun-journaliste-semparent-de-son-ordinateur\/"},"wordCount":250,"publisher":{"@id":"https:\/\/mfwa.org\/#organization"},"articleSection":["Les violations de la libre expression"],"inLanguage":"fr-FR"},{"@type":"WebPage","@id":"https:\/\/mfwa.org\/fr\/cote-divoire-des-individus-inconnus-font-effraction-au-domicile-dun-journaliste-semparent-de-son-ordinateur\/","url":"https:\/\/mfwa.org\/fr\/cote-divoire-des-individus-inconnus-font-effraction-au-domicile-dun-journaliste-semparent-de-son-ordinateur\/","name":"C\u00f4te d\u2019Ivoire : Des Individus Inconnus Font Effraction au Domicile d\u2019un Journaliste, S\u2019emparent de son Ordinateur - Media Foundation For West Africa","isPartOf":{"@id":"https:\/\/mfwa.org\/#website"},"datePublished":"2016-05-27T13:47:38+00:00","dateModified":"2016-05-31T17:13:17+00:00","breadcrumb":{"@id":"https:\/\/mfwa.org\/fr\/cote-divoire-des-individus-inconnus-font-effraction-au-domicile-dun-journaliste-semparent-de-son-ordinateur\/#breadcrumb"},"inLanguage":"fr-FR","potentialAction":[{"@type":"ReadAction","target":["https:\/\/mfwa.org\/fr\/cote-divoire-des-individus-inconnus-font-effraction-au-domicile-dun-journaliste-semparent-de-son-ordinateur\/"]}]},{"@type":"BreadcrumbList","@id":"https:\/\/mfwa.org\/fr\/cote-divoire-des-individus-inconnus-font-effraction-au-domicile-dun-journaliste-semparent-de-son-ordinateur\/#breadcrumb","itemListElement":[{"@type":"ListItem","position":1,"name":"Home","item":"https:\/\/mfwa.org\/fr\/"},{"@type":"ListItem","position":2,"name":"C\u00f4te d\u2019Ivoire : Des Individus Inconnus Font Effraction au Domicile d\u2019un Journaliste, S\u2019emparent de son Ordinateur"}]},{"@type":"WebSite","@id":"https:\/\/mfwa.org\/#website","url":"https:\/\/mfwa.org\/","name":"Media Foundation For West Africa","description":"Promoting Freedom of Expression and Democracy in West Africa","publisher":{"@id":"https:\/\/mfwa.org\/#organization"},"potentialAction":[{"@type":"SearchAction","target":{"@type":"EntryPoint","urlTemplate":"https:\/\/mfwa.org\/?s={search_term_string}"},"query-input":{"@type":"PropertyValueSpecification","valueRequired":true,"valueName":"search_term_string"}}],"inLanguage":"fr-FR"},{"@type":"Organization","@id":"https:\/\/mfwa.org\/#organization","name":"Media Foundation for West Africa","url":"https:\/\/mfwa.org\/","logo":{"@type":"ImageObject","inLanguage":"fr-FR","@id":"https:\/\/mfwa.org\/#\/schema\/logo\/image\/","url":"https:\/\/www.mfwa.org\/wp-content\/uploads\/2016\/06\/MFWA-LOGO.png","contentUrl":"https:\/\/www.mfwa.org\/wp-content\/uploads\/2016\/06\/MFWA-LOGO.png","width":180,"height":180,"caption":"Media Foundation for West Africa"},"image":{"@id":"https:\/\/mfwa.org\/#\/schema\/logo\/image\/"},"sameAs":["https:\/\/www.facebook.com\/themfwa","https:\/\/x.com\/TheMFWA","https:\/\/www.youtube.com\/channel\/UCF6HrPuXcV1K1Ed8AAq4Rdw"]},{"@type":"Person","@id":"https:\/\/mfwa.org\/#\/schema\/person\/6a1a8151b41fab6317c9544da609a96b","name":"Vivian Affoah","image":{"@type":"ImageObject","inLanguage":"fr-FR","@id":"https:\/\/secure.gravatar.com\/avatar\/ddf6c5c2ef2f35c978196ce314f9b81dba2ec548b12806a3acbe02e2360d7e63?s=96&d=mm&r=g719420b9d28a4a0781c1038ec6921926","url":"https:\/\/secure.gravatar.com\/avatar\/ddf6c5c2ef2f35c978196ce314f9b81dba2ec548b12806a3acbe02e2360d7e63?s=96&d=mm&r=g","contentUrl":"https:\/\/secure.gravatar.com\/avatar\/ddf6c5c2ef2f35c978196ce314f9b81dba2ec548b12806a3acbe02e2360d7e63?s=96&d=mm&r=g","caption":"Vivian Affoah"},"sameAs":["http:\/\/www.mfwa.org"],"url":"https:\/\/mfwa.org\/fr\/author\/vivian\/"}]}},"authors":[{"term_id":513,"user_id":2,"is_guest":0,"slug":"vivian","display_name":"Vivian Affoah","avatar_url":"https:\/\/secure.gravatar.com\/avatar\/ddf6c5c2ef2f35c978196ce314f9b81dba2ec548b12806a3acbe02e2360d7e63?s=96&d=mm&r=g","0":null,"1":"","2":"","3":"","4":"","5":"","6":"","7":"","8":""}],"_links":{"self":[{"href":"https:\/\/mfwa.org\/fr\/wp-json\/wp\/v2\/posts\/7035","targetHints":{"allow":["GET"]}}],"collection":[{"href":"https:\/\/mfwa.org\/fr\/wp-json\/wp\/v2\/posts"}],"about":[{"href":"https:\/\/mfwa.org\/fr\/wp-json\/wp\/v2\/types\/post"}],"author":[{"embeddable":true,"href":"https:\/\/mfwa.org\/fr\/wp-json\/wp\/v2\/users\/2"}],"replies":[{"embeddable":true,"href":"https:\/\/mfwa.org\/fr\/wp-json\/wp\/v2\/comments?post=7035"}],"version-history":[{"count":0,"href":"https:\/\/mfwa.org\/fr\/wp-json\/wp\/v2\/posts\/7035\/revisions"}],"wp:attachment":[{"href":"https:\/\/mfwa.org\/fr\/wp-json\/wp\/v2\/media?parent=7035"}],"wp:term":[{"taxonomy":"category","embeddable":true,"href":"https:\/\/mfwa.org\/fr\/wp-json\/wp\/v2\/categories?post=7035"},{"taxonomy":"post_tag","embeddable":true,"href":"https:\/\/mfwa.org\/fr\/wp-json\/wp\/v2\/tags?post=7035"},{"taxonomy":"country","embeddable":true,"href":"https:\/\/mfwa.org\/fr\/wp-json\/wp\/v2\/country?post=7035"},{"taxonomy":"staff-position","embeddable":true,"href":"https:\/\/mfwa.org\/fr\/wp-json\/wp\/v2\/staff-position?post=7035"},{"taxonomy":"opportunity-category","embeddable":true,"href":"https:\/\/mfwa.org\/fr\/wp-json\/wp\/v2\/opportunity-category?post=7035"},{"taxonomy":"author","embeddable":true,"href":"https:\/\/mfwa.org\/fr\/wp-json\/wp\/v2\/ppma_author?post=7035"}],"curies":[{"name":"wp","href":"https:\/\/api.w.org\/{rel}","templated":true}]}}