{"id":5770,"date":"2016-02-11T15:46:02","date_gmt":"2016-02-11T15:46:02","guid":{"rendered":"http:\/\/www.mfwa.org\/?p=5770"},"modified":"2016-02-17T15:22:51","modified_gmt":"2016-02-17T15:22:51","slug":"nigeria-un-magistrat-interdit-les-journalistes-de-couvrir-une-audience-publique-de-justice","status":"publish","type":"post","link":"https:\/\/mfwa.org\/fr\/nigeria-un-magistrat-interdit-les-journalistes-de-couvrir-une-audience-publique-de-justice\/","title":{"rendered":"Nigeria: Un Magistrat Interdit aux\u00a0 Journalistes de Couvrir une Audience Publique de Justice"},"content":{"rendered":"<p style=\"text-align: justify;\">Un magistrat pr\u00e9sidant la Cour de Magistrature \u00e0 Lagos, au Nigeria le 8 F\u00e9vrier 2016, a ordonn\u00e9 de mettre \u00e0 la porte de la salle d\u2019audience des journalistes et leur a demand\u00e9 une pr\u00e9sentation d\u2019une permission \u00e9crite avant d\u2019avoir acc\u00e8s \u00e0 la salle d\u2019audience pour leur couverture m\u00e9diatique.<\/p>\n<p style=\"text-align: justify;\">Selon le <em>ngrguardiannews.com<\/em>, l\u2019ordre du Magistrat, H.O.Amos, \u00e9tait venu en appui au greffier qui avait ordonn\u00e9 aux journalistes de sortir de la salle d\u2019audience, quelques instants plus t\u00f4t.<\/p>\n<p style=\"text-align: justify;\">Le r\u00e9cit relate\u00a0\u2018\u2019imm\u00e9diatement apr\u00e8s que la cour s\u2019est prononc\u00e9 sur un cas pr\u00e9sum\u00e9 de vol d\u2019une somme de \u00a320,000, le greffier s\u2019est approch\u00e9 des reporters en leur demandant s\u2019ils \u00e9taient constitu\u00e9s parti civil dans l\u2019affaire. \u2018\u2019<\/p>\n<p style=\"text-align: justify;\">Lorsque les journalistes, tel que report\u00e9, ont r\u00e9pondu qu\u2019ils ne l\u2019\u00e9taient pas, le greffier leur a ordonn\u00e9 de sortir.&#8221;C\u2019est parce que je ne savais pas. Autrement je ne vous aurai pas autoris\u00e9 l\u2019acc\u00e8s. Les Journalistes ne sont pas autoris\u00e9s \u00e0 couvrir dans cette audience.&#8221; a cri\u00e9 le greffier, en ajoutant &#8220;Vous n\u2019\u00eates pas les bienvenus.\u2019\u2019<\/p>\n<p style=\"text-align: justify;\">Les r\u00e9cits rapportent que les journalistes ont insist\u00e9s que la cour \u00e9tait un lieu public et par cons\u00e9quent ils ont le droit d\u2019y \u00eatre. Pendant que les journalistes se disputaient avec le greffier, le magistrat \u00a0H.O.Amos qui a pr\u00e9sid\u00e9 l\u2019audience, est sorti de son cabinet et a aussi ordonn\u00e9 aux journalistes de sortir de la salle d\u2019audience.<\/p>\n<p style=\"text-align: justify;\">&#8220;Ce que je dis\u00a0est que\u00a0; pour que les journalistes entrent et couvrent mon audience, ils doivent apporter une approbation \u00e9crite de la part du Chef Greffier, autrement, vous n\u2019\u00eates pas autoris\u00e9s\u2019\u2019, le magistrat aurait dit. &#8220;M\u00eame si vous aviez eu \u00e0 couvrir des audiences\u00a0 dans cette cour pendant des ann\u00e9es et des probl\u00e8mes de ce genre ont \u00e9t\u00e9 tranch\u00e9, vous pouvez avoir acc\u00e8s \u00e0 mon audience seulement\u00a0 si\u00a0 vous apportez une approbation \u00e9crite du Chef Greffier\u2019\u2019, a dit le Magistrat Amos.<\/p>\n<p style=\"text-align: justify;\">Les journalistes en Afrique de l\u2019Ouest font face \u00e0 de nombreux obstacles dans l\u2019exercice de leur devoir. Quelques fois ces obstacles\u00a0 viennent des institutions\u00a0 d\u2019Etat qui devraient\u00a0 plut\u00f4t \u00eatre en train de prot\u00e9ger et de respecter les \u00a0journalistes dans leur travail. Les agents de s\u00e9curit\u00e9s, les tribunaux continuent d\u2019\u00eatre parmi les auteurs fr\u00e9quents de ces violations.<\/p>\n<p style=\"text-align: justify;\">La\u00a0 MFWA exhorte les autorit\u00e9s judiciaires au Nigeria \u00e0 intervenir et \u00e0 assurer \u00e0 ce que les journalistes ne soient pas humili\u00e9s par les officiels des tribunaux ni \u00eatre interdits d\u2019acc\u00e8s pour remplir leurs devoirs l\u00e9gitimes.<\/p>\n","protected":false},"excerpt":{"rendered":"<p>Un magistrat pr\u00e9sidant la Cour de Magistrature \u00e0 Lagos, au Nigeria le 8 F\u00e9vrier 2016, a ordonn\u00e9 de<\/p>\n","protected":false},"author":2,"featured_media":0,"comment_status":"closed","ping_status":"closed","sticky":false,"template":"","format":"standard","meta":{"footnotes":""},"categories":[254],"tags":[],"country":[250],"staff-position":[],"opportunity-category":[],"ppma_author":[513],"class_list":["post-5770","post","type-post","status-publish","format-standard","hentry","category-free-expression-violations-fr","country-nigeria-fr"],"yoast_head":"<!-- This site is optimized with the Yoast SEO plugin v27.4 - https:\/\/yoast.com\/product\/yoast-seo-wordpress\/ -->\n<title>Nigeria: Un Magistrat Interdit aux\u00a0 Journalistes de Couvrir une Audience Publique de Justice - Media Foundation For West Africa<\/title>\n<meta name=\"robots\" content=\"index, follow, max-snippet:-1, max-image-preview:large, max-video-preview:-1\" \/>\n<link rel=\"canonical\" href=\"https:\/\/mfwa.org\/fr\/nigeria-un-magistrat-interdit-les-journalistes-de-couvrir-une-audience-publique-de-justice\/\" \/>\n<meta property=\"og:locale\" content=\"fr_FR\" \/>\n<meta property=\"og:type\" content=\"article\" \/>\n<meta property=\"og:title\" content=\"Nigeria: Un Magistrat Interdit aux\u00a0 Journalistes de Couvrir une Audience Publique de Justice - Media Foundation For West Africa\" \/>\n<meta property=\"og:description\" content=\"Un magistrat pr\u00e9sidant la Cour de Magistrature \u00e0 Lagos, au Nigeria le 8 F\u00e9vrier 2016, a ordonn\u00e9 de\" \/>\n<meta property=\"og:url\" content=\"https:\/\/mfwa.org\/fr\/nigeria-un-magistrat-interdit-les-journalistes-de-couvrir-une-audience-publique-de-justice\/\" \/>\n<meta property=\"og:site_name\" content=\"Media Foundation For West Africa\" \/>\n<meta property=\"article:publisher\" content=\"https:\/\/www.facebook.com\/themfwa\" \/>\n<meta property=\"article:published_time\" content=\"2016-02-11T15:46:02+00:00\" \/>\n<meta property=\"article:modified_time\" content=\"2016-02-17T15:22:51+00:00\" \/>\n<meta name=\"author\" content=\"Vivian Affoah\" \/>\n<meta name=\"twitter:card\" content=\"summary_large_image\" \/>\n<meta name=\"twitter:creator\" content=\"@TheMFWA\" \/>\n<meta name=\"twitter:site\" content=\"@TheMFWA\" \/>\n<meta name=\"twitter:label1\" content=\"Written by\" \/>\n\t<meta name=\"twitter:data1\" content=\"Vivian Affoah\" \/>\n\t<meta name=\"twitter:label2\" content=\"Est. reading time\" \/>\n\t<meta name=\"twitter:data2\" content=\"2 minutes\" \/>\n<script type=\"application\/ld+json\" class=\"yoast-schema-graph\">{\"@context\":\"https:\\\/\\\/schema.org\",\"@graph\":[{\"@type\":\"Article\",\"@id\":\"https:\\\/\\\/mfwa.org\\\/fr\\\/nigeria-un-magistrat-interdit-les-journalistes-de-couvrir-une-audience-publique-de-justice\\\/#article\",\"isPartOf\":{\"@id\":\"https:\\\/\\\/mfwa.org\\\/fr\\\/nigeria-un-magistrat-interdit-les-journalistes-de-couvrir-une-audience-publique-de-justice\\\/\"},\"author\":{\"name\":\"Vivian Affoah\",\"@id\":\"https:\\\/\\\/mfwa.org\\\/#\\\/schema\\\/person\\\/6a1a8151b41fab6317c9544da609a96b\"},\"headline\":\"Nigeria: Un Magistrat Interdit aux\u00a0 Journalistes de Couvrir une Audience Publique de Justice\",\"datePublished\":\"2016-02-11T15:46:02+00:00\",\"dateModified\":\"2016-02-17T15:22:51+00:00\",\"mainEntityOfPage\":{\"@id\":\"https:\\\/\\\/mfwa.org\\\/fr\\\/nigeria-un-magistrat-interdit-les-journalistes-de-couvrir-une-audience-publique-de-justice\\\/\"},\"wordCount\":461,\"publisher\":{\"@id\":\"https:\\\/\\\/mfwa.org\\\/#organization\"},\"articleSection\":[\"Les violations de la libre expression\"],\"inLanguage\":\"fr-FR\"},{\"@type\":\"WebPage\",\"@id\":\"https:\\\/\\\/mfwa.org\\\/fr\\\/nigeria-un-magistrat-interdit-les-journalistes-de-couvrir-une-audience-publique-de-justice\\\/\",\"url\":\"https:\\\/\\\/mfwa.org\\\/fr\\\/nigeria-un-magistrat-interdit-les-journalistes-de-couvrir-une-audience-publique-de-justice\\\/\",\"name\":\"Nigeria: Un Magistrat Interdit aux\u00a0 Journalistes de Couvrir une Audience Publique de Justice - Media Foundation For West Africa\",\"isPartOf\":{\"@id\":\"https:\\\/\\\/mfwa.org\\\/#website\"},\"datePublished\":\"2016-02-11T15:46:02+00:00\",\"dateModified\":\"2016-02-17T15:22:51+00:00\",\"breadcrumb\":{\"@id\":\"https:\\\/\\\/mfwa.org\\\/fr\\\/nigeria-un-magistrat-interdit-les-journalistes-de-couvrir-une-audience-publique-de-justice\\\/#breadcrumb\"},\"inLanguage\":\"fr-FR\",\"potentialAction\":[{\"@type\":\"ReadAction\",\"target\":[\"https:\\\/\\\/mfwa.org\\\/fr\\\/nigeria-un-magistrat-interdit-les-journalistes-de-couvrir-une-audience-publique-de-justice\\\/\"]}]},{\"@type\":\"BreadcrumbList\",\"@id\":\"https:\\\/\\\/mfwa.org\\\/fr\\\/nigeria-un-magistrat-interdit-les-journalistes-de-couvrir-une-audience-publique-de-justice\\\/#breadcrumb\",\"itemListElement\":[{\"@type\":\"ListItem\",\"position\":1,\"name\":\"Home\",\"item\":\"https:\\\/\\\/mfwa.org\\\/fr\\\/\"},{\"@type\":\"ListItem\",\"position\":2,\"name\":\"Nigeria: Un Magistrat Interdit aux\u00a0 Journalistes de Couvrir une Audience Publique de Justice\"}]},{\"@type\":\"WebSite\",\"@id\":\"https:\\\/\\\/mfwa.org\\\/#website\",\"url\":\"https:\\\/\\\/mfwa.org\\\/\",\"name\":\"Media Foundation For West Africa\",\"description\":\"Promoting Freedom of Expression and Democracy in West Africa\",\"publisher\":{\"@id\":\"https:\\\/\\\/mfwa.org\\\/#organization\"},\"potentialAction\":[{\"@type\":\"SearchAction\",\"target\":{\"@type\":\"EntryPoint\",\"urlTemplate\":\"https:\\\/\\\/mfwa.org\\\/?s={search_term_string}\"},\"query-input\":{\"@type\":\"PropertyValueSpecification\",\"valueRequired\":true,\"valueName\":\"search_term_string\"}}],\"inLanguage\":\"fr-FR\"},{\"@type\":\"Organization\",\"@id\":\"https:\\\/\\\/mfwa.org\\\/#organization\",\"name\":\"Media Foundation for West Africa\",\"url\":\"https:\\\/\\\/mfwa.org\\\/\",\"logo\":{\"@type\":\"ImageObject\",\"inLanguage\":\"fr-FR\",\"@id\":\"https:\\\/\\\/mfwa.org\\\/#\\\/schema\\\/logo\\\/image\\\/\",\"url\":\"https:\\\/\\\/www.mfwa.org\\\/wp-content\\\/uploads\\\/2016\\\/06\\\/MFWA-LOGO.png\",\"contentUrl\":\"https:\\\/\\\/www.mfwa.org\\\/wp-content\\\/uploads\\\/2016\\\/06\\\/MFWA-LOGO.png\",\"width\":180,\"height\":180,\"caption\":\"Media Foundation for West Africa\"},\"image\":{\"@id\":\"https:\\\/\\\/mfwa.org\\\/#\\\/schema\\\/logo\\\/image\\\/\"},\"sameAs\":[\"https:\\\/\\\/www.facebook.com\\\/themfwa\",\"https:\\\/\\\/x.com\\\/TheMFWA\",\"https:\\\/\\\/www.youtube.com\\\/channel\\\/UCF6HrPuXcV1K1Ed8AAq4Rdw\"]},{\"@type\":\"Person\",\"@id\":\"https:\\\/\\\/mfwa.org\\\/#\\\/schema\\\/person\\\/6a1a8151b41fab6317c9544da609a96b\",\"name\":\"Vivian Affoah\",\"image\":{\"@type\":\"ImageObject\",\"inLanguage\":\"fr-FR\",\"@id\":\"https:\\\/\\\/secure.gravatar.com\\\/avatar\\\/ddf6c5c2ef2f35c978196ce314f9b81dba2ec548b12806a3acbe02e2360d7e63?s=96&d=mm&r=g719420b9d28a4a0781c1038ec6921926\",\"url\":\"https:\\\/\\\/secure.gravatar.com\\\/avatar\\\/ddf6c5c2ef2f35c978196ce314f9b81dba2ec548b12806a3acbe02e2360d7e63?s=96&d=mm&r=g\",\"contentUrl\":\"https:\\\/\\\/secure.gravatar.com\\\/avatar\\\/ddf6c5c2ef2f35c978196ce314f9b81dba2ec548b12806a3acbe02e2360d7e63?s=96&d=mm&r=g\",\"caption\":\"Vivian Affoah\"},\"sameAs\":[\"http:\\\/\\\/www.mfwa.org\"],\"url\":\"https:\\\/\\\/mfwa.org\\\/fr\\\/author\\\/vivian\\\/\"}]}<\/script>\n<!-- \/ Yoast SEO plugin. -->","yoast_head_json":{"title":"Nigeria: Un Magistrat Interdit aux\u00a0 Journalistes de Couvrir une Audience Publique de Justice - Media Foundation For West Africa","robots":{"index":"index","follow":"follow","max-snippet":"max-snippet:-1","max-image-preview":"max-image-preview:large","max-video-preview":"max-video-preview:-1"},"canonical":"https:\/\/mfwa.org\/fr\/nigeria-un-magistrat-interdit-les-journalistes-de-couvrir-une-audience-publique-de-justice\/","og_locale":"fr_FR","og_type":"article","og_title":"Nigeria: Un Magistrat Interdit aux\u00a0 Journalistes de Couvrir une Audience Publique de Justice - Media Foundation For West Africa","og_description":"Un magistrat pr\u00e9sidant la Cour de Magistrature \u00e0 Lagos, au Nigeria le 8 F\u00e9vrier 2016, a ordonn\u00e9 de","og_url":"https:\/\/mfwa.org\/fr\/nigeria-un-magistrat-interdit-les-journalistes-de-couvrir-une-audience-publique-de-justice\/","og_site_name":"Media Foundation For West Africa","article_publisher":"https:\/\/www.facebook.com\/themfwa","article_published_time":"2016-02-11T15:46:02+00:00","article_modified_time":"2016-02-17T15:22:51+00:00","author":"Vivian Affoah","twitter_card":"summary_large_image","twitter_creator":"@TheMFWA","twitter_site":"@TheMFWA","twitter_misc":{"Written by":"Vivian Affoah","Est. reading time":"2 minutes"},"schema":{"@context":"https:\/\/schema.org","@graph":[{"@type":"Article","@id":"https:\/\/mfwa.org\/fr\/nigeria-un-magistrat-interdit-les-journalistes-de-couvrir-une-audience-publique-de-justice\/#article","isPartOf":{"@id":"https:\/\/mfwa.org\/fr\/nigeria-un-magistrat-interdit-les-journalistes-de-couvrir-une-audience-publique-de-justice\/"},"author":{"name":"Vivian Affoah","@id":"https:\/\/mfwa.org\/#\/schema\/person\/6a1a8151b41fab6317c9544da609a96b"},"headline":"Nigeria: Un Magistrat Interdit aux\u00a0 Journalistes de Couvrir une Audience Publique de Justice","datePublished":"2016-02-11T15:46:02+00:00","dateModified":"2016-02-17T15:22:51+00:00","mainEntityOfPage":{"@id":"https:\/\/mfwa.org\/fr\/nigeria-un-magistrat-interdit-les-journalistes-de-couvrir-une-audience-publique-de-justice\/"},"wordCount":461,"publisher":{"@id":"https:\/\/mfwa.org\/#organization"},"articleSection":["Les violations de la libre expression"],"inLanguage":"fr-FR"},{"@type":"WebPage","@id":"https:\/\/mfwa.org\/fr\/nigeria-un-magistrat-interdit-les-journalistes-de-couvrir-une-audience-publique-de-justice\/","url":"https:\/\/mfwa.org\/fr\/nigeria-un-magistrat-interdit-les-journalistes-de-couvrir-une-audience-publique-de-justice\/","name":"Nigeria: Un Magistrat Interdit aux\u00a0 Journalistes de Couvrir une Audience Publique de Justice - Media Foundation For West Africa","isPartOf":{"@id":"https:\/\/mfwa.org\/#website"},"datePublished":"2016-02-11T15:46:02+00:00","dateModified":"2016-02-17T15:22:51+00:00","breadcrumb":{"@id":"https:\/\/mfwa.org\/fr\/nigeria-un-magistrat-interdit-les-journalistes-de-couvrir-une-audience-publique-de-justice\/#breadcrumb"},"inLanguage":"fr-FR","potentialAction":[{"@type":"ReadAction","target":["https:\/\/mfwa.org\/fr\/nigeria-un-magistrat-interdit-les-journalistes-de-couvrir-une-audience-publique-de-justice\/"]}]},{"@type":"BreadcrumbList","@id":"https:\/\/mfwa.org\/fr\/nigeria-un-magistrat-interdit-les-journalistes-de-couvrir-une-audience-publique-de-justice\/#breadcrumb","itemListElement":[{"@type":"ListItem","position":1,"name":"Home","item":"https:\/\/mfwa.org\/fr\/"},{"@type":"ListItem","position":2,"name":"Nigeria: Un Magistrat Interdit aux\u00a0 Journalistes de Couvrir une Audience Publique de Justice"}]},{"@type":"WebSite","@id":"https:\/\/mfwa.org\/#website","url":"https:\/\/mfwa.org\/","name":"Media Foundation For West Africa","description":"Promoting Freedom of Expression and Democracy in West Africa","publisher":{"@id":"https:\/\/mfwa.org\/#organization"},"potentialAction":[{"@type":"SearchAction","target":{"@type":"EntryPoint","urlTemplate":"https:\/\/mfwa.org\/?s={search_term_string}"},"query-input":{"@type":"PropertyValueSpecification","valueRequired":true,"valueName":"search_term_string"}}],"inLanguage":"fr-FR"},{"@type":"Organization","@id":"https:\/\/mfwa.org\/#organization","name":"Media Foundation for West Africa","url":"https:\/\/mfwa.org\/","logo":{"@type":"ImageObject","inLanguage":"fr-FR","@id":"https:\/\/mfwa.org\/#\/schema\/logo\/image\/","url":"https:\/\/www.mfwa.org\/wp-content\/uploads\/2016\/06\/MFWA-LOGO.png","contentUrl":"https:\/\/www.mfwa.org\/wp-content\/uploads\/2016\/06\/MFWA-LOGO.png","width":180,"height":180,"caption":"Media Foundation for West Africa"},"image":{"@id":"https:\/\/mfwa.org\/#\/schema\/logo\/image\/"},"sameAs":["https:\/\/www.facebook.com\/themfwa","https:\/\/x.com\/TheMFWA","https:\/\/www.youtube.com\/channel\/UCF6HrPuXcV1K1Ed8AAq4Rdw"]},{"@type":"Person","@id":"https:\/\/mfwa.org\/#\/schema\/person\/6a1a8151b41fab6317c9544da609a96b","name":"Vivian Affoah","image":{"@type":"ImageObject","inLanguage":"fr-FR","@id":"https:\/\/secure.gravatar.com\/avatar\/ddf6c5c2ef2f35c978196ce314f9b81dba2ec548b12806a3acbe02e2360d7e63?s=96&d=mm&r=g719420b9d28a4a0781c1038ec6921926","url":"https:\/\/secure.gravatar.com\/avatar\/ddf6c5c2ef2f35c978196ce314f9b81dba2ec548b12806a3acbe02e2360d7e63?s=96&d=mm&r=g","contentUrl":"https:\/\/secure.gravatar.com\/avatar\/ddf6c5c2ef2f35c978196ce314f9b81dba2ec548b12806a3acbe02e2360d7e63?s=96&d=mm&r=g","caption":"Vivian Affoah"},"sameAs":["http:\/\/www.mfwa.org"],"url":"https:\/\/mfwa.org\/fr\/author\/vivian\/"}]}},"authors":[{"term_id":513,"user_id":2,"is_guest":0,"slug":"vivian","display_name":"Vivian Affoah","avatar_url":"https:\/\/secure.gravatar.com\/avatar\/ddf6c5c2ef2f35c978196ce314f9b81dba2ec548b12806a3acbe02e2360d7e63?s=96&d=mm&r=g","0":null,"1":"","2":"","3":"","4":"","5":"","6":"","7":"","8":""}],"_links":{"self":[{"href":"https:\/\/mfwa.org\/fr\/wp-json\/wp\/v2\/posts\/5770","targetHints":{"allow":["GET"]}}],"collection":[{"href":"https:\/\/mfwa.org\/fr\/wp-json\/wp\/v2\/posts"}],"about":[{"href":"https:\/\/mfwa.org\/fr\/wp-json\/wp\/v2\/types\/post"}],"author":[{"embeddable":true,"href":"https:\/\/mfwa.org\/fr\/wp-json\/wp\/v2\/users\/2"}],"replies":[{"embeddable":true,"href":"https:\/\/mfwa.org\/fr\/wp-json\/wp\/v2\/comments?post=5770"}],"version-history":[{"count":0,"href":"https:\/\/mfwa.org\/fr\/wp-json\/wp\/v2\/posts\/5770\/revisions"}],"wp:attachment":[{"href":"https:\/\/mfwa.org\/fr\/wp-json\/wp\/v2\/media?parent=5770"}],"wp:term":[{"taxonomy":"category","embeddable":true,"href":"https:\/\/mfwa.org\/fr\/wp-json\/wp\/v2\/categories?post=5770"},{"taxonomy":"post_tag","embeddable":true,"href":"https:\/\/mfwa.org\/fr\/wp-json\/wp\/v2\/tags?post=5770"},{"taxonomy":"country","embeddable":true,"href":"https:\/\/mfwa.org\/fr\/wp-json\/wp\/v2\/country?post=5770"},{"taxonomy":"staff-position","embeddable":true,"href":"https:\/\/mfwa.org\/fr\/wp-json\/wp\/v2\/staff-position?post=5770"},{"taxonomy":"opportunity-category","embeddable":true,"href":"https:\/\/mfwa.org\/fr\/wp-json\/wp\/v2\/opportunity-category?post=5770"},{"taxonomy":"author","embeddable":true,"href":"https:\/\/mfwa.org\/fr\/wp-json\/wp\/v2\/ppma_author?post=5770"}],"curies":[{"name":"wp","href":"https:\/\/api.w.org\/{rel}","templated":true}]}}