{"id":4874,"date":"2015-12-08T11:16:01","date_gmt":"2015-12-08T11:16:01","guid":{"rendered":"http:\/\/www.mfwa.org\/?p=4874"},"modified":"2016-01-11T11:22:17","modified_gmt":"2016-01-11T11:22:17","slug":"guinee-bissau-procureur-annule-programme-de-radio-convoque-le-directeur-general-de-la-radio-nationale","status":"publish","type":"post","link":"https:\/\/mfwa.org\/fr\/guinee-bissau-procureur-annule-programme-de-radio-convoque-le-directeur-general-de-la-radio-nationale\/","title":{"rendered":"Guin\u00e9e Bissau: Procureur Annule Programme de Radio, Convoque le Directeur G\u00e9n\u00e9ral de la Radio Nationale"},"content":{"rendered":"<p style=\"text-align: justify;\">Le procureur de la Guin\u00e9e Bissau a ordonn\u00e9 l\u2019annulation d\u2019un programme de radio et convoqu\u00e9 le Directeur g\u00e9n\u00e9ral de la Radio Guin\u00e9e Bissau (RGB) de comparaitre au Minist\u00e8re de Justice pour \u201cune r\u00e9union de travail\u2019\u2019 le 8 d\u00e9cembre 2015.<\/p>\n<p style=\"text-align: justify;\">Une assignation en date du vendredi le 4 d\u00e9cembre, et sign\u00e9 par le Procureur g\u00e9n\u00e9ral Ant\u00f3nio Sedja Man, a convoqu\u00e9 Francisco Muniro Conte et annul\u00e9 l\u2019\u00e9mission populaire en m\u00eame temps.<\/p>\n<p style=\"text-align: justify;\">Selon le correspondent de MFWA en Guin\u00e9e Bissau, l\u2019\u00e9mission supprim\u00e9e est une plateforme \u00a0o\u00f9 on parle des questions les plus importantes qui affectent le pays et le monde.<\/p>\n<p style=\"text-align: justify;\">Le correspondent rapporte que l\u2019incident a provoqu\u00e9 de vives reactions. Le Pr\u00e9sident de l&#8217;Union de journalistes de Guin\u00e9e-Bissau, Mamadu Cand\u00e9 a fermement condamn\u00e9 la position du Procureur tout en avertissant que les m\u00e9canismes internes et externes seront adopt\u00e9s pour lutter contre cette \u201ctentative de faire taire une organe de l&#8217;information.&#8221;<\/p>\n<p style=\"text-align: justify;\">Le Conseil National pour les Communications Sociales(CNCS), qui r\u00e9glemente le fonctionnement des m\u00e9dias dans le pays, a condamn\u00e9 l&#8217;attitude du procureur en disant qu\u2019il \u201cn&#8217;a pas le pouvoir de suspendre auncun programme dans les m\u00e9dias.\u2019\u2019<\/p>\n<p style=\"text-align: justify;\">La MFWA se joint aux medias en Guin\u00e9e Bissau pour d\u00e9noncer cet acte d\u2019ing\u00e9rance dans les affaires des medias et le harc\u00e8lement d\u2019un journaliste. Nous demandons aux autorit\u00e9s en Guin\u00e9e Bissau de veiller \u00e0 ce que la libert\u00e9 de M. Muniro Conte ne soit pas abus\u00e9e par le Procureur g\u00e9n\u00e9ral de la Republique.<\/p>\n","protected":false},"excerpt":{"rendered":"<p>Le procureur de la Guin\u00e9e Bissau a ordonn\u00e9 l\u2019annulation d\u2019un programme de radio et convoqu\u00e9 le Directeur g\u00e9n\u00e9ral<\/p>\n","protected":false},"author":2,"featured_media":0,"comment_status":"closed","ping_status":"closed","sticky":false,"template":"","format":"standard","meta":{"footnotes":""},"categories":[254],"tags":[],"country":[245],"staff-position":[],"opportunity-category":[],"class_list":["post-4874","post","type-post","status-publish","format-standard","hentry","category-free-expression-violations-fr","country-guinee-bissau"],"yoast_head":"<!-- This site is optimized with the Yoast SEO plugin v27.5 - https:\/\/yoast.com\/product\/yoast-seo-wordpress\/ -->\n<title>Guin\u00e9e Bissau: Procureur Annule Programme de Radio, Convoque le Directeur G\u00e9n\u00e9ral de la Radio Nationale - Media Foundation For West Africa<\/title>\n<meta name=\"robots\" content=\"index, follow, max-snippet:-1, max-image-preview:large, max-video-preview:-1\" \/>\n<link rel=\"canonical\" href=\"https:\/\/mfwa.org\/fr\/guinee-bissau-procureur-annule-programme-de-radio-convoque-le-directeur-general-de-la-radio-nationale\/\" \/>\n<meta property=\"og:locale\" content=\"fr_FR\" \/>\n<meta property=\"og:type\" content=\"article\" \/>\n<meta property=\"og:title\" content=\"Guin\u00e9e Bissau: Procureur Annule Programme de Radio, Convoque le Directeur G\u00e9n\u00e9ral de la Radio Nationale - Media Foundation For West Africa\" \/>\n<meta property=\"og:description\" content=\"Le procureur de la Guin\u00e9e Bissau a ordonn\u00e9 l\u2019annulation d\u2019un programme de radio et convoqu\u00e9 le Directeur g\u00e9n\u00e9ral\" \/>\n<meta property=\"og:url\" content=\"https:\/\/mfwa.org\/fr\/guinee-bissau-procureur-annule-programme-de-radio-convoque-le-directeur-general-de-la-radio-nationale\/\" \/>\n<meta property=\"og:site_name\" content=\"Media Foundation For West Africa\" \/>\n<meta property=\"article:publisher\" content=\"https:\/\/www.facebook.com\/themfwa\" \/>\n<meta property=\"article:published_time\" content=\"2015-12-08T11:16:01+00:00\" \/>\n<meta property=\"article:modified_time\" content=\"2016-01-11T11:22:17+00:00\" \/>\n<meta name=\"author\" content=\"Vivian Affoah\" \/>\n<meta name=\"twitter:card\" content=\"summary_large_image\" \/>\n<meta name=\"twitter:creator\" content=\"@TheMFWA\" \/>\n<meta name=\"twitter:site\" content=\"@TheMFWA\" \/>\n<meta name=\"twitter:label1\" content=\"Written by\" \/>\n\t<meta name=\"twitter:data1\" content=\"Vivian Affoah\" \/>\n\t<meta name=\"twitter:label2\" content=\"Est. reading time\" \/>\n\t<meta name=\"twitter:data2\" content=\"1 minute\" \/>\n<script type=\"application\/ld+json\" class=\"yoast-schema-graph\">{\"@context\":\"https:\\\/\\\/schema.org\",\"@graph\":[{\"@type\":\"Article\",\"@id\":\"https:\\\/\\\/mfwa.org\\\/fr\\\/guinee-bissau-procureur-annule-programme-de-radio-convoque-le-directeur-general-de-la-radio-nationale\\\/#article\",\"isPartOf\":{\"@id\":\"https:\\\/\\\/mfwa.org\\\/fr\\\/guinee-bissau-procureur-annule-programme-de-radio-convoque-le-directeur-general-de-la-radio-nationale\\\/\"},\"author\":{\"name\":\"Vivian Affoah\",\"@id\":\"https:\\\/\\\/mfwa.org\\\/#\\\/schema\\\/person\\\/6a1a8151b41fab6317c9544da609a96b\"},\"headline\":\"Guin\u00e9e Bissau: Procureur Annule Programme de Radio, Convoque le Directeur G\u00e9n\u00e9ral de la Radio Nationale\",\"datePublished\":\"2015-12-08T11:16:01+00:00\",\"dateModified\":\"2016-01-11T11:22:17+00:00\",\"mainEntityOfPage\":{\"@id\":\"https:\\\/\\\/mfwa.org\\\/fr\\\/guinee-bissau-procureur-annule-programme-de-radio-convoque-le-directeur-general-de-la-radio-nationale\\\/\"},\"wordCount\":292,\"publisher\":{\"@id\":\"https:\\\/\\\/mfwa.org\\\/#organization\"},\"articleSection\":[\"Les violations de la libre expression\"],\"inLanguage\":\"fr-FR\"},{\"@type\":\"WebPage\",\"@id\":\"https:\\\/\\\/mfwa.org\\\/fr\\\/guinee-bissau-procureur-annule-programme-de-radio-convoque-le-directeur-general-de-la-radio-nationale\\\/\",\"url\":\"https:\\\/\\\/mfwa.org\\\/fr\\\/guinee-bissau-procureur-annule-programme-de-radio-convoque-le-directeur-general-de-la-radio-nationale\\\/\",\"name\":\"Guin\u00e9e Bissau: Procureur Annule Programme de Radio, Convoque le Directeur G\u00e9n\u00e9ral de la Radio Nationale - Media Foundation For West Africa\",\"isPartOf\":{\"@id\":\"https:\\\/\\\/mfwa.org\\\/#website\"},\"datePublished\":\"2015-12-08T11:16:01+00:00\",\"dateModified\":\"2016-01-11T11:22:17+00:00\",\"breadcrumb\":{\"@id\":\"https:\\\/\\\/mfwa.org\\\/fr\\\/guinee-bissau-procureur-annule-programme-de-radio-convoque-le-directeur-general-de-la-radio-nationale\\\/#breadcrumb\"},\"inLanguage\":\"fr-FR\",\"potentialAction\":[{\"@type\":\"ReadAction\",\"target\":[\"https:\\\/\\\/mfwa.org\\\/fr\\\/guinee-bissau-procureur-annule-programme-de-radio-convoque-le-directeur-general-de-la-radio-nationale\\\/\"]}]},{\"@type\":\"BreadcrumbList\",\"@id\":\"https:\\\/\\\/mfwa.org\\\/fr\\\/guinee-bissau-procureur-annule-programme-de-radio-convoque-le-directeur-general-de-la-radio-nationale\\\/#breadcrumb\",\"itemListElement\":[{\"@type\":\"ListItem\",\"position\":1,\"name\":\"Home\",\"item\":\"https:\\\/\\\/mfwa.org\\\/fr\\\/\"},{\"@type\":\"ListItem\",\"position\":2,\"name\":\"Guin\u00e9e Bissau: Procureur Annule Programme de Radio, Convoque le Directeur G\u00e9n\u00e9ral de la Radio Nationale\"}]},{\"@type\":\"WebSite\",\"@id\":\"https:\\\/\\\/mfwa.org\\\/#website\",\"url\":\"https:\\\/\\\/mfwa.org\\\/\",\"name\":\"Media Foundation For West Africa\",\"description\":\"Promoting Freedom of Expression and Democracy in West Africa\",\"publisher\":{\"@id\":\"https:\\\/\\\/mfwa.org\\\/#organization\"},\"potentialAction\":[{\"@type\":\"SearchAction\",\"target\":{\"@type\":\"EntryPoint\",\"urlTemplate\":\"https:\\\/\\\/mfwa.org\\\/?s={search_term_string}\"},\"query-input\":{\"@type\":\"PropertyValueSpecification\",\"valueRequired\":true,\"valueName\":\"search_term_string\"}}],\"inLanguage\":\"fr-FR\"},{\"@type\":\"Organization\",\"@id\":\"https:\\\/\\\/mfwa.org\\\/#organization\",\"name\":\"Media Foundation for West Africa\",\"url\":\"https:\\\/\\\/mfwa.org\\\/\",\"logo\":{\"@type\":\"ImageObject\",\"inLanguage\":\"fr-FR\",\"@id\":\"https:\\\/\\\/mfwa.org\\\/#\\\/schema\\\/logo\\\/image\\\/\",\"url\":\"https:\\\/\\\/www.mfwa.org\\\/wp-content\\\/uploads\\\/2016\\\/06\\\/MFWA-LOGO.png\",\"contentUrl\":\"https:\\\/\\\/www.mfwa.org\\\/wp-content\\\/uploads\\\/2016\\\/06\\\/MFWA-LOGO.png\",\"width\":180,\"height\":180,\"caption\":\"Media Foundation for West Africa\"},\"image\":{\"@id\":\"https:\\\/\\\/mfwa.org\\\/#\\\/schema\\\/logo\\\/image\\\/\"},\"sameAs\":[\"https:\\\/\\\/www.facebook.com\\\/themfwa\",\"https:\\\/\\\/x.com\\\/TheMFWA\",\"https:\\\/\\\/www.youtube.com\\\/channel\\\/UCF6HrPuXcV1K1Ed8AAq4Rdw\"]},{\"@type\":\"Person\",\"@id\":\"https:\\\/\\\/mfwa.org\\\/#\\\/schema\\\/person\\\/6a1a8151b41fab6317c9544da609a96b\",\"name\":\"Vivian Affoah\",\"image\":{\"@type\":\"ImageObject\",\"inLanguage\":\"fr-FR\",\"@id\":\"https:\\\/\\\/secure.gravatar.com\\\/avatar\\\/ddf6c5c2ef2f35c978196ce314f9b81dba2ec548b12806a3acbe02e2360d7e63?s=96&d=mm&r=g\",\"url\":\"https:\\\/\\\/secure.gravatar.com\\\/avatar\\\/ddf6c5c2ef2f35c978196ce314f9b81dba2ec548b12806a3acbe02e2360d7e63?s=96&d=mm&r=g\",\"contentUrl\":\"https:\\\/\\\/secure.gravatar.com\\\/avatar\\\/ddf6c5c2ef2f35c978196ce314f9b81dba2ec548b12806a3acbe02e2360d7e63?s=96&d=mm&r=g\",\"caption\":\"Vivian Affoah\"},\"sameAs\":[\"http:\\\/\\\/www.mfwa.org\"],\"url\":\"https:\\\/\\\/mfwa.org\\\/fr\\\/author\\\/vivian\\\/\"}]}<\/script>\n<!-- \/ Yoast SEO plugin. -->","yoast_head_json":{"title":"Guin\u00e9e Bissau: Procureur Annule Programme de Radio, Convoque le Directeur G\u00e9n\u00e9ral de la Radio Nationale - Media Foundation For West Africa","robots":{"index":"index","follow":"follow","max-snippet":"max-snippet:-1","max-image-preview":"max-image-preview:large","max-video-preview":"max-video-preview:-1"},"canonical":"https:\/\/mfwa.org\/fr\/guinee-bissau-procureur-annule-programme-de-radio-convoque-le-directeur-general-de-la-radio-nationale\/","og_locale":"fr_FR","og_type":"article","og_title":"Guin\u00e9e Bissau: Procureur Annule Programme de Radio, Convoque le Directeur G\u00e9n\u00e9ral de la Radio Nationale - Media Foundation For West Africa","og_description":"Le procureur de la Guin\u00e9e Bissau a ordonn\u00e9 l\u2019annulation d\u2019un programme de radio et convoqu\u00e9 le Directeur g\u00e9n\u00e9ral","og_url":"https:\/\/mfwa.org\/fr\/guinee-bissau-procureur-annule-programme-de-radio-convoque-le-directeur-general-de-la-radio-nationale\/","og_site_name":"Media Foundation For West Africa","article_publisher":"https:\/\/www.facebook.com\/themfwa","article_published_time":"2015-12-08T11:16:01+00:00","article_modified_time":"2016-01-11T11:22:17+00:00","author":"Vivian Affoah","twitter_card":"summary_large_image","twitter_creator":"@TheMFWA","twitter_site":"@TheMFWA","twitter_misc":{"Written by":"Vivian Affoah","Est. reading time":"1 minute"},"schema":{"@context":"https:\/\/schema.org","@graph":[{"@type":"Article","@id":"https:\/\/mfwa.org\/fr\/guinee-bissau-procureur-annule-programme-de-radio-convoque-le-directeur-general-de-la-radio-nationale\/#article","isPartOf":{"@id":"https:\/\/mfwa.org\/fr\/guinee-bissau-procureur-annule-programme-de-radio-convoque-le-directeur-general-de-la-radio-nationale\/"},"author":{"name":"Vivian Affoah","@id":"https:\/\/mfwa.org\/#\/schema\/person\/6a1a8151b41fab6317c9544da609a96b"},"headline":"Guin\u00e9e Bissau: Procureur Annule Programme de Radio, Convoque le Directeur G\u00e9n\u00e9ral de la Radio Nationale","datePublished":"2015-12-08T11:16:01+00:00","dateModified":"2016-01-11T11:22:17+00:00","mainEntityOfPage":{"@id":"https:\/\/mfwa.org\/fr\/guinee-bissau-procureur-annule-programme-de-radio-convoque-le-directeur-general-de-la-radio-nationale\/"},"wordCount":292,"publisher":{"@id":"https:\/\/mfwa.org\/#organization"},"articleSection":["Les violations de la libre expression"],"inLanguage":"fr-FR"},{"@type":"WebPage","@id":"https:\/\/mfwa.org\/fr\/guinee-bissau-procureur-annule-programme-de-radio-convoque-le-directeur-general-de-la-radio-nationale\/","url":"https:\/\/mfwa.org\/fr\/guinee-bissau-procureur-annule-programme-de-radio-convoque-le-directeur-general-de-la-radio-nationale\/","name":"Guin\u00e9e Bissau: Procureur Annule Programme de Radio, Convoque le Directeur G\u00e9n\u00e9ral de la Radio Nationale - Media Foundation For West Africa","isPartOf":{"@id":"https:\/\/mfwa.org\/#website"},"datePublished":"2015-12-08T11:16:01+00:00","dateModified":"2016-01-11T11:22:17+00:00","breadcrumb":{"@id":"https:\/\/mfwa.org\/fr\/guinee-bissau-procureur-annule-programme-de-radio-convoque-le-directeur-general-de-la-radio-nationale\/#breadcrumb"},"inLanguage":"fr-FR","potentialAction":[{"@type":"ReadAction","target":["https:\/\/mfwa.org\/fr\/guinee-bissau-procureur-annule-programme-de-radio-convoque-le-directeur-general-de-la-radio-nationale\/"]}]},{"@type":"BreadcrumbList","@id":"https:\/\/mfwa.org\/fr\/guinee-bissau-procureur-annule-programme-de-radio-convoque-le-directeur-general-de-la-radio-nationale\/#breadcrumb","itemListElement":[{"@type":"ListItem","position":1,"name":"Home","item":"https:\/\/mfwa.org\/fr\/"},{"@type":"ListItem","position":2,"name":"Guin\u00e9e Bissau: Procureur Annule Programme de Radio, Convoque le Directeur G\u00e9n\u00e9ral de la Radio Nationale"}]},{"@type":"WebSite","@id":"https:\/\/mfwa.org\/#website","url":"https:\/\/mfwa.org\/","name":"Media Foundation For West Africa","description":"Promoting Freedom of Expression and Democracy in West Africa","publisher":{"@id":"https:\/\/mfwa.org\/#organization"},"potentialAction":[{"@type":"SearchAction","target":{"@type":"EntryPoint","urlTemplate":"https:\/\/mfwa.org\/?s={search_term_string}"},"query-input":{"@type":"PropertyValueSpecification","valueRequired":true,"valueName":"search_term_string"}}],"inLanguage":"fr-FR"},{"@type":"Organization","@id":"https:\/\/mfwa.org\/#organization","name":"Media Foundation for West Africa","url":"https:\/\/mfwa.org\/","logo":{"@type":"ImageObject","inLanguage":"fr-FR","@id":"https:\/\/mfwa.org\/#\/schema\/logo\/image\/","url":"https:\/\/www.mfwa.org\/wp-content\/uploads\/2016\/06\/MFWA-LOGO.png","contentUrl":"https:\/\/www.mfwa.org\/wp-content\/uploads\/2016\/06\/MFWA-LOGO.png","width":180,"height":180,"caption":"Media Foundation for West Africa"},"image":{"@id":"https:\/\/mfwa.org\/#\/schema\/logo\/image\/"},"sameAs":["https:\/\/www.facebook.com\/themfwa","https:\/\/x.com\/TheMFWA","https:\/\/www.youtube.com\/channel\/UCF6HrPuXcV1K1Ed8AAq4Rdw"]},{"@type":"Person","@id":"https:\/\/mfwa.org\/#\/schema\/person\/6a1a8151b41fab6317c9544da609a96b","name":"Vivian Affoah","image":{"@type":"ImageObject","inLanguage":"fr-FR","@id":"https:\/\/secure.gravatar.com\/avatar\/ddf6c5c2ef2f35c978196ce314f9b81dba2ec548b12806a3acbe02e2360d7e63?s=96&d=mm&r=g","url":"https:\/\/secure.gravatar.com\/avatar\/ddf6c5c2ef2f35c978196ce314f9b81dba2ec548b12806a3acbe02e2360d7e63?s=96&d=mm&r=g","contentUrl":"https:\/\/secure.gravatar.com\/avatar\/ddf6c5c2ef2f35c978196ce314f9b81dba2ec548b12806a3acbe02e2360d7e63?s=96&d=mm&r=g","caption":"Vivian Affoah"},"sameAs":["http:\/\/www.mfwa.org"],"url":"https:\/\/mfwa.org\/fr\/author\/vivian\/"}]}},"_links":{"self":[{"href":"https:\/\/mfwa.org\/fr\/wp-json\/wp\/v2\/posts\/4874","targetHints":{"allow":["GET"]}}],"collection":[{"href":"https:\/\/mfwa.org\/fr\/wp-json\/wp\/v2\/posts"}],"about":[{"href":"https:\/\/mfwa.org\/fr\/wp-json\/wp\/v2\/types\/post"}],"author":[{"embeddable":true,"href":"https:\/\/mfwa.org\/fr\/wp-json\/wp\/v2\/users\/2"}],"replies":[{"embeddable":true,"href":"https:\/\/mfwa.org\/fr\/wp-json\/wp\/v2\/comments?post=4874"}],"version-history":[{"count":0,"href":"https:\/\/mfwa.org\/fr\/wp-json\/wp\/v2\/posts\/4874\/revisions"}],"wp:attachment":[{"href":"https:\/\/mfwa.org\/fr\/wp-json\/wp\/v2\/media?parent=4874"}],"wp:term":[{"taxonomy":"category","embeddable":true,"href":"https:\/\/mfwa.org\/fr\/wp-json\/wp\/v2\/categories?post=4874"},{"taxonomy":"post_tag","embeddable":true,"href":"https:\/\/mfwa.org\/fr\/wp-json\/wp\/v2\/tags?post=4874"},{"taxonomy":"country","embeddable":true,"href":"https:\/\/mfwa.org\/fr\/wp-json\/wp\/v2\/country?post=4874"},{"taxonomy":"staff-position","embeddable":true,"href":"https:\/\/mfwa.org\/fr\/wp-json\/wp\/v2\/staff-position?post=4874"},{"taxonomy":"opportunity-category","embeddable":true,"href":"https:\/\/mfwa.org\/fr\/wp-json\/wp\/v2\/opportunity-category?post=4874"}],"curies":[{"name":"wp","href":"https:\/\/api.w.org\/{rel}","templated":true}]}}