{"id":4662,"date":"2004-08-18T20:33:44","date_gmt":"2004-08-18T20:33:44","guid":{"rendered":"http:\/\/www.mfwa.org\/?p=4662"},"modified":"2015-12-31T20:36:35","modified_gmt":"2015-12-31T20:36:35","slug":"alerte-nigeria-journaliste-frappes-par-des-policiers","status":"publish","type":"post","link":"https:\/\/mfwa.org\/fr\/alerte-nigeria-journaliste-frappes-par-des-policiers\/","title":{"rendered":"ALERTE Nigeria\u00a0 : Journaliste frapp\u00e9s par des policiers"},"content":{"rendered":"<p style=\"text-align: justify;\">Huit journalistes de plusieurs organes de presse ont \u00e9t\u00e9 frapp\u00e9s par des policiers au d\u00e9p\u00f4t de la Soci\u00e9t\u00e9 Nationale de P\u00e9trole du Nigeria (NNPC) \u00e0 Ibadan, la capitale de l\u2019Etat d\u2019Oyo, Sud-Ouest du Nigeria. Les journalistes \u00e9taient venus pour \u00e9valuer l\u2019ampleur des d\u00e9g\u00e2ts caus\u00e9s par l\u2019incendie qui s\u2019est produit au d\u00e9p\u00f4t de carburants.<\/p>\n<p style=\"text-align: justify;\">Les Journalistes qui se sont rendus\u00a0 au d\u00e9p\u00f4t ont constat\u00e9 que le chef de d\u00e9p\u00f4t aurait donn\u00e9 des ordres interdisant l\u2019entr\u00e9e aux journalistes dans les locaux.<\/p>\n<p style=\"text-align: justify;\">Un des responsables de la s\u00e9curit\u00e9 avait ordonn\u00e9 aux journalistes de quitter les locaux et menac\u00e9 de mort tout celui qui y reviendrait.<\/p>\n<p style=\"text-align: justify;\">Suite \u00e0 l\u2019incident, la section de l\u2019Etat d\u2019Oyo de l\u2019Union des Journalistes du Nigeria (NUJ) a r\u00e9dig\u00e9 une p\u00e9tition\u00a0 contre le commissaire de la Police de l\u2019Etat, Moses Anegbode, condamnant l\u2019action de la Police et exigeant une enqu\u00eate sur l\u2019affaire, en vue d\u2019amener les coupables \u00e0 rendre compte. La lettre sign\u00e9e par M. Sola Adegemo soulignait que si les coupables restaient impunis, cela repr\u00e9senterait un s\u00e9rieux danger pour la vie des journalistes de l\u2019Etat.<\/p>\n","protected":false},"excerpt":{"rendered":"<p>Huit journalistes de plusieurs organes de presse ont \u00e9t\u00e9 frapp\u00e9s par des policiers au d\u00e9p\u00f4t de la Soci\u00e9t\u00e9<\/p>\n","protected":false},"author":2,"featured_media":0,"comment_status":"closed","ping_status":"closed","sticky":false,"template":"","format":"standard","meta":{"footnotes":""},"categories":[254],"tags":[],"country":[250],"staff-position":[],"opportunity-category":[],"class_list":["post-4662","post","type-post","status-publish","format-standard","hentry","category-free-expression-violations-fr","country-nigeria-fr"],"yoast_head":"<!-- This site is optimized with the Yoast SEO plugin v27.5 - https:\/\/yoast.com\/product\/yoast-seo-wordpress\/ -->\n<title>ALERTE Nigeria\u00a0 : Journaliste frapp\u00e9s par des policiers - Media Foundation For West Africa<\/title>\n<meta name=\"robots\" content=\"index, follow, max-snippet:-1, max-image-preview:large, max-video-preview:-1\" \/>\n<link rel=\"canonical\" href=\"https:\/\/mfwa.org\/fr\/alerte-nigeria-journaliste-frappes-par-des-policiers\/\" \/>\n<meta property=\"og:locale\" content=\"fr_FR\" \/>\n<meta property=\"og:type\" content=\"article\" \/>\n<meta property=\"og:title\" content=\"ALERTE Nigeria\u00a0 : Journaliste frapp\u00e9s par des policiers - Media Foundation For West Africa\" \/>\n<meta property=\"og:description\" content=\"Huit journalistes de plusieurs organes de presse ont \u00e9t\u00e9 frapp\u00e9s par des policiers au d\u00e9p\u00f4t de la Soci\u00e9t\u00e9\" \/>\n<meta property=\"og:url\" content=\"https:\/\/mfwa.org\/fr\/alerte-nigeria-journaliste-frappes-par-des-policiers\/\" \/>\n<meta property=\"og:site_name\" content=\"Media Foundation For West Africa\" \/>\n<meta property=\"article:publisher\" content=\"https:\/\/www.facebook.com\/themfwa\" \/>\n<meta property=\"article:published_time\" content=\"2004-08-18T20:33:44+00:00\" \/>\n<meta property=\"article:modified_time\" content=\"2015-12-31T20:36:35+00:00\" \/>\n<meta name=\"author\" content=\"Vivian Affoah\" \/>\n<meta name=\"twitter:card\" content=\"summary_large_image\" \/>\n<meta name=\"twitter:creator\" content=\"@TheMFWA\" \/>\n<meta name=\"twitter:site\" content=\"@TheMFWA\" \/>\n<meta name=\"twitter:label1\" content=\"Written by\" \/>\n\t<meta name=\"twitter:data1\" content=\"Vivian Affoah\" \/>\n\t<meta name=\"twitter:label2\" content=\"Est. reading time\" \/>\n\t<meta name=\"twitter:data2\" content=\"1 minute\" \/>\n<script type=\"application\/ld+json\" class=\"yoast-schema-graph\">{\"@context\":\"https:\\\/\\\/schema.org\",\"@graph\":[{\"@type\":\"Article\",\"@id\":\"https:\\\/\\\/mfwa.org\\\/fr\\\/alerte-nigeria-journaliste-frappes-par-des-policiers\\\/#article\",\"isPartOf\":{\"@id\":\"https:\\\/\\\/mfwa.org\\\/fr\\\/alerte-nigeria-journaliste-frappes-par-des-policiers\\\/\"},\"author\":{\"name\":\"Vivian Affoah\",\"@id\":\"https:\\\/\\\/mfwa.org\\\/#\\\/schema\\\/person\\\/6a1a8151b41fab6317c9544da609a96b\"},\"headline\":\"ALERTE Nigeria\u00a0 : Journaliste frapp\u00e9s par des policiers\",\"datePublished\":\"2004-08-18T20:33:44+00:00\",\"dateModified\":\"2015-12-31T20:36:35+00:00\",\"mainEntityOfPage\":{\"@id\":\"https:\\\/\\\/mfwa.org\\\/fr\\\/alerte-nigeria-journaliste-frappes-par-des-policiers\\\/\"},\"wordCount\":218,\"publisher\":{\"@id\":\"https:\\\/\\\/mfwa.org\\\/#organization\"},\"articleSection\":[\"Les violations de la libre expression\"],\"inLanguage\":\"fr-FR\"},{\"@type\":\"WebPage\",\"@id\":\"https:\\\/\\\/mfwa.org\\\/fr\\\/alerte-nigeria-journaliste-frappes-par-des-policiers\\\/\",\"url\":\"https:\\\/\\\/mfwa.org\\\/fr\\\/alerte-nigeria-journaliste-frappes-par-des-policiers\\\/\",\"name\":\"ALERTE Nigeria\u00a0 : Journaliste frapp\u00e9s par des policiers - Media Foundation For West Africa\",\"isPartOf\":{\"@id\":\"https:\\\/\\\/mfwa.org\\\/#website\"},\"datePublished\":\"2004-08-18T20:33:44+00:00\",\"dateModified\":\"2015-12-31T20:36:35+00:00\",\"breadcrumb\":{\"@id\":\"https:\\\/\\\/mfwa.org\\\/fr\\\/alerte-nigeria-journaliste-frappes-par-des-policiers\\\/#breadcrumb\"},\"inLanguage\":\"fr-FR\",\"potentialAction\":[{\"@type\":\"ReadAction\",\"target\":[\"https:\\\/\\\/mfwa.org\\\/fr\\\/alerte-nigeria-journaliste-frappes-par-des-policiers\\\/\"]}]},{\"@type\":\"BreadcrumbList\",\"@id\":\"https:\\\/\\\/mfwa.org\\\/fr\\\/alerte-nigeria-journaliste-frappes-par-des-policiers\\\/#breadcrumb\",\"itemListElement\":[{\"@type\":\"ListItem\",\"position\":1,\"name\":\"Home\",\"item\":\"https:\\\/\\\/mfwa.org\\\/fr\\\/\"},{\"@type\":\"ListItem\",\"position\":2,\"name\":\"ALERTE Nigeria\u00a0 : Journaliste frapp\u00e9s par des policiers\"}]},{\"@type\":\"WebSite\",\"@id\":\"https:\\\/\\\/mfwa.org\\\/#website\",\"url\":\"https:\\\/\\\/mfwa.org\\\/\",\"name\":\"Media Foundation For West Africa\",\"description\":\"Promoting Freedom of Expression and Democracy in West Africa\",\"publisher\":{\"@id\":\"https:\\\/\\\/mfwa.org\\\/#organization\"},\"potentialAction\":[{\"@type\":\"SearchAction\",\"target\":{\"@type\":\"EntryPoint\",\"urlTemplate\":\"https:\\\/\\\/mfwa.org\\\/?s={search_term_string}\"},\"query-input\":{\"@type\":\"PropertyValueSpecification\",\"valueRequired\":true,\"valueName\":\"search_term_string\"}}],\"inLanguage\":\"fr-FR\"},{\"@type\":\"Organization\",\"@id\":\"https:\\\/\\\/mfwa.org\\\/#organization\",\"name\":\"Media Foundation for West Africa\",\"url\":\"https:\\\/\\\/mfwa.org\\\/\",\"logo\":{\"@type\":\"ImageObject\",\"inLanguage\":\"fr-FR\",\"@id\":\"https:\\\/\\\/mfwa.org\\\/#\\\/schema\\\/logo\\\/image\\\/\",\"url\":\"https:\\\/\\\/www.mfwa.org\\\/wp-content\\\/uploads\\\/2016\\\/06\\\/MFWA-LOGO.png\",\"contentUrl\":\"https:\\\/\\\/www.mfwa.org\\\/wp-content\\\/uploads\\\/2016\\\/06\\\/MFWA-LOGO.png\",\"width\":180,\"height\":180,\"caption\":\"Media Foundation for West Africa\"},\"image\":{\"@id\":\"https:\\\/\\\/mfwa.org\\\/#\\\/schema\\\/logo\\\/image\\\/\"},\"sameAs\":[\"https:\\\/\\\/www.facebook.com\\\/themfwa\",\"https:\\\/\\\/x.com\\\/TheMFWA\",\"https:\\\/\\\/www.youtube.com\\\/channel\\\/UCF6HrPuXcV1K1Ed8AAq4Rdw\"]},{\"@type\":\"Person\",\"@id\":\"https:\\\/\\\/mfwa.org\\\/#\\\/schema\\\/person\\\/6a1a8151b41fab6317c9544da609a96b\",\"name\":\"Vivian Affoah\",\"image\":{\"@type\":\"ImageObject\",\"inLanguage\":\"fr-FR\",\"@id\":\"https:\\\/\\\/secure.gravatar.com\\\/avatar\\\/ddf6c5c2ef2f35c978196ce314f9b81dba2ec548b12806a3acbe02e2360d7e63?s=96&d=mm&r=g\",\"url\":\"https:\\\/\\\/secure.gravatar.com\\\/avatar\\\/ddf6c5c2ef2f35c978196ce314f9b81dba2ec548b12806a3acbe02e2360d7e63?s=96&d=mm&r=g\",\"contentUrl\":\"https:\\\/\\\/secure.gravatar.com\\\/avatar\\\/ddf6c5c2ef2f35c978196ce314f9b81dba2ec548b12806a3acbe02e2360d7e63?s=96&d=mm&r=g\",\"caption\":\"Vivian Affoah\"},\"sameAs\":[\"http:\\\/\\\/www.mfwa.org\"],\"url\":\"https:\\\/\\\/mfwa.org\\\/fr\\\/author\\\/vivian\\\/\"}]}<\/script>\n<!-- \/ Yoast SEO plugin. -->","yoast_head_json":{"title":"ALERTE Nigeria\u00a0 : Journaliste frapp\u00e9s par des policiers - Media Foundation For West Africa","robots":{"index":"index","follow":"follow","max-snippet":"max-snippet:-1","max-image-preview":"max-image-preview:large","max-video-preview":"max-video-preview:-1"},"canonical":"https:\/\/mfwa.org\/fr\/alerte-nigeria-journaliste-frappes-par-des-policiers\/","og_locale":"fr_FR","og_type":"article","og_title":"ALERTE Nigeria\u00a0 : Journaliste frapp\u00e9s par des policiers - Media Foundation For West Africa","og_description":"Huit journalistes de plusieurs organes de presse ont \u00e9t\u00e9 frapp\u00e9s par des policiers au d\u00e9p\u00f4t de la Soci\u00e9t\u00e9","og_url":"https:\/\/mfwa.org\/fr\/alerte-nigeria-journaliste-frappes-par-des-policiers\/","og_site_name":"Media Foundation For West Africa","article_publisher":"https:\/\/www.facebook.com\/themfwa","article_published_time":"2004-08-18T20:33:44+00:00","article_modified_time":"2015-12-31T20:36:35+00:00","author":"Vivian Affoah","twitter_card":"summary_large_image","twitter_creator":"@TheMFWA","twitter_site":"@TheMFWA","twitter_misc":{"Written by":"Vivian Affoah","Est. reading time":"1 minute"},"schema":{"@context":"https:\/\/schema.org","@graph":[{"@type":"Article","@id":"https:\/\/mfwa.org\/fr\/alerte-nigeria-journaliste-frappes-par-des-policiers\/#article","isPartOf":{"@id":"https:\/\/mfwa.org\/fr\/alerte-nigeria-journaliste-frappes-par-des-policiers\/"},"author":{"name":"Vivian Affoah","@id":"https:\/\/mfwa.org\/#\/schema\/person\/6a1a8151b41fab6317c9544da609a96b"},"headline":"ALERTE Nigeria\u00a0 : Journaliste frapp\u00e9s par des policiers","datePublished":"2004-08-18T20:33:44+00:00","dateModified":"2015-12-31T20:36:35+00:00","mainEntityOfPage":{"@id":"https:\/\/mfwa.org\/fr\/alerte-nigeria-journaliste-frappes-par-des-policiers\/"},"wordCount":218,"publisher":{"@id":"https:\/\/mfwa.org\/#organization"},"articleSection":["Les violations de la libre expression"],"inLanguage":"fr-FR"},{"@type":"WebPage","@id":"https:\/\/mfwa.org\/fr\/alerte-nigeria-journaliste-frappes-par-des-policiers\/","url":"https:\/\/mfwa.org\/fr\/alerte-nigeria-journaliste-frappes-par-des-policiers\/","name":"ALERTE Nigeria\u00a0 : Journaliste frapp\u00e9s par des policiers - Media Foundation For West Africa","isPartOf":{"@id":"https:\/\/mfwa.org\/#website"},"datePublished":"2004-08-18T20:33:44+00:00","dateModified":"2015-12-31T20:36:35+00:00","breadcrumb":{"@id":"https:\/\/mfwa.org\/fr\/alerte-nigeria-journaliste-frappes-par-des-policiers\/#breadcrumb"},"inLanguage":"fr-FR","potentialAction":[{"@type":"ReadAction","target":["https:\/\/mfwa.org\/fr\/alerte-nigeria-journaliste-frappes-par-des-policiers\/"]}]},{"@type":"BreadcrumbList","@id":"https:\/\/mfwa.org\/fr\/alerte-nigeria-journaliste-frappes-par-des-policiers\/#breadcrumb","itemListElement":[{"@type":"ListItem","position":1,"name":"Home","item":"https:\/\/mfwa.org\/fr\/"},{"@type":"ListItem","position":2,"name":"ALERTE Nigeria\u00a0 : Journaliste frapp\u00e9s par des policiers"}]},{"@type":"WebSite","@id":"https:\/\/mfwa.org\/#website","url":"https:\/\/mfwa.org\/","name":"Media Foundation For West Africa","description":"Promoting Freedom of Expression and Democracy in West Africa","publisher":{"@id":"https:\/\/mfwa.org\/#organization"},"potentialAction":[{"@type":"SearchAction","target":{"@type":"EntryPoint","urlTemplate":"https:\/\/mfwa.org\/?s={search_term_string}"},"query-input":{"@type":"PropertyValueSpecification","valueRequired":true,"valueName":"search_term_string"}}],"inLanguage":"fr-FR"},{"@type":"Organization","@id":"https:\/\/mfwa.org\/#organization","name":"Media Foundation for West Africa","url":"https:\/\/mfwa.org\/","logo":{"@type":"ImageObject","inLanguage":"fr-FR","@id":"https:\/\/mfwa.org\/#\/schema\/logo\/image\/","url":"https:\/\/www.mfwa.org\/wp-content\/uploads\/2016\/06\/MFWA-LOGO.png","contentUrl":"https:\/\/www.mfwa.org\/wp-content\/uploads\/2016\/06\/MFWA-LOGO.png","width":180,"height":180,"caption":"Media Foundation for West Africa"},"image":{"@id":"https:\/\/mfwa.org\/#\/schema\/logo\/image\/"},"sameAs":["https:\/\/www.facebook.com\/themfwa","https:\/\/x.com\/TheMFWA","https:\/\/www.youtube.com\/channel\/UCF6HrPuXcV1K1Ed8AAq4Rdw"]},{"@type":"Person","@id":"https:\/\/mfwa.org\/#\/schema\/person\/6a1a8151b41fab6317c9544da609a96b","name":"Vivian Affoah","image":{"@type":"ImageObject","inLanguage":"fr-FR","@id":"https:\/\/secure.gravatar.com\/avatar\/ddf6c5c2ef2f35c978196ce314f9b81dba2ec548b12806a3acbe02e2360d7e63?s=96&d=mm&r=g","url":"https:\/\/secure.gravatar.com\/avatar\/ddf6c5c2ef2f35c978196ce314f9b81dba2ec548b12806a3acbe02e2360d7e63?s=96&d=mm&r=g","contentUrl":"https:\/\/secure.gravatar.com\/avatar\/ddf6c5c2ef2f35c978196ce314f9b81dba2ec548b12806a3acbe02e2360d7e63?s=96&d=mm&r=g","caption":"Vivian Affoah"},"sameAs":["http:\/\/www.mfwa.org"],"url":"https:\/\/mfwa.org\/fr\/author\/vivian\/"}]}},"_links":{"self":[{"href":"https:\/\/mfwa.org\/fr\/wp-json\/wp\/v2\/posts\/4662","targetHints":{"allow":["GET"]}}],"collection":[{"href":"https:\/\/mfwa.org\/fr\/wp-json\/wp\/v2\/posts"}],"about":[{"href":"https:\/\/mfwa.org\/fr\/wp-json\/wp\/v2\/types\/post"}],"author":[{"embeddable":true,"href":"https:\/\/mfwa.org\/fr\/wp-json\/wp\/v2\/users\/2"}],"replies":[{"embeddable":true,"href":"https:\/\/mfwa.org\/fr\/wp-json\/wp\/v2\/comments?post=4662"}],"version-history":[{"count":0,"href":"https:\/\/mfwa.org\/fr\/wp-json\/wp\/v2\/posts\/4662\/revisions"}],"wp:attachment":[{"href":"https:\/\/mfwa.org\/fr\/wp-json\/wp\/v2\/media?parent=4662"}],"wp:term":[{"taxonomy":"category","embeddable":true,"href":"https:\/\/mfwa.org\/fr\/wp-json\/wp\/v2\/categories?post=4662"},{"taxonomy":"post_tag","embeddable":true,"href":"https:\/\/mfwa.org\/fr\/wp-json\/wp\/v2\/tags?post=4662"},{"taxonomy":"country","embeddable":true,"href":"https:\/\/mfwa.org\/fr\/wp-json\/wp\/v2\/country?post=4662"},{"taxonomy":"staff-position","embeddable":true,"href":"https:\/\/mfwa.org\/fr\/wp-json\/wp\/v2\/staff-position?post=4662"},{"taxonomy":"opportunity-category","embeddable":true,"href":"https:\/\/mfwa.org\/fr\/wp-json\/wp\/v2\/opportunity-category?post=4662"}],"curies":[{"name":"wp","href":"https:\/\/api.w.org\/{rel}","templated":true}]}}