{"id":4641,"date":"2004-05-30T19:59:22","date_gmt":"2004-05-30T19:59:22","guid":{"rendered":"http:\/\/www.mfwa.org\/?p=4641"},"modified":"2015-12-31T20:01:20","modified_gmt":"2015-12-31T20:01:20","slug":"alerte-nigeria-les-vendeurs-de-journaux-se-plaignent-de-larrestation-et-de-la-detention-prolongee-de-leurs-membres","status":"publish","type":"post","link":"https:\/\/mfwa.org\/fr\/alerte-nigeria-les-vendeurs-de-journaux-se-plaignent-de-larrestation-et-de-la-detention-prolongee-de-leurs-membres\/","title":{"rendered":"ALERTE Nigeria\u00a0: Les vendeurs de journaux se plaignent de l\u2019arrestation et\u00a0 de la d\u00e9tention prolong\u00e9e de leurs membres"},"content":{"rendered":"<p style=\"text-align: justify;\">La branche de l\u2019Etat l\u2019Abia de l\u2018Association des distributeurs de magazine et de journaux proteste contre les arrestations incessantes et la d\u00e9tention continue de ses membres par la police \u00e0 Aba, dans l\u2019Etat d\u2019Abia, Sud-est du Nigeria. Le Pr\u00e9sident et le Secr\u00e9taire de l\u2019Association, Davidson Nwakuba et Obike Onuegbu ont r\u00e9v\u00e9l\u00e9, dans une d\u00e9claration, que leurs membres avaient \u00e9t\u00e9 arbitrairement arr\u00eat\u00e9s et d\u00e9tenus par des officiers du Poste de Police Central de Aba, pour avoir vendu des journaux et des magazines qui diffusaient des nouvelles sur le Biafra.<\/p>\n<p style=\"text-align: justify;\">Les membres Geoffrey Nwachukwa, Chukwueke Ekeama et Therese Olubueze furent plus tard accus\u00e9s de r\u00e9unions ill\u00e9gales et refus\u00e9s la mise en libert\u00e9 sous caution.<\/p>\n<p style=\"text-align: justify;\">L\u2019association a r\u00e9v\u00e9l\u00e9 que la Police avait d\u00e9clar\u00e9 une guerre totale aux distributeurs et vendeurs d\u2019Aba qui vendait des journaux et magazines contenant des informations sur le Biafra.<\/p>\n","protected":false},"excerpt":{"rendered":"<p>La branche de l\u2019Etat l\u2019Abia de l\u2018Association des distributeurs de magazine et de journaux proteste contre les arrestations<\/p>\n","protected":false},"author":2,"featured_media":0,"comment_status":"closed","ping_status":"closed","sticky":false,"template":"","format":"standard","meta":{"footnotes":""},"categories":[254],"tags":[],"country":[250],"staff-position":[],"opportunity-category":[],"class_list":["post-4641","post","type-post","status-publish","format-standard","hentry","category-free-expression-violations-fr","country-nigeria-fr"],"yoast_head":"<!-- This site is optimized with the Yoast SEO plugin v27.5 - https:\/\/yoast.com\/product\/yoast-seo-wordpress\/ -->\n<title>ALERTE Nigeria\u00a0: Les vendeurs de journaux se plaignent de l\u2019arrestation et\u00a0 de la d\u00e9tention prolong\u00e9e de leurs membres - Media Foundation For West Africa<\/title>\n<meta name=\"robots\" content=\"index, follow, max-snippet:-1, max-image-preview:large, max-video-preview:-1\" \/>\n<link rel=\"canonical\" href=\"https:\/\/mfwa.org\/fr\/alerte-nigeria-les-vendeurs-de-journaux-se-plaignent-de-larrestation-et-de-la-detention-prolongee-de-leurs-membres\/\" \/>\n<meta property=\"og:locale\" content=\"fr_FR\" \/>\n<meta property=\"og:type\" content=\"article\" \/>\n<meta property=\"og:title\" content=\"ALERTE Nigeria\u00a0: Les vendeurs de journaux se plaignent de l\u2019arrestation et\u00a0 de la d\u00e9tention prolong\u00e9e de leurs membres - Media Foundation For West Africa\" \/>\n<meta property=\"og:description\" content=\"La branche de l\u2019Etat l\u2019Abia de l\u2018Association des distributeurs de magazine et de journaux proteste contre les arrestations\" \/>\n<meta property=\"og:url\" content=\"https:\/\/mfwa.org\/fr\/alerte-nigeria-les-vendeurs-de-journaux-se-plaignent-de-larrestation-et-de-la-detention-prolongee-de-leurs-membres\/\" \/>\n<meta property=\"og:site_name\" content=\"Media Foundation For West Africa\" \/>\n<meta property=\"article:publisher\" content=\"https:\/\/www.facebook.com\/themfwa\" \/>\n<meta property=\"article:published_time\" content=\"2004-05-30T19:59:22+00:00\" \/>\n<meta property=\"article:modified_time\" content=\"2015-12-31T20:01:20+00:00\" \/>\n<meta name=\"author\" content=\"Vivian Affoah\" \/>\n<meta name=\"twitter:card\" content=\"summary_large_image\" \/>\n<meta name=\"twitter:creator\" content=\"@TheMFWA\" \/>\n<meta name=\"twitter:site\" content=\"@TheMFWA\" \/>\n<meta name=\"twitter:label1\" content=\"Written by\" \/>\n\t<meta name=\"twitter:data1\" content=\"Vivian Affoah\" \/>\n\t<meta name=\"twitter:label2\" content=\"Est. reading time\" \/>\n\t<meta name=\"twitter:data2\" content=\"1 minute\" \/>\n<script type=\"application\/ld+json\" class=\"yoast-schema-graph\">{\"@context\":\"https:\\\/\\\/schema.org\",\"@graph\":[{\"@type\":\"Article\",\"@id\":\"https:\\\/\\\/mfwa.org\\\/fr\\\/alerte-nigeria-les-vendeurs-de-journaux-se-plaignent-de-larrestation-et-de-la-detention-prolongee-de-leurs-membres\\\/#article\",\"isPartOf\":{\"@id\":\"https:\\\/\\\/mfwa.org\\\/fr\\\/alerte-nigeria-les-vendeurs-de-journaux-se-plaignent-de-larrestation-et-de-la-detention-prolongee-de-leurs-membres\\\/\"},\"author\":{\"name\":\"Vivian Affoah\",\"@id\":\"https:\\\/\\\/mfwa.org\\\/#\\\/schema\\\/person\\\/6a1a8151b41fab6317c9544da609a96b\"},\"headline\":\"ALERTE Nigeria\u00a0: Les vendeurs de journaux se plaignent de l\u2019arrestation et\u00a0 de la d\u00e9tention prolong\u00e9e de leurs membres\",\"datePublished\":\"2004-05-30T19:59:22+00:00\",\"dateModified\":\"2015-12-31T20:01:20+00:00\",\"mainEntityOfPage\":{\"@id\":\"https:\\\/\\\/mfwa.org\\\/fr\\\/alerte-nigeria-les-vendeurs-de-journaux-se-plaignent-de-larrestation-et-de-la-detention-prolongee-de-leurs-membres\\\/\"},\"wordCount\":184,\"publisher\":{\"@id\":\"https:\\\/\\\/mfwa.org\\\/#organization\"},\"articleSection\":[\"Les violations de la libre expression\"],\"inLanguage\":\"fr-FR\"},{\"@type\":\"WebPage\",\"@id\":\"https:\\\/\\\/mfwa.org\\\/fr\\\/alerte-nigeria-les-vendeurs-de-journaux-se-plaignent-de-larrestation-et-de-la-detention-prolongee-de-leurs-membres\\\/\",\"url\":\"https:\\\/\\\/mfwa.org\\\/fr\\\/alerte-nigeria-les-vendeurs-de-journaux-se-plaignent-de-larrestation-et-de-la-detention-prolongee-de-leurs-membres\\\/\",\"name\":\"ALERTE Nigeria\u00a0: Les vendeurs de journaux se plaignent de l\u2019arrestation et\u00a0 de la d\u00e9tention prolong\u00e9e de leurs membres - Media Foundation For West Africa\",\"isPartOf\":{\"@id\":\"https:\\\/\\\/mfwa.org\\\/#website\"},\"datePublished\":\"2004-05-30T19:59:22+00:00\",\"dateModified\":\"2015-12-31T20:01:20+00:00\",\"breadcrumb\":{\"@id\":\"https:\\\/\\\/mfwa.org\\\/fr\\\/alerte-nigeria-les-vendeurs-de-journaux-se-plaignent-de-larrestation-et-de-la-detention-prolongee-de-leurs-membres\\\/#breadcrumb\"},\"inLanguage\":\"fr-FR\",\"potentialAction\":[{\"@type\":\"ReadAction\",\"target\":[\"https:\\\/\\\/mfwa.org\\\/fr\\\/alerte-nigeria-les-vendeurs-de-journaux-se-plaignent-de-larrestation-et-de-la-detention-prolongee-de-leurs-membres\\\/\"]}]},{\"@type\":\"BreadcrumbList\",\"@id\":\"https:\\\/\\\/mfwa.org\\\/fr\\\/alerte-nigeria-les-vendeurs-de-journaux-se-plaignent-de-larrestation-et-de-la-detention-prolongee-de-leurs-membres\\\/#breadcrumb\",\"itemListElement\":[{\"@type\":\"ListItem\",\"position\":1,\"name\":\"Home\",\"item\":\"https:\\\/\\\/mfwa.org\\\/fr\\\/\"},{\"@type\":\"ListItem\",\"position\":2,\"name\":\"ALERTE Nigeria\u00a0: Les vendeurs de journaux se plaignent de l\u2019arrestation et\u00a0 de la d\u00e9tention prolong\u00e9e de leurs membres\"}]},{\"@type\":\"WebSite\",\"@id\":\"https:\\\/\\\/mfwa.org\\\/#website\",\"url\":\"https:\\\/\\\/mfwa.org\\\/\",\"name\":\"Media Foundation For West Africa\",\"description\":\"Promoting Freedom of Expression and Democracy in West Africa\",\"publisher\":{\"@id\":\"https:\\\/\\\/mfwa.org\\\/#organization\"},\"potentialAction\":[{\"@type\":\"SearchAction\",\"target\":{\"@type\":\"EntryPoint\",\"urlTemplate\":\"https:\\\/\\\/mfwa.org\\\/?s={search_term_string}\"},\"query-input\":{\"@type\":\"PropertyValueSpecification\",\"valueRequired\":true,\"valueName\":\"search_term_string\"}}],\"inLanguage\":\"fr-FR\"},{\"@type\":\"Organization\",\"@id\":\"https:\\\/\\\/mfwa.org\\\/#organization\",\"name\":\"Media Foundation for West Africa\",\"url\":\"https:\\\/\\\/mfwa.org\\\/\",\"logo\":{\"@type\":\"ImageObject\",\"inLanguage\":\"fr-FR\",\"@id\":\"https:\\\/\\\/mfwa.org\\\/#\\\/schema\\\/logo\\\/image\\\/\",\"url\":\"https:\\\/\\\/www.mfwa.org\\\/wp-content\\\/uploads\\\/2016\\\/06\\\/MFWA-LOGO.png\",\"contentUrl\":\"https:\\\/\\\/www.mfwa.org\\\/wp-content\\\/uploads\\\/2016\\\/06\\\/MFWA-LOGO.png\",\"width\":180,\"height\":180,\"caption\":\"Media Foundation for West Africa\"},\"image\":{\"@id\":\"https:\\\/\\\/mfwa.org\\\/#\\\/schema\\\/logo\\\/image\\\/\"},\"sameAs\":[\"https:\\\/\\\/www.facebook.com\\\/themfwa\",\"https:\\\/\\\/x.com\\\/TheMFWA\",\"https:\\\/\\\/www.youtube.com\\\/channel\\\/UCF6HrPuXcV1K1Ed8AAq4Rdw\"]},{\"@type\":\"Person\",\"@id\":\"https:\\\/\\\/mfwa.org\\\/#\\\/schema\\\/person\\\/6a1a8151b41fab6317c9544da609a96b\",\"name\":\"Vivian Affoah\",\"image\":{\"@type\":\"ImageObject\",\"inLanguage\":\"fr-FR\",\"@id\":\"https:\\\/\\\/secure.gravatar.com\\\/avatar\\\/ddf6c5c2ef2f35c978196ce314f9b81dba2ec548b12806a3acbe02e2360d7e63?s=96&d=mm&r=g\",\"url\":\"https:\\\/\\\/secure.gravatar.com\\\/avatar\\\/ddf6c5c2ef2f35c978196ce314f9b81dba2ec548b12806a3acbe02e2360d7e63?s=96&d=mm&r=g\",\"contentUrl\":\"https:\\\/\\\/secure.gravatar.com\\\/avatar\\\/ddf6c5c2ef2f35c978196ce314f9b81dba2ec548b12806a3acbe02e2360d7e63?s=96&d=mm&r=g\",\"caption\":\"Vivian Affoah\"},\"sameAs\":[\"http:\\\/\\\/www.mfwa.org\"],\"url\":\"https:\\\/\\\/mfwa.org\\\/fr\\\/author\\\/vivian\\\/\"}]}<\/script>\n<!-- \/ Yoast SEO plugin. -->","yoast_head_json":{"title":"ALERTE Nigeria\u00a0: Les vendeurs de journaux se plaignent de l\u2019arrestation et\u00a0 de la d\u00e9tention prolong\u00e9e de leurs membres - Media Foundation For West Africa","robots":{"index":"index","follow":"follow","max-snippet":"max-snippet:-1","max-image-preview":"max-image-preview:large","max-video-preview":"max-video-preview:-1"},"canonical":"https:\/\/mfwa.org\/fr\/alerte-nigeria-les-vendeurs-de-journaux-se-plaignent-de-larrestation-et-de-la-detention-prolongee-de-leurs-membres\/","og_locale":"fr_FR","og_type":"article","og_title":"ALERTE Nigeria\u00a0: Les vendeurs de journaux se plaignent de l\u2019arrestation et\u00a0 de la d\u00e9tention prolong\u00e9e de leurs membres - Media Foundation For West Africa","og_description":"La branche de l\u2019Etat l\u2019Abia de l\u2018Association des distributeurs de magazine et de journaux proteste contre les arrestations","og_url":"https:\/\/mfwa.org\/fr\/alerte-nigeria-les-vendeurs-de-journaux-se-plaignent-de-larrestation-et-de-la-detention-prolongee-de-leurs-membres\/","og_site_name":"Media Foundation For West Africa","article_publisher":"https:\/\/www.facebook.com\/themfwa","article_published_time":"2004-05-30T19:59:22+00:00","article_modified_time":"2015-12-31T20:01:20+00:00","author":"Vivian Affoah","twitter_card":"summary_large_image","twitter_creator":"@TheMFWA","twitter_site":"@TheMFWA","twitter_misc":{"Written by":"Vivian Affoah","Est. reading time":"1 minute"},"schema":{"@context":"https:\/\/schema.org","@graph":[{"@type":"Article","@id":"https:\/\/mfwa.org\/fr\/alerte-nigeria-les-vendeurs-de-journaux-se-plaignent-de-larrestation-et-de-la-detention-prolongee-de-leurs-membres\/#article","isPartOf":{"@id":"https:\/\/mfwa.org\/fr\/alerte-nigeria-les-vendeurs-de-journaux-se-plaignent-de-larrestation-et-de-la-detention-prolongee-de-leurs-membres\/"},"author":{"name":"Vivian Affoah","@id":"https:\/\/mfwa.org\/#\/schema\/person\/6a1a8151b41fab6317c9544da609a96b"},"headline":"ALERTE Nigeria\u00a0: Les vendeurs de journaux se plaignent de l\u2019arrestation et\u00a0 de la d\u00e9tention prolong\u00e9e de leurs membres","datePublished":"2004-05-30T19:59:22+00:00","dateModified":"2015-12-31T20:01:20+00:00","mainEntityOfPage":{"@id":"https:\/\/mfwa.org\/fr\/alerte-nigeria-les-vendeurs-de-journaux-se-plaignent-de-larrestation-et-de-la-detention-prolongee-de-leurs-membres\/"},"wordCount":184,"publisher":{"@id":"https:\/\/mfwa.org\/#organization"},"articleSection":["Les violations de la libre expression"],"inLanguage":"fr-FR"},{"@type":"WebPage","@id":"https:\/\/mfwa.org\/fr\/alerte-nigeria-les-vendeurs-de-journaux-se-plaignent-de-larrestation-et-de-la-detention-prolongee-de-leurs-membres\/","url":"https:\/\/mfwa.org\/fr\/alerte-nigeria-les-vendeurs-de-journaux-se-plaignent-de-larrestation-et-de-la-detention-prolongee-de-leurs-membres\/","name":"ALERTE Nigeria\u00a0: Les vendeurs de journaux se plaignent de l\u2019arrestation et\u00a0 de la d\u00e9tention prolong\u00e9e de leurs membres - Media Foundation For West Africa","isPartOf":{"@id":"https:\/\/mfwa.org\/#website"},"datePublished":"2004-05-30T19:59:22+00:00","dateModified":"2015-12-31T20:01:20+00:00","breadcrumb":{"@id":"https:\/\/mfwa.org\/fr\/alerte-nigeria-les-vendeurs-de-journaux-se-plaignent-de-larrestation-et-de-la-detention-prolongee-de-leurs-membres\/#breadcrumb"},"inLanguage":"fr-FR","potentialAction":[{"@type":"ReadAction","target":["https:\/\/mfwa.org\/fr\/alerte-nigeria-les-vendeurs-de-journaux-se-plaignent-de-larrestation-et-de-la-detention-prolongee-de-leurs-membres\/"]}]},{"@type":"BreadcrumbList","@id":"https:\/\/mfwa.org\/fr\/alerte-nigeria-les-vendeurs-de-journaux-se-plaignent-de-larrestation-et-de-la-detention-prolongee-de-leurs-membres\/#breadcrumb","itemListElement":[{"@type":"ListItem","position":1,"name":"Home","item":"https:\/\/mfwa.org\/fr\/"},{"@type":"ListItem","position":2,"name":"ALERTE Nigeria\u00a0: Les vendeurs de journaux se plaignent de l\u2019arrestation et\u00a0 de la d\u00e9tention prolong\u00e9e de leurs membres"}]},{"@type":"WebSite","@id":"https:\/\/mfwa.org\/#website","url":"https:\/\/mfwa.org\/","name":"Media Foundation For West Africa","description":"Promoting Freedom of Expression and Democracy in West Africa","publisher":{"@id":"https:\/\/mfwa.org\/#organization"},"potentialAction":[{"@type":"SearchAction","target":{"@type":"EntryPoint","urlTemplate":"https:\/\/mfwa.org\/?s={search_term_string}"},"query-input":{"@type":"PropertyValueSpecification","valueRequired":true,"valueName":"search_term_string"}}],"inLanguage":"fr-FR"},{"@type":"Organization","@id":"https:\/\/mfwa.org\/#organization","name":"Media Foundation for West Africa","url":"https:\/\/mfwa.org\/","logo":{"@type":"ImageObject","inLanguage":"fr-FR","@id":"https:\/\/mfwa.org\/#\/schema\/logo\/image\/","url":"https:\/\/www.mfwa.org\/wp-content\/uploads\/2016\/06\/MFWA-LOGO.png","contentUrl":"https:\/\/www.mfwa.org\/wp-content\/uploads\/2016\/06\/MFWA-LOGO.png","width":180,"height":180,"caption":"Media Foundation for West Africa"},"image":{"@id":"https:\/\/mfwa.org\/#\/schema\/logo\/image\/"},"sameAs":["https:\/\/www.facebook.com\/themfwa","https:\/\/x.com\/TheMFWA","https:\/\/www.youtube.com\/channel\/UCF6HrPuXcV1K1Ed8AAq4Rdw"]},{"@type":"Person","@id":"https:\/\/mfwa.org\/#\/schema\/person\/6a1a8151b41fab6317c9544da609a96b","name":"Vivian Affoah","image":{"@type":"ImageObject","inLanguage":"fr-FR","@id":"https:\/\/secure.gravatar.com\/avatar\/ddf6c5c2ef2f35c978196ce314f9b81dba2ec548b12806a3acbe02e2360d7e63?s=96&d=mm&r=g","url":"https:\/\/secure.gravatar.com\/avatar\/ddf6c5c2ef2f35c978196ce314f9b81dba2ec548b12806a3acbe02e2360d7e63?s=96&d=mm&r=g","contentUrl":"https:\/\/secure.gravatar.com\/avatar\/ddf6c5c2ef2f35c978196ce314f9b81dba2ec548b12806a3acbe02e2360d7e63?s=96&d=mm&r=g","caption":"Vivian Affoah"},"sameAs":["http:\/\/www.mfwa.org"],"url":"https:\/\/mfwa.org\/fr\/author\/vivian\/"}]}},"_links":{"self":[{"href":"https:\/\/mfwa.org\/fr\/wp-json\/wp\/v2\/posts\/4641","targetHints":{"allow":["GET"]}}],"collection":[{"href":"https:\/\/mfwa.org\/fr\/wp-json\/wp\/v2\/posts"}],"about":[{"href":"https:\/\/mfwa.org\/fr\/wp-json\/wp\/v2\/types\/post"}],"author":[{"embeddable":true,"href":"https:\/\/mfwa.org\/fr\/wp-json\/wp\/v2\/users\/2"}],"replies":[{"embeddable":true,"href":"https:\/\/mfwa.org\/fr\/wp-json\/wp\/v2\/comments?post=4641"}],"version-history":[{"count":0,"href":"https:\/\/mfwa.org\/fr\/wp-json\/wp\/v2\/posts\/4641\/revisions"}],"wp:attachment":[{"href":"https:\/\/mfwa.org\/fr\/wp-json\/wp\/v2\/media?parent=4641"}],"wp:term":[{"taxonomy":"category","embeddable":true,"href":"https:\/\/mfwa.org\/fr\/wp-json\/wp\/v2\/categories?post=4641"},{"taxonomy":"post_tag","embeddable":true,"href":"https:\/\/mfwa.org\/fr\/wp-json\/wp\/v2\/tags?post=4641"},{"taxonomy":"country","embeddable":true,"href":"https:\/\/mfwa.org\/fr\/wp-json\/wp\/v2\/country?post=4641"},{"taxonomy":"staff-position","embeddable":true,"href":"https:\/\/mfwa.org\/fr\/wp-json\/wp\/v2\/staff-position?post=4641"},{"taxonomy":"opportunity-category","embeddable":true,"href":"https:\/\/mfwa.org\/fr\/wp-json\/wp\/v2\/opportunity-category?post=4641"}],"curies":[{"name":"wp","href":"https:\/\/api.w.org\/{rel}","templated":true}]}}