{"id":4615,"date":"2004-02-19T19:14:40","date_gmt":"2004-02-19T19:14:40","guid":{"rendered":"http:\/\/www.mfwa.org\/?p=4615"},"modified":"2015-12-31T19:16:36","modified_gmt":"2015-12-31T19:16:36","slug":"alerte-nigeria-des-correspondants-etrangers-expulses-par-le-gouvernement-federal","status":"publish","type":"post","link":"https:\/\/mfwa.org\/fr\/alerte-nigeria-des-correspondants-etrangers-expulses-par-le-gouvernement-federal\/","title":{"rendered":"ALERTE\u00a0 Nigeria\u00a0 : Des correspondants \u00e9trangers expuls\u00e9s par le gouvernement F\u00e9d\u00e9ral"},"content":{"rendered":"<p style=\"text-align: justify;\">Silvia Sansini, correspondante de la revue <em>\u00a0Forbes<\/em>\u00a0 fut d\u00e9port\u00e9e du pays par le Gouvernement F\u00e9d\u00e9ral. Silvia qui travaillait aussi pour <em>The Economist<\/em>\u00a0 de Londres a \u00e9t\u00e9 accus\u00e9e de continuer de travailler sans visa valide, permis de r\u00e9sidence ou accr\u00e9ditation de presse. Elle fut conduite \u00e0 l\u2019A\u00e9roport International Murtala Mohammed \u00e0 Lagos, sous escorte polici\u00e8re et embarqu\u00e9e dans un vol direct sur Paris.<\/p>\n<p style=\"text-align: justify;\">Le Ministre de l\u2019Information, a dit dans une d\u00e9claration que \u00ab\u00a0Contrairement \u00e0 l\u2019impression qu\u2019on peut avoir, elle n\u2019a pas \u00e9t\u00e9 d\u00e9port\u00e9e \u00e0 cause ses articles sur le Nigeria. Il lui a \u00e9t\u00e9 en fait conseill\u00e9 de quitter le pays \u00e0 cause de son manque de respect flagrant pour les lois de l\u2019immigration du Nigeria et d\u2019un abus exag\u00e9r\u00e9 de son accr\u00e9ditation.\u00a0\u00bb<\/p>\n<p style=\"text-align: justify;\">La journaliste a r\u00e9fut\u00e9 la th\u00e8se de la violation des lois d\u2019immigration du Nigeria. En revanche, Elle a affirm\u00e9 que son expulsion est due au fait qu\u2019elle a rapport\u00e9 qu\u2019un fonctionnaire lui avait demand\u00e9 800 dollars am\u00e9ricains comme pot-de-vin pour r\u00e9gulariser son statut de r\u00e9sidente au Nigeria<\/p>\n","protected":false},"excerpt":{"rendered":"<p>Silvia Sansini, correspondante de la revue \u00a0Forbes\u00a0 fut d\u00e9port\u00e9e du pays par le Gouvernement F\u00e9d\u00e9ral. Silvia qui travaillait<\/p>\n","protected":false},"author":2,"featured_media":0,"comment_status":"closed","ping_status":"closed","sticky":false,"template":"","format":"standard","meta":{"footnotes":""},"categories":[254],"tags":[],"country":[250],"staff-position":[],"opportunity-category":[],"class_list":["post-4615","post","type-post","status-publish","format-standard","hentry","category-free-expression-violations-fr","country-nigeria-fr"],"yoast_head":"<!-- This site is optimized with the Yoast SEO plugin v27.5 - https:\/\/yoast.com\/product\/yoast-seo-wordpress\/ -->\n<title>ALERTE\u00a0 Nigeria\u00a0 : Des correspondants \u00e9trangers expuls\u00e9s par le gouvernement F\u00e9d\u00e9ral - Media Foundation For West Africa<\/title>\n<meta name=\"robots\" content=\"index, follow, max-snippet:-1, max-image-preview:large, max-video-preview:-1\" \/>\n<link rel=\"canonical\" href=\"https:\/\/mfwa.org\/fr\/alerte-nigeria-des-correspondants-etrangers-expulses-par-le-gouvernement-federal\/\" \/>\n<meta property=\"og:locale\" content=\"fr_FR\" \/>\n<meta property=\"og:type\" content=\"article\" \/>\n<meta property=\"og:title\" content=\"ALERTE\u00a0 Nigeria\u00a0 : Des correspondants \u00e9trangers expuls\u00e9s par le gouvernement F\u00e9d\u00e9ral - Media Foundation For West Africa\" \/>\n<meta property=\"og:description\" content=\"Silvia Sansini, correspondante de la revue \u00a0Forbes\u00a0 fut d\u00e9port\u00e9e du pays par le Gouvernement F\u00e9d\u00e9ral. Silvia qui travaillait\" \/>\n<meta property=\"og:url\" content=\"https:\/\/mfwa.org\/fr\/alerte-nigeria-des-correspondants-etrangers-expulses-par-le-gouvernement-federal\/\" \/>\n<meta property=\"og:site_name\" content=\"Media Foundation For West Africa\" \/>\n<meta property=\"article:publisher\" content=\"https:\/\/www.facebook.com\/themfwa\" \/>\n<meta property=\"article:published_time\" content=\"2004-02-19T19:14:40+00:00\" \/>\n<meta property=\"article:modified_time\" content=\"2015-12-31T19:16:36+00:00\" \/>\n<meta name=\"author\" content=\"Vivian Affoah\" \/>\n<meta name=\"twitter:card\" content=\"summary_large_image\" \/>\n<meta name=\"twitter:creator\" content=\"@TheMFWA\" \/>\n<meta name=\"twitter:site\" content=\"@TheMFWA\" \/>\n<meta name=\"twitter:label1\" content=\"Written by\" \/>\n\t<meta name=\"twitter:data1\" content=\"Vivian Affoah\" \/>\n\t<meta name=\"twitter:label2\" content=\"Est. reading time\" \/>\n\t<meta name=\"twitter:data2\" content=\"1 minute\" \/>\n<script type=\"application\/ld+json\" class=\"yoast-schema-graph\">{\"@context\":\"https:\\\/\\\/schema.org\",\"@graph\":[{\"@type\":\"Article\",\"@id\":\"https:\\\/\\\/mfwa.org\\\/fr\\\/alerte-nigeria-des-correspondants-etrangers-expulses-par-le-gouvernement-federal\\\/#article\",\"isPartOf\":{\"@id\":\"https:\\\/\\\/mfwa.org\\\/fr\\\/alerte-nigeria-des-correspondants-etrangers-expulses-par-le-gouvernement-federal\\\/\"},\"author\":{\"name\":\"Vivian Affoah\",\"@id\":\"https:\\\/\\\/mfwa.org\\\/#\\\/schema\\\/person\\\/6a1a8151b41fab6317c9544da609a96b\"},\"headline\":\"ALERTE\u00a0 Nigeria\u00a0 : Des correspondants \u00e9trangers expuls\u00e9s par le gouvernement F\u00e9d\u00e9ral\",\"datePublished\":\"2004-02-19T19:14:40+00:00\",\"dateModified\":\"2015-12-31T19:16:36+00:00\",\"mainEntityOfPage\":{\"@id\":\"https:\\\/\\\/mfwa.org\\\/fr\\\/alerte-nigeria-des-correspondants-etrangers-expulses-par-le-gouvernement-federal\\\/\"},\"wordCount\":207,\"publisher\":{\"@id\":\"https:\\\/\\\/mfwa.org\\\/#organization\"},\"articleSection\":[\"Les violations de la libre expression\"],\"inLanguage\":\"fr-FR\"},{\"@type\":\"WebPage\",\"@id\":\"https:\\\/\\\/mfwa.org\\\/fr\\\/alerte-nigeria-des-correspondants-etrangers-expulses-par-le-gouvernement-federal\\\/\",\"url\":\"https:\\\/\\\/mfwa.org\\\/fr\\\/alerte-nigeria-des-correspondants-etrangers-expulses-par-le-gouvernement-federal\\\/\",\"name\":\"ALERTE\u00a0 Nigeria\u00a0 : Des correspondants \u00e9trangers expuls\u00e9s par le gouvernement F\u00e9d\u00e9ral - Media Foundation For West Africa\",\"isPartOf\":{\"@id\":\"https:\\\/\\\/mfwa.org\\\/#website\"},\"datePublished\":\"2004-02-19T19:14:40+00:00\",\"dateModified\":\"2015-12-31T19:16:36+00:00\",\"breadcrumb\":{\"@id\":\"https:\\\/\\\/mfwa.org\\\/fr\\\/alerte-nigeria-des-correspondants-etrangers-expulses-par-le-gouvernement-federal\\\/#breadcrumb\"},\"inLanguage\":\"fr-FR\",\"potentialAction\":[{\"@type\":\"ReadAction\",\"target\":[\"https:\\\/\\\/mfwa.org\\\/fr\\\/alerte-nigeria-des-correspondants-etrangers-expulses-par-le-gouvernement-federal\\\/\"]}]},{\"@type\":\"BreadcrumbList\",\"@id\":\"https:\\\/\\\/mfwa.org\\\/fr\\\/alerte-nigeria-des-correspondants-etrangers-expulses-par-le-gouvernement-federal\\\/#breadcrumb\",\"itemListElement\":[{\"@type\":\"ListItem\",\"position\":1,\"name\":\"Home\",\"item\":\"https:\\\/\\\/mfwa.org\\\/fr\\\/\"},{\"@type\":\"ListItem\",\"position\":2,\"name\":\"ALERTE\u00a0 Nigeria\u00a0 : Des correspondants \u00e9trangers expuls\u00e9s par le gouvernement F\u00e9d\u00e9ral\"}]},{\"@type\":\"WebSite\",\"@id\":\"https:\\\/\\\/mfwa.org\\\/#website\",\"url\":\"https:\\\/\\\/mfwa.org\\\/\",\"name\":\"Media Foundation For West Africa\",\"description\":\"Promoting Freedom of Expression and Democracy in West Africa\",\"publisher\":{\"@id\":\"https:\\\/\\\/mfwa.org\\\/#organization\"},\"potentialAction\":[{\"@type\":\"SearchAction\",\"target\":{\"@type\":\"EntryPoint\",\"urlTemplate\":\"https:\\\/\\\/mfwa.org\\\/?s={search_term_string}\"},\"query-input\":{\"@type\":\"PropertyValueSpecification\",\"valueRequired\":true,\"valueName\":\"search_term_string\"}}],\"inLanguage\":\"fr-FR\"},{\"@type\":\"Organization\",\"@id\":\"https:\\\/\\\/mfwa.org\\\/#organization\",\"name\":\"Media Foundation for West Africa\",\"url\":\"https:\\\/\\\/mfwa.org\\\/\",\"logo\":{\"@type\":\"ImageObject\",\"inLanguage\":\"fr-FR\",\"@id\":\"https:\\\/\\\/mfwa.org\\\/#\\\/schema\\\/logo\\\/image\\\/\",\"url\":\"https:\\\/\\\/www.mfwa.org\\\/wp-content\\\/uploads\\\/2016\\\/06\\\/MFWA-LOGO.png\",\"contentUrl\":\"https:\\\/\\\/www.mfwa.org\\\/wp-content\\\/uploads\\\/2016\\\/06\\\/MFWA-LOGO.png\",\"width\":180,\"height\":180,\"caption\":\"Media Foundation for West Africa\"},\"image\":{\"@id\":\"https:\\\/\\\/mfwa.org\\\/#\\\/schema\\\/logo\\\/image\\\/\"},\"sameAs\":[\"https:\\\/\\\/www.facebook.com\\\/themfwa\",\"https:\\\/\\\/x.com\\\/TheMFWA\",\"https:\\\/\\\/www.youtube.com\\\/channel\\\/UCF6HrPuXcV1K1Ed8AAq4Rdw\"]},{\"@type\":\"Person\",\"@id\":\"https:\\\/\\\/mfwa.org\\\/#\\\/schema\\\/person\\\/6a1a8151b41fab6317c9544da609a96b\",\"name\":\"Vivian Affoah\",\"image\":{\"@type\":\"ImageObject\",\"inLanguage\":\"fr-FR\",\"@id\":\"https:\\\/\\\/secure.gravatar.com\\\/avatar\\\/ddf6c5c2ef2f35c978196ce314f9b81dba2ec548b12806a3acbe02e2360d7e63?s=96&d=mm&r=g\",\"url\":\"https:\\\/\\\/secure.gravatar.com\\\/avatar\\\/ddf6c5c2ef2f35c978196ce314f9b81dba2ec548b12806a3acbe02e2360d7e63?s=96&d=mm&r=g\",\"contentUrl\":\"https:\\\/\\\/secure.gravatar.com\\\/avatar\\\/ddf6c5c2ef2f35c978196ce314f9b81dba2ec548b12806a3acbe02e2360d7e63?s=96&d=mm&r=g\",\"caption\":\"Vivian Affoah\"},\"sameAs\":[\"http:\\\/\\\/www.mfwa.org\"],\"url\":\"https:\\\/\\\/mfwa.org\\\/fr\\\/author\\\/vivian\\\/\"}]}<\/script>\n<!-- \/ Yoast SEO plugin. -->","yoast_head_json":{"title":"ALERTE\u00a0 Nigeria\u00a0 : Des correspondants \u00e9trangers expuls\u00e9s par le gouvernement F\u00e9d\u00e9ral - Media Foundation For West Africa","robots":{"index":"index","follow":"follow","max-snippet":"max-snippet:-1","max-image-preview":"max-image-preview:large","max-video-preview":"max-video-preview:-1"},"canonical":"https:\/\/mfwa.org\/fr\/alerte-nigeria-des-correspondants-etrangers-expulses-par-le-gouvernement-federal\/","og_locale":"fr_FR","og_type":"article","og_title":"ALERTE\u00a0 Nigeria\u00a0 : Des correspondants \u00e9trangers expuls\u00e9s par le gouvernement F\u00e9d\u00e9ral - Media Foundation For West Africa","og_description":"Silvia Sansini, correspondante de la revue \u00a0Forbes\u00a0 fut d\u00e9port\u00e9e du pays par le Gouvernement F\u00e9d\u00e9ral. Silvia qui travaillait","og_url":"https:\/\/mfwa.org\/fr\/alerte-nigeria-des-correspondants-etrangers-expulses-par-le-gouvernement-federal\/","og_site_name":"Media Foundation For West Africa","article_publisher":"https:\/\/www.facebook.com\/themfwa","article_published_time":"2004-02-19T19:14:40+00:00","article_modified_time":"2015-12-31T19:16:36+00:00","author":"Vivian Affoah","twitter_card":"summary_large_image","twitter_creator":"@TheMFWA","twitter_site":"@TheMFWA","twitter_misc":{"Written by":"Vivian Affoah","Est. reading time":"1 minute"},"schema":{"@context":"https:\/\/schema.org","@graph":[{"@type":"Article","@id":"https:\/\/mfwa.org\/fr\/alerte-nigeria-des-correspondants-etrangers-expulses-par-le-gouvernement-federal\/#article","isPartOf":{"@id":"https:\/\/mfwa.org\/fr\/alerte-nigeria-des-correspondants-etrangers-expulses-par-le-gouvernement-federal\/"},"author":{"name":"Vivian Affoah","@id":"https:\/\/mfwa.org\/#\/schema\/person\/6a1a8151b41fab6317c9544da609a96b"},"headline":"ALERTE\u00a0 Nigeria\u00a0 : Des correspondants \u00e9trangers expuls\u00e9s par le gouvernement F\u00e9d\u00e9ral","datePublished":"2004-02-19T19:14:40+00:00","dateModified":"2015-12-31T19:16:36+00:00","mainEntityOfPage":{"@id":"https:\/\/mfwa.org\/fr\/alerte-nigeria-des-correspondants-etrangers-expulses-par-le-gouvernement-federal\/"},"wordCount":207,"publisher":{"@id":"https:\/\/mfwa.org\/#organization"},"articleSection":["Les violations de la libre expression"],"inLanguage":"fr-FR"},{"@type":"WebPage","@id":"https:\/\/mfwa.org\/fr\/alerte-nigeria-des-correspondants-etrangers-expulses-par-le-gouvernement-federal\/","url":"https:\/\/mfwa.org\/fr\/alerte-nigeria-des-correspondants-etrangers-expulses-par-le-gouvernement-federal\/","name":"ALERTE\u00a0 Nigeria\u00a0 : Des correspondants \u00e9trangers expuls\u00e9s par le gouvernement F\u00e9d\u00e9ral - Media Foundation For West Africa","isPartOf":{"@id":"https:\/\/mfwa.org\/#website"},"datePublished":"2004-02-19T19:14:40+00:00","dateModified":"2015-12-31T19:16:36+00:00","breadcrumb":{"@id":"https:\/\/mfwa.org\/fr\/alerte-nigeria-des-correspondants-etrangers-expulses-par-le-gouvernement-federal\/#breadcrumb"},"inLanguage":"fr-FR","potentialAction":[{"@type":"ReadAction","target":["https:\/\/mfwa.org\/fr\/alerte-nigeria-des-correspondants-etrangers-expulses-par-le-gouvernement-federal\/"]}]},{"@type":"BreadcrumbList","@id":"https:\/\/mfwa.org\/fr\/alerte-nigeria-des-correspondants-etrangers-expulses-par-le-gouvernement-federal\/#breadcrumb","itemListElement":[{"@type":"ListItem","position":1,"name":"Home","item":"https:\/\/mfwa.org\/fr\/"},{"@type":"ListItem","position":2,"name":"ALERTE\u00a0 Nigeria\u00a0 : Des correspondants \u00e9trangers expuls\u00e9s par le gouvernement F\u00e9d\u00e9ral"}]},{"@type":"WebSite","@id":"https:\/\/mfwa.org\/#website","url":"https:\/\/mfwa.org\/","name":"Media Foundation For West Africa","description":"Promoting Freedom of Expression and Democracy in West Africa","publisher":{"@id":"https:\/\/mfwa.org\/#organization"},"potentialAction":[{"@type":"SearchAction","target":{"@type":"EntryPoint","urlTemplate":"https:\/\/mfwa.org\/?s={search_term_string}"},"query-input":{"@type":"PropertyValueSpecification","valueRequired":true,"valueName":"search_term_string"}}],"inLanguage":"fr-FR"},{"@type":"Organization","@id":"https:\/\/mfwa.org\/#organization","name":"Media Foundation for West Africa","url":"https:\/\/mfwa.org\/","logo":{"@type":"ImageObject","inLanguage":"fr-FR","@id":"https:\/\/mfwa.org\/#\/schema\/logo\/image\/","url":"https:\/\/www.mfwa.org\/wp-content\/uploads\/2016\/06\/MFWA-LOGO.png","contentUrl":"https:\/\/www.mfwa.org\/wp-content\/uploads\/2016\/06\/MFWA-LOGO.png","width":180,"height":180,"caption":"Media Foundation for West Africa"},"image":{"@id":"https:\/\/mfwa.org\/#\/schema\/logo\/image\/"},"sameAs":["https:\/\/www.facebook.com\/themfwa","https:\/\/x.com\/TheMFWA","https:\/\/www.youtube.com\/channel\/UCF6HrPuXcV1K1Ed8AAq4Rdw"]},{"@type":"Person","@id":"https:\/\/mfwa.org\/#\/schema\/person\/6a1a8151b41fab6317c9544da609a96b","name":"Vivian Affoah","image":{"@type":"ImageObject","inLanguage":"fr-FR","@id":"https:\/\/secure.gravatar.com\/avatar\/ddf6c5c2ef2f35c978196ce314f9b81dba2ec548b12806a3acbe02e2360d7e63?s=96&d=mm&r=g","url":"https:\/\/secure.gravatar.com\/avatar\/ddf6c5c2ef2f35c978196ce314f9b81dba2ec548b12806a3acbe02e2360d7e63?s=96&d=mm&r=g","contentUrl":"https:\/\/secure.gravatar.com\/avatar\/ddf6c5c2ef2f35c978196ce314f9b81dba2ec548b12806a3acbe02e2360d7e63?s=96&d=mm&r=g","caption":"Vivian Affoah"},"sameAs":["http:\/\/www.mfwa.org"],"url":"https:\/\/mfwa.org\/fr\/author\/vivian\/"}]}},"_links":{"self":[{"href":"https:\/\/mfwa.org\/fr\/wp-json\/wp\/v2\/posts\/4615","targetHints":{"allow":["GET"]}}],"collection":[{"href":"https:\/\/mfwa.org\/fr\/wp-json\/wp\/v2\/posts"}],"about":[{"href":"https:\/\/mfwa.org\/fr\/wp-json\/wp\/v2\/types\/post"}],"author":[{"embeddable":true,"href":"https:\/\/mfwa.org\/fr\/wp-json\/wp\/v2\/users\/2"}],"replies":[{"embeddable":true,"href":"https:\/\/mfwa.org\/fr\/wp-json\/wp\/v2\/comments?post=4615"}],"version-history":[{"count":0,"href":"https:\/\/mfwa.org\/fr\/wp-json\/wp\/v2\/posts\/4615\/revisions"}],"wp:attachment":[{"href":"https:\/\/mfwa.org\/fr\/wp-json\/wp\/v2\/media?parent=4615"}],"wp:term":[{"taxonomy":"category","embeddable":true,"href":"https:\/\/mfwa.org\/fr\/wp-json\/wp\/v2\/categories?post=4615"},{"taxonomy":"post_tag","embeddable":true,"href":"https:\/\/mfwa.org\/fr\/wp-json\/wp\/v2\/tags?post=4615"},{"taxonomy":"country","embeddable":true,"href":"https:\/\/mfwa.org\/fr\/wp-json\/wp\/v2\/country?post=4615"},{"taxonomy":"staff-position","embeddable":true,"href":"https:\/\/mfwa.org\/fr\/wp-json\/wp\/v2\/staff-position?post=4615"},{"taxonomy":"opportunity-category","embeddable":true,"href":"https:\/\/mfwa.org\/fr\/wp-json\/wp\/v2\/opportunity-category?post=4615"}],"curies":[{"name":"wp","href":"https:\/\/api.w.org\/{rel}","templated":true}]}}