{"id":4552,"date":"2005-11-18T15:47:08","date_gmt":"2005-11-18T15:47:08","guid":{"rendered":"http:\/\/www.mfwa.org\/?p=4552"},"modified":"2015-12-29T15:48:57","modified_gmt":"2015-12-29T15:48:57","slug":"alerte-niger-liberte-provisoire-refusee-a-un-directeur-de-publication","status":"publish","type":"post","link":"https:\/\/mfwa.org\/fr\/alerte-niger-liberte-provisoire-refusee-a-un-directeur-de-publication\/","title":{"rendered":"ALERTE \u00a0Niger : Libert\u00e9 provisoire refus\u00e9e \u00e0 un Directeur de publication"},"content":{"rendered":"<p style=\"text-align: justify;\">La demande de libert\u00e9 provisoire formul\u00e9e par l\u2019avocat de Salifou Souma\u00efla Abdoulkarim, Directeur de publication de l\u2019hebdomadaire ind\u00e9pendant, \u201cLe Visionnaire\u201d, a \u00e9t\u00e9 rejet\u00e9e, le 18 novembre 2005, par le tribunal de grande instance de Niamey.<\/p>\n<p style=\"text-align: justify;\">Abdoulkarim, qui\u00a0 fait l\u2019objet d\u2019une poursuite pour avoir diffam\u00e9 Siddo Elhadj, le Tr\u00e9sorier G\u00e9n\u00e9ral du Niger, avait dans l\u2019\u00e9dition No. 12 du 10 au 17 novembre 2005 du journal, publi\u00e9 un article intitul\u00e9 \u201cSiddo Elhadj, le Tr\u00e9sorier G\u00e9n\u00e9ral, bient\u00f4t devant les tribunaux\u201d. L\u2019article laissait entendre que\u00a0 Elhadj avait d\u00e9tourn\u00e9 17 milliards de francs CFA (environ 30 millions de US Dollar) en 7 ans de gestion.<\/p>\n<p style=\"text-align: justify;\">Selon les sources de la Fondation pour les M\u00e9dias en Afrique de l\u2019Ouest (MFWA)-Niger, suite \u00e0 la publication, Elhadj a port\u00e9 plainte aupr\u00e8s de la police et le 12 novembre, le directeur a \u00e9t\u00e9 arr\u00eat\u00e9 et imm\u00e9diatement enferm\u00e9 dans une cellule.<\/p>\n<p style=\"text-align: justify;\">Abdoulkarim est en d\u00e9tention depuis lors et interdit de visite. La police judiciaire a justifi\u00e9 cette interdiction par des mesures de s\u00e9curit\u00e9, arguant que le jour de son arrestation, il avait tent\u00e9 de fuir avant d\u2019\u00eatre rattrap\u00e9 par des \u00e9l\u00e9ments de la police.<\/p>\n<p style=\"text-align: justify;\">Cependant, la requ\u00eate de Zakaria Moussa, l\u2019avocat d\u2019Abdoulkarim pour une suspension du proc\u00e8s afin de lui permettre de bien pr\u00e9parer sa d\u00e9fense a \u00e9t\u00e9 accord\u00e9e. Par cons\u00e9quent,\u00a0 le directeur de publication r\u00e9appara\u00eetra devant le tribunal le 22 novembre.<\/p>\n","protected":false},"excerpt":{"rendered":"<p>La demande de libert\u00e9 provisoire formul\u00e9e par l\u2019avocat de Salifou Souma\u00efla Abdoulkarim, Directeur de publication de l\u2019hebdomadaire ind\u00e9pendant,<\/p>\n","protected":false},"author":2,"featured_media":0,"comment_status":"closed","ping_status":"closed","sticky":false,"template":"","format":"standard","meta":{"footnotes":""},"categories":[254],"tags":[],"country":[249],"staff-position":[],"opportunity-category":[],"class_list":["post-4552","post","type-post","status-publish","format-standard","hentry","category-free-expression-violations-fr","country-niger-fr"],"yoast_head":"<!-- This site is optimized with the Yoast SEO plugin v27.5 - https:\/\/yoast.com\/product\/yoast-seo-wordpress\/ -->\n<title>ALERTE \u00a0Niger : Libert\u00e9 provisoire refus\u00e9e \u00e0 un Directeur de publication - Media Foundation For West Africa<\/title>\n<meta name=\"robots\" content=\"index, follow, max-snippet:-1, max-image-preview:large, max-video-preview:-1\" \/>\n<link rel=\"canonical\" href=\"https:\/\/mfwa.org\/fr\/alerte-niger-liberte-provisoire-refusee-a-un-directeur-de-publication\/\" \/>\n<meta property=\"og:locale\" content=\"fr_FR\" \/>\n<meta property=\"og:type\" content=\"article\" \/>\n<meta property=\"og:title\" content=\"ALERTE \u00a0Niger : Libert\u00e9 provisoire refus\u00e9e \u00e0 un Directeur de publication - Media Foundation For West Africa\" \/>\n<meta property=\"og:description\" content=\"La demande de libert\u00e9 provisoire formul\u00e9e par l\u2019avocat de Salifou Souma\u00efla Abdoulkarim, Directeur de publication de l\u2019hebdomadaire ind\u00e9pendant,\" \/>\n<meta property=\"og:url\" content=\"https:\/\/mfwa.org\/fr\/alerte-niger-liberte-provisoire-refusee-a-un-directeur-de-publication\/\" \/>\n<meta property=\"og:site_name\" content=\"Media Foundation For West Africa\" \/>\n<meta property=\"article:publisher\" content=\"https:\/\/www.facebook.com\/themfwa\" \/>\n<meta property=\"article:published_time\" content=\"2005-11-18T15:47:08+00:00\" \/>\n<meta property=\"article:modified_time\" content=\"2015-12-29T15:48:57+00:00\" \/>\n<meta name=\"author\" content=\"Vivian Affoah\" \/>\n<meta name=\"twitter:card\" content=\"summary_large_image\" \/>\n<meta name=\"twitter:creator\" content=\"@TheMFWA\" \/>\n<meta name=\"twitter:site\" content=\"@TheMFWA\" \/>\n<meta name=\"twitter:label1\" content=\"Written by\" \/>\n\t<meta name=\"twitter:data1\" content=\"Vivian Affoah\" \/>\n\t<meta name=\"twitter:label2\" content=\"Est. reading time\" \/>\n\t<meta name=\"twitter:data2\" content=\"1 minute\" \/>\n<script type=\"application\/ld+json\" class=\"yoast-schema-graph\">{\"@context\":\"https:\\\/\\\/schema.org\",\"@graph\":[{\"@type\":\"Article\",\"@id\":\"https:\\\/\\\/mfwa.org\\\/fr\\\/alerte-niger-liberte-provisoire-refusee-a-un-directeur-de-publication\\\/#article\",\"isPartOf\":{\"@id\":\"https:\\\/\\\/mfwa.org\\\/fr\\\/alerte-niger-liberte-provisoire-refusee-a-un-directeur-de-publication\\\/\"},\"author\":{\"name\":\"Vivian Affoah\",\"@id\":\"https:\\\/\\\/mfwa.org\\\/#\\\/schema\\\/person\\\/6a1a8151b41fab6317c9544da609a96b\"},\"headline\":\"ALERTE \u00a0Niger : Libert\u00e9 provisoire refus\u00e9e \u00e0 un Directeur de publication\",\"datePublished\":\"2005-11-18T15:47:08+00:00\",\"dateModified\":\"2015-12-29T15:48:57+00:00\",\"mainEntityOfPage\":{\"@id\":\"https:\\\/\\\/mfwa.org\\\/fr\\\/alerte-niger-liberte-provisoire-refusee-a-un-directeur-de-publication\\\/\"},\"wordCount\":258,\"publisher\":{\"@id\":\"https:\\\/\\\/mfwa.org\\\/#organization\"},\"articleSection\":[\"Les violations de la libre expression\"],\"inLanguage\":\"fr-FR\"},{\"@type\":\"WebPage\",\"@id\":\"https:\\\/\\\/mfwa.org\\\/fr\\\/alerte-niger-liberte-provisoire-refusee-a-un-directeur-de-publication\\\/\",\"url\":\"https:\\\/\\\/mfwa.org\\\/fr\\\/alerte-niger-liberte-provisoire-refusee-a-un-directeur-de-publication\\\/\",\"name\":\"ALERTE \u00a0Niger : Libert\u00e9 provisoire refus\u00e9e \u00e0 un Directeur de publication - Media Foundation For West Africa\",\"isPartOf\":{\"@id\":\"https:\\\/\\\/mfwa.org\\\/#website\"},\"datePublished\":\"2005-11-18T15:47:08+00:00\",\"dateModified\":\"2015-12-29T15:48:57+00:00\",\"breadcrumb\":{\"@id\":\"https:\\\/\\\/mfwa.org\\\/fr\\\/alerte-niger-liberte-provisoire-refusee-a-un-directeur-de-publication\\\/#breadcrumb\"},\"inLanguage\":\"fr-FR\",\"potentialAction\":[{\"@type\":\"ReadAction\",\"target\":[\"https:\\\/\\\/mfwa.org\\\/fr\\\/alerte-niger-liberte-provisoire-refusee-a-un-directeur-de-publication\\\/\"]}]},{\"@type\":\"BreadcrumbList\",\"@id\":\"https:\\\/\\\/mfwa.org\\\/fr\\\/alerte-niger-liberte-provisoire-refusee-a-un-directeur-de-publication\\\/#breadcrumb\",\"itemListElement\":[{\"@type\":\"ListItem\",\"position\":1,\"name\":\"Home\",\"item\":\"https:\\\/\\\/mfwa.org\\\/fr\\\/\"},{\"@type\":\"ListItem\",\"position\":2,\"name\":\"ALERTE \u00a0Niger : Libert\u00e9 provisoire refus\u00e9e \u00e0 un Directeur de publication\"}]},{\"@type\":\"WebSite\",\"@id\":\"https:\\\/\\\/mfwa.org\\\/#website\",\"url\":\"https:\\\/\\\/mfwa.org\\\/\",\"name\":\"Media Foundation For West Africa\",\"description\":\"Promoting Freedom of Expression and Democracy in West Africa\",\"publisher\":{\"@id\":\"https:\\\/\\\/mfwa.org\\\/#organization\"},\"potentialAction\":[{\"@type\":\"SearchAction\",\"target\":{\"@type\":\"EntryPoint\",\"urlTemplate\":\"https:\\\/\\\/mfwa.org\\\/?s={search_term_string}\"},\"query-input\":{\"@type\":\"PropertyValueSpecification\",\"valueRequired\":true,\"valueName\":\"search_term_string\"}}],\"inLanguage\":\"fr-FR\"},{\"@type\":\"Organization\",\"@id\":\"https:\\\/\\\/mfwa.org\\\/#organization\",\"name\":\"Media Foundation for West Africa\",\"url\":\"https:\\\/\\\/mfwa.org\\\/\",\"logo\":{\"@type\":\"ImageObject\",\"inLanguage\":\"fr-FR\",\"@id\":\"https:\\\/\\\/mfwa.org\\\/#\\\/schema\\\/logo\\\/image\\\/\",\"url\":\"https:\\\/\\\/www.mfwa.org\\\/wp-content\\\/uploads\\\/2016\\\/06\\\/MFWA-LOGO.png\",\"contentUrl\":\"https:\\\/\\\/www.mfwa.org\\\/wp-content\\\/uploads\\\/2016\\\/06\\\/MFWA-LOGO.png\",\"width\":180,\"height\":180,\"caption\":\"Media Foundation for West Africa\"},\"image\":{\"@id\":\"https:\\\/\\\/mfwa.org\\\/#\\\/schema\\\/logo\\\/image\\\/\"},\"sameAs\":[\"https:\\\/\\\/www.facebook.com\\\/themfwa\",\"https:\\\/\\\/x.com\\\/TheMFWA\",\"https:\\\/\\\/www.youtube.com\\\/channel\\\/UCF6HrPuXcV1K1Ed8AAq4Rdw\"]},{\"@type\":\"Person\",\"@id\":\"https:\\\/\\\/mfwa.org\\\/#\\\/schema\\\/person\\\/6a1a8151b41fab6317c9544da609a96b\",\"name\":\"Vivian Affoah\",\"image\":{\"@type\":\"ImageObject\",\"inLanguage\":\"fr-FR\",\"@id\":\"https:\\\/\\\/secure.gravatar.com\\\/avatar\\\/ddf6c5c2ef2f35c978196ce314f9b81dba2ec548b12806a3acbe02e2360d7e63?s=96&d=mm&r=g\",\"url\":\"https:\\\/\\\/secure.gravatar.com\\\/avatar\\\/ddf6c5c2ef2f35c978196ce314f9b81dba2ec548b12806a3acbe02e2360d7e63?s=96&d=mm&r=g\",\"contentUrl\":\"https:\\\/\\\/secure.gravatar.com\\\/avatar\\\/ddf6c5c2ef2f35c978196ce314f9b81dba2ec548b12806a3acbe02e2360d7e63?s=96&d=mm&r=g\",\"caption\":\"Vivian Affoah\"},\"sameAs\":[\"http:\\\/\\\/www.mfwa.org\"],\"url\":\"https:\\\/\\\/mfwa.org\\\/fr\\\/author\\\/vivian\\\/\"}]}<\/script>\n<!-- \/ Yoast SEO plugin. -->","yoast_head_json":{"title":"ALERTE \u00a0Niger : Libert\u00e9 provisoire refus\u00e9e \u00e0 un Directeur de publication - Media Foundation For West Africa","robots":{"index":"index","follow":"follow","max-snippet":"max-snippet:-1","max-image-preview":"max-image-preview:large","max-video-preview":"max-video-preview:-1"},"canonical":"https:\/\/mfwa.org\/fr\/alerte-niger-liberte-provisoire-refusee-a-un-directeur-de-publication\/","og_locale":"fr_FR","og_type":"article","og_title":"ALERTE \u00a0Niger : Libert\u00e9 provisoire refus\u00e9e \u00e0 un Directeur de publication - Media Foundation For West Africa","og_description":"La demande de libert\u00e9 provisoire formul\u00e9e par l\u2019avocat de Salifou Souma\u00efla Abdoulkarim, Directeur de publication de l\u2019hebdomadaire ind\u00e9pendant,","og_url":"https:\/\/mfwa.org\/fr\/alerte-niger-liberte-provisoire-refusee-a-un-directeur-de-publication\/","og_site_name":"Media Foundation For West Africa","article_publisher":"https:\/\/www.facebook.com\/themfwa","article_published_time":"2005-11-18T15:47:08+00:00","article_modified_time":"2015-12-29T15:48:57+00:00","author":"Vivian Affoah","twitter_card":"summary_large_image","twitter_creator":"@TheMFWA","twitter_site":"@TheMFWA","twitter_misc":{"Written by":"Vivian Affoah","Est. reading time":"1 minute"},"schema":{"@context":"https:\/\/schema.org","@graph":[{"@type":"Article","@id":"https:\/\/mfwa.org\/fr\/alerte-niger-liberte-provisoire-refusee-a-un-directeur-de-publication\/#article","isPartOf":{"@id":"https:\/\/mfwa.org\/fr\/alerte-niger-liberte-provisoire-refusee-a-un-directeur-de-publication\/"},"author":{"name":"Vivian Affoah","@id":"https:\/\/mfwa.org\/#\/schema\/person\/6a1a8151b41fab6317c9544da609a96b"},"headline":"ALERTE \u00a0Niger : Libert\u00e9 provisoire refus\u00e9e \u00e0 un Directeur de publication","datePublished":"2005-11-18T15:47:08+00:00","dateModified":"2015-12-29T15:48:57+00:00","mainEntityOfPage":{"@id":"https:\/\/mfwa.org\/fr\/alerte-niger-liberte-provisoire-refusee-a-un-directeur-de-publication\/"},"wordCount":258,"publisher":{"@id":"https:\/\/mfwa.org\/#organization"},"articleSection":["Les violations de la libre expression"],"inLanguage":"fr-FR"},{"@type":"WebPage","@id":"https:\/\/mfwa.org\/fr\/alerte-niger-liberte-provisoire-refusee-a-un-directeur-de-publication\/","url":"https:\/\/mfwa.org\/fr\/alerte-niger-liberte-provisoire-refusee-a-un-directeur-de-publication\/","name":"ALERTE \u00a0Niger : Libert\u00e9 provisoire refus\u00e9e \u00e0 un Directeur de publication - Media Foundation For West Africa","isPartOf":{"@id":"https:\/\/mfwa.org\/#website"},"datePublished":"2005-11-18T15:47:08+00:00","dateModified":"2015-12-29T15:48:57+00:00","breadcrumb":{"@id":"https:\/\/mfwa.org\/fr\/alerte-niger-liberte-provisoire-refusee-a-un-directeur-de-publication\/#breadcrumb"},"inLanguage":"fr-FR","potentialAction":[{"@type":"ReadAction","target":["https:\/\/mfwa.org\/fr\/alerte-niger-liberte-provisoire-refusee-a-un-directeur-de-publication\/"]}]},{"@type":"BreadcrumbList","@id":"https:\/\/mfwa.org\/fr\/alerte-niger-liberte-provisoire-refusee-a-un-directeur-de-publication\/#breadcrumb","itemListElement":[{"@type":"ListItem","position":1,"name":"Home","item":"https:\/\/mfwa.org\/fr\/"},{"@type":"ListItem","position":2,"name":"ALERTE \u00a0Niger : Libert\u00e9 provisoire refus\u00e9e \u00e0 un Directeur de publication"}]},{"@type":"WebSite","@id":"https:\/\/mfwa.org\/#website","url":"https:\/\/mfwa.org\/","name":"Media Foundation For West Africa","description":"Promoting Freedom of Expression and Democracy in West Africa","publisher":{"@id":"https:\/\/mfwa.org\/#organization"},"potentialAction":[{"@type":"SearchAction","target":{"@type":"EntryPoint","urlTemplate":"https:\/\/mfwa.org\/?s={search_term_string}"},"query-input":{"@type":"PropertyValueSpecification","valueRequired":true,"valueName":"search_term_string"}}],"inLanguage":"fr-FR"},{"@type":"Organization","@id":"https:\/\/mfwa.org\/#organization","name":"Media Foundation for West Africa","url":"https:\/\/mfwa.org\/","logo":{"@type":"ImageObject","inLanguage":"fr-FR","@id":"https:\/\/mfwa.org\/#\/schema\/logo\/image\/","url":"https:\/\/www.mfwa.org\/wp-content\/uploads\/2016\/06\/MFWA-LOGO.png","contentUrl":"https:\/\/www.mfwa.org\/wp-content\/uploads\/2016\/06\/MFWA-LOGO.png","width":180,"height":180,"caption":"Media Foundation for West Africa"},"image":{"@id":"https:\/\/mfwa.org\/#\/schema\/logo\/image\/"},"sameAs":["https:\/\/www.facebook.com\/themfwa","https:\/\/x.com\/TheMFWA","https:\/\/www.youtube.com\/channel\/UCF6HrPuXcV1K1Ed8AAq4Rdw"]},{"@type":"Person","@id":"https:\/\/mfwa.org\/#\/schema\/person\/6a1a8151b41fab6317c9544da609a96b","name":"Vivian Affoah","image":{"@type":"ImageObject","inLanguage":"fr-FR","@id":"https:\/\/secure.gravatar.com\/avatar\/ddf6c5c2ef2f35c978196ce314f9b81dba2ec548b12806a3acbe02e2360d7e63?s=96&d=mm&r=g","url":"https:\/\/secure.gravatar.com\/avatar\/ddf6c5c2ef2f35c978196ce314f9b81dba2ec548b12806a3acbe02e2360d7e63?s=96&d=mm&r=g","contentUrl":"https:\/\/secure.gravatar.com\/avatar\/ddf6c5c2ef2f35c978196ce314f9b81dba2ec548b12806a3acbe02e2360d7e63?s=96&d=mm&r=g","caption":"Vivian Affoah"},"sameAs":["http:\/\/www.mfwa.org"],"url":"https:\/\/mfwa.org\/fr\/author\/vivian\/"}]}},"_links":{"self":[{"href":"https:\/\/mfwa.org\/fr\/wp-json\/wp\/v2\/posts\/4552","targetHints":{"allow":["GET"]}}],"collection":[{"href":"https:\/\/mfwa.org\/fr\/wp-json\/wp\/v2\/posts"}],"about":[{"href":"https:\/\/mfwa.org\/fr\/wp-json\/wp\/v2\/types\/post"}],"author":[{"embeddable":true,"href":"https:\/\/mfwa.org\/fr\/wp-json\/wp\/v2\/users\/2"}],"replies":[{"embeddable":true,"href":"https:\/\/mfwa.org\/fr\/wp-json\/wp\/v2\/comments?post=4552"}],"version-history":[{"count":0,"href":"https:\/\/mfwa.org\/fr\/wp-json\/wp\/v2\/posts\/4552\/revisions"}],"wp:attachment":[{"href":"https:\/\/mfwa.org\/fr\/wp-json\/wp\/v2\/media?parent=4552"}],"wp:term":[{"taxonomy":"category","embeddable":true,"href":"https:\/\/mfwa.org\/fr\/wp-json\/wp\/v2\/categories?post=4552"},{"taxonomy":"post_tag","embeddable":true,"href":"https:\/\/mfwa.org\/fr\/wp-json\/wp\/v2\/tags?post=4552"},{"taxonomy":"country","embeddable":true,"href":"https:\/\/mfwa.org\/fr\/wp-json\/wp\/v2\/country?post=4552"},{"taxonomy":"staff-position","embeddable":true,"href":"https:\/\/mfwa.org\/fr\/wp-json\/wp\/v2\/staff-position?post=4552"},{"taxonomy":"opportunity-category","embeddable":true,"href":"https:\/\/mfwa.org\/fr\/wp-json\/wp\/v2\/opportunity-category?post=4552"}],"curies":[{"name":"wp","href":"https:\/\/api.w.org\/{rel}","templated":true}]}}