{"id":4539,"date":"2005-03-24T15:30:51","date_gmt":"2005-03-24T15:30:51","guid":{"rendered":"http:\/\/www.mfwa.org\/?p=4539"},"modified":"2015-12-29T15:33:03","modified_gmt":"2015-12-29T15:33:03","slug":"alerte-niger-saisie-dappareil-photo-numerique-dun-journaliste","status":"publish","type":"post","link":"https:\/\/mfwa.org\/fr\/alerte-niger-saisie-dappareil-photo-numerique-dun-journaliste\/","title":{"rendered":"ALERTE Niger\u00a0 : Saisie d\u2019appareil photo num\u00e9rique d\u2019un journaliste"},"content":{"rendered":"<p style=\"text-align: justify;\">Le Ministre charg\u00e9 des relations avec les institutions, Porte-parole du gouvernement, Monsieur Ben Omar Mohamed a personnellement arrach\u00e9 de force l&#8217;appareil photo num\u00e9rique de Monsieur Gorel Harouna, reporter \u00e0 l&#8217;hebdomadaire &#8220;Le R\u00e9publicain&#8221;. Cet acte a eu lieu au cours d&#8217;une conf\u00e9rence de presse, convoqu\u00e9e par le Porte-parole du gouvernement et qui devrait porter sur les manifestations organis\u00e9es par la soci\u00e9t\u00e9 civile pour protester contre la hausse des prix des produits de premi\u00e8re n\u00e9cessit\u00e9. Le Ministre Ben Omar a, par la suite, remis l&#8217;appareil \u00e0 son garde de corps. &#8220;Le R\u00e9publicain&#8221; a publi\u00e9 dans son \u00e9dition du Jeudi 17 mars 2005 des articles critiques vis-\u00e0-vis du gouvernement sur cette question.<\/p>\n<p style=\"text-align: justify;\">La MFWA est pr\u00e9occup\u00e9e par la derni\u00e8re vague de harc\u00e8lements exerc\u00e9s contre les journalistes au Niger et lance un appel au gouvernement de Son Excellence, le Pr\u00e9sident Mamadou Tandja pour garantir le droit des m\u00e9dias \u00e0 faire des reportages critiques sur les questions d\u2019int\u00e9r\u00eat public et assurer un environnement favorable au libre exercice du m\u00e9tier de journaliste.<\/p>\n<p style=\"text-align: justify;\"><em><\/em><\/p>\n","protected":false},"excerpt":{"rendered":"<p>Le Ministre charg\u00e9 des relations avec les institutions, Porte-parole du gouvernement, Monsieur Ben Omar Mohamed a personnellement arrach\u00e9<\/p>\n","protected":false},"author":2,"featured_media":0,"comment_status":"closed","ping_status":"closed","sticky":false,"template":"","format":"standard","meta":{"footnotes":""},"categories":[254],"tags":[],"country":[249],"staff-position":[],"opportunity-category":[],"class_list":["post-4539","post","type-post","status-publish","format-standard","hentry","category-free-expression-violations-fr","country-niger-fr"],"yoast_head":"<!-- This site is optimized with the Yoast SEO plugin v27.5 - https:\/\/yoast.com\/product\/yoast-seo-wordpress\/ -->\n<title>ALERTE Niger\u00a0 : Saisie d\u2019appareil photo num\u00e9rique d\u2019un journaliste - Media Foundation For West Africa<\/title>\n<meta name=\"robots\" content=\"index, follow, max-snippet:-1, max-image-preview:large, max-video-preview:-1\" \/>\n<link rel=\"canonical\" href=\"https:\/\/mfwa.org\/fr\/alerte-niger-saisie-dappareil-photo-numerique-dun-journaliste\/\" \/>\n<meta property=\"og:locale\" content=\"fr_FR\" \/>\n<meta property=\"og:type\" content=\"article\" \/>\n<meta property=\"og:title\" content=\"ALERTE Niger\u00a0 : Saisie d\u2019appareil photo num\u00e9rique d\u2019un journaliste - Media Foundation For West Africa\" \/>\n<meta property=\"og:description\" content=\"Le Ministre charg\u00e9 des relations avec les institutions, Porte-parole du gouvernement, Monsieur Ben Omar Mohamed a personnellement arrach\u00e9\" \/>\n<meta property=\"og:url\" content=\"https:\/\/mfwa.org\/fr\/alerte-niger-saisie-dappareil-photo-numerique-dun-journaliste\/\" \/>\n<meta property=\"og:site_name\" content=\"Media Foundation For West Africa\" \/>\n<meta property=\"article:publisher\" content=\"https:\/\/www.facebook.com\/themfwa\" \/>\n<meta property=\"article:published_time\" content=\"2005-03-24T15:30:51+00:00\" \/>\n<meta property=\"article:modified_time\" content=\"2015-12-29T15:33:03+00:00\" \/>\n<meta name=\"author\" content=\"Vivian Affoah\" \/>\n<meta name=\"twitter:card\" content=\"summary_large_image\" \/>\n<meta name=\"twitter:creator\" content=\"@TheMFWA\" \/>\n<meta name=\"twitter:site\" content=\"@TheMFWA\" \/>\n<meta name=\"twitter:label1\" content=\"Written by\" \/>\n\t<meta name=\"twitter:data1\" content=\"Vivian Affoah\" \/>\n\t<meta name=\"twitter:label2\" content=\"Est. reading time\" \/>\n\t<meta name=\"twitter:data2\" content=\"1 minute\" \/>\n<script type=\"application\/ld+json\" class=\"yoast-schema-graph\">{\"@context\":\"https:\\\/\\\/schema.org\",\"@graph\":[{\"@type\":\"Article\",\"@id\":\"https:\\\/\\\/mfwa.org\\\/fr\\\/alerte-niger-saisie-dappareil-photo-numerique-dun-journaliste\\\/#article\",\"isPartOf\":{\"@id\":\"https:\\\/\\\/mfwa.org\\\/fr\\\/alerte-niger-saisie-dappareil-photo-numerique-dun-journaliste\\\/\"},\"author\":{\"name\":\"Vivian Affoah\",\"@id\":\"https:\\\/\\\/mfwa.org\\\/#\\\/schema\\\/person\\\/6a1a8151b41fab6317c9544da609a96b\"},\"headline\":\"ALERTE Niger\u00a0 : Saisie d\u2019appareil photo num\u00e9rique d\u2019un journaliste\",\"datePublished\":\"2005-03-24T15:30:51+00:00\",\"dateModified\":\"2015-12-29T15:33:03+00:00\",\"mainEntityOfPage\":{\"@id\":\"https:\\\/\\\/mfwa.org\\\/fr\\\/alerte-niger-saisie-dappareil-photo-numerique-dun-journaliste\\\/\"},\"wordCount\":197,\"publisher\":{\"@id\":\"https:\\\/\\\/mfwa.org\\\/#organization\"},\"articleSection\":[\"Les violations de la libre expression\"],\"inLanguage\":\"fr-FR\"},{\"@type\":\"WebPage\",\"@id\":\"https:\\\/\\\/mfwa.org\\\/fr\\\/alerte-niger-saisie-dappareil-photo-numerique-dun-journaliste\\\/\",\"url\":\"https:\\\/\\\/mfwa.org\\\/fr\\\/alerte-niger-saisie-dappareil-photo-numerique-dun-journaliste\\\/\",\"name\":\"ALERTE Niger\u00a0 : Saisie d\u2019appareil photo num\u00e9rique d\u2019un journaliste - Media Foundation For West Africa\",\"isPartOf\":{\"@id\":\"https:\\\/\\\/mfwa.org\\\/#website\"},\"datePublished\":\"2005-03-24T15:30:51+00:00\",\"dateModified\":\"2015-12-29T15:33:03+00:00\",\"breadcrumb\":{\"@id\":\"https:\\\/\\\/mfwa.org\\\/fr\\\/alerte-niger-saisie-dappareil-photo-numerique-dun-journaliste\\\/#breadcrumb\"},\"inLanguage\":\"fr-FR\",\"potentialAction\":[{\"@type\":\"ReadAction\",\"target\":[\"https:\\\/\\\/mfwa.org\\\/fr\\\/alerte-niger-saisie-dappareil-photo-numerique-dun-journaliste\\\/\"]}]},{\"@type\":\"BreadcrumbList\",\"@id\":\"https:\\\/\\\/mfwa.org\\\/fr\\\/alerte-niger-saisie-dappareil-photo-numerique-dun-journaliste\\\/#breadcrumb\",\"itemListElement\":[{\"@type\":\"ListItem\",\"position\":1,\"name\":\"Home\",\"item\":\"https:\\\/\\\/mfwa.org\\\/fr\\\/\"},{\"@type\":\"ListItem\",\"position\":2,\"name\":\"ALERTE Niger\u00a0 : Saisie d\u2019appareil photo num\u00e9rique d\u2019un journaliste\"}]},{\"@type\":\"WebSite\",\"@id\":\"https:\\\/\\\/mfwa.org\\\/#website\",\"url\":\"https:\\\/\\\/mfwa.org\\\/\",\"name\":\"Media Foundation For West Africa\",\"description\":\"Promoting Freedom of Expression and Democracy in West Africa\",\"publisher\":{\"@id\":\"https:\\\/\\\/mfwa.org\\\/#organization\"},\"potentialAction\":[{\"@type\":\"SearchAction\",\"target\":{\"@type\":\"EntryPoint\",\"urlTemplate\":\"https:\\\/\\\/mfwa.org\\\/?s={search_term_string}\"},\"query-input\":{\"@type\":\"PropertyValueSpecification\",\"valueRequired\":true,\"valueName\":\"search_term_string\"}}],\"inLanguage\":\"fr-FR\"},{\"@type\":\"Organization\",\"@id\":\"https:\\\/\\\/mfwa.org\\\/#organization\",\"name\":\"Media Foundation for West Africa\",\"url\":\"https:\\\/\\\/mfwa.org\\\/\",\"logo\":{\"@type\":\"ImageObject\",\"inLanguage\":\"fr-FR\",\"@id\":\"https:\\\/\\\/mfwa.org\\\/#\\\/schema\\\/logo\\\/image\\\/\",\"url\":\"https:\\\/\\\/www.mfwa.org\\\/wp-content\\\/uploads\\\/2016\\\/06\\\/MFWA-LOGO.png\",\"contentUrl\":\"https:\\\/\\\/www.mfwa.org\\\/wp-content\\\/uploads\\\/2016\\\/06\\\/MFWA-LOGO.png\",\"width\":180,\"height\":180,\"caption\":\"Media Foundation for West Africa\"},\"image\":{\"@id\":\"https:\\\/\\\/mfwa.org\\\/#\\\/schema\\\/logo\\\/image\\\/\"},\"sameAs\":[\"https:\\\/\\\/www.facebook.com\\\/themfwa\",\"https:\\\/\\\/x.com\\\/TheMFWA\",\"https:\\\/\\\/www.youtube.com\\\/channel\\\/UCF6HrPuXcV1K1Ed8AAq4Rdw\"]},{\"@type\":\"Person\",\"@id\":\"https:\\\/\\\/mfwa.org\\\/#\\\/schema\\\/person\\\/6a1a8151b41fab6317c9544da609a96b\",\"name\":\"Vivian Affoah\",\"image\":{\"@type\":\"ImageObject\",\"inLanguage\":\"fr-FR\",\"@id\":\"https:\\\/\\\/secure.gravatar.com\\\/avatar\\\/ddf6c5c2ef2f35c978196ce314f9b81dba2ec548b12806a3acbe02e2360d7e63?s=96&d=mm&r=g\",\"url\":\"https:\\\/\\\/secure.gravatar.com\\\/avatar\\\/ddf6c5c2ef2f35c978196ce314f9b81dba2ec548b12806a3acbe02e2360d7e63?s=96&d=mm&r=g\",\"contentUrl\":\"https:\\\/\\\/secure.gravatar.com\\\/avatar\\\/ddf6c5c2ef2f35c978196ce314f9b81dba2ec548b12806a3acbe02e2360d7e63?s=96&d=mm&r=g\",\"caption\":\"Vivian Affoah\"},\"sameAs\":[\"http:\\\/\\\/www.mfwa.org\"],\"url\":\"https:\\\/\\\/mfwa.org\\\/fr\\\/author\\\/vivian\\\/\"}]}<\/script>\n<!-- \/ Yoast SEO plugin. -->","yoast_head_json":{"title":"ALERTE Niger\u00a0 : Saisie d\u2019appareil photo num\u00e9rique d\u2019un journaliste - Media Foundation For West Africa","robots":{"index":"index","follow":"follow","max-snippet":"max-snippet:-1","max-image-preview":"max-image-preview:large","max-video-preview":"max-video-preview:-1"},"canonical":"https:\/\/mfwa.org\/fr\/alerte-niger-saisie-dappareil-photo-numerique-dun-journaliste\/","og_locale":"fr_FR","og_type":"article","og_title":"ALERTE Niger\u00a0 : Saisie d\u2019appareil photo num\u00e9rique d\u2019un journaliste - Media Foundation For West Africa","og_description":"Le Ministre charg\u00e9 des relations avec les institutions, Porte-parole du gouvernement, Monsieur Ben Omar Mohamed a personnellement arrach\u00e9","og_url":"https:\/\/mfwa.org\/fr\/alerte-niger-saisie-dappareil-photo-numerique-dun-journaliste\/","og_site_name":"Media Foundation For West Africa","article_publisher":"https:\/\/www.facebook.com\/themfwa","article_published_time":"2005-03-24T15:30:51+00:00","article_modified_time":"2015-12-29T15:33:03+00:00","author":"Vivian Affoah","twitter_card":"summary_large_image","twitter_creator":"@TheMFWA","twitter_site":"@TheMFWA","twitter_misc":{"Written by":"Vivian Affoah","Est. reading time":"1 minute"},"schema":{"@context":"https:\/\/schema.org","@graph":[{"@type":"Article","@id":"https:\/\/mfwa.org\/fr\/alerte-niger-saisie-dappareil-photo-numerique-dun-journaliste\/#article","isPartOf":{"@id":"https:\/\/mfwa.org\/fr\/alerte-niger-saisie-dappareil-photo-numerique-dun-journaliste\/"},"author":{"name":"Vivian Affoah","@id":"https:\/\/mfwa.org\/#\/schema\/person\/6a1a8151b41fab6317c9544da609a96b"},"headline":"ALERTE Niger\u00a0 : Saisie d\u2019appareil photo num\u00e9rique d\u2019un journaliste","datePublished":"2005-03-24T15:30:51+00:00","dateModified":"2015-12-29T15:33:03+00:00","mainEntityOfPage":{"@id":"https:\/\/mfwa.org\/fr\/alerte-niger-saisie-dappareil-photo-numerique-dun-journaliste\/"},"wordCount":197,"publisher":{"@id":"https:\/\/mfwa.org\/#organization"},"articleSection":["Les violations de la libre expression"],"inLanguage":"fr-FR"},{"@type":"WebPage","@id":"https:\/\/mfwa.org\/fr\/alerte-niger-saisie-dappareil-photo-numerique-dun-journaliste\/","url":"https:\/\/mfwa.org\/fr\/alerte-niger-saisie-dappareil-photo-numerique-dun-journaliste\/","name":"ALERTE Niger\u00a0 : Saisie d\u2019appareil photo num\u00e9rique d\u2019un journaliste - Media Foundation For West Africa","isPartOf":{"@id":"https:\/\/mfwa.org\/#website"},"datePublished":"2005-03-24T15:30:51+00:00","dateModified":"2015-12-29T15:33:03+00:00","breadcrumb":{"@id":"https:\/\/mfwa.org\/fr\/alerte-niger-saisie-dappareil-photo-numerique-dun-journaliste\/#breadcrumb"},"inLanguage":"fr-FR","potentialAction":[{"@type":"ReadAction","target":["https:\/\/mfwa.org\/fr\/alerte-niger-saisie-dappareil-photo-numerique-dun-journaliste\/"]}]},{"@type":"BreadcrumbList","@id":"https:\/\/mfwa.org\/fr\/alerte-niger-saisie-dappareil-photo-numerique-dun-journaliste\/#breadcrumb","itemListElement":[{"@type":"ListItem","position":1,"name":"Home","item":"https:\/\/mfwa.org\/fr\/"},{"@type":"ListItem","position":2,"name":"ALERTE Niger\u00a0 : Saisie d\u2019appareil photo num\u00e9rique d\u2019un journaliste"}]},{"@type":"WebSite","@id":"https:\/\/mfwa.org\/#website","url":"https:\/\/mfwa.org\/","name":"Media Foundation For West Africa","description":"Promoting Freedom of Expression and Democracy in West Africa","publisher":{"@id":"https:\/\/mfwa.org\/#organization"},"potentialAction":[{"@type":"SearchAction","target":{"@type":"EntryPoint","urlTemplate":"https:\/\/mfwa.org\/?s={search_term_string}"},"query-input":{"@type":"PropertyValueSpecification","valueRequired":true,"valueName":"search_term_string"}}],"inLanguage":"fr-FR"},{"@type":"Organization","@id":"https:\/\/mfwa.org\/#organization","name":"Media Foundation for West Africa","url":"https:\/\/mfwa.org\/","logo":{"@type":"ImageObject","inLanguage":"fr-FR","@id":"https:\/\/mfwa.org\/#\/schema\/logo\/image\/","url":"https:\/\/www.mfwa.org\/wp-content\/uploads\/2016\/06\/MFWA-LOGO.png","contentUrl":"https:\/\/www.mfwa.org\/wp-content\/uploads\/2016\/06\/MFWA-LOGO.png","width":180,"height":180,"caption":"Media Foundation for West Africa"},"image":{"@id":"https:\/\/mfwa.org\/#\/schema\/logo\/image\/"},"sameAs":["https:\/\/www.facebook.com\/themfwa","https:\/\/x.com\/TheMFWA","https:\/\/www.youtube.com\/channel\/UCF6HrPuXcV1K1Ed8AAq4Rdw"]},{"@type":"Person","@id":"https:\/\/mfwa.org\/#\/schema\/person\/6a1a8151b41fab6317c9544da609a96b","name":"Vivian Affoah","image":{"@type":"ImageObject","inLanguage":"fr-FR","@id":"https:\/\/secure.gravatar.com\/avatar\/ddf6c5c2ef2f35c978196ce314f9b81dba2ec548b12806a3acbe02e2360d7e63?s=96&d=mm&r=g","url":"https:\/\/secure.gravatar.com\/avatar\/ddf6c5c2ef2f35c978196ce314f9b81dba2ec548b12806a3acbe02e2360d7e63?s=96&d=mm&r=g","contentUrl":"https:\/\/secure.gravatar.com\/avatar\/ddf6c5c2ef2f35c978196ce314f9b81dba2ec548b12806a3acbe02e2360d7e63?s=96&d=mm&r=g","caption":"Vivian Affoah"},"sameAs":["http:\/\/www.mfwa.org"],"url":"https:\/\/mfwa.org\/fr\/author\/vivian\/"}]}},"_links":{"self":[{"href":"https:\/\/mfwa.org\/fr\/wp-json\/wp\/v2\/posts\/4539","targetHints":{"allow":["GET"]}}],"collection":[{"href":"https:\/\/mfwa.org\/fr\/wp-json\/wp\/v2\/posts"}],"about":[{"href":"https:\/\/mfwa.org\/fr\/wp-json\/wp\/v2\/types\/post"}],"author":[{"embeddable":true,"href":"https:\/\/mfwa.org\/fr\/wp-json\/wp\/v2\/users\/2"}],"replies":[{"embeddable":true,"href":"https:\/\/mfwa.org\/fr\/wp-json\/wp\/v2\/comments?post=4539"}],"version-history":[{"count":0,"href":"https:\/\/mfwa.org\/fr\/wp-json\/wp\/v2\/posts\/4539\/revisions"}],"wp:attachment":[{"href":"https:\/\/mfwa.org\/fr\/wp-json\/wp\/v2\/media?parent=4539"}],"wp:term":[{"taxonomy":"category","embeddable":true,"href":"https:\/\/mfwa.org\/fr\/wp-json\/wp\/v2\/categories?post=4539"},{"taxonomy":"post_tag","embeddable":true,"href":"https:\/\/mfwa.org\/fr\/wp-json\/wp\/v2\/tags?post=4539"},{"taxonomy":"country","embeddable":true,"href":"https:\/\/mfwa.org\/fr\/wp-json\/wp\/v2\/country?post=4539"},{"taxonomy":"staff-position","embeddable":true,"href":"https:\/\/mfwa.org\/fr\/wp-json\/wp\/v2\/staff-position?post=4539"},{"taxonomy":"opportunity-category","embeddable":true,"href":"https:\/\/mfwa.org\/fr\/wp-json\/wp\/v2\/opportunity-category?post=4539"}],"curies":[{"name":"wp","href":"https:\/\/api.w.org\/{rel}","templated":true}]}}