{"id":4493,"date":"2005-07-27T12:01:20","date_gmt":"2005-07-27T12:01:20","guid":{"rendered":"http:\/\/www.mfwa.org\/?p=4493"},"modified":"2015-12-26T12:04:12","modified_gmt":"2015-12-26T12:04:12","slug":"alerte-guinee-conakry-chef-de-desk-de-guinee-news-malmene-et-sequestre","status":"publish","type":"post","link":"https:\/\/mfwa.org\/fr\/alerte-guinee-conakry-chef-de-desk-de-guinee-news-malmene-et-sequestre\/","title":{"rendered":"ALERTE Guin\u00e9e Conakry : Chef de desk de \u201cGuin\u00e9e News\u201d malmen\u00e9 et s\u00e9questr\u00e9"},"content":{"rendered":"<p style=\"text-align: justify;\">Abdoulaye Youlak\u00e9 Camara, chef de bureau de \u00ab\u00a0Guin\u00e9e-News\u00a0\u00bb a \u00e9t\u00e9 d\u00e9tenu dans un commissariat de Conakry \u00e0 cause un article qu\u2019il a publi\u00e9 en ligne. Le chef de bureau qui souffre d\u2019une crise aigu\u00eb d\u2019asthme, a subi une entorse \u00e0 la main droite et a \u00e9t\u00e9 maintenu en d\u00e9tention avec un certain Dian\u00e9 S\u00e9kou Kader, jusqu\u2019\u00e0 21 heures.<\/p>\n<p style=\"text-align: justify;\">Selon les sources de la Fondation pour les M\u00e9dias en Afrique de l\u2019Ouest (MFWA)-Guin\u00e9e Conakry, Youlak\u00e9 avait publi\u00e9 en ligne des articles sur le Site Web de <em>Guin\u00e9e-News<\/em> sur la fa\u00e7on dont les pompistes d\u2019une station situ\u00e9e \u00e0 Dixinn, dans la banlieue de Conakry seraient en train d\u2019escroquer les clients qui viennent s\u2019approvisionner en essence chez eux.<\/p>\n<p style=\"text-align: justify;\">Suite \u00e0 cette publication, Marie Kob\u00e9l\u00e9 Keita, la g\u00e9rante de la station incrimin\u00e9e, n\u2019a pas appr\u00e9ci\u00e9 l\u2019article qu\u2019elle a qualifi\u00e9 de diffamatoire et a port\u00e9 plainte contre Youlak\u00e9 au Commissariat Central de Kaloum. Par cons\u00e9quent, Youlak\u00e9 et S\u00e9kou Kader, un client qui a dit avoir \u00e9t\u00e9 victime d\u2019escroquerie dans cette station, ont \u00e9t\u00e9 convoqu\u00e9s au commissariat pour \u00ab\u00a0diffamation par voie de presse\u00a0\u00bb.<\/p>\n<p style=\"text-align: justify;\">Toutefois, au commissariat, Youlak\u00e9 a r\u00e9pondu que la Loi sur la Libert\u00e9 de la Presse en Guin\u00e9e ne permet pas \u00e0 un commissariat de police de convoquer un journaliste pour diffamation, ce r\u00f4le \u00e9tant plut\u00f4t r\u00e9serv\u00e9 au Procureur de la R\u00e9publique. Sur ces mots, il a d\u00e9cid\u00e9 de quitter le commissariat jusqu\u2019\u00e0 ce que la plaignante suive la proc\u00e9dure normale.<\/p>\n<p style=\"text-align: justify;\">C\u2019est au moment o\u00f9 Youlak\u00e9 partait qu\u2019un Commissaire de Police, Mansa Madi Cond\u00e9 lui a barr\u00e9 la route, en disant que les deux hommes seraient mis en d\u00e9tention jusqu\u2019\u00e0 nouvel ordre. Il y a eu une altercation au cours de laquelle Youlak\u00e9 a eu une entorse \u00e0 la main droite.<\/p>\n<p style=\"text-align: justify;\">Youlak\u00e9 Camara et S\u00e9kou Kader ont \u00e9t\u00e9 lib\u00e9r\u00e9s suite \u00e0 l\u2019intervention de M. Abou Katt Camara du Minist\u00e8re de la S\u00e9curit\u00e9.<\/p>\n<p style=\"text-align: justify;\"><strong>\u00a0<\/strong><\/p>\n","protected":false},"excerpt":{"rendered":"<p>Abdoulaye Youlak\u00e9 Camara, chef de bureau de \u00ab\u00a0Guin\u00e9e-News\u00a0\u00bb a \u00e9t\u00e9 d\u00e9tenu dans un commissariat de Conakry \u00e0 cause<\/p>\n","protected":false},"author":2,"featured_media":0,"comment_status":"closed","ping_status":"closed","sticky":false,"template":"","format":"standard","meta":{"footnotes":""},"categories":[254],"tags":[],"country":[244],"staff-position":[],"opportunity-category":[],"class_list":["post-4493","post","type-post","status-publish","format-standard","hentry","category-free-expression-violations-fr","country-guinee"],"yoast_head":"<!-- This site is optimized with the Yoast SEO plugin v27.5 - https:\/\/yoast.com\/product\/yoast-seo-wordpress\/ -->\n<title>ALERTE Guin\u00e9e Conakry : Chef de desk de \u201cGuin\u00e9e News\u201d malmen\u00e9 et s\u00e9questr\u00e9 - Media Foundation For West Africa<\/title>\n<meta name=\"robots\" content=\"index, follow, max-snippet:-1, max-image-preview:large, max-video-preview:-1\" \/>\n<link rel=\"canonical\" href=\"https:\/\/mfwa.org\/fr\/alerte-guinee-conakry-chef-de-desk-de-guinee-news-malmene-et-sequestre\/\" \/>\n<meta property=\"og:locale\" content=\"fr_FR\" \/>\n<meta property=\"og:type\" content=\"article\" \/>\n<meta property=\"og:title\" content=\"ALERTE Guin\u00e9e Conakry : Chef de desk de \u201cGuin\u00e9e News\u201d malmen\u00e9 et s\u00e9questr\u00e9 - Media Foundation For West Africa\" \/>\n<meta property=\"og:description\" content=\"Abdoulaye Youlak\u00e9 Camara, chef de bureau de \u00ab\u00a0Guin\u00e9e-News\u00a0\u00bb a \u00e9t\u00e9 d\u00e9tenu dans un commissariat de Conakry \u00e0 cause\" \/>\n<meta property=\"og:url\" content=\"https:\/\/mfwa.org\/fr\/alerte-guinee-conakry-chef-de-desk-de-guinee-news-malmene-et-sequestre\/\" \/>\n<meta property=\"og:site_name\" content=\"Media Foundation For West Africa\" \/>\n<meta property=\"article:publisher\" content=\"https:\/\/www.facebook.com\/themfwa\" \/>\n<meta property=\"article:published_time\" content=\"2005-07-27T12:01:20+00:00\" \/>\n<meta property=\"article:modified_time\" content=\"2015-12-26T12:04:12+00:00\" \/>\n<meta name=\"author\" content=\"Vivian Affoah\" \/>\n<meta name=\"twitter:card\" content=\"summary_large_image\" \/>\n<meta name=\"twitter:creator\" content=\"@TheMFWA\" \/>\n<meta name=\"twitter:site\" content=\"@TheMFWA\" \/>\n<meta name=\"twitter:label1\" content=\"Written by\" \/>\n\t<meta name=\"twitter:data1\" content=\"Vivian Affoah\" \/>\n\t<meta name=\"twitter:label2\" content=\"Est. reading time\" \/>\n\t<meta name=\"twitter:data2\" content=\"2 minutes\" \/>\n<script type=\"application\/ld+json\" class=\"yoast-schema-graph\">{\"@context\":\"https:\\\/\\\/schema.org\",\"@graph\":[{\"@type\":\"Article\",\"@id\":\"https:\\\/\\\/mfwa.org\\\/fr\\\/alerte-guinee-conakry-chef-de-desk-de-guinee-news-malmene-et-sequestre\\\/#article\",\"isPartOf\":{\"@id\":\"https:\\\/\\\/mfwa.org\\\/fr\\\/alerte-guinee-conakry-chef-de-desk-de-guinee-news-malmene-et-sequestre\\\/\"},\"author\":{\"name\":\"Vivian Affoah\",\"@id\":\"https:\\\/\\\/mfwa.org\\\/#\\\/schema\\\/person\\\/6a1a8151b41fab6317c9544da609a96b\"},\"headline\":\"ALERTE Guin\u00e9e Conakry : Chef de desk de \u201cGuin\u00e9e News\u201d malmen\u00e9 et s\u00e9questr\u00e9\",\"datePublished\":\"2005-07-27T12:01:20+00:00\",\"dateModified\":\"2015-12-26T12:04:12+00:00\",\"mainEntityOfPage\":{\"@id\":\"https:\\\/\\\/mfwa.org\\\/fr\\\/alerte-guinee-conakry-chef-de-desk-de-guinee-news-malmene-et-sequestre\\\/\"},\"wordCount\":360,\"publisher\":{\"@id\":\"https:\\\/\\\/mfwa.org\\\/#organization\"},\"articleSection\":[\"Les violations de la libre expression\"],\"inLanguage\":\"fr-FR\"},{\"@type\":\"WebPage\",\"@id\":\"https:\\\/\\\/mfwa.org\\\/fr\\\/alerte-guinee-conakry-chef-de-desk-de-guinee-news-malmene-et-sequestre\\\/\",\"url\":\"https:\\\/\\\/mfwa.org\\\/fr\\\/alerte-guinee-conakry-chef-de-desk-de-guinee-news-malmene-et-sequestre\\\/\",\"name\":\"ALERTE Guin\u00e9e Conakry : Chef de desk de \u201cGuin\u00e9e News\u201d malmen\u00e9 et s\u00e9questr\u00e9 - Media Foundation For West Africa\",\"isPartOf\":{\"@id\":\"https:\\\/\\\/mfwa.org\\\/#website\"},\"datePublished\":\"2005-07-27T12:01:20+00:00\",\"dateModified\":\"2015-12-26T12:04:12+00:00\",\"breadcrumb\":{\"@id\":\"https:\\\/\\\/mfwa.org\\\/fr\\\/alerte-guinee-conakry-chef-de-desk-de-guinee-news-malmene-et-sequestre\\\/#breadcrumb\"},\"inLanguage\":\"fr-FR\",\"potentialAction\":[{\"@type\":\"ReadAction\",\"target\":[\"https:\\\/\\\/mfwa.org\\\/fr\\\/alerte-guinee-conakry-chef-de-desk-de-guinee-news-malmene-et-sequestre\\\/\"]}]},{\"@type\":\"BreadcrumbList\",\"@id\":\"https:\\\/\\\/mfwa.org\\\/fr\\\/alerte-guinee-conakry-chef-de-desk-de-guinee-news-malmene-et-sequestre\\\/#breadcrumb\",\"itemListElement\":[{\"@type\":\"ListItem\",\"position\":1,\"name\":\"Home\",\"item\":\"https:\\\/\\\/mfwa.org\\\/fr\\\/\"},{\"@type\":\"ListItem\",\"position\":2,\"name\":\"ALERTE Guin\u00e9e Conakry : Chef de desk de \u201cGuin\u00e9e News\u201d malmen\u00e9 et s\u00e9questr\u00e9\"}]},{\"@type\":\"WebSite\",\"@id\":\"https:\\\/\\\/mfwa.org\\\/#website\",\"url\":\"https:\\\/\\\/mfwa.org\\\/\",\"name\":\"Media Foundation For West Africa\",\"description\":\"Promoting Freedom of Expression and Democracy in West Africa\",\"publisher\":{\"@id\":\"https:\\\/\\\/mfwa.org\\\/#organization\"},\"potentialAction\":[{\"@type\":\"SearchAction\",\"target\":{\"@type\":\"EntryPoint\",\"urlTemplate\":\"https:\\\/\\\/mfwa.org\\\/?s={search_term_string}\"},\"query-input\":{\"@type\":\"PropertyValueSpecification\",\"valueRequired\":true,\"valueName\":\"search_term_string\"}}],\"inLanguage\":\"fr-FR\"},{\"@type\":\"Organization\",\"@id\":\"https:\\\/\\\/mfwa.org\\\/#organization\",\"name\":\"Media Foundation for West Africa\",\"url\":\"https:\\\/\\\/mfwa.org\\\/\",\"logo\":{\"@type\":\"ImageObject\",\"inLanguage\":\"fr-FR\",\"@id\":\"https:\\\/\\\/mfwa.org\\\/#\\\/schema\\\/logo\\\/image\\\/\",\"url\":\"https:\\\/\\\/www.mfwa.org\\\/wp-content\\\/uploads\\\/2016\\\/06\\\/MFWA-LOGO.png\",\"contentUrl\":\"https:\\\/\\\/www.mfwa.org\\\/wp-content\\\/uploads\\\/2016\\\/06\\\/MFWA-LOGO.png\",\"width\":180,\"height\":180,\"caption\":\"Media Foundation for West Africa\"},\"image\":{\"@id\":\"https:\\\/\\\/mfwa.org\\\/#\\\/schema\\\/logo\\\/image\\\/\"},\"sameAs\":[\"https:\\\/\\\/www.facebook.com\\\/themfwa\",\"https:\\\/\\\/x.com\\\/TheMFWA\",\"https:\\\/\\\/www.youtube.com\\\/channel\\\/UCF6HrPuXcV1K1Ed8AAq4Rdw\"]},{\"@type\":\"Person\",\"@id\":\"https:\\\/\\\/mfwa.org\\\/#\\\/schema\\\/person\\\/6a1a8151b41fab6317c9544da609a96b\",\"name\":\"Vivian Affoah\",\"image\":{\"@type\":\"ImageObject\",\"inLanguage\":\"fr-FR\",\"@id\":\"https:\\\/\\\/secure.gravatar.com\\\/avatar\\\/ddf6c5c2ef2f35c978196ce314f9b81dba2ec548b12806a3acbe02e2360d7e63?s=96&d=mm&r=g\",\"url\":\"https:\\\/\\\/secure.gravatar.com\\\/avatar\\\/ddf6c5c2ef2f35c978196ce314f9b81dba2ec548b12806a3acbe02e2360d7e63?s=96&d=mm&r=g\",\"contentUrl\":\"https:\\\/\\\/secure.gravatar.com\\\/avatar\\\/ddf6c5c2ef2f35c978196ce314f9b81dba2ec548b12806a3acbe02e2360d7e63?s=96&d=mm&r=g\",\"caption\":\"Vivian Affoah\"},\"sameAs\":[\"http:\\\/\\\/www.mfwa.org\"],\"url\":\"https:\\\/\\\/mfwa.org\\\/fr\\\/author\\\/vivian\\\/\"}]}<\/script>\n<!-- \/ Yoast SEO plugin. -->","yoast_head_json":{"title":"ALERTE Guin\u00e9e Conakry : Chef de desk de \u201cGuin\u00e9e News\u201d malmen\u00e9 et s\u00e9questr\u00e9 - Media Foundation For West Africa","robots":{"index":"index","follow":"follow","max-snippet":"max-snippet:-1","max-image-preview":"max-image-preview:large","max-video-preview":"max-video-preview:-1"},"canonical":"https:\/\/mfwa.org\/fr\/alerte-guinee-conakry-chef-de-desk-de-guinee-news-malmene-et-sequestre\/","og_locale":"fr_FR","og_type":"article","og_title":"ALERTE Guin\u00e9e Conakry : Chef de desk de \u201cGuin\u00e9e News\u201d malmen\u00e9 et s\u00e9questr\u00e9 - Media Foundation For West Africa","og_description":"Abdoulaye Youlak\u00e9 Camara, chef de bureau de \u00ab\u00a0Guin\u00e9e-News\u00a0\u00bb a \u00e9t\u00e9 d\u00e9tenu dans un commissariat de Conakry \u00e0 cause","og_url":"https:\/\/mfwa.org\/fr\/alerte-guinee-conakry-chef-de-desk-de-guinee-news-malmene-et-sequestre\/","og_site_name":"Media Foundation For West Africa","article_publisher":"https:\/\/www.facebook.com\/themfwa","article_published_time":"2005-07-27T12:01:20+00:00","article_modified_time":"2015-12-26T12:04:12+00:00","author":"Vivian Affoah","twitter_card":"summary_large_image","twitter_creator":"@TheMFWA","twitter_site":"@TheMFWA","twitter_misc":{"Written by":"Vivian Affoah","Est. reading time":"2 minutes"},"schema":{"@context":"https:\/\/schema.org","@graph":[{"@type":"Article","@id":"https:\/\/mfwa.org\/fr\/alerte-guinee-conakry-chef-de-desk-de-guinee-news-malmene-et-sequestre\/#article","isPartOf":{"@id":"https:\/\/mfwa.org\/fr\/alerte-guinee-conakry-chef-de-desk-de-guinee-news-malmene-et-sequestre\/"},"author":{"name":"Vivian Affoah","@id":"https:\/\/mfwa.org\/#\/schema\/person\/6a1a8151b41fab6317c9544da609a96b"},"headline":"ALERTE Guin\u00e9e Conakry : Chef de desk de \u201cGuin\u00e9e News\u201d malmen\u00e9 et s\u00e9questr\u00e9","datePublished":"2005-07-27T12:01:20+00:00","dateModified":"2015-12-26T12:04:12+00:00","mainEntityOfPage":{"@id":"https:\/\/mfwa.org\/fr\/alerte-guinee-conakry-chef-de-desk-de-guinee-news-malmene-et-sequestre\/"},"wordCount":360,"publisher":{"@id":"https:\/\/mfwa.org\/#organization"},"articleSection":["Les violations de la libre expression"],"inLanguage":"fr-FR"},{"@type":"WebPage","@id":"https:\/\/mfwa.org\/fr\/alerte-guinee-conakry-chef-de-desk-de-guinee-news-malmene-et-sequestre\/","url":"https:\/\/mfwa.org\/fr\/alerte-guinee-conakry-chef-de-desk-de-guinee-news-malmene-et-sequestre\/","name":"ALERTE Guin\u00e9e Conakry : Chef de desk de \u201cGuin\u00e9e News\u201d malmen\u00e9 et s\u00e9questr\u00e9 - Media Foundation For West Africa","isPartOf":{"@id":"https:\/\/mfwa.org\/#website"},"datePublished":"2005-07-27T12:01:20+00:00","dateModified":"2015-12-26T12:04:12+00:00","breadcrumb":{"@id":"https:\/\/mfwa.org\/fr\/alerte-guinee-conakry-chef-de-desk-de-guinee-news-malmene-et-sequestre\/#breadcrumb"},"inLanguage":"fr-FR","potentialAction":[{"@type":"ReadAction","target":["https:\/\/mfwa.org\/fr\/alerte-guinee-conakry-chef-de-desk-de-guinee-news-malmene-et-sequestre\/"]}]},{"@type":"BreadcrumbList","@id":"https:\/\/mfwa.org\/fr\/alerte-guinee-conakry-chef-de-desk-de-guinee-news-malmene-et-sequestre\/#breadcrumb","itemListElement":[{"@type":"ListItem","position":1,"name":"Home","item":"https:\/\/mfwa.org\/fr\/"},{"@type":"ListItem","position":2,"name":"ALERTE Guin\u00e9e Conakry : Chef de desk de \u201cGuin\u00e9e News\u201d malmen\u00e9 et s\u00e9questr\u00e9"}]},{"@type":"WebSite","@id":"https:\/\/mfwa.org\/#website","url":"https:\/\/mfwa.org\/","name":"Media Foundation For West Africa","description":"Promoting Freedom of Expression and Democracy in West Africa","publisher":{"@id":"https:\/\/mfwa.org\/#organization"},"potentialAction":[{"@type":"SearchAction","target":{"@type":"EntryPoint","urlTemplate":"https:\/\/mfwa.org\/?s={search_term_string}"},"query-input":{"@type":"PropertyValueSpecification","valueRequired":true,"valueName":"search_term_string"}}],"inLanguage":"fr-FR"},{"@type":"Organization","@id":"https:\/\/mfwa.org\/#organization","name":"Media Foundation for West Africa","url":"https:\/\/mfwa.org\/","logo":{"@type":"ImageObject","inLanguage":"fr-FR","@id":"https:\/\/mfwa.org\/#\/schema\/logo\/image\/","url":"https:\/\/www.mfwa.org\/wp-content\/uploads\/2016\/06\/MFWA-LOGO.png","contentUrl":"https:\/\/www.mfwa.org\/wp-content\/uploads\/2016\/06\/MFWA-LOGO.png","width":180,"height":180,"caption":"Media Foundation for West Africa"},"image":{"@id":"https:\/\/mfwa.org\/#\/schema\/logo\/image\/"},"sameAs":["https:\/\/www.facebook.com\/themfwa","https:\/\/x.com\/TheMFWA","https:\/\/www.youtube.com\/channel\/UCF6HrPuXcV1K1Ed8AAq4Rdw"]},{"@type":"Person","@id":"https:\/\/mfwa.org\/#\/schema\/person\/6a1a8151b41fab6317c9544da609a96b","name":"Vivian Affoah","image":{"@type":"ImageObject","inLanguage":"fr-FR","@id":"https:\/\/secure.gravatar.com\/avatar\/ddf6c5c2ef2f35c978196ce314f9b81dba2ec548b12806a3acbe02e2360d7e63?s=96&d=mm&r=g","url":"https:\/\/secure.gravatar.com\/avatar\/ddf6c5c2ef2f35c978196ce314f9b81dba2ec548b12806a3acbe02e2360d7e63?s=96&d=mm&r=g","contentUrl":"https:\/\/secure.gravatar.com\/avatar\/ddf6c5c2ef2f35c978196ce314f9b81dba2ec548b12806a3acbe02e2360d7e63?s=96&d=mm&r=g","caption":"Vivian Affoah"},"sameAs":["http:\/\/www.mfwa.org"],"url":"https:\/\/mfwa.org\/fr\/author\/vivian\/"}]}},"_links":{"self":[{"href":"https:\/\/mfwa.org\/fr\/wp-json\/wp\/v2\/posts\/4493","targetHints":{"allow":["GET"]}}],"collection":[{"href":"https:\/\/mfwa.org\/fr\/wp-json\/wp\/v2\/posts"}],"about":[{"href":"https:\/\/mfwa.org\/fr\/wp-json\/wp\/v2\/types\/post"}],"author":[{"embeddable":true,"href":"https:\/\/mfwa.org\/fr\/wp-json\/wp\/v2\/users\/2"}],"replies":[{"embeddable":true,"href":"https:\/\/mfwa.org\/fr\/wp-json\/wp\/v2\/comments?post=4493"}],"version-history":[{"count":0,"href":"https:\/\/mfwa.org\/fr\/wp-json\/wp\/v2\/posts\/4493\/revisions"}],"wp:attachment":[{"href":"https:\/\/mfwa.org\/fr\/wp-json\/wp\/v2\/media?parent=4493"}],"wp:term":[{"taxonomy":"category","embeddable":true,"href":"https:\/\/mfwa.org\/fr\/wp-json\/wp\/v2\/categories?post=4493"},{"taxonomy":"post_tag","embeddable":true,"href":"https:\/\/mfwa.org\/fr\/wp-json\/wp\/v2\/tags?post=4493"},{"taxonomy":"country","embeddable":true,"href":"https:\/\/mfwa.org\/fr\/wp-json\/wp\/v2\/country?post=4493"},{"taxonomy":"staff-position","embeddable":true,"href":"https:\/\/mfwa.org\/fr\/wp-json\/wp\/v2\/staff-position?post=4493"},{"taxonomy":"opportunity-category","embeddable":true,"href":"https:\/\/mfwa.org\/fr\/wp-json\/wp\/v2\/opportunity-category?post=4493"}],"curies":[{"name":"wp","href":"https:\/\/api.w.org\/{rel}","templated":true}]}}