{"id":4487,"date":"2004-02-14T11:55:45","date_gmt":"2004-02-14T11:55:45","guid":{"rendered":"http:\/\/www.mfwa.org\/?p=4487"},"modified":"2015-12-26T11:57:27","modified_gmt":"2015-12-26T11:57:27","slug":"alerte-guinee-un-journaliste-brutalise-et-emprisonne","status":"publish","type":"post","link":"https:\/\/mfwa.org\/fr\/alerte-guinee-un-journaliste-brutalise-et-emprisonne\/","title":{"rendered":"ALERTE\u00a0 Guin\u00e9e\u00a0 : Un journaliste brutalis\u00e9 et emprisonn\u00e9"},"content":{"rendered":"<p style=\"text-align: justify;\">Le reporter Lansana Sarr du quotidien d\u2019\u00e9tat <em>Horoya<\/em>, a \u00e9t\u00e9 battu par des membres de la Brigade Sp\u00e9ciale d\u2019Intervention de la Police (BSIP), au moment o\u00f9 il couvrait une marche de protestation \u00e0 Conakry. Les policiers l\u2019ont tra\u00een\u00e9 jusqu\u2019\u00e0 leur fourgon de patrouille, jet\u00e9 au sol et confisqu\u00e9 son appareil photo et son t\u00e9l\u00e9phone cellulaire. Il fut d\u00e9tenu pendant trois heures et demi.<\/p>\n<p style=\"text-align: justify;\">Les employ\u00e9s de l\u2019h\u00f4tel Camayenne, situ\u00e9 au centre de Conakry, avaient organis\u00e9 une manifestation contre la vente de leur h\u00f4tel et avaient \u00e9t\u00e9 attaqu\u00e9s par le BSIP. Voyant quelques employ\u00e9s saigner suite aux blessures provenant des coups qu\u2019ils avaient re\u00e7us, Sarr a tent\u00e9 de les photographier. C\u2019est en ce moment que les policiers, arm\u00e9s de b\u00e2tons et de grosses ceintures, l\u2019ont battu avant de l\u2019amener \u00e0 la Brigade Sp\u00e9ciale d\u2019Intervention de la Police (BSIP) dans la banlieue de Conakry vers 15 h.<\/p>\n<p style=\"text-align: justify;\">Lansana Sarr a \u00e9t\u00e9 rel\u00e2ch\u00e9 aux environs de 20h30 par le Commandant de la BSIP. Son t\u00e9l\u00e9phone cellulaire lui a aussi \u00e9t\u00e9 restitu\u00e9. N\u00e9anmoins, l\u2019officier de police a gard\u00e9 l\u2019appareil photo et a insist\u00e9 pour que les photos soient d\u00e9velopp\u00e9es en sa pr\u00e9sence dans un laboratoire, afin de s\u2019assurer que les images de la r\u00e9pression ne soient publi\u00e9es dans <em>Horoya<\/em>. Lansana porte encore les marques de cette attaque des policiers. Media Foundation for West Africa est profond\u00e9ment pr\u00e9occup\u00e9e par la flamb\u00e9e de violence \u00e0 laquelle les forces de s\u00e9curit\u00e9 soumettent les journalistes.<\/p>\n","protected":false},"excerpt":{"rendered":"<p>Le reporter Lansana Sarr du quotidien d\u2019\u00e9tat Horoya, a \u00e9t\u00e9 battu par des membres de la Brigade Sp\u00e9ciale<\/p>\n","protected":false},"author":2,"featured_media":0,"comment_status":"closed","ping_status":"closed","sticky":false,"template":"","format":"standard","meta":{"footnotes":""},"categories":[254],"tags":[],"country":[244],"staff-position":[],"opportunity-category":[],"class_list":["post-4487","post","type-post","status-publish","format-standard","hentry","category-free-expression-violations-fr","country-guinee"],"yoast_head":"<!-- This site is optimized with the Yoast SEO plugin v27.5 - https:\/\/yoast.com\/product\/yoast-seo-wordpress\/ -->\n<title>ALERTE\u00a0 Guin\u00e9e\u00a0 : Un journaliste brutalis\u00e9 et emprisonn\u00e9 - Media Foundation For West Africa<\/title>\n<meta name=\"robots\" content=\"index, follow, max-snippet:-1, max-image-preview:large, max-video-preview:-1\" \/>\n<link rel=\"canonical\" href=\"https:\/\/mfwa.org\/fr\/alerte-guinee-un-journaliste-brutalise-et-emprisonne\/\" \/>\n<meta property=\"og:locale\" content=\"fr_FR\" \/>\n<meta property=\"og:type\" content=\"article\" \/>\n<meta property=\"og:title\" content=\"ALERTE\u00a0 Guin\u00e9e\u00a0 : Un journaliste brutalis\u00e9 et emprisonn\u00e9 - Media Foundation For West Africa\" \/>\n<meta property=\"og:description\" content=\"Le reporter Lansana Sarr du quotidien d\u2019\u00e9tat Horoya, a \u00e9t\u00e9 battu par des membres de la Brigade Sp\u00e9ciale\" \/>\n<meta property=\"og:url\" content=\"https:\/\/mfwa.org\/fr\/alerte-guinee-un-journaliste-brutalise-et-emprisonne\/\" \/>\n<meta property=\"og:site_name\" content=\"Media Foundation For West Africa\" \/>\n<meta property=\"article:publisher\" content=\"https:\/\/www.facebook.com\/themfwa\" \/>\n<meta property=\"article:published_time\" content=\"2004-02-14T11:55:45+00:00\" \/>\n<meta property=\"article:modified_time\" content=\"2015-12-26T11:57:27+00:00\" \/>\n<meta name=\"author\" content=\"Vivian Affoah\" \/>\n<meta name=\"twitter:card\" content=\"summary_large_image\" \/>\n<meta name=\"twitter:creator\" content=\"@TheMFWA\" \/>\n<meta name=\"twitter:site\" content=\"@TheMFWA\" \/>\n<meta name=\"twitter:label1\" content=\"Written by\" \/>\n\t<meta name=\"twitter:data1\" content=\"Vivian Affoah\" \/>\n\t<meta name=\"twitter:label2\" content=\"Est. reading time\" \/>\n\t<meta name=\"twitter:data2\" content=\"1 minute\" \/>\n<script type=\"application\/ld+json\" class=\"yoast-schema-graph\">{\"@context\":\"https:\\\/\\\/schema.org\",\"@graph\":[{\"@type\":\"Article\",\"@id\":\"https:\\\/\\\/mfwa.org\\\/fr\\\/alerte-guinee-un-journaliste-brutalise-et-emprisonne\\\/#article\",\"isPartOf\":{\"@id\":\"https:\\\/\\\/mfwa.org\\\/fr\\\/alerte-guinee-un-journaliste-brutalise-et-emprisonne\\\/\"},\"author\":{\"name\":\"Vivian Affoah\",\"@id\":\"https:\\\/\\\/mfwa.org\\\/#\\\/schema\\\/person\\\/6a1a8151b41fab6317c9544da609a96b\"},\"headline\":\"ALERTE\u00a0 Guin\u00e9e\u00a0 : Un journaliste brutalis\u00e9 et emprisonn\u00e9\",\"datePublished\":\"2004-02-14T11:55:45+00:00\",\"dateModified\":\"2015-12-26T11:57:27+00:00\",\"mainEntityOfPage\":{\"@id\":\"https:\\\/\\\/mfwa.org\\\/fr\\\/alerte-guinee-un-journaliste-brutalise-et-emprisonne\\\/\"},\"wordCount\":281,\"publisher\":{\"@id\":\"https:\\\/\\\/mfwa.org\\\/#organization\"},\"articleSection\":[\"Les violations de la libre expression\"],\"inLanguage\":\"fr-FR\"},{\"@type\":\"WebPage\",\"@id\":\"https:\\\/\\\/mfwa.org\\\/fr\\\/alerte-guinee-un-journaliste-brutalise-et-emprisonne\\\/\",\"url\":\"https:\\\/\\\/mfwa.org\\\/fr\\\/alerte-guinee-un-journaliste-brutalise-et-emprisonne\\\/\",\"name\":\"ALERTE\u00a0 Guin\u00e9e\u00a0 : Un journaliste brutalis\u00e9 et emprisonn\u00e9 - Media Foundation For West Africa\",\"isPartOf\":{\"@id\":\"https:\\\/\\\/mfwa.org\\\/#website\"},\"datePublished\":\"2004-02-14T11:55:45+00:00\",\"dateModified\":\"2015-12-26T11:57:27+00:00\",\"breadcrumb\":{\"@id\":\"https:\\\/\\\/mfwa.org\\\/fr\\\/alerte-guinee-un-journaliste-brutalise-et-emprisonne\\\/#breadcrumb\"},\"inLanguage\":\"fr-FR\",\"potentialAction\":[{\"@type\":\"ReadAction\",\"target\":[\"https:\\\/\\\/mfwa.org\\\/fr\\\/alerte-guinee-un-journaliste-brutalise-et-emprisonne\\\/\"]}]},{\"@type\":\"BreadcrumbList\",\"@id\":\"https:\\\/\\\/mfwa.org\\\/fr\\\/alerte-guinee-un-journaliste-brutalise-et-emprisonne\\\/#breadcrumb\",\"itemListElement\":[{\"@type\":\"ListItem\",\"position\":1,\"name\":\"Home\",\"item\":\"https:\\\/\\\/mfwa.org\\\/fr\\\/\"},{\"@type\":\"ListItem\",\"position\":2,\"name\":\"ALERTE\u00a0 Guin\u00e9e\u00a0 : Un journaliste brutalis\u00e9 et emprisonn\u00e9\"}]},{\"@type\":\"WebSite\",\"@id\":\"https:\\\/\\\/mfwa.org\\\/#website\",\"url\":\"https:\\\/\\\/mfwa.org\\\/\",\"name\":\"Media Foundation For West Africa\",\"description\":\"Promoting Freedom of Expression and Democracy in West Africa\",\"publisher\":{\"@id\":\"https:\\\/\\\/mfwa.org\\\/#organization\"},\"potentialAction\":[{\"@type\":\"SearchAction\",\"target\":{\"@type\":\"EntryPoint\",\"urlTemplate\":\"https:\\\/\\\/mfwa.org\\\/?s={search_term_string}\"},\"query-input\":{\"@type\":\"PropertyValueSpecification\",\"valueRequired\":true,\"valueName\":\"search_term_string\"}}],\"inLanguage\":\"fr-FR\"},{\"@type\":\"Organization\",\"@id\":\"https:\\\/\\\/mfwa.org\\\/#organization\",\"name\":\"Media Foundation for West Africa\",\"url\":\"https:\\\/\\\/mfwa.org\\\/\",\"logo\":{\"@type\":\"ImageObject\",\"inLanguage\":\"fr-FR\",\"@id\":\"https:\\\/\\\/mfwa.org\\\/#\\\/schema\\\/logo\\\/image\\\/\",\"url\":\"https:\\\/\\\/www.mfwa.org\\\/wp-content\\\/uploads\\\/2016\\\/06\\\/MFWA-LOGO.png\",\"contentUrl\":\"https:\\\/\\\/www.mfwa.org\\\/wp-content\\\/uploads\\\/2016\\\/06\\\/MFWA-LOGO.png\",\"width\":180,\"height\":180,\"caption\":\"Media Foundation for West Africa\"},\"image\":{\"@id\":\"https:\\\/\\\/mfwa.org\\\/#\\\/schema\\\/logo\\\/image\\\/\"},\"sameAs\":[\"https:\\\/\\\/www.facebook.com\\\/themfwa\",\"https:\\\/\\\/x.com\\\/TheMFWA\",\"https:\\\/\\\/www.youtube.com\\\/channel\\\/UCF6HrPuXcV1K1Ed8AAq4Rdw\"]},{\"@type\":\"Person\",\"@id\":\"https:\\\/\\\/mfwa.org\\\/#\\\/schema\\\/person\\\/6a1a8151b41fab6317c9544da609a96b\",\"name\":\"Vivian Affoah\",\"image\":{\"@type\":\"ImageObject\",\"inLanguage\":\"fr-FR\",\"@id\":\"https:\\\/\\\/secure.gravatar.com\\\/avatar\\\/ddf6c5c2ef2f35c978196ce314f9b81dba2ec548b12806a3acbe02e2360d7e63?s=96&d=mm&r=g\",\"url\":\"https:\\\/\\\/secure.gravatar.com\\\/avatar\\\/ddf6c5c2ef2f35c978196ce314f9b81dba2ec548b12806a3acbe02e2360d7e63?s=96&d=mm&r=g\",\"contentUrl\":\"https:\\\/\\\/secure.gravatar.com\\\/avatar\\\/ddf6c5c2ef2f35c978196ce314f9b81dba2ec548b12806a3acbe02e2360d7e63?s=96&d=mm&r=g\",\"caption\":\"Vivian Affoah\"},\"sameAs\":[\"http:\\\/\\\/www.mfwa.org\"],\"url\":\"https:\\\/\\\/mfwa.org\\\/fr\\\/author\\\/vivian\\\/\"}]}<\/script>\n<!-- \/ Yoast SEO plugin. -->","yoast_head_json":{"title":"ALERTE\u00a0 Guin\u00e9e\u00a0 : Un journaliste brutalis\u00e9 et emprisonn\u00e9 - Media Foundation For West Africa","robots":{"index":"index","follow":"follow","max-snippet":"max-snippet:-1","max-image-preview":"max-image-preview:large","max-video-preview":"max-video-preview:-1"},"canonical":"https:\/\/mfwa.org\/fr\/alerte-guinee-un-journaliste-brutalise-et-emprisonne\/","og_locale":"fr_FR","og_type":"article","og_title":"ALERTE\u00a0 Guin\u00e9e\u00a0 : Un journaliste brutalis\u00e9 et emprisonn\u00e9 - Media Foundation For West Africa","og_description":"Le reporter Lansana Sarr du quotidien d\u2019\u00e9tat Horoya, a \u00e9t\u00e9 battu par des membres de la Brigade Sp\u00e9ciale","og_url":"https:\/\/mfwa.org\/fr\/alerte-guinee-un-journaliste-brutalise-et-emprisonne\/","og_site_name":"Media Foundation For West Africa","article_publisher":"https:\/\/www.facebook.com\/themfwa","article_published_time":"2004-02-14T11:55:45+00:00","article_modified_time":"2015-12-26T11:57:27+00:00","author":"Vivian Affoah","twitter_card":"summary_large_image","twitter_creator":"@TheMFWA","twitter_site":"@TheMFWA","twitter_misc":{"Written by":"Vivian Affoah","Est. reading time":"1 minute"},"schema":{"@context":"https:\/\/schema.org","@graph":[{"@type":"Article","@id":"https:\/\/mfwa.org\/fr\/alerte-guinee-un-journaliste-brutalise-et-emprisonne\/#article","isPartOf":{"@id":"https:\/\/mfwa.org\/fr\/alerte-guinee-un-journaliste-brutalise-et-emprisonne\/"},"author":{"name":"Vivian Affoah","@id":"https:\/\/mfwa.org\/#\/schema\/person\/6a1a8151b41fab6317c9544da609a96b"},"headline":"ALERTE\u00a0 Guin\u00e9e\u00a0 : Un journaliste brutalis\u00e9 et emprisonn\u00e9","datePublished":"2004-02-14T11:55:45+00:00","dateModified":"2015-12-26T11:57:27+00:00","mainEntityOfPage":{"@id":"https:\/\/mfwa.org\/fr\/alerte-guinee-un-journaliste-brutalise-et-emprisonne\/"},"wordCount":281,"publisher":{"@id":"https:\/\/mfwa.org\/#organization"},"articleSection":["Les violations de la libre expression"],"inLanguage":"fr-FR"},{"@type":"WebPage","@id":"https:\/\/mfwa.org\/fr\/alerte-guinee-un-journaliste-brutalise-et-emprisonne\/","url":"https:\/\/mfwa.org\/fr\/alerte-guinee-un-journaliste-brutalise-et-emprisonne\/","name":"ALERTE\u00a0 Guin\u00e9e\u00a0 : Un journaliste brutalis\u00e9 et emprisonn\u00e9 - Media Foundation For West Africa","isPartOf":{"@id":"https:\/\/mfwa.org\/#website"},"datePublished":"2004-02-14T11:55:45+00:00","dateModified":"2015-12-26T11:57:27+00:00","breadcrumb":{"@id":"https:\/\/mfwa.org\/fr\/alerte-guinee-un-journaliste-brutalise-et-emprisonne\/#breadcrumb"},"inLanguage":"fr-FR","potentialAction":[{"@type":"ReadAction","target":["https:\/\/mfwa.org\/fr\/alerte-guinee-un-journaliste-brutalise-et-emprisonne\/"]}]},{"@type":"BreadcrumbList","@id":"https:\/\/mfwa.org\/fr\/alerte-guinee-un-journaliste-brutalise-et-emprisonne\/#breadcrumb","itemListElement":[{"@type":"ListItem","position":1,"name":"Home","item":"https:\/\/mfwa.org\/fr\/"},{"@type":"ListItem","position":2,"name":"ALERTE\u00a0 Guin\u00e9e\u00a0 : Un journaliste brutalis\u00e9 et emprisonn\u00e9"}]},{"@type":"WebSite","@id":"https:\/\/mfwa.org\/#website","url":"https:\/\/mfwa.org\/","name":"Media Foundation For West Africa","description":"Promoting Freedom of Expression and Democracy in West Africa","publisher":{"@id":"https:\/\/mfwa.org\/#organization"},"potentialAction":[{"@type":"SearchAction","target":{"@type":"EntryPoint","urlTemplate":"https:\/\/mfwa.org\/?s={search_term_string}"},"query-input":{"@type":"PropertyValueSpecification","valueRequired":true,"valueName":"search_term_string"}}],"inLanguage":"fr-FR"},{"@type":"Organization","@id":"https:\/\/mfwa.org\/#organization","name":"Media Foundation for West Africa","url":"https:\/\/mfwa.org\/","logo":{"@type":"ImageObject","inLanguage":"fr-FR","@id":"https:\/\/mfwa.org\/#\/schema\/logo\/image\/","url":"https:\/\/www.mfwa.org\/wp-content\/uploads\/2016\/06\/MFWA-LOGO.png","contentUrl":"https:\/\/www.mfwa.org\/wp-content\/uploads\/2016\/06\/MFWA-LOGO.png","width":180,"height":180,"caption":"Media Foundation for West Africa"},"image":{"@id":"https:\/\/mfwa.org\/#\/schema\/logo\/image\/"},"sameAs":["https:\/\/www.facebook.com\/themfwa","https:\/\/x.com\/TheMFWA","https:\/\/www.youtube.com\/channel\/UCF6HrPuXcV1K1Ed8AAq4Rdw"]},{"@type":"Person","@id":"https:\/\/mfwa.org\/#\/schema\/person\/6a1a8151b41fab6317c9544da609a96b","name":"Vivian Affoah","image":{"@type":"ImageObject","inLanguage":"fr-FR","@id":"https:\/\/secure.gravatar.com\/avatar\/ddf6c5c2ef2f35c978196ce314f9b81dba2ec548b12806a3acbe02e2360d7e63?s=96&d=mm&r=g","url":"https:\/\/secure.gravatar.com\/avatar\/ddf6c5c2ef2f35c978196ce314f9b81dba2ec548b12806a3acbe02e2360d7e63?s=96&d=mm&r=g","contentUrl":"https:\/\/secure.gravatar.com\/avatar\/ddf6c5c2ef2f35c978196ce314f9b81dba2ec548b12806a3acbe02e2360d7e63?s=96&d=mm&r=g","caption":"Vivian Affoah"},"sameAs":["http:\/\/www.mfwa.org"],"url":"https:\/\/mfwa.org\/fr\/author\/vivian\/"}]}},"_links":{"self":[{"href":"https:\/\/mfwa.org\/fr\/wp-json\/wp\/v2\/posts\/4487","targetHints":{"allow":["GET"]}}],"collection":[{"href":"https:\/\/mfwa.org\/fr\/wp-json\/wp\/v2\/posts"}],"about":[{"href":"https:\/\/mfwa.org\/fr\/wp-json\/wp\/v2\/types\/post"}],"author":[{"embeddable":true,"href":"https:\/\/mfwa.org\/fr\/wp-json\/wp\/v2\/users\/2"}],"replies":[{"embeddable":true,"href":"https:\/\/mfwa.org\/fr\/wp-json\/wp\/v2\/comments?post=4487"}],"version-history":[{"count":0,"href":"https:\/\/mfwa.org\/fr\/wp-json\/wp\/v2\/posts\/4487\/revisions"}],"wp:attachment":[{"href":"https:\/\/mfwa.org\/fr\/wp-json\/wp\/v2\/media?parent=4487"}],"wp:term":[{"taxonomy":"category","embeddable":true,"href":"https:\/\/mfwa.org\/fr\/wp-json\/wp\/v2\/categories?post=4487"},{"taxonomy":"post_tag","embeddable":true,"href":"https:\/\/mfwa.org\/fr\/wp-json\/wp\/v2\/tags?post=4487"},{"taxonomy":"country","embeddable":true,"href":"https:\/\/mfwa.org\/fr\/wp-json\/wp\/v2\/country?post=4487"},{"taxonomy":"staff-position","embeddable":true,"href":"https:\/\/mfwa.org\/fr\/wp-json\/wp\/v2\/staff-position?post=4487"},{"taxonomy":"opportunity-category","embeddable":true,"href":"https:\/\/mfwa.org\/fr\/wp-json\/wp\/v2\/opportunity-category?post=4487"}],"curies":[{"name":"wp","href":"https:\/\/api.w.org\/{rel}","templated":true}]}}