{"id":4356,"date":"2015-09-17T11:38:56","date_gmt":"2015-09-17T11:38:56","guid":{"rendered":"http:\/\/www.mfwa.org\/?p=4356"},"modified":"2015-12-16T18:28:05","modified_gmt":"2015-12-16T18:28:05","slug":"situation-critique-au-burkina-faso-radio-stations-fermees","status":"publish","type":"post","link":"https:\/\/mfwa.org\/fr\/situation-critique-au-burkina-faso-radio-stations-fermees\/","title":{"rendered":"Situation Critique au Burkina Faso\u00a0: Radio Stations Ferm\u00e9es."},"content":{"rendered":"<p style=\"text-align: justify;\">Le 16 Septembre 2015, les pr\u00e9tendus membres du R\u00e9giment de S\u00e9curit\u00e9 Pr\u00e9sidentiel (R\u00e9giment de S\u00e9curit\u00e9 Pr\u00e9sidentiel-RSP) de Blaise Compaore ont pris en otage le Pr\u00e9sident de la transition Michel Kafando, ensemble avec le Premier Ministre Yakouba Isaacs Zida.<\/p>\n<p style=\"text-align: justify;\">Les membres de RSP ont aussi pris en otage le Ministre du Logement, Ren\u00e9 Bagoro, et le Ministre du Secteur Public, Augustin Loada.<\/p>\n<p style=\"text-align: justify;\">Le correspondant de MFWA \u00a0au Burkina Faso a remarqu\u00e9 que suite \u00e0 la prise d\u2019otage et signal\u00e9e par les m\u00e9dias, les gardes de s\u00e9curit\u00e9 ont forc\u00e9 les stations radios a ferm\u00e9.<\/p>\n<p style=\"text-align: justify;\">Quelques membres du RSP ont \u00e9t\u00e9 signal\u00e9s \u00e9tant all\u00e9s dans les locaux de Radio Omega, une station priv\u00e9e \u00e0 Ouagadougou, et mettre feu aux engins\u00a0 moto \u00e0 deux roues du personnel de la radio stationn\u00e9s avant de partir. De peur que leurs locaux soient vandalis\u00e9s, certaines stations radios, notamment Radio Nationale, Savane FM et Ouaga FM, ont\u00a0 ferm\u00e9 leurs ondes. Le signal de RFI aussi \u00e9tait coup\u00e9. Toutefois, les circonstances qui entourent tous ceci ne sont pas claires.<\/p>\n<p style=\"text-align: justify;\">Les insurg\u00e9s ont fait un communiqu\u00e9 dans lequel \u00a0il d\u00e9clarait qu\u2019ils ont dissout toutes les institutions de transition et que le Pr\u00e9sident Kafando \u00e9tait demis de ses fonctions. Les radios stations ont repris leur transmission mais la situation \u00e9tait toujours tendue.<\/p>\n<p style=\"text-align: justify;\">Le 17 Septembre, les insurg\u00e9s ont fait un communiqu\u00e9 dans lequel \u00a0il d\u00e9clarait qu\u2019ils ont dissout les institutions de la transition et destitu\u00e9 le Pr\u00e9sident Kafando.<\/p>\n<p style=\"text-align: justify;\">Le FMAO\u00a0 est pr\u00e9occup\u00e9 par les actes de violence et d\u2019intimidation perp\u00e9tr\u00e9s contre les m\u00e9dias par les soldats en grogne, et appelle \u00e0 un retour imm\u00e9diat \u00e0 la normalit\u00e9 au Burkina Faso. Nous interpellons la CEDEAO et l\u2019UA \u00e0 prendre imm\u00e9diatement les actions qui s\u2019imposent pour que la situation dans le pays soit r\u00e9solue \u00e0 \u00a0l\u2019amiable en vue d\u2019assurer la s\u00e9curit\u00e9 et \u00a0la vie des personnes et des biens.<\/p>\n","protected":false},"excerpt":{"rendered":"<p>Le 16 Septembre 2015, les pr\u00e9tendus membres du R\u00e9giment de S\u00e9curit\u00e9 Pr\u00e9sidentiel (R\u00e9giment de S\u00e9curit\u00e9 Pr\u00e9sidentiel-RSP) de Blaise<\/p>\n","protected":false},"author":2,"featured_media":4357,"comment_status":"closed","ping_status":"closed","sticky":false,"template":"","format":"standard","meta":{"footnotes":""},"categories":[254],"tags":[],"country":[239],"staff-position":[],"opportunity-category":[],"class_list":["post-4356","post","type-post","status-publish","format-standard","has-post-thumbnail","hentry","category-free-expression-violations-fr","country-burkina-faso-fr"],"yoast_head":"<!-- This site is optimized with the Yoast SEO plugin v27.5 - https:\/\/yoast.com\/product\/yoast-seo-wordpress\/ -->\n<title>Situation Critique au Burkina Faso\u00a0: Radio Stations Ferm\u00e9es. - Media Foundation For West Africa<\/title>\n<meta name=\"robots\" content=\"index, follow, max-snippet:-1, max-image-preview:large, max-video-preview:-1\" \/>\n<link rel=\"canonical\" href=\"https:\/\/mfwa.org\/critical-situation-in-burkina-faso-radio-stations-shut-down\/\" \/>\n<meta property=\"og:locale\" content=\"fr_FR\" \/>\n<meta property=\"og:type\" content=\"article\" \/>\n<meta property=\"og:title\" content=\"Situation Critique au Burkina Faso\u00a0: Radio Stations Ferm\u00e9es. - Media Foundation For West Africa\" \/>\n<meta property=\"og:description\" content=\"Le 16 Septembre 2015, les pr\u00e9tendus membres du R\u00e9giment de S\u00e9curit\u00e9 Pr\u00e9sidentiel (R\u00e9giment de S\u00e9curit\u00e9 Pr\u00e9sidentiel-RSP) de Blaise\" \/>\n<meta property=\"og:url\" content=\"https:\/\/mfwa.org\/critical-situation-in-burkina-faso-radio-stations-shut-down\/\" \/>\n<meta property=\"og:site_name\" content=\"Media Foundation For West Africa\" \/>\n<meta property=\"article:publisher\" content=\"https:\/\/www.facebook.com\/themfwa\" \/>\n<meta property=\"article:published_time\" content=\"2015-09-17T11:38:56+00:00\" \/>\n<meta property=\"article:modified_time\" content=\"2015-12-16T18:28:05+00:00\" \/>\n<meta property=\"og:image\" content=\"https:\/\/mfwa.org\/wp-content\/uploads\/2015\/12\/bbc.jpg\" \/>\n\t<meta property=\"og:image:width\" content=\"624\" \/>\n\t<meta property=\"og:image:height\" content=\"351\" \/>\n\t<meta property=\"og:image:type\" content=\"image\/jpeg\" \/>\n<meta name=\"author\" content=\"Vivian Affoah\" \/>\n<meta name=\"twitter:card\" content=\"summary_large_image\" \/>\n<meta name=\"twitter:creator\" content=\"@TheMFWA\" \/>\n<meta name=\"twitter:site\" content=\"@TheMFWA\" \/>\n<meta name=\"twitter:label1\" content=\"Written by\" \/>\n\t<meta name=\"twitter:data1\" content=\"Vivian Affoah\" \/>\n\t<meta name=\"twitter:label2\" content=\"Est. reading time\" \/>\n\t<meta name=\"twitter:data2\" content=\"2 minutes\" \/>\n<script type=\"application\/ld+json\" class=\"yoast-schema-graph\">{\"@context\":\"https:\\\/\\\/schema.org\",\"@graph\":[{\"@type\":\"Article\",\"@id\":\"https:\\\/\\\/mfwa.org\\\/critical-situation-in-burkina-faso-radio-stations-shut-down\\\/#article\",\"isPartOf\":{\"@id\":\"https:\\\/\\\/mfwa.org\\\/critical-situation-in-burkina-faso-radio-stations-shut-down\\\/\"},\"author\":{\"name\":\"Vivian Affoah\",\"@id\":\"https:\\\/\\\/mfwa.org\\\/#\\\/schema\\\/person\\\/6a1a8151b41fab6317c9544da609a96b\"},\"headline\":\"Situation Critique au Burkina Faso\u00a0: Radio Stations Ferm\u00e9es.\",\"datePublished\":\"2015-09-17T11:38:56+00:00\",\"dateModified\":\"2015-12-16T18:28:05+00:00\",\"mainEntityOfPage\":{\"@id\":\"https:\\\/\\\/mfwa.org\\\/critical-situation-in-burkina-faso-radio-stations-shut-down\\\/\"},\"wordCount\":343,\"publisher\":{\"@id\":\"https:\\\/\\\/mfwa.org\\\/#organization\"},\"image\":{\"@id\":\"https:\\\/\\\/mfwa.org\\\/critical-situation-in-burkina-faso-radio-stations-shut-down\\\/#primaryimage\"},\"thumbnailUrl\":\"https:\\\/\\\/mfwa.org\\\/wp-content\\\/uploads\\\/2015\\\/12\\\/bbc.jpg\",\"articleSection\":[\"Les violations de la libre expression\"],\"inLanguage\":\"fr-FR\"},{\"@type\":\"WebPage\",\"@id\":\"https:\\\/\\\/mfwa.org\\\/critical-situation-in-burkina-faso-radio-stations-shut-down\\\/\",\"url\":\"https:\\\/\\\/mfwa.org\\\/critical-situation-in-burkina-faso-radio-stations-shut-down\\\/\",\"name\":\"Situation Critique au Burkina Faso\u00a0: Radio Stations Ferm\u00e9es. - Media Foundation For West Africa\",\"isPartOf\":{\"@id\":\"https:\\\/\\\/mfwa.org\\\/#website\"},\"primaryImageOfPage\":{\"@id\":\"https:\\\/\\\/mfwa.org\\\/critical-situation-in-burkina-faso-radio-stations-shut-down\\\/#primaryimage\"},\"image\":{\"@id\":\"https:\\\/\\\/mfwa.org\\\/critical-situation-in-burkina-faso-radio-stations-shut-down\\\/#primaryimage\"},\"thumbnailUrl\":\"https:\\\/\\\/mfwa.org\\\/wp-content\\\/uploads\\\/2015\\\/12\\\/bbc.jpg\",\"datePublished\":\"2015-09-17T11:38:56+00:00\",\"dateModified\":\"2015-12-16T18:28:05+00:00\",\"breadcrumb\":{\"@id\":\"https:\\\/\\\/mfwa.org\\\/critical-situation-in-burkina-faso-radio-stations-shut-down\\\/#breadcrumb\"},\"inLanguage\":\"fr-FR\",\"potentialAction\":[{\"@type\":\"ReadAction\",\"target\":[\"https:\\\/\\\/mfwa.org\\\/critical-situation-in-burkina-faso-radio-stations-shut-down\\\/\"]}]},{\"@type\":\"ImageObject\",\"inLanguage\":\"fr-FR\",\"@id\":\"https:\\\/\\\/mfwa.org\\\/critical-situation-in-burkina-faso-radio-stations-shut-down\\\/#primaryimage\",\"url\":\"https:\\\/\\\/mfwa.org\\\/wp-content\\\/uploads\\\/2015\\\/12\\\/bbc.jpg\",\"contentUrl\":\"https:\\\/\\\/mfwa.org\\\/wp-content\\\/uploads\\\/2015\\\/12\\\/bbc.jpg\",\"width\":624,\"height\":351},{\"@type\":\"BreadcrumbList\",\"@id\":\"https:\\\/\\\/mfwa.org\\\/critical-situation-in-burkina-faso-radio-stations-shut-down\\\/#breadcrumb\",\"itemListElement\":[{\"@type\":\"ListItem\",\"position\":1,\"name\":\"Home\",\"item\":\"https:\\\/\\\/mfwa.org\\\/fr\\\/\"},{\"@type\":\"ListItem\",\"position\":2,\"name\":\"Situation Critique au Burkina Faso\u00a0: Radio Stations Ferm\u00e9es.\"}]},{\"@type\":\"WebSite\",\"@id\":\"https:\\\/\\\/mfwa.org\\\/#website\",\"url\":\"https:\\\/\\\/mfwa.org\\\/\",\"name\":\"Media Foundation For West Africa\",\"description\":\"Promoting Freedom of Expression and Democracy in West Africa\",\"publisher\":{\"@id\":\"https:\\\/\\\/mfwa.org\\\/#organization\"},\"potentialAction\":[{\"@type\":\"SearchAction\",\"target\":{\"@type\":\"EntryPoint\",\"urlTemplate\":\"https:\\\/\\\/mfwa.org\\\/?s={search_term_string}\"},\"query-input\":{\"@type\":\"PropertyValueSpecification\",\"valueRequired\":true,\"valueName\":\"search_term_string\"}}],\"inLanguage\":\"fr-FR\"},{\"@type\":\"Organization\",\"@id\":\"https:\\\/\\\/mfwa.org\\\/#organization\",\"name\":\"Media Foundation for West Africa\",\"url\":\"https:\\\/\\\/mfwa.org\\\/\",\"logo\":{\"@type\":\"ImageObject\",\"inLanguage\":\"fr-FR\",\"@id\":\"https:\\\/\\\/mfwa.org\\\/#\\\/schema\\\/logo\\\/image\\\/\",\"url\":\"https:\\\/\\\/www.mfwa.org\\\/wp-content\\\/uploads\\\/2016\\\/06\\\/MFWA-LOGO.png\",\"contentUrl\":\"https:\\\/\\\/www.mfwa.org\\\/wp-content\\\/uploads\\\/2016\\\/06\\\/MFWA-LOGO.png\",\"width\":180,\"height\":180,\"caption\":\"Media Foundation for West Africa\"},\"image\":{\"@id\":\"https:\\\/\\\/mfwa.org\\\/#\\\/schema\\\/logo\\\/image\\\/\"},\"sameAs\":[\"https:\\\/\\\/www.facebook.com\\\/themfwa\",\"https:\\\/\\\/x.com\\\/TheMFWA\",\"https:\\\/\\\/www.youtube.com\\\/channel\\\/UCF6HrPuXcV1K1Ed8AAq4Rdw\"]},{\"@type\":\"Person\",\"@id\":\"https:\\\/\\\/mfwa.org\\\/#\\\/schema\\\/person\\\/6a1a8151b41fab6317c9544da609a96b\",\"name\":\"Vivian Affoah\",\"image\":{\"@type\":\"ImageObject\",\"inLanguage\":\"fr-FR\",\"@id\":\"https:\\\/\\\/secure.gravatar.com\\\/avatar\\\/ddf6c5c2ef2f35c978196ce314f9b81dba2ec548b12806a3acbe02e2360d7e63?s=96&d=mm&r=g\",\"url\":\"https:\\\/\\\/secure.gravatar.com\\\/avatar\\\/ddf6c5c2ef2f35c978196ce314f9b81dba2ec548b12806a3acbe02e2360d7e63?s=96&d=mm&r=g\",\"contentUrl\":\"https:\\\/\\\/secure.gravatar.com\\\/avatar\\\/ddf6c5c2ef2f35c978196ce314f9b81dba2ec548b12806a3acbe02e2360d7e63?s=96&d=mm&r=g\",\"caption\":\"Vivian Affoah\"},\"sameAs\":[\"http:\\\/\\\/www.mfwa.org\"],\"url\":\"https:\\\/\\\/mfwa.org\\\/fr\\\/author\\\/vivian\\\/\"}]}<\/script>\n<!-- \/ Yoast SEO plugin. -->","yoast_head_json":{"title":"Situation Critique au Burkina Faso\u00a0: Radio Stations Ferm\u00e9es. - Media Foundation For West Africa","robots":{"index":"index","follow":"follow","max-snippet":"max-snippet:-1","max-image-preview":"max-image-preview:large","max-video-preview":"max-video-preview:-1"},"canonical":"https:\/\/mfwa.org\/critical-situation-in-burkina-faso-radio-stations-shut-down\/","og_locale":"fr_FR","og_type":"article","og_title":"Situation Critique au Burkina Faso\u00a0: Radio Stations Ferm\u00e9es. - Media Foundation For West Africa","og_description":"Le 16 Septembre 2015, les pr\u00e9tendus membres du R\u00e9giment de S\u00e9curit\u00e9 Pr\u00e9sidentiel (R\u00e9giment de S\u00e9curit\u00e9 Pr\u00e9sidentiel-RSP) de Blaise","og_url":"https:\/\/mfwa.org\/critical-situation-in-burkina-faso-radio-stations-shut-down\/","og_site_name":"Media Foundation For West Africa","article_publisher":"https:\/\/www.facebook.com\/themfwa","article_published_time":"2015-09-17T11:38:56+00:00","article_modified_time":"2015-12-16T18:28:05+00:00","og_image":[{"width":624,"height":351,"url":"https:\/\/mfwa.org\/wp-content\/uploads\/2015\/12\/bbc.jpg","type":"image\/jpeg"}],"author":"Vivian Affoah","twitter_card":"summary_large_image","twitter_creator":"@TheMFWA","twitter_site":"@TheMFWA","twitter_misc":{"Written by":"Vivian Affoah","Est. reading time":"2 minutes"},"schema":{"@context":"https:\/\/schema.org","@graph":[{"@type":"Article","@id":"https:\/\/mfwa.org\/critical-situation-in-burkina-faso-radio-stations-shut-down\/#article","isPartOf":{"@id":"https:\/\/mfwa.org\/critical-situation-in-burkina-faso-radio-stations-shut-down\/"},"author":{"name":"Vivian Affoah","@id":"https:\/\/mfwa.org\/#\/schema\/person\/6a1a8151b41fab6317c9544da609a96b"},"headline":"Situation Critique au Burkina Faso\u00a0: Radio Stations Ferm\u00e9es.","datePublished":"2015-09-17T11:38:56+00:00","dateModified":"2015-12-16T18:28:05+00:00","mainEntityOfPage":{"@id":"https:\/\/mfwa.org\/critical-situation-in-burkina-faso-radio-stations-shut-down\/"},"wordCount":343,"publisher":{"@id":"https:\/\/mfwa.org\/#organization"},"image":{"@id":"https:\/\/mfwa.org\/critical-situation-in-burkina-faso-radio-stations-shut-down\/#primaryimage"},"thumbnailUrl":"https:\/\/mfwa.org\/wp-content\/uploads\/2015\/12\/bbc.jpg","articleSection":["Les violations de la libre expression"],"inLanguage":"fr-FR"},{"@type":"WebPage","@id":"https:\/\/mfwa.org\/critical-situation-in-burkina-faso-radio-stations-shut-down\/","url":"https:\/\/mfwa.org\/critical-situation-in-burkina-faso-radio-stations-shut-down\/","name":"Situation Critique au Burkina Faso\u00a0: Radio Stations Ferm\u00e9es. - Media Foundation For West Africa","isPartOf":{"@id":"https:\/\/mfwa.org\/#website"},"primaryImageOfPage":{"@id":"https:\/\/mfwa.org\/critical-situation-in-burkina-faso-radio-stations-shut-down\/#primaryimage"},"image":{"@id":"https:\/\/mfwa.org\/critical-situation-in-burkina-faso-radio-stations-shut-down\/#primaryimage"},"thumbnailUrl":"https:\/\/mfwa.org\/wp-content\/uploads\/2015\/12\/bbc.jpg","datePublished":"2015-09-17T11:38:56+00:00","dateModified":"2015-12-16T18:28:05+00:00","breadcrumb":{"@id":"https:\/\/mfwa.org\/critical-situation-in-burkina-faso-radio-stations-shut-down\/#breadcrumb"},"inLanguage":"fr-FR","potentialAction":[{"@type":"ReadAction","target":["https:\/\/mfwa.org\/critical-situation-in-burkina-faso-radio-stations-shut-down\/"]}]},{"@type":"ImageObject","inLanguage":"fr-FR","@id":"https:\/\/mfwa.org\/critical-situation-in-burkina-faso-radio-stations-shut-down\/#primaryimage","url":"https:\/\/mfwa.org\/wp-content\/uploads\/2015\/12\/bbc.jpg","contentUrl":"https:\/\/mfwa.org\/wp-content\/uploads\/2015\/12\/bbc.jpg","width":624,"height":351},{"@type":"BreadcrumbList","@id":"https:\/\/mfwa.org\/critical-situation-in-burkina-faso-radio-stations-shut-down\/#breadcrumb","itemListElement":[{"@type":"ListItem","position":1,"name":"Home","item":"https:\/\/mfwa.org\/fr\/"},{"@type":"ListItem","position":2,"name":"Situation Critique au Burkina Faso\u00a0: Radio Stations Ferm\u00e9es."}]},{"@type":"WebSite","@id":"https:\/\/mfwa.org\/#website","url":"https:\/\/mfwa.org\/","name":"Media Foundation For West Africa","description":"Promoting Freedom of Expression and Democracy in West Africa","publisher":{"@id":"https:\/\/mfwa.org\/#organization"},"potentialAction":[{"@type":"SearchAction","target":{"@type":"EntryPoint","urlTemplate":"https:\/\/mfwa.org\/?s={search_term_string}"},"query-input":{"@type":"PropertyValueSpecification","valueRequired":true,"valueName":"search_term_string"}}],"inLanguage":"fr-FR"},{"@type":"Organization","@id":"https:\/\/mfwa.org\/#organization","name":"Media Foundation for West Africa","url":"https:\/\/mfwa.org\/","logo":{"@type":"ImageObject","inLanguage":"fr-FR","@id":"https:\/\/mfwa.org\/#\/schema\/logo\/image\/","url":"https:\/\/www.mfwa.org\/wp-content\/uploads\/2016\/06\/MFWA-LOGO.png","contentUrl":"https:\/\/www.mfwa.org\/wp-content\/uploads\/2016\/06\/MFWA-LOGO.png","width":180,"height":180,"caption":"Media Foundation for West Africa"},"image":{"@id":"https:\/\/mfwa.org\/#\/schema\/logo\/image\/"},"sameAs":["https:\/\/www.facebook.com\/themfwa","https:\/\/x.com\/TheMFWA","https:\/\/www.youtube.com\/channel\/UCF6HrPuXcV1K1Ed8AAq4Rdw"]},{"@type":"Person","@id":"https:\/\/mfwa.org\/#\/schema\/person\/6a1a8151b41fab6317c9544da609a96b","name":"Vivian Affoah","image":{"@type":"ImageObject","inLanguage":"fr-FR","@id":"https:\/\/secure.gravatar.com\/avatar\/ddf6c5c2ef2f35c978196ce314f9b81dba2ec548b12806a3acbe02e2360d7e63?s=96&d=mm&r=g","url":"https:\/\/secure.gravatar.com\/avatar\/ddf6c5c2ef2f35c978196ce314f9b81dba2ec548b12806a3acbe02e2360d7e63?s=96&d=mm&r=g","contentUrl":"https:\/\/secure.gravatar.com\/avatar\/ddf6c5c2ef2f35c978196ce314f9b81dba2ec548b12806a3acbe02e2360d7e63?s=96&d=mm&r=g","caption":"Vivian Affoah"},"sameAs":["http:\/\/www.mfwa.org"],"url":"https:\/\/mfwa.org\/fr\/author\/vivian\/"}]}},"_links":{"self":[{"href":"https:\/\/mfwa.org\/fr\/wp-json\/wp\/v2\/posts\/4356","targetHints":{"allow":["GET"]}}],"collection":[{"href":"https:\/\/mfwa.org\/fr\/wp-json\/wp\/v2\/posts"}],"about":[{"href":"https:\/\/mfwa.org\/fr\/wp-json\/wp\/v2\/types\/post"}],"author":[{"embeddable":true,"href":"https:\/\/mfwa.org\/fr\/wp-json\/wp\/v2\/users\/2"}],"replies":[{"embeddable":true,"href":"https:\/\/mfwa.org\/fr\/wp-json\/wp\/v2\/comments?post=4356"}],"version-history":[{"count":0,"href":"https:\/\/mfwa.org\/fr\/wp-json\/wp\/v2\/posts\/4356\/revisions"}],"wp:featuredmedia":[{"embeddable":true,"href":"https:\/\/mfwa.org\/fr\/wp-json\/wp\/v2\/media\/4357"}],"wp:attachment":[{"href":"https:\/\/mfwa.org\/fr\/wp-json\/wp\/v2\/media?parent=4356"}],"wp:term":[{"taxonomy":"category","embeddable":true,"href":"https:\/\/mfwa.org\/fr\/wp-json\/wp\/v2\/categories?post=4356"},{"taxonomy":"post_tag","embeddable":true,"href":"https:\/\/mfwa.org\/fr\/wp-json\/wp\/v2\/tags?post=4356"},{"taxonomy":"country","embeddable":true,"href":"https:\/\/mfwa.org\/fr\/wp-json\/wp\/v2\/country?post=4356"},{"taxonomy":"staff-position","embeddable":true,"href":"https:\/\/mfwa.org\/fr\/wp-json\/wp\/v2\/staff-position?post=4356"},{"taxonomy":"opportunity-category","embeddable":true,"href":"https:\/\/mfwa.org\/fr\/wp-json\/wp\/v2\/opportunity-category?post=4356"}],"curies":[{"name":"wp","href":"https:\/\/api.w.org\/{rel}","templated":true}]}}