{"id":4178,"date":"2012-03-03T12:30:38","date_gmt":"2012-03-03T12:30:38","guid":{"rendered":"http:\/\/mfwa.africafex.org\/?p=4178"},"modified":"2015-12-01T12:32:15","modified_gmt":"2015-12-01T12:32:15","slug":"mise-a-jour-cote-divoire-rti-bouake-reprend-ses-emissions-apres-10-ans-de-fermeture","status":"publish","type":"post","link":"https:\/\/mfwa.org\/fr\/mise-a-jour-cote-divoire-rti-bouake-reprend-ses-emissions-apres-10-ans-de-fermeture\/","title":{"rendered":"MISE A JOUR C\u00f4te d\u2019Ivoire: RTI Bouak\u00e9 reprend ses \u00e9missions apr\u00e8s 10 ans de fermeture,"},"content":{"rendered":"<p style=\"text-align: justify;\"><em>RTI Bouak\u00e9<\/em>, une station de t\u00e9l\u00e9vision appartenant \u00e0 la Radiodiffusion-T\u00e9l\u00e9vision Ivoirienne, la station d\u2019Etat, qui a ferm\u00e9 ses ondes apr\u00e8s qu\u2019elle a \u00e9t\u00e9 saccag\u00e9e le 18 septembre 2002, a repris ses \u00e9missions le 1<sup>er<\/sup> mars 2012<\/p>\n<p style=\"text-align: justify;\">La correspondante de la Fondation pour les M\u00e9dias en Afrique de l\u2019Ouest (MFWA) \u00e0 Abidjan a rapport\u00e9 que la station est dot\u00e9e de mat\u00e9riel ultra moderne avec un \u00e9metteur capable de porter des images et du son de qualit\u00e9 sur un rayon d\u2019environ 65 km.<\/p>\n<p style=\"text-align: justify;\">La correspondante a affirm\u00e9 que la station a \u00e9t\u00e9 relanc\u00e9e depuis lors. Avec son nouveau slogan, \u00ab\u00a0une nouvelle vision\u00a0\u00bb, la station a promis d\u2019\u00eatre plus interactive en prenant en compte les opinions et les pr\u00e9occupations de ses t\u00e9l\u00e9spectateurs.<\/p>\n<p style=\"text-align: justify;\"><em>RTI Bouak\u00e9<\/em> est install\u00e9e dans les locaux de <em>Radio Bouak\u00e9<\/em> qui est situ\u00e9e au centre-nord ivoirien. Les locaux ont \u00e9t\u00e9 saccag\u00e9s en septembre 2002 au d\u00e9but de la crise militaro-politique en C\u00f4te d\u2019Ivoire. <em>Radio Bouak\u00e9<\/em> a \u00e9t\u00e9 rouverte le 29 d\u00e9cembre 2011.<\/p>\n<p style=\"text-align: justify;\">La MFWA se f\u00e9licite de ce d\u00e9veloppement et esp\u00e8re que RTI Bouak\u00e9 servira l\u2019int\u00e9r\u00eat public en r\u00e9pondant de ses actions devant les Ivoiriens et non pas le gouvernement.<\/p>\n","protected":false},"excerpt":{"rendered":"<p>RTI Bouak\u00e9, une station de t\u00e9l\u00e9vision appartenant \u00e0 la Radiodiffusion-T\u00e9l\u00e9vision Ivoirienne, la station d\u2019Etat, qui a ferm\u00e9 ses<\/p>\n","protected":false},"author":2,"featured_media":0,"comment_status":"closed","ping_status":"closed","sticky":false,"template":"","format":"standard","meta":{"footnotes":""},"categories":[256],"tags":[],"country":[241],"staff-position":[],"opportunity-category":[],"class_list":["post-4178","post","type-post","status-publish","format-standard","hentry","category-media-development-fr","country-cote-divoire-fr"],"yoast_head":"<!-- This site is optimized with the Yoast SEO plugin v27.5 - https:\/\/yoast.com\/product\/yoast-seo-wordpress\/ -->\n<title>MISE A JOUR C\u00f4te d\u2019Ivoire: RTI Bouak\u00e9 reprend ses \u00e9missions apr\u00e8s 10 ans de fermeture, - Media Foundation For West Africa<\/title>\n<meta name=\"robots\" content=\"index, follow, max-snippet:-1, max-image-preview:large, max-video-preview:-1\" \/>\n<link rel=\"canonical\" href=\"https:\/\/mfwa.org\/fr\/mise-a-jour-cote-divoire-rti-bouake-reprend-ses-emissions-apres-10-ans-de-fermeture\/\" \/>\n<meta property=\"og:locale\" content=\"fr_FR\" \/>\n<meta property=\"og:type\" content=\"article\" \/>\n<meta property=\"og:title\" content=\"MISE A JOUR C\u00f4te d\u2019Ivoire: RTI Bouak\u00e9 reprend ses \u00e9missions apr\u00e8s 10 ans de fermeture, - Media Foundation For West Africa\" \/>\n<meta property=\"og:description\" content=\"RTI Bouak\u00e9, une station de t\u00e9l\u00e9vision appartenant \u00e0 la Radiodiffusion-T\u00e9l\u00e9vision Ivoirienne, la station d\u2019Etat, qui a ferm\u00e9 ses\" \/>\n<meta property=\"og:url\" content=\"https:\/\/mfwa.org\/fr\/mise-a-jour-cote-divoire-rti-bouake-reprend-ses-emissions-apres-10-ans-de-fermeture\/\" \/>\n<meta property=\"og:site_name\" content=\"Media Foundation For West Africa\" \/>\n<meta property=\"article:publisher\" content=\"https:\/\/www.facebook.com\/themfwa\" \/>\n<meta property=\"article:published_time\" content=\"2012-03-03T12:30:38+00:00\" \/>\n<meta property=\"article:modified_time\" content=\"2015-12-01T12:32:15+00:00\" \/>\n<meta name=\"author\" content=\"Vivian Affoah\" \/>\n<meta name=\"twitter:card\" content=\"summary_large_image\" \/>\n<meta name=\"twitter:creator\" content=\"@TheMFWA\" \/>\n<meta name=\"twitter:site\" content=\"@TheMFWA\" \/>\n<meta name=\"twitter:label1\" content=\"Written by\" \/>\n\t<meta name=\"twitter:data1\" content=\"Vivian Affoah\" \/>\n\t<meta name=\"twitter:label2\" content=\"Est. reading time\" \/>\n\t<meta name=\"twitter:data2\" content=\"1 minute\" \/>\n<script type=\"application\/ld+json\" class=\"yoast-schema-graph\">{\"@context\":\"https:\\\/\\\/schema.org\",\"@graph\":[{\"@type\":\"Article\",\"@id\":\"https:\\\/\\\/mfwa.org\\\/fr\\\/mise-a-jour-cote-divoire-rti-bouake-reprend-ses-emissions-apres-10-ans-de-fermeture\\\/#article\",\"isPartOf\":{\"@id\":\"https:\\\/\\\/mfwa.org\\\/fr\\\/mise-a-jour-cote-divoire-rti-bouake-reprend-ses-emissions-apres-10-ans-de-fermeture\\\/\"},\"author\":{\"name\":\"Vivian Affoah\",\"@id\":\"https:\\\/\\\/mfwa.org\\\/#\\\/schema\\\/person\\\/6a1a8151b41fab6317c9544da609a96b\"},\"headline\":\"MISE A JOUR C\u00f4te d\u2019Ivoire: RTI Bouak\u00e9 reprend ses \u00e9missions apr\u00e8s 10 ans de fermeture,\",\"datePublished\":\"2012-03-03T12:30:38+00:00\",\"dateModified\":\"2015-12-01T12:32:15+00:00\",\"mainEntityOfPage\":{\"@id\":\"https:\\\/\\\/mfwa.org\\\/fr\\\/mise-a-jour-cote-divoire-rti-bouake-reprend-ses-emissions-apres-10-ans-de-fermeture\\\/\"},\"wordCount\":229,\"publisher\":{\"@id\":\"https:\\\/\\\/mfwa.org\\\/#organization\"},\"articleSection\":[\"D\u00e9veloppement des m\u00e9dias\"],\"inLanguage\":\"fr-FR\"},{\"@type\":\"WebPage\",\"@id\":\"https:\\\/\\\/mfwa.org\\\/fr\\\/mise-a-jour-cote-divoire-rti-bouake-reprend-ses-emissions-apres-10-ans-de-fermeture\\\/\",\"url\":\"https:\\\/\\\/mfwa.org\\\/fr\\\/mise-a-jour-cote-divoire-rti-bouake-reprend-ses-emissions-apres-10-ans-de-fermeture\\\/\",\"name\":\"MISE A JOUR C\u00f4te d\u2019Ivoire: RTI Bouak\u00e9 reprend ses \u00e9missions apr\u00e8s 10 ans de fermeture, - Media Foundation For West Africa\",\"isPartOf\":{\"@id\":\"https:\\\/\\\/mfwa.org\\\/#website\"},\"datePublished\":\"2012-03-03T12:30:38+00:00\",\"dateModified\":\"2015-12-01T12:32:15+00:00\",\"breadcrumb\":{\"@id\":\"https:\\\/\\\/mfwa.org\\\/fr\\\/mise-a-jour-cote-divoire-rti-bouake-reprend-ses-emissions-apres-10-ans-de-fermeture\\\/#breadcrumb\"},\"inLanguage\":\"fr-FR\",\"potentialAction\":[{\"@type\":\"ReadAction\",\"target\":[\"https:\\\/\\\/mfwa.org\\\/fr\\\/mise-a-jour-cote-divoire-rti-bouake-reprend-ses-emissions-apres-10-ans-de-fermeture\\\/\"]}]},{\"@type\":\"BreadcrumbList\",\"@id\":\"https:\\\/\\\/mfwa.org\\\/fr\\\/mise-a-jour-cote-divoire-rti-bouake-reprend-ses-emissions-apres-10-ans-de-fermeture\\\/#breadcrumb\",\"itemListElement\":[{\"@type\":\"ListItem\",\"position\":1,\"name\":\"Home\",\"item\":\"https:\\\/\\\/mfwa.org\\\/fr\\\/\"},{\"@type\":\"ListItem\",\"position\":2,\"name\":\"MISE A JOUR C\u00f4te d\u2019Ivoire: RTI Bouak\u00e9 reprend ses \u00e9missions apr\u00e8s 10 ans de fermeture,\"}]},{\"@type\":\"WebSite\",\"@id\":\"https:\\\/\\\/mfwa.org\\\/#website\",\"url\":\"https:\\\/\\\/mfwa.org\\\/\",\"name\":\"Media Foundation For West Africa\",\"description\":\"Promoting Freedom of Expression and Democracy in West Africa\",\"publisher\":{\"@id\":\"https:\\\/\\\/mfwa.org\\\/#organization\"},\"potentialAction\":[{\"@type\":\"SearchAction\",\"target\":{\"@type\":\"EntryPoint\",\"urlTemplate\":\"https:\\\/\\\/mfwa.org\\\/?s={search_term_string}\"},\"query-input\":{\"@type\":\"PropertyValueSpecification\",\"valueRequired\":true,\"valueName\":\"search_term_string\"}}],\"inLanguage\":\"fr-FR\"},{\"@type\":\"Organization\",\"@id\":\"https:\\\/\\\/mfwa.org\\\/#organization\",\"name\":\"Media Foundation for West Africa\",\"url\":\"https:\\\/\\\/mfwa.org\\\/\",\"logo\":{\"@type\":\"ImageObject\",\"inLanguage\":\"fr-FR\",\"@id\":\"https:\\\/\\\/mfwa.org\\\/#\\\/schema\\\/logo\\\/image\\\/\",\"url\":\"https:\\\/\\\/www.mfwa.org\\\/wp-content\\\/uploads\\\/2016\\\/06\\\/MFWA-LOGO.png\",\"contentUrl\":\"https:\\\/\\\/www.mfwa.org\\\/wp-content\\\/uploads\\\/2016\\\/06\\\/MFWA-LOGO.png\",\"width\":180,\"height\":180,\"caption\":\"Media Foundation for West Africa\"},\"image\":{\"@id\":\"https:\\\/\\\/mfwa.org\\\/#\\\/schema\\\/logo\\\/image\\\/\"},\"sameAs\":[\"https:\\\/\\\/www.facebook.com\\\/themfwa\",\"https:\\\/\\\/x.com\\\/TheMFWA\",\"https:\\\/\\\/www.youtube.com\\\/channel\\\/UCF6HrPuXcV1K1Ed8AAq4Rdw\"]},{\"@type\":\"Person\",\"@id\":\"https:\\\/\\\/mfwa.org\\\/#\\\/schema\\\/person\\\/6a1a8151b41fab6317c9544da609a96b\",\"name\":\"Vivian Affoah\",\"image\":{\"@type\":\"ImageObject\",\"inLanguage\":\"fr-FR\",\"@id\":\"https:\\\/\\\/secure.gravatar.com\\\/avatar\\\/ddf6c5c2ef2f35c978196ce314f9b81dba2ec548b12806a3acbe02e2360d7e63?s=96&d=mm&r=g\",\"url\":\"https:\\\/\\\/secure.gravatar.com\\\/avatar\\\/ddf6c5c2ef2f35c978196ce314f9b81dba2ec548b12806a3acbe02e2360d7e63?s=96&d=mm&r=g\",\"contentUrl\":\"https:\\\/\\\/secure.gravatar.com\\\/avatar\\\/ddf6c5c2ef2f35c978196ce314f9b81dba2ec548b12806a3acbe02e2360d7e63?s=96&d=mm&r=g\",\"caption\":\"Vivian Affoah\"},\"sameAs\":[\"http:\\\/\\\/www.mfwa.org\"],\"url\":\"https:\\\/\\\/mfwa.org\\\/fr\\\/author\\\/vivian\\\/\"}]}<\/script>\n<!-- \/ Yoast SEO plugin. -->","yoast_head_json":{"title":"MISE A JOUR C\u00f4te d\u2019Ivoire: RTI Bouak\u00e9 reprend ses \u00e9missions apr\u00e8s 10 ans de fermeture, - Media Foundation For West Africa","robots":{"index":"index","follow":"follow","max-snippet":"max-snippet:-1","max-image-preview":"max-image-preview:large","max-video-preview":"max-video-preview:-1"},"canonical":"https:\/\/mfwa.org\/fr\/mise-a-jour-cote-divoire-rti-bouake-reprend-ses-emissions-apres-10-ans-de-fermeture\/","og_locale":"fr_FR","og_type":"article","og_title":"MISE A JOUR C\u00f4te d\u2019Ivoire: RTI Bouak\u00e9 reprend ses \u00e9missions apr\u00e8s 10 ans de fermeture, - Media Foundation For West Africa","og_description":"RTI Bouak\u00e9, une station de t\u00e9l\u00e9vision appartenant \u00e0 la Radiodiffusion-T\u00e9l\u00e9vision Ivoirienne, la station d\u2019Etat, qui a ferm\u00e9 ses","og_url":"https:\/\/mfwa.org\/fr\/mise-a-jour-cote-divoire-rti-bouake-reprend-ses-emissions-apres-10-ans-de-fermeture\/","og_site_name":"Media Foundation For West Africa","article_publisher":"https:\/\/www.facebook.com\/themfwa","article_published_time":"2012-03-03T12:30:38+00:00","article_modified_time":"2015-12-01T12:32:15+00:00","author":"Vivian Affoah","twitter_card":"summary_large_image","twitter_creator":"@TheMFWA","twitter_site":"@TheMFWA","twitter_misc":{"Written by":"Vivian Affoah","Est. reading time":"1 minute"},"schema":{"@context":"https:\/\/schema.org","@graph":[{"@type":"Article","@id":"https:\/\/mfwa.org\/fr\/mise-a-jour-cote-divoire-rti-bouake-reprend-ses-emissions-apres-10-ans-de-fermeture\/#article","isPartOf":{"@id":"https:\/\/mfwa.org\/fr\/mise-a-jour-cote-divoire-rti-bouake-reprend-ses-emissions-apres-10-ans-de-fermeture\/"},"author":{"name":"Vivian Affoah","@id":"https:\/\/mfwa.org\/#\/schema\/person\/6a1a8151b41fab6317c9544da609a96b"},"headline":"MISE A JOUR C\u00f4te d\u2019Ivoire: RTI Bouak\u00e9 reprend ses \u00e9missions apr\u00e8s 10 ans de fermeture,","datePublished":"2012-03-03T12:30:38+00:00","dateModified":"2015-12-01T12:32:15+00:00","mainEntityOfPage":{"@id":"https:\/\/mfwa.org\/fr\/mise-a-jour-cote-divoire-rti-bouake-reprend-ses-emissions-apres-10-ans-de-fermeture\/"},"wordCount":229,"publisher":{"@id":"https:\/\/mfwa.org\/#organization"},"articleSection":["D\u00e9veloppement des m\u00e9dias"],"inLanguage":"fr-FR"},{"@type":"WebPage","@id":"https:\/\/mfwa.org\/fr\/mise-a-jour-cote-divoire-rti-bouake-reprend-ses-emissions-apres-10-ans-de-fermeture\/","url":"https:\/\/mfwa.org\/fr\/mise-a-jour-cote-divoire-rti-bouake-reprend-ses-emissions-apres-10-ans-de-fermeture\/","name":"MISE A JOUR C\u00f4te d\u2019Ivoire: RTI Bouak\u00e9 reprend ses \u00e9missions apr\u00e8s 10 ans de fermeture, - Media Foundation For West Africa","isPartOf":{"@id":"https:\/\/mfwa.org\/#website"},"datePublished":"2012-03-03T12:30:38+00:00","dateModified":"2015-12-01T12:32:15+00:00","breadcrumb":{"@id":"https:\/\/mfwa.org\/fr\/mise-a-jour-cote-divoire-rti-bouake-reprend-ses-emissions-apres-10-ans-de-fermeture\/#breadcrumb"},"inLanguage":"fr-FR","potentialAction":[{"@type":"ReadAction","target":["https:\/\/mfwa.org\/fr\/mise-a-jour-cote-divoire-rti-bouake-reprend-ses-emissions-apres-10-ans-de-fermeture\/"]}]},{"@type":"BreadcrumbList","@id":"https:\/\/mfwa.org\/fr\/mise-a-jour-cote-divoire-rti-bouake-reprend-ses-emissions-apres-10-ans-de-fermeture\/#breadcrumb","itemListElement":[{"@type":"ListItem","position":1,"name":"Home","item":"https:\/\/mfwa.org\/fr\/"},{"@type":"ListItem","position":2,"name":"MISE A JOUR C\u00f4te d\u2019Ivoire: RTI Bouak\u00e9 reprend ses \u00e9missions apr\u00e8s 10 ans de fermeture,"}]},{"@type":"WebSite","@id":"https:\/\/mfwa.org\/#website","url":"https:\/\/mfwa.org\/","name":"Media Foundation For West Africa","description":"Promoting Freedom of Expression and Democracy in West Africa","publisher":{"@id":"https:\/\/mfwa.org\/#organization"},"potentialAction":[{"@type":"SearchAction","target":{"@type":"EntryPoint","urlTemplate":"https:\/\/mfwa.org\/?s={search_term_string}"},"query-input":{"@type":"PropertyValueSpecification","valueRequired":true,"valueName":"search_term_string"}}],"inLanguage":"fr-FR"},{"@type":"Organization","@id":"https:\/\/mfwa.org\/#organization","name":"Media Foundation for West Africa","url":"https:\/\/mfwa.org\/","logo":{"@type":"ImageObject","inLanguage":"fr-FR","@id":"https:\/\/mfwa.org\/#\/schema\/logo\/image\/","url":"https:\/\/www.mfwa.org\/wp-content\/uploads\/2016\/06\/MFWA-LOGO.png","contentUrl":"https:\/\/www.mfwa.org\/wp-content\/uploads\/2016\/06\/MFWA-LOGO.png","width":180,"height":180,"caption":"Media Foundation for West Africa"},"image":{"@id":"https:\/\/mfwa.org\/#\/schema\/logo\/image\/"},"sameAs":["https:\/\/www.facebook.com\/themfwa","https:\/\/x.com\/TheMFWA","https:\/\/www.youtube.com\/channel\/UCF6HrPuXcV1K1Ed8AAq4Rdw"]},{"@type":"Person","@id":"https:\/\/mfwa.org\/#\/schema\/person\/6a1a8151b41fab6317c9544da609a96b","name":"Vivian Affoah","image":{"@type":"ImageObject","inLanguage":"fr-FR","@id":"https:\/\/secure.gravatar.com\/avatar\/ddf6c5c2ef2f35c978196ce314f9b81dba2ec548b12806a3acbe02e2360d7e63?s=96&d=mm&r=g","url":"https:\/\/secure.gravatar.com\/avatar\/ddf6c5c2ef2f35c978196ce314f9b81dba2ec548b12806a3acbe02e2360d7e63?s=96&d=mm&r=g","contentUrl":"https:\/\/secure.gravatar.com\/avatar\/ddf6c5c2ef2f35c978196ce314f9b81dba2ec548b12806a3acbe02e2360d7e63?s=96&d=mm&r=g","caption":"Vivian Affoah"},"sameAs":["http:\/\/www.mfwa.org"],"url":"https:\/\/mfwa.org\/fr\/author\/vivian\/"}]}},"_links":{"self":[{"href":"https:\/\/mfwa.org\/fr\/wp-json\/wp\/v2\/posts\/4178","targetHints":{"allow":["GET"]}}],"collection":[{"href":"https:\/\/mfwa.org\/fr\/wp-json\/wp\/v2\/posts"}],"about":[{"href":"https:\/\/mfwa.org\/fr\/wp-json\/wp\/v2\/types\/post"}],"author":[{"embeddable":true,"href":"https:\/\/mfwa.org\/fr\/wp-json\/wp\/v2\/users\/2"}],"replies":[{"embeddable":true,"href":"https:\/\/mfwa.org\/fr\/wp-json\/wp\/v2\/comments?post=4178"}],"version-history":[{"count":0,"href":"https:\/\/mfwa.org\/fr\/wp-json\/wp\/v2\/posts\/4178\/revisions"}],"wp:attachment":[{"href":"https:\/\/mfwa.org\/fr\/wp-json\/wp\/v2\/media?parent=4178"}],"wp:term":[{"taxonomy":"category","embeddable":true,"href":"https:\/\/mfwa.org\/fr\/wp-json\/wp\/v2\/categories?post=4178"},{"taxonomy":"post_tag","embeddable":true,"href":"https:\/\/mfwa.org\/fr\/wp-json\/wp\/v2\/tags?post=4178"},{"taxonomy":"country","embeddable":true,"href":"https:\/\/mfwa.org\/fr\/wp-json\/wp\/v2\/country?post=4178"},{"taxonomy":"staff-position","embeddable":true,"href":"https:\/\/mfwa.org\/fr\/wp-json\/wp\/v2\/staff-position?post=4178"},{"taxonomy":"opportunity-category","embeddable":true,"href":"https:\/\/mfwa.org\/fr\/wp-json\/wp\/v2\/opportunity-category?post=4178"}],"curies":[{"name":"wp","href":"https:\/\/api.w.org\/{rel}","templated":true}]}}