{"id":4162,"date":"2012-10-22T11:50:39","date_gmt":"2012-10-22T11:50:39","guid":{"rendered":"http:\/\/mfwa.africafex.org\/?p=4162"},"modified":"2015-12-01T11:52:22","modified_gmt":"2015-12-01T11:52:22","slug":"alerte-cote-divoire-les-journaux-pro-gbagbo-imposent-un-black-out-mediatique","status":"publish","type":"post","link":"https:\/\/mfwa.org\/fr\/alerte-cote-divoire-les-journaux-pro-gbagbo-imposent-un-black-out-mediatique\/","title":{"rendered":"ALERTE C\u00f4te d\u2019Ivoire : Les journaux pro-Gbagbo imposent un black-out m\u00e9diatique"},"content":{"rendered":"<p>Le 22 ao\u00fbt 2012, les Journaux Victimesdu 11 Avril (JV11), une organisation compos\u00e9e des journaux pro-Gbagbo, ont d\u00e9clar\u00e9 lors d\u2019une conf\u00e9rence de presse que tous les journaux membres du groupe ne seront pas dans les kiosquespour deux jours.<\/p>\n<p>Le boycottage de deux jours, qui commence le 24 et termine le 25 ao\u00fbt, vise \u00e0 protester contre le traitement injuste et le harc\u00e8lement qu\u2019ils ont subis.<\/p>\n<p>Par cons\u00e9quent, les journaux membres des JV11 Avril, y compris Notre Voie, Le Temps, Le Nouveau Courrier, LG Infos et Le Quotidien d\u2019Abidjan, seront absents des kiosques les 24 et 25 ao\u00fbt.<\/p>\n<p>La d\u00e9cision en vue de boycotter les kiosques a \u00e9t\u00e9 prise lors d\u2019une r\u00e9union organis\u00e9e le 20 ao\u00fbt \u00e0 Abidjan par les \u00e9diteurs de ces journaux en vue de d\u00e9lib\u00e9rer sur leur situation.<\/p>\n<p>C\u00e9sar Etou, \u00e9diteur de Notre Voie, un quotidien priv\u00e9, et pr\u00e9sident de l\u2019organisation a fait observer que cette action est \u00ab un signe de protestation contre les lourdes sanctions cibl\u00e9es aussi bien que les menaces et les agressions dont ils sont victimes depuis le 11 avril 2011 \u00bb.<\/p>\n<p>Les JV1, qui ont \u00e9t\u00e9 cr\u00e9\u00e9s1e 5 juillet 2011, ont insist\u00e9 qu\u2019ils n\u2019avaient pas d\u2019autre choix que d\u2019alerter l\u2019opinion nationale et internationale sur le danger de mort qui plane sur la vie de leurs journalisteset travailleurs.<\/p>\n","protected":false},"excerpt":{"rendered":"<p>Le 22 ao\u00fbt 2012, les Journaux Victimesdu 11 Avril (JV11), une organisation compos\u00e9e des journaux pro-Gbagbo, ont d\u00e9clar\u00e9<\/p>\n","protected":false},"author":2,"featured_media":0,"comment_status":"closed","ping_status":"closed","sticky":false,"template":"","format":"standard","meta":{"footnotes":""},"categories":[256],"tags":[],"country":[241],"staff-position":[],"opportunity-category":[],"class_list":["post-4162","post","type-post","status-publish","format-standard","hentry","category-media-development-fr","country-cote-divoire-fr"],"yoast_head":"<!-- This site is optimized with the Yoast SEO plugin v27.5 - https:\/\/yoast.com\/product\/yoast-seo-wordpress\/ -->\n<title>ALERTE C\u00f4te d\u2019Ivoire : Les journaux pro-Gbagbo imposent un black-out m\u00e9diatique - Media Foundation For West Africa<\/title>\n<meta name=\"robots\" content=\"index, follow, max-snippet:-1, max-image-preview:large, max-video-preview:-1\" \/>\n<link rel=\"canonical\" href=\"https:\/\/mfwa.org\/fr\/alerte-cote-divoire-les-journaux-pro-gbagbo-imposent-un-black-out-mediatique\/\" \/>\n<meta property=\"og:locale\" content=\"fr_FR\" \/>\n<meta property=\"og:type\" content=\"article\" \/>\n<meta property=\"og:title\" content=\"ALERTE C\u00f4te d\u2019Ivoire : Les journaux pro-Gbagbo imposent un black-out m\u00e9diatique - Media Foundation For West Africa\" \/>\n<meta property=\"og:description\" content=\"Le 22 ao\u00fbt 2012, les Journaux Victimesdu 11 Avril (JV11), une organisation compos\u00e9e des journaux pro-Gbagbo, ont d\u00e9clar\u00e9\" \/>\n<meta property=\"og:url\" content=\"https:\/\/mfwa.org\/fr\/alerte-cote-divoire-les-journaux-pro-gbagbo-imposent-un-black-out-mediatique\/\" \/>\n<meta property=\"og:site_name\" content=\"Media Foundation For West Africa\" \/>\n<meta property=\"article:publisher\" content=\"https:\/\/www.facebook.com\/themfwa\" \/>\n<meta property=\"article:published_time\" content=\"2012-10-22T11:50:39+00:00\" \/>\n<meta property=\"article:modified_time\" content=\"2015-12-01T11:52:22+00:00\" \/>\n<meta name=\"author\" content=\"Vivian Affoah\" \/>\n<meta name=\"twitter:card\" content=\"summary_large_image\" \/>\n<meta name=\"twitter:creator\" content=\"@TheMFWA\" \/>\n<meta name=\"twitter:site\" content=\"@TheMFWA\" \/>\n<meta name=\"twitter:label1\" content=\"Written by\" \/>\n\t<meta name=\"twitter:data1\" content=\"Vivian Affoah\" \/>\n\t<meta name=\"twitter:label2\" content=\"Est. reading time\" \/>\n\t<meta name=\"twitter:data2\" content=\"1 minute\" \/>\n<script type=\"application\/ld+json\" class=\"yoast-schema-graph\">{\"@context\":\"https:\\\/\\\/schema.org\",\"@graph\":[{\"@type\":\"Article\",\"@id\":\"https:\\\/\\\/mfwa.org\\\/fr\\\/alerte-cote-divoire-les-journaux-pro-gbagbo-imposent-un-black-out-mediatique\\\/#article\",\"isPartOf\":{\"@id\":\"https:\\\/\\\/mfwa.org\\\/fr\\\/alerte-cote-divoire-les-journaux-pro-gbagbo-imposent-un-black-out-mediatique\\\/\"},\"author\":{\"name\":\"Vivian Affoah\",\"@id\":\"https:\\\/\\\/mfwa.org\\\/#\\\/schema\\\/person\\\/6a1a8151b41fab6317c9544da609a96b\"},\"headline\":\"ALERTE C\u00f4te d\u2019Ivoire : Les journaux pro-Gbagbo imposent un black-out m\u00e9diatique\",\"datePublished\":\"2012-10-22T11:50:39+00:00\",\"dateModified\":\"2015-12-01T11:52:22+00:00\",\"mainEntityOfPage\":{\"@id\":\"https:\\\/\\\/mfwa.org\\\/fr\\\/alerte-cote-divoire-les-journaux-pro-gbagbo-imposent-un-black-out-mediatique\\\/\"},\"wordCount\":240,\"publisher\":{\"@id\":\"https:\\\/\\\/mfwa.org\\\/#organization\"},\"articleSection\":[\"D\u00e9veloppement des m\u00e9dias\"],\"inLanguage\":\"fr-FR\"},{\"@type\":\"WebPage\",\"@id\":\"https:\\\/\\\/mfwa.org\\\/fr\\\/alerte-cote-divoire-les-journaux-pro-gbagbo-imposent-un-black-out-mediatique\\\/\",\"url\":\"https:\\\/\\\/mfwa.org\\\/fr\\\/alerte-cote-divoire-les-journaux-pro-gbagbo-imposent-un-black-out-mediatique\\\/\",\"name\":\"ALERTE C\u00f4te d\u2019Ivoire : Les journaux pro-Gbagbo imposent un black-out m\u00e9diatique - Media Foundation For West Africa\",\"isPartOf\":{\"@id\":\"https:\\\/\\\/mfwa.org\\\/#website\"},\"datePublished\":\"2012-10-22T11:50:39+00:00\",\"dateModified\":\"2015-12-01T11:52:22+00:00\",\"breadcrumb\":{\"@id\":\"https:\\\/\\\/mfwa.org\\\/fr\\\/alerte-cote-divoire-les-journaux-pro-gbagbo-imposent-un-black-out-mediatique\\\/#breadcrumb\"},\"inLanguage\":\"fr-FR\",\"potentialAction\":[{\"@type\":\"ReadAction\",\"target\":[\"https:\\\/\\\/mfwa.org\\\/fr\\\/alerte-cote-divoire-les-journaux-pro-gbagbo-imposent-un-black-out-mediatique\\\/\"]}]},{\"@type\":\"BreadcrumbList\",\"@id\":\"https:\\\/\\\/mfwa.org\\\/fr\\\/alerte-cote-divoire-les-journaux-pro-gbagbo-imposent-un-black-out-mediatique\\\/#breadcrumb\",\"itemListElement\":[{\"@type\":\"ListItem\",\"position\":1,\"name\":\"Home\",\"item\":\"https:\\\/\\\/mfwa.org\\\/fr\\\/\"},{\"@type\":\"ListItem\",\"position\":2,\"name\":\"ALERTE C\u00f4te d\u2019Ivoire : Les journaux pro-Gbagbo imposent un black-out m\u00e9diatique\"}]},{\"@type\":\"WebSite\",\"@id\":\"https:\\\/\\\/mfwa.org\\\/#website\",\"url\":\"https:\\\/\\\/mfwa.org\\\/\",\"name\":\"Media Foundation For West Africa\",\"description\":\"Promoting Freedom of Expression and Democracy in West Africa\",\"publisher\":{\"@id\":\"https:\\\/\\\/mfwa.org\\\/#organization\"},\"potentialAction\":[{\"@type\":\"SearchAction\",\"target\":{\"@type\":\"EntryPoint\",\"urlTemplate\":\"https:\\\/\\\/mfwa.org\\\/?s={search_term_string}\"},\"query-input\":{\"@type\":\"PropertyValueSpecification\",\"valueRequired\":true,\"valueName\":\"search_term_string\"}}],\"inLanguage\":\"fr-FR\"},{\"@type\":\"Organization\",\"@id\":\"https:\\\/\\\/mfwa.org\\\/#organization\",\"name\":\"Media Foundation for West Africa\",\"url\":\"https:\\\/\\\/mfwa.org\\\/\",\"logo\":{\"@type\":\"ImageObject\",\"inLanguage\":\"fr-FR\",\"@id\":\"https:\\\/\\\/mfwa.org\\\/#\\\/schema\\\/logo\\\/image\\\/\",\"url\":\"https:\\\/\\\/www.mfwa.org\\\/wp-content\\\/uploads\\\/2016\\\/06\\\/MFWA-LOGO.png\",\"contentUrl\":\"https:\\\/\\\/www.mfwa.org\\\/wp-content\\\/uploads\\\/2016\\\/06\\\/MFWA-LOGO.png\",\"width\":180,\"height\":180,\"caption\":\"Media Foundation for West Africa\"},\"image\":{\"@id\":\"https:\\\/\\\/mfwa.org\\\/#\\\/schema\\\/logo\\\/image\\\/\"},\"sameAs\":[\"https:\\\/\\\/www.facebook.com\\\/themfwa\",\"https:\\\/\\\/x.com\\\/TheMFWA\",\"https:\\\/\\\/www.youtube.com\\\/channel\\\/UCF6HrPuXcV1K1Ed8AAq4Rdw\"]},{\"@type\":\"Person\",\"@id\":\"https:\\\/\\\/mfwa.org\\\/#\\\/schema\\\/person\\\/6a1a8151b41fab6317c9544da609a96b\",\"name\":\"Vivian Affoah\",\"image\":{\"@type\":\"ImageObject\",\"inLanguage\":\"fr-FR\",\"@id\":\"https:\\\/\\\/secure.gravatar.com\\\/avatar\\\/ddf6c5c2ef2f35c978196ce314f9b81dba2ec548b12806a3acbe02e2360d7e63?s=96&d=mm&r=g\",\"url\":\"https:\\\/\\\/secure.gravatar.com\\\/avatar\\\/ddf6c5c2ef2f35c978196ce314f9b81dba2ec548b12806a3acbe02e2360d7e63?s=96&d=mm&r=g\",\"contentUrl\":\"https:\\\/\\\/secure.gravatar.com\\\/avatar\\\/ddf6c5c2ef2f35c978196ce314f9b81dba2ec548b12806a3acbe02e2360d7e63?s=96&d=mm&r=g\",\"caption\":\"Vivian Affoah\"},\"sameAs\":[\"http:\\\/\\\/www.mfwa.org\"],\"url\":\"https:\\\/\\\/mfwa.org\\\/fr\\\/author\\\/vivian\\\/\"}]}<\/script>\n<!-- \/ Yoast SEO plugin. -->","yoast_head_json":{"title":"ALERTE C\u00f4te d\u2019Ivoire : Les journaux pro-Gbagbo imposent un black-out m\u00e9diatique - Media Foundation For West Africa","robots":{"index":"index","follow":"follow","max-snippet":"max-snippet:-1","max-image-preview":"max-image-preview:large","max-video-preview":"max-video-preview:-1"},"canonical":"https:\/\/mfwa.org\/fr\/alerte-cote-divoire-les-journaux-pro-gbagbo-imposent-un-black-out-mediatique\/","og_locale":"fr_FR","og_type":"article","og_title":"ALERTE C\u00f4te d\u2019Ivoire : Les journaux pro-Gbagbo imposent un black-out m\u00e9diatique - Media Foundation For West Africa","og_description":"Le 22 ao\u00fbt 2012, les Journaux Victimesdu 11 Avril (JV11), une organisation compos\u00e9e des journaux pro-Gbagbo, ont d\u00e9clar\u00e9","og_url":"https:\/\/mfwa.org\/fr\/alerte-cote-divoire-les-journaux-pro-gbagbo-imposent-un-black-out-mediatique\/","og_site_name":"Media Foundation For West Africa","article_publisher":"https:\/\/www.facebook.com\/themfwa","article_published_time":"2012-10-22T11:50:39+00:00","article_modified_time":"2015-12-01T11:52:22+00:00","author":"Vivian Affoah","twitter_card":"summary_large_image","twitter_creator":"@TheMFWA","twitter_site":"@TheMFWA","twitter_misc":{"Written by":"Vivian Affoah","Est. reading time":"1 minute"},"schema":{"@context":"https:\/\/schema.org","@graph":[{"@type":"Article","@id":"https:\/\/mfwa.org\/fr\/alerte-cote-divoire-les-journaux-pro-gbagbo-imposent-un-black-out-mediatique\/#article","isPartOf":{"@id":"https:\/\/mfwa.org\/fr\/alerte-cote-divoire-les-journaux-pro-gbagbo-imposent-un-black-out-mediatique\/"},"author":{"name":"Vivian Affoah","@id":"https:\/\/mfwa.org\/#\/schema\/person\/6a1a8151b41fab6317c9544da609a96b"},"headline":"ALERTE C\u00f4te d\u2019Ivoire : Les journaux pro-Gbagbo imposent un black-out m\u00e9diatique","datePublished":"2012-10-22T11:50:39+00:00","dateModified":"2015-12-01T11:52:22+00:00","mainEntityOfPage":{"@id":"https:\/\/mfwa.org\/fr\/alerte-cote-divoire-les-journaux-pro-gbagbo-imposent-un-black-out-mediatique\/"},"wordCount":240,"publisher":{"@id":"https:\/\/mfwa.org\/#organization"},"articleSection":["D\u00e9veloppement des m\u00e9dias"],"inLanguage":"fr-FR"},{"@type":"WebPage","@id":"https:\/\/mfwa.org\/fr\/alerte-cote-divoire-les-journaux-pro-gbagbo-imposent-un-black-out-mediatique\/","url":"https:\/\/mfwa.org\/fr\/alerte-cote-divoire-les-journaux-pro-gbagbo-imposent-un-black-out-mediatique\/","name":"ALERTE C\u00f4te d\u2019Ivoire : Les journaux pro-Gbagbo imposent un black-out m\u00e9diatique - Media Foundation For West Africa","isPartOf":{"@id":"https:\/\/mfwa.org\/#website"},"datePublished":"2012-10-22T11:50:39+00:00","dateModified":"2015-12-01T11:52:22+00:00","breadcrumb":{"@id":"https:\/\/mfwa.org\/fr\/alerte-cote-divoire-les-journaux-pro-gbagbo-imposent-un-black-out-mediatique\/#breadcrumb"},"inLanguage":"fr-FR","potentialAction":[{"@type":"ReadAction","target":["https:\/\/mfwa.org\/fr\/alerte-cote-divoire-les-journaux-pro-gbagbo-imposent-un-black-out-mediatique\/"]}]},{"@type":"BreadcrumbList","@id":"https:\/\/mfwa.org\/fr\/alerte-cote-divoire-les-journaux-pro-gbagbo-imposent-un-black-out-mediatique\/#breadcrumb","itemListElement":[{"@type":"ListItem","position":1,"name":"Home","item":"https:\/\/mfwa.org\/fr\/"},{"@type":"ListItem","position":2,"name":"ALERTE C\u00f4te d\u2019Ivoire : Les journaux pro-Gbagbo imposent un black-out m\u00e9diatique"}]},{"@type":"WebSite","@id":"https:\/\/mfwa.org\/#website","url":"https:\/\/mfwa.org\/","name":"Media Foundation For West Africa","description":"Promoting Freedom of Expression and Democracy in West Africa","publisher":{"@id":"https:\/\/mfwa.org\/#organization"},"potentialAction":[{"@type":"SearchAction","target":{"@type":"EntryPoint","urlTemplate":"https:\/\/mfwa.org\/?s={search_term_string}"},"query-input":{"@type":"PropertyValueSpecification","valueRequired":true,"valueName":"search_term_string"}}],"inLanguage":"fr-FR"},{"@type":"Organization","@id":"https:\/\/mfwa.org\/#organization","name":"Media Foundation for West Africa","url":"https:\/\/mfwa.org\/","logo":{"@type":"ImageObject","inLanguage":"fr-FR","@id":"https:\/\/mfwa.org\/#\/schema\/logo\/image\/","url":"https:\/\/www.mfwa.org\/wp-content\/uploads\/2016\/06\/MFWA-LOGO.png","contentUrl":"https:\/\/www.mfwa.org\/wp-content\/uploads\/2016\/06\/MFWA-LOGO.png","width":180,"height":180,"caption":"Media Foundation for West Africa"},"image":{"@id":"https:\/\/mfwa.org\/#\/schema\/logo\/image\/"},"sameAs":["https:\/\/www.facebook.com\/themfwa","https:\/\/x.com\/TheMFWA","https:\/\/www.youtube.com\/channel\/UCF6HrPuXcV1K1Ed8AAq4Rdw"]},{"@type":"Person","@id":"https:\/\/mfwa.org\/#\/schema\/person\/6a1a8151b41fab6317c9544da609a96b","name":"Vivian Affoah","image":{"@type":"ImageObject","inLanguage":"fr-FR","@id":"https:\/\/secure.gravatar.com\/avatar\/ddf6c5c2ef2f35c978196ce314f9b81dba2ec548b12806a3acbe02e2360d7e63?s=96&d=mm&r=g","url":"https:\/\/secure.gravatar.com\/avatar\/ddf6c5c2ef2f35c978196ce314f9b81dba2ec548b12806a3acbe02e2360d7e63?s=96&d=mm&r=g","contentUrl":"https:\/\/secure.gravatar.com\/avatar\/ddf6c5c2ef2f35c978196ce314f9b81dba2ec548b12806a3acbe02e2360d7e63?s=96&d=mm&r=g","caption":"Vivian Affoah"},"sameAs":["http:\/\/www.mfwa.org"],"url":"https:\/\/mfwa.org\/fr\/author\/vivian\/"}]}},"_links":{"self":[{"href":"https:\/\/mfwa.org\/fr\/wp-json\/wp\/v2\/posts\/4162","targetHints":{"allow":["GET"]}}],"collection":[{"href":"https:\/\/mfwa.org\/fr\/wp-json\/wp\/v2\/posts"}],"about":[{"href":"https:\/\/mfwa.org\/fr\/wp-json\/wp\/v2\/types\/post"}],"author":[{"embeddable":true,"href":"https:\/\/mfwa.org\/fr\/wp-json\/wp\/v2\/users\/2"}],"replies":[{"embeddable":true,"href":"https:\/\/mfwa.org\/fr\/wp-json\/wp\/v2\/comments?post=4162"}],"version-history":[{"count":0,"href":"https:\/\/mfwa.org\/fr\/wp-json\/wp\/v2\/posts\/4162\/revisions"}],"wp:attachment":[{"href":"https:\/\/mfwa.org\/fr\/wp-json\/wp\/v2\/media?parent=4162"}],"wp:term":[{"taxonomy":"category","embeddable":true,"href":"https:\/\/mfwa.org\/fr\/wp-json\/wp\/v2\/categories?post=4162"},{"taxonomy":"post_tag","embeddable":true,"href":"https:\/\/mfwa.org\/fr\/wp-json\/wp\/v2\/tags?post=4162"},{"taxonomy":"country","embeddable":true,"href":"https:\/\/mfwa.org\/fr\/wp-json\/wp\/v2\/country?post=4162"},{"taxonomy":"staff-position","embeddable":true,"href":"https:\/\/mfwa.org\/fr\/wp-json\/wp\/v2\/staff-position?post=4162"},{"taxonomy":"opportunity-category","embeddable":true,"href":"https:\/\/mfwa.org\/fr\/wp-json\/wp\/v2\/opportunity-category?post=4162"}],"curies":[{"name":"wp","href":"https:\/\/api.w.org\/{rel}","templated":true}]}}