{"id":4122,"date":"2015-04-08T16:53:09","date_gmt":"2015-04-08T16:53:09","guid":{"rendered":"http:\/\/mfwa.africafex.org\/?p=4122"},"modified":"2015-11-30T16:54:08","modified_gmt":"2015-11-30T16:54:08","slug":"mise-a-jour-guinee-ouverture-du-proces-des-journalistes-et-des-agents-de-sante-assassines","status":"publish","type":"post","link":"https:\/\/mfwa.org\/fr\/mise-a-jour-guinee-ouverture-du-proces-des-journalistes-et-des-agents-de-sante-assassines\/","title":{"rendered":"Mise \u00e0 Jour Guin\u00e9e: Ouverture du proc\u00e8s des journalistes et des agents de sant\u00e9 assassin\u00e9s"},"content":{"rendered":"<p style=\"text-align: justify;\">Le correspondant de la MFWA en Guin\u00e9e a rapport\u00e9 que 85 personnes ont \u00e9t\u00e9 accus\u00e9s de participation \u00e0 l\u2019assassinat en septembre 2014 de trois journalistes et de cinq agents de sant\u00e9 \u00e0 Womey, un village en Guin\u00e9e.<\/p>\n<p style=\"text-align: justify;\">Selon le correspondant, un tribunal sp\u00e9cialis\u00e9 a \u00e9t\u00e9 form\u00e9 \u00e0 Nz\u00e9r\u00e9kor\u00e9, la r\u00e9gion o\u00f9 le crime a \u00e9t\u00e9 commis.<\/p>\n<p style=\"text-align: justify;\">Le 16 septembre 2014, une foule de villageois a tu\u00e9 trois journalistes et cinq autres personnes qui assuraient la sensibilisation sur la fi\u00e8vre Ebola \u00e0 Womey, un village situ\u00e9 \u00e0 environ 900 km de la capitale guin\u00e9enne, Conakry. Facely Camara, journaliste de la radio Libert\u00e9 FM, ainsi que Molou Ch\u00e9rif et Sidiki Sidib\u00e9, respectivement journaliste et technicien d\u2019une station de radio rurale de Nz\u00e9r\u00e9kor\u00e9, ont \u00e9t\u00e9 tu\u00e9s au moment o\u00f9 ils assuraient la couverture d\u2019une mission de sensibilisation sur la pr\u00e9vention de la fi\u00e8vre Ebola.<\/p>\n<p style=\"text-align: justify;\">Les autorit\u00e9s judiciaires guin\u00e9ennes ont promis que les auteurs de ce crime seront punis \u00e0 la hauteur de la forfaiture, et qu\u2019ils r\u00e9pondront de leurs actes.<\/p>\n<p style=\"text-align: justify;\">Selon le correspondant, les associations de presse guin\u00e9ennes souhaitent toute la lumi\u00e8re sur ce crime perp\u00e9tr\u00e9 contre les journalistes et formulent le v\u0153u que les auteurs seront punis.<\/p>\n<p style=\"text-align: justify;\">La MFWA se r\u00e9jouit de cette nouvelle et s\u2019attend \u00e0 ce que justice soit faite pour ce crime.<\/p>\n<p style=\"text-align: justify;\">\n<p style=\"text-align: justify;\">\n","protected":false},"excerpt":{"rendered":"<p>Le correspondant de la MFWA en Guin\u00e9e a rapport\u00e9 que 85 personnes ont \u00e9t\u00e9 accus\u00e9s de participation \u00e0<\/p>\n","protected":false},"author":2,"featured_media":0,"comment_status":"closed","ping_status":"closed","sticky":false,"template":"","format":"standard","meta":{"footnotes":""},"categories":[254],"tags":[],"country":[244],"staff-position":[],"opportunity-category":[],"ppma_author":[513],"class_list":["post-4122","post","type-post","status-publish","format-standard","hentry","category-free-expression-violations-fr","country-guinee"],"yoast_head":"<!-- This site is optimized with the Yoast SEO plugin v27.4 - https:\/\/yoast.com\/product\/yoast-seo-wordpress\/ -->\n<title>Mise \u00e0 Jour Guin\u00e9e: Ouverture du proc\u00e8s des journalistes et des agents de sant\u00e9 assassin\u00e9s - Media Foundation For West Africa<\/title>\n<meta name=\"robots\" content=\"index, follow, max-snippet:-1, max-image-preview:large, max-video-preview:-1\" \/>\n<link rel=\"canonical\" href=\"https:\/\/mfwa.org\/fr\/mise-a-jour-guinee-ouverture-du-proces-des-journalistes-et-des-agents-de-sante-assassines\/\" \/>\n<meta property=\"og:locale\" content=\"fr_FR\" \/>\n<meta property=\"og:type\" content=\"article\" \/>\n<meta property=\"og:title\" content=\"Mise \u00e0 Jour Guin\u00e9e: Ouverture du proc\u00e8s des journalistes et des agents de sant\u00e9 assassin\u00e9s - Media Foundation For West Africa\" \/>\n<meta property=\"og:description\" content=\"Le correspondant de la MFWA en Guin\u00e9e a rapport\u00e9 que 85 personnes ont \u00e9t\u00e9 accus\u00e9s de participation \u00e0\" \/>\n<meta property=\"og:url\" content=\"https:\/\/mfwa.org\/fr\/mise-a-jour-guinee-ouverture-du-proces-des-journalistes-et-des-agents-de-sante-assassines\/\" \/>\n<meta property=\"og:site_name\" content=\"Media Foundation For West Africa\" \/>\n<meta property=\"article:publisher\" content=\"https:\/\/www.facebook.com\/themfwa\" \/>\n<meta property=\"article:published_time\" content=\"2015-04-08T16:53:09+00:00\" \/>\n<meta property=\"article:modified_time\" content=\"2015-11-30T16:54:08+00:00\" \/>\n<meta name=\"author\" content=\"Vivian Affoah\" \/>\n<meta name=\"twitter:card\" content=\"summary_large_image\" \/>\n<meta name=\"twitter:creator\" content=\"@TheMFWA\" \/>\n<meta name=\"twitter:site\" content=\"@TheMFWA\" \/>\n<meta name=\"twitter:label1\" content=\"Written by\" \/>\n\t<meta name=\"twitter:data1\" content=\"Vivian Affoah\" \/>\n\t<meta name=\"twitter:label2\" content=\"Est. reading time\" \/>\n\t<meta name=\"twitter:data2\" content=\"1 minute\" \/>\n<script type=\"application\/ld+json\" class=\"yoast-schema-graph\">{\"@context\":\"https:\\\/\\\/schema.org\",\"@graph\":[{\"@type\":\"Article\",\"@id\":\"https:\\\/\\\/mfwa.org\\\/fr\\\/mise-a-jour-guinee-ouverture-du-proces-des-journalistes-et-des-agents-de-sante-assassines\\\/#article\",\"isPartOf\":{\"@id\":\"https:\\\/\\\/mfwa.org\\\/fr\\\/mise-a-jour-guinee-ouverture-du-proces-des-journalistes-et-des-agents-de-sante-assassines\\\/\"},\"author\":{\"name\":\"Vivian Affoah\",\"@id\":\"https:\\\/\\\/mfwa.org\\\/#\\\/schema\\\/person\\\/6a1a8151b41fab6317c9544da609a96b\"},\"headline\":\"Mise \u00e0 Jour Guin\u00e9e: Ouverture du proc\u00e8s des journalistes et des agents de sant\u00e9 assassin\u00e9s\",\"datePublished\":\"2015-04-08T16:53:09+00:00\",\"dateModified\":\"2015-11-30T16:54:08+00:00\",\"mainEntityOfPage\":{\"@id\":\"https:\\\/\\\/mfwa.org\\\/fr\\\/mise-a-jour-guinee-ouverture-du-proces-des-journalistes-et-des-agents-de-sante-assassines\\\/\"},\"wordCount\":246,\"publisher\":{\"@id\":\"https:\\\/\\\/mfwa.org\\\/#organization\"},\"articleSection\":[\"Les violations de la libre expression\"],\"inLanguage\":\"fr-FR\"},{\"@type\":\"WebPage\",\"@id\":\"https:\\\/\\\/mfwa.org\\\/fr\\\/mise-a-jour-guinee-ouverture-du-proces-des-journalistes-et-des-agents-de-sante-assassines\\\/\",\"url\":\"https:\\\/\\\/mfwa.org\\\/fr\\\/mise-a-jour-guinee-ouverture-du-proces-des-journalistes-et-des-agents-de-sante-assassines\\\/\",\"name\":\"Mise \u00e0 Jour Guin\u00e9e: Ouverture du proc\u00e8s des journalistes et des agents de sant\u00e9 assassin\u00e9s - Media Foundation For West Africa\",\"isPartOf\":{\"@id\":\"https:\\\/\\\/mfwa.org\\\/#website\"},\"datePublished\":\"2015-04-08T16:53:09+00:00\",\"dateModified\":\"2015-11-30T16:54:08+00:00\",\"breadcrumb\":{\"@id\":\"https:\\\/\\\/mfwa.org\\\/fr\\\/mise-a-jour-guinee-ouverture-du-proces-des-journalistes-et-des-agents-de-sante-assassines\\\/#breadcrumb\"},\"inLanguage\":\"fr-FR\",\"potentialAction\":[{\"@type\":\"ReadAction\",\"target\":[\"https:\\\/\\\/mfwa.org\\\/fr\\\/mise-a-jour-guinee-ouverture-du-proces-des-journalistes-et-des-agents-de-sante-assassines\\\/\"]}]},{\"@type\":\"BreadcrumbList\",\"@id\":\"https:\\\/\\\/mfwa.org\\\/fr\\\/mise-a-jour-guinee-ouverture-du-proces-des-journalistes-et-des-agents-de-sante-assassines\\\/#breadcrumb\",\"itemListElement\":[{\"@type\":\"ListItem\",\"position\":1,\"name\":\"Home\",\"item\":\"https:\\\/\\\/mfwa.org\\\/fr\\\/\"},{\"@type\":\"ListItem\",\"position\":2,\"name\":\"Mise \u00e0 Jour Guin\u00e9e: Ouverture du proc\u00e8s des journalistes et des agents de sant\u00e9 assassin\u00e9s\"}]},{\"@type\":\"WebSite\",\"@id\":\"https:\\\/\\\/mfwa.org\\\/#website\",\"url\":\"https:\\\/\\\/mfwa.org\\\/\",\"name\":\"Media Foundation For West Africa\",\"description\":\"Promoting Freedom of Expression and Democracy in West Africa\",\"publisher\":{\"@id\":\"https:\\\/\\\/mfwa.org\\\/#organization\"},\"potentialAction\":[{\"@type\":\"SearchAction\",\"target\":{\"@type\":\"EntryPoint\",\"urlTemplate\":\"https:\\\/\\\/mfwa.org\\\/?s={search_term_string}\"},\"query-input\":{\"@type\":\"PropertyValueSpecification\",\"valueRequired\":true,\"valueName\":\"search_term_string\"}}],\"inLanguage\":\"fr-FR\"},{\"@type\":\"Organization\",\"@id\":\"https:\\\/\\\/mfwa.org\\\/#organization\",\"name\":\"Media Foundation for West Africa\",\"url\":\"https:\\\/\\\/mfwa.org\\\/\",\"logo\":{\"@type\":\"ImageObject\",\"inLanguage\":\"fr-FR\",\"@id\":\"https:\\\/\\\/mfwa.org\\\/#\\\/schema\\\/logo\\\/image\\\/\",\"url\":\"https:\\\/\\\/www.mfwa.org\\\/wp-content\\\/uploads\\\/2016\\\/06\\\/MFWA-LOGO.png\",\"contentUrl\":\"https:\\\/\\\/www.mfwa.org\\\/wp-content\\\/uploads\\\/2016\\\/06\\\/MFWA-LOGO.png\",\"width\":180,\"height\":180,\"caption\":\"Media Foundation for West Africa\"},\"image\":{\"@id\":\"https:\\\/\\\/mfwa.org\\\/#\\\/schema\\\/logo\\\/image\\\/\"},\"sameAs\":[\"https:\\\/\\\/www.facebook.com\\\/themfwa\",\"https:\\\/\\\/x.com\\\/TheMFWA\",\"https:\\\/\\\/www.youtube.com\\\/channel\\\/UCF6HrPuXcV1K1Ed8AAq4Rdw\"]},{\"@type\":\"Person\",\"@id\":\"https:\\\/\\\/mfwa.org\\\/#\\\/schema\\\/person\\\/6a1a8151b41fab6317c9544da609a96b\",\"name\":\"Vivian Affoah\",\"image\":{\"@type\":\"ImageObject\",\"inLanguage\":\"fr-FR\",\"@id\":\"https:\\\/\\\/secure.gravatar.com\\\/avatar\\\/ddf6c5c2ef2f35c978196ce314f9b81dba2ec548b12806a3acbe02e2360d7e63?s=96&d=mm&r=g719420b9d28a4a0781c1038ec6921926\",\"url\":\"https:\\\/\\\/secure.gravatar.com\\\/avatar\\\/ddf6c5c2ef2f35c978196ce314f9b81dba2ec548b12806a3acbe02e2360d7e63?s=96&d=mm&r=g\",\"contentUrl\":\"https:\\\/\\\/secure.gravatar.com\\\/avatar\\\/ddf6c5c2ef2f35c978196ce314f9b81dba2ec548b12806a3acbe02e2360d7e63?s=96&d=mm&r=g\",\"caption\":\"Vivian Affoah\"},\"sameAs\":[\"http:\\\/\\\/www.mfwa.org\"],\"url\":\"https:\\\/\\\/mfwa.org\\\/fr\\\/author\\\/vivian\\\/\"}]}<\/script>\n<!-- \/ Yoast SEO plugin. -->","yoast_head_json":{"title":"Mise \u00e0 Jour Guin\u00e9e: Ouverture du proc\u00e8s des journalistes et des agents de sant\u00e9 assassin\u00e9s - Media Foundation For West Africa","robots":{"index":"index","follow":"follow","max-snippet":"max-snippet:-1","max-image-preview":"max-image-preview:large","max-video-preview":"max-video-preview:-1"},"canonical":"https:\/\/mfwa.org\/fr\/mise-a-jour-guinee-ouverture-du-proces-des-journalistes-et-des-agents-de-sante-assassines\/","og_locale":"fr_FR","og_type":"article","og_title":"Mise \u00e0 Jour Guin\u00e9e: Ouverture du proc\u00e8s des journalistes et des agents de sant\u00e9 assassin\u00e9s - Media Foundation For West Africa","og_description":"Le correspondant de la MFWA en Guin\u00e9e a rapport\u00e9 que 85 personnes ont \u00e9t\u00e9 accus\u00e9s de participation \u00e0","og_url":"https:\/\/mfwa.org\/fr\/mise-a-jour-guinee-ouverture-du-proces-des-journalistes-et-des-agents-de-sante-assassines\/","og_site_name":"Media Foundation For West Africa","article_publisher":"https:\/\/www.facebook.com\/themfwa","article_published_time":"2015-04-08T16:53:09+00:00","article_modified_time":"2015-11-30T16:54:08+00:00","author":"Vivian Affoah","twitter_card":"summary_large_image","twitter_creator":"@TheMFWA","twitter_site":"@TheMFWA","twitter_misc":{"Written by":"Vivian Affoah","Est. reading time":"1 minute"},"schema":{"@context":"https:\/\/schema.org","@graph":[{"@type":"Article","@id":"https:\/\/mfwa.org\/fr\/mise-a-jour-guinee-ouverture-du-proces-des-journalistes-et-des-agents-de-sante-assassines\/#article","isPartOf":{"@id":"https:\/\/mfwa.org\/fr\/mise-a-jour-guinee-ouverture-du-proces-des-journalistes-et-des-agents-de-sante-assassines\/"},"author":{"name":"Vivian Affoah","@id":"https:\/\/mfwa.org\/#\/schema\/person\/6a1a8151b41fab6317c9544da609a96b"},"headline":"Mise \u00e0 Jour Guin\u00e9e: Ouverture du proc\u00e8s des journalistes et des agents de sant\u00e9 assassin\u00e9s","datePublished":"2015-04-08T16:53:09+00:00","dateModified":"2015-11-30T16:54:08+00:00","mainEntityOfPage":{"@id":"https:\/\/mfwa.org\/fr\/mise-a-jour-guinee-ouverture-du-proces-des-journalistes-et-des-agents-de-sante-assassines\/"},"wordCount":246,"publisher":{"@id":"https:\/\/mfwa.org\/#organization"},"articleSection":["Les violations de la libre expression"],"inLanguage":"fr-FR"},{"@type":"WebPage","@id":"https:\/\/mfwa.org\/fr\/mise-a-jour-guinee-ouverture-du-proces-des-journalistes-et-des-agents-de-sante-assassines\/","url":"https:\/\/mfwa.org\/fr\/mise-a-jour-guinee-ouverture-du-proces-des-journalistes-et-des-agents-de-sante-assassines\/","name":"Mise \u00e0 Jour Guin\u00e9e: Ouverture du proc\u00e8s des journalistes et des agents de sant\u00e9 assassin\u00e9s - Media Foundation For West Africa","isPartOf":{"@id":"https:\/\/mfwa.org\/#website"},"datePublished":"2015-04-08T16:53:09+00:00","dateModified":"2015-11-30T16:54:08+00:00","breadcrumb":{"@id":"https:\/\/mfwa.org\/fr\/mise-a-jour-guinee-ouverture-du-proces-des-journalistes-et-des-agents-de-sante-assassines\/#breadcrumb"},"inLanguage":"fr-FR","potentialAction":[{"@type":"ReadAction","target":["https:\/\/mfwa.org\/fr\/mise-a-jour-guinee-ouverture-du-proces-des-journalistes-et-des-agents-de-sante-assassines\/"]}]},{"@type":"BreadcrumbList","@id":"https:\/\/mfwa.org\/fr\/mise-a-jour-guinee-ouverture-du-proces-des-journalistes-et-des-agents-de-sante-assassines\/#breadcrumb","itemListElement":[{"@type":"ListItem","position":1,"name":"Home","item":"https:\/\/mfwa.org\/fr\/"},{"@type":"ListItem","position":2,"name":"Mise \u00e0 Jour Guin\u00e9e: Ouverture du proc\u00e8s des journalistes et des agents de sant\u00e9 assassin\u00e9s"}]},{"@type":"WebSite","@id":"https:\/\/mfwa.org\/#website","url":"https:\/\/mfwa.org\/","name":"Media Foundation For West Africa","description":"Promoting Freedom of Expression and Democracy in West Africa","publisher":{"@id":"https:\/\/mfwa.org\/#organization"},"potentialAction":[{"@type":"SearchAction","target":{"@type":"EntryPoint","urlTemplate":"https:\/\/mfwa.org\/?s={search_term_string}"},"query-input":{"@type":"PropertyValueSpecification","valueRequired":true,"valueName":"search_term_string"}}],"inLanguage":"fr-FR"},{"@type":"Organization","@id":"https:\/\/mfwa.org\/#organization","name":"Media Foundation for West Africa","url":"https:\/\/mfwa.org\/","logo":{"@type":"ImageObject","inLanguage":"fr-FR","@id":"https:\/\/mfwa.org\/#\/schema\/logo\/image\/","url":"https:\/\/www.mfwa.org\/wp-content\/uploads\/2016\/06\/MFWA-LOGO.png","contentUrl":"https:\/\/www.mfwa.org\/wp-content\/uploads\/2016\/06\/MFWA-LOGO.png","width":180,"height":180,"caption":"Media Foundation for West Africa"},"image":{"@id":"https:\/\/mfwa.org\/#\/schema\/logo\/image\/"},"sameAs":["https:\/\/www.facebook.com\/themfwa","https:\/\/x.com\/TheMFWA","https:\/\/www.youtube.com\/channel\/UCF6HrPuXcV1K1Ed8AAq4Rdw"]},{"@type":"Person","@id":"https:\/\/mfwa.org\/#\/schema\/person\/6a1a8151b41fab6317c9544da609a96b","name":"Vivian Affoah","image":{"@type":"ImageObject","inLanguage":"fr-FR","@id":"https:\/\/secure.gravatar.com\/avatar\/ddf6c5c2ef2f35c978196ce314f9b81dba2ec548b12806a3acbe02e2360d7e63?s=96&d=mm&r=g719420b9d28a4a0781c1038ec6921926","url":"https:\/\/secure.gravatar.com\/avatar\/ddf6c5c2ef2f35c978196ce314f9b81dba2ec548b12806a3acbe02e2360d7e63?s=96&d=mm&r=g","contentUrl":"https:\/\/secure.gravatar.com\/avatar\/ddf6c5c2ef2f35c978196ce314f9b81dba2ec548b12806a3acbe02e2360d7e63?s=96&d=mm&r=g","caption":"Vivian Affoah"},"sameAs":["http:\/\/www.mfwa.org"],"url":"https:\/\/mfwa.org\/fr\/author\/vivian\/"}]}},"authors":[{"term_id":513,"user_id":2,"is_guest":0,"slug":"vivian","display_name":"Vivian Affoah","avatar_url":"https:\/\/secure.gravatar.com\/avatar\/ddf6c5c2ef2f35c978196ce314f9b81dba2ec548b12806a3acbe02e2360d7e63?s=96&d=mm&r=g","0":null,"1":"","2":"","3":"","4":"","5":"","6":"","7":"","8":""}],"_links":{"self":[{"href":"https:\/\/mfwa.org\/fr\/wp-json\/wp\/v2\/posts\/4122","targetHints":{"allow":["GET"]}}],"collection":[{"href":"https:\/\/mfwa.org\/fr\/wp-json\/wp\/v2\/posts"}],"about":[{"href":"https:\/\/mfwa.org\/fr\/wp-json\/wp\/v2\/types\/post"}],"author":[{"embeddable":true,"href":"https:\/\/mfwa.org\/fr\/wp-json\/wp\/v2\/users\/2"}],"replies":[{"embeddable":true,"href":"https:\/\/mfwa.org\/fr\/wp-json\/wp\/v2\/comments?post=4122"}],"version-history":[{"count":0,"href":"https:\/\/mfwa.org\/fr\/wp-json\/wp\/v2\/posts\/4122\/revisions"}],"wp:attachment":[{"href":"https:\/\/mfwa.org\/fr\/wp-json\/wp\/v2\/media?parent=4122"}],"wp:term":[{"taxonomy":"category","embeddable":true,"href":"https:\/\/mfwa.org\/fr\/wp-json\/wp\/v2\/categories?post=4122"},{"taxonomy":"post_tag","embeddable":true,"href":"https:\/\/mfwa.org\/fr\/wp-json\/wp\/v2\/tags?post=4122"},{"taxonomy":"country","embeddable":true,"href":"https:\/\/mfwa.org\/fr\/wp-json\/wp\/v2\/country?post=4122"},{"taxonomy":"staff-position","embeddable":true,"href":"https:\/\/mfwa.org\/fr\/wp-json\/wp\/v2\/staff-position?post=4122"},{"taxonomy":"opportunity-category","embeddable":true,"href":"https:\/\/mfwa.org\/fr\/wp-json\/wp\/v2\/opportunity-category?post=4122"},{"taxonomy":"author","embeddable":true,"href":"https:\/\/mfwa.org\/fr\/wp-json\/wp\/v2\/ppma_author?post=4122"}],"curies":[{"name":"wp","href":"https:\/\/api.w.org\/{rel}","templated":true}]}}