{"id":4058,"date":"2013-11-29T15:23:17","date_gmt":"2013-11-29T15:23:17","guid":{"rendered":"http:\/\/mfwa.africafex.org\/?p=4058"},"modified":"2015-11-27T15:26:33","modified_gmt":"2015-11-27T15:26:33","slug":"alerte-cote-divoire-journaliste-libere-apres-six-heures-denlevement","status":"publish","type":"post","link":"https:\/\/mfwa.org\/fr\/alerte-cote-divoire-journaliste-libere-apres-six-heures-denlevement\/","title":{"rendered":"ALERTE C\u00f4te d\u2019Ivoire: Journaliste lib\u00e9r\u00e9 apr\u00e8s six heures d\u2019enl\u00e8vement"},"content":{"rendered":"<p style=\"text-align: justify;\">Dieusmond\u00e9 Tad\u00e9, un journaliste du journal priv\u00e9 proche du gouvernement, <em>le Nouveau R\u00e9veil<\/em>, fut enlev\u00e9 le 18 novembre par des personnes inconnues dans un taxi au quartier de Cocody \u00e0 Abidjan.<\/p>\n<p style=\"text-align: justify;\">D\u2019apr\u00e8s le correspondant de la MFWA Tad\u00e9 avait pris un taxi commercial qui avait d\u00e9j\u00e0 deux passagers \u00e0 bord. Les taxis commerciaux d\u2019Abidjan ont 4 places mais aussit\u00f4t que le journaliste y a pris place, le conducteur a d\u00e9marr\u00e9 en vitesse sans attendre qu\u2019un quatri\u00e8me passager entre. Soup\u00e7onneux de cet incident bizarre, Tad\u00e9 a envoy\u00e9 sur le champ un message SMS \u00e0 son coll\u00e8gue ainsi\u00a0: \u00abcousin, \u00a0ma vie est en danger, ma vie est en danger\u00a0\u00bb.<\/p>\n<p style=\"text-align: justify;\">Ses ravisseurs ont saisi son t\u00e9l\u00e9phone mobile peu apr\u00e8s l\u2019envoi du message et l\u2019ont menac\u00e9 de mort s\u2019il faisait du bruit.<\/p>\n<p style=\"text-align: justify;\">Le journaliste a \u00e9t\u00e9 conduit \u00e0 Aghan qui se trouve \u00e0 quelque 20 kilom\u00e8tres de Cocody, o\u00f9 deux hommes et une femme attendaient dans une voiture 4 x 4 avec des vitres teint\u00e9s. Ses ravisseurs l\u2019ont pouss\u00e9 de force dans la voiture tout en le masquant de leur corps.<\/p>\n<p style=\"text-align: justify;\">D\u2019apr\u00e8s le correspondant, apr\u00e8s un parcours sur plusieurs kilom\u00e8tres, Tad\u00e9 a entendu l\u2019un de ses ravisseurs dire aux autres\u00a0: \u00ab\u00a0Chao vient d\u2019appeler\u00a0; Chao dit de le rel\u00e2cher\u00a0\u00bb. Ils l\u2019ont donc jet\u00e9 de la voiture dans la brousse au bord de la route vers 2 heures du matin.<\/p>\n<p style=\"text-align: justify;\">Tad\u00e9 a du attendre dans la brousse jusqu\u2019au matin avant de se diriger vers Gomon \u00e0 quelque 60 kilom\u00e8tres d\u2019Abidjan. L\u00e0-bas, il a pris un car en direction d\u2019Elibou\u00a0 d\u2019o\u00f9 il a appel\u00e9 sa famille et ses coll\u00e8gues \u00e0 la r\u00e9daction du <em>Nouveau R\u00e9veil<\/em> qui sont all\u00e9s le chercher plus tard.<\/p>\n<p style=\"text-align: justify;\">La MFWA fait appel\u00a0 \u00e0 la police ivoirienne pour mener des enqu\u00eates dans cet incident et d\u2019appliquer les sanctions n\u00e9cessaires aux ravisseurs du journaliste.<\/p>\n","protected":false},"excerpt":{"rendered":"<p>Dieusmond\u00e9 Tad\u00e9, un journaliste du journal priv\u00e9 proche du gouvernement, le Nouveau R\u00e9veil, fut enlev\u00e9 le 18 novembre<\/p>\n","protected":false},"author":2,"featured_media":0,"comment_status":"closed","ping_status":"closed","sticky":false,"template":"","format":"standard","meta":{"footnotes":""},"categories":[254],"tags":[],"country":[241],"staff-position":[],"opportunity-category":[],"class_list":["post-4058","post","type-post","status-publish","format-standard","hentry","category-free-expression-violations-fr","country-cote-divoire-fr"],"yoast_head":"<!-- This site is optimized with the Yoast SEO plugin v27.5 - https:\/\/yoast.com\/product\/yoast-seo-wordpress\/ -->\n<title>ALERTE C\u00f4te d\u2019Ivoire: Journaliste lib\u00e9r\u00e9 apr\u00e8s six heures d\u2019enl\u00e8vement - Media Foundation For West Africa<\/title>\n<meta name=\"robots\" content=\"index, follow, max-snippet:-1, max-image-preview:large, max-video-preview:-1\" \/>\n<link rel=\"canonical\" href=\"https:\/\/mfwa.org\/fr\/alerte-cote-divoire-journaliste-libere-apres-six-heures-denlevement\/\" \/>\n<meta property=\"og:locale\" content=\"fr_FR\" \/>\n<meta property=\"og:type\" content=\"article\" \/>\n<meta property=\"og:title\" content=\"ALERTE C\u00f4te d\u2019Ivoire: Journaliste lib\u00e9r\u00e9 apr\u00e8s six heures d\u2019enl\u00e8vement - Media Foundation For West Africa\" \/>\n<meta property=\"og:description\" content=\"Dieusmond\u00e9 Tad\u00e9, un journaliste du journal priv\u00e9 proche du gouvernement, le Nouveau R\u00e9veil, fut enlev\u00e9 le 18 novembre\" \/>\n<meta property=\"og:url\" content=\"https:\/\/mfwa.org\/fr\/alerte-cote-divoire-journaliste-libere-apres-six-heures-denlevement\/\" \/>\n<meta property=\"og:site_name\" content=\"Media Foundation For West Africa\" \/>\n<meta property=\"article:publisher\" content=\"https:\/\/www.facebook.com\/themfwa\" \/>\n<meta property=\"article:published_time\" content=\"2013-11-29T15:23:17+00:00\" \/>\n<meta property=\"article:modified_time\" content=\"2015-11-27T15:26:33+00:00\" \/>\n<meta name=\"author\" content=\"Vivian Affoah\" \/>\n<meta name=\"twitter:card\" content=\"summary_large_image\" \/>\n<meta name=\"twitter:creator\" content=\"@TheMFWA\" \/>\n<meta name=\"twitter:site\" content=\"@TheMFWA\" \/>\n<meta name=\"twitter:label1\" content=\"Written by\" \/>\n\t<meta name=\"twitter:data1\" content=\"Vivian Affoah\" \/>\n\t<meta name=\"twitter:label2\" content=\"Est. reading time\" \/>\n\t<meta name=\"twitter:data2\" content=\"2 minutes\" \/>\n<script type=\"application\/ld+json\" class=\"yoast-schema-graph\">{\"@context\":\"https:\\\/\\\/schema.org\",\"@graph\":[{\"@type\":\"Article\",\"@id\":\"https:\\\/\\\/mfwa.org\\\/fr\\\/alerte-cote-divoire-journaliste-libere-apres-six-heures-denlevement\\\/#article\",\"isPartOf\":{\"@id\":\"https:\\\/\\\/mfwa.org\\\/fr\\\/alerte-cote-divoire-journaliste-libere-apres-six-heures-denlevement\\\/\"},\"author\":{\"name\":\"Vivian Affoah\",\"@id\":\"https:\\\/\\\/mfwa.org\\\/#\\\/schema\\\/person\\\/6a1a8151b41fab6317c9544da609a96b\"},\"headline\":\"ALERTE C\u00f4te d\u2019Ivoire: Journaliste lib\u00e9r\u00e9 apr\u00e8s six heures d\u2019enl\u00e8vement\",\"datePublished\":\"2013-11-29T15:23:17+00:00\",\"dateModified\":\"2015-11-27T15:26:33+00:00\",\"mainEntityOfPage\":{\"@id\":\"https:\\\/\\\/mfwa.org\\\/fr\\\/alerte-cote-divoire-journaliste-libere-apres-six-heures-denlevement\\\/\"},\"wordCount\":340,\"publisher\":{\"@id\":\"https:\\\/\\\/mfwa.org\\\/#organization\"},\"articleSection\":[\"Les violations de la libre expression\"],\"inLanguage\":\"fr-FR\"},{\"@type\":\"WebPage\",\"@id\":\"https:\\\/\\\/mfwa.org\\\/fr\\\/alerte-cote-divoire-journaliste-libere-apres-six-heures-denlevement\\\/\",\"url\":\"https:\\\/\\\/mfwa.org\\\/fr\\\/alerte-cote-divoire-journaliste-libere-apres-six-heures-denlevement\\\/\",\"name\":\"ALERTE C\u00f4te d\u2019Ivoire: Journaliste lib\u00e9r\u00e9 apr\u00e8s six heures d\u2019enl\u00e8vement - Media Foundation For West Africa\",\"isPartOf\":{\"@id\":\"https:\\\/\\\/mfwa.org\\\/#website\"},\"datePublished\":\"2013-11-29T15:23:17+00:00\",\"dateModified\":\"2015-11-27T15:26:33+00:00\",\"breadcrumb\":{\"@id\":\"https:\\\/\\\/mfwa.org\\\/fr\\\/alerte-cote-divoire-journaliste-libere-apres-six-heures-denlevement\\\/#breadcrumb\"},\"inLanguage\":\"fr-FR\",\"potentialAction\":[{\"@type\":\"ReadAction\",\"target\":[\"https:\\\/\\\/mfwa.org\\\/fr\\\/alerte-cote-divoire-journaliste-libere-apres-six-heures-denlevement\\\/\"]}]},{\"@type\":\"BreadcrumbList\",\"@id\":\"https:\\\/\\\/mfwa.org\\\/fr\\\/alerte-cote-divoire-journaliste-libere-apres-six-heures-denlevement\\\/#breadcrumb\",\"itemListElement\":[{\"@type\":\"ListItem\",\"position\":1,\"name\":\"Home\",\"item\":\"https:\\\/\\\/mfwa.org\\\/fr\\\/\"},{\"@type\":\"ListItem\",\"position\":2,\"name\":\"ALERTE C\u00f4te d\u2019Ivoire: Journaliste lib\u00e9r\u00e9 apr\u00e8s six heures d\u2019enl\u00e8vement\"}]},{\"@type\":\"WebSite\",\"@id\":\"https:\\\/\\\/mfwa.org\\\/#website\",\"url\":\"https:\\\/\\\/mfwa.org\\\/\",\"name\":\"Media Foundation For West Africa\",\"description\":\"Promoting Freedom of Expression and Democracy in West Africa\",\"publisher\":{\"@id\":\"https:\\\/\\\/mfwa.org\\\/#organization\"},\"potentialAction\":[{\"@type\":\"SearchAction\",\"target\":{\"@type\":\"EntryPoint\",\"urlTemplate\":\"https:\\\/\\\/mfwa.org\\\/?s={search_term_string}\"},\"query-input\":{\"@type\":\"PropertyValueSpecification\",\"valueRequired\":true,\"valueName\":\"search_term_string\"}}],\"inLanguage\":\"fr-FR\"},{\"@type\":\"Organization\",\"@id\":\"https:\\\/\\\/mfwa.org\\\/#organization\",\"name\":\"Media Foundation for West Africa\",\"url\":\"https:\\\/\\\/mfwa.org\\\/\",\"logo\":{\"@type\":\"ImageObject\",\"inLanguage\":\"fr-FR\",\"@id\":\"https:\\\/\\\/mfwa.org\\\/#\\\/schema\\\/logo\\\/image\\\/\",\"url\":\"https:\\\/\\\/www.mfwa.org\\\/wp-content\\\/uploads\\\/2016\\\/06\\\/MFWA-LOGO.png\",\"contentUrl\":\"https:\\\/\\\/www.mfwa.org\\\/wp-content\\\/uploads\\\/2016\\\/06\\\/MFWA-LOGO.png\",\"width\":180,\"height\":180,\"caption\":\"Media Foundation for West Africa\"},\"image\":{\"@id\":\"https:\\\/\\\/mfwa.org\\\/#\\\/schema\\\/logo\\\/image\\\/\"},\"sameAs\":[\"https:\\\/\\\/www.facebook.com\\\/themfwa\",\"https:\\\/\\\/x.com\\\/TheMFWA\",\"https:\\\/\\\/www.youtube.com\\\/channel\\\/UCF6HrPuXcV1K1Ed8AAq4Rdw\"]},{\"@type\":\"Person\",\"@id\":\"https:\\\/\\\/mfwa.org\\\/#\\\/schema\\\/person\\\/6a1a8151b41fab6317c9544da609a96b\",\"name\":\"Vivian Affoah\",\"image\":{\"@type\":\"ImageObject\",\"inLanguage\":\"fr-FR\",\"@id\":\"https:\\\/\\\/secure.gravatar.com\\\/avatar\\\/ddf6c5c2ef2f35c978196ce314f9b81dba2ec548b12806a3acbe02e2360d7e63?s=96&d=mm&r=g\",\"url\":\"https:\\\/\\\/secure.gravatar.com\\\/avatar\\\/ddf6c5c2ef2f35c978196ce314f9b81dba2ec548b12806a3acbe02e2360d7e63?s=96&d=mm&r=g\",\"contentUrl\":\"https:\\\/\\\/secure.gravatar.com\\\/avatar\\\/ddf6c5c2ef2f35c978196ce314f9b81dba2ec548b12806a3acbe02e2360d7e63?s=96&d=mm&r=g\",\"caption\":\"Vivian Affoah\"},\"sameAs\":[\"http:\\\/\\\/www.mfwa.org\"],\"url\":\"https:\\\/\\\/mfwa.org\\\/fr\\\/author\\\/vivian\\\/\"}]}<\/script>\n<!-- \/ Yoast SEO plugin. -->","yoast_head_json":{"title":"ALERTE C\u00f4te d\u2019Ivoire: Journaliste lib\u00e9r\u00e9 apr\u00e8s six heures d\u2019enl\u00e8vement - Media Foundation For West Africa","robots":{"index":"index","follow":"follow","max-snippet":"max-snippet:-1","max-image-preview":"max-image-preview:large","max-video-preview":"max-video-preview:-1"},"canonical":"https:\/\/mfwa.org\/fr\/alerte-cote-divoire-journaliste-libere-apres-six-heures-denlevement\/","og_locale":"fr_FR","og_type":"article","og_title":"ALERTE C\u00f4te d\u2019Ivoire: Journaliste lib\u00e9r\u00e9 apr\u00e8s six heures d\u2019enl\u00e8vement - Media Foundation For West Africa","og_description":"Dieusmond\u00e9 Tad\u00e9, un journaliste du journal priv\u00e9 proche du gouvernement, le Nouveau R\u00e9veil, fut enlev\u00e9 le 18 novembre","og_url":"https:\/\/mfwa.org\/fr\/alerte-cote-divoire-journaliste-libere-apres-six-heures-denlevement\/","og_site_name":"Media Foundation For West Africa","article_publisher":"https:\/\/www.facebook.com\/themfwa","article_published_time":"2013-11-29T15:23:17+00:00","article_modified_time":"2015-11-27T15:26:33+00:00","author":"Vivian Affoah","twitter_card":"summary_large_image","twitter_creator":"@TheMFWA","twitter_site":"@TheMFWA","twitter_misc":{"Written by":"Vivian Affoah","Est. reading time":"2 minutes"},"schema":{"@context":"https:\/\/schema.org","@graph":[{"@type":"Article","@id":"https:\/\/mfwa.org\/fr\/alerte-cote-divoire-journaliste-libere-apres-six-heures-denlevement\/#article","isPartOf":{"@id":"https:\/\/mfwa.org\/fr\/alerte-cote-divoire-journaliste-libere-apres-six-heures-denlevement\/"},"author":{"name":"Vivian Affoah","@id":"https:\/\/mfwa.org\/#\/schema\/person\/6a1a8151b41fab6317c9544da609a96b"},"headline":"ALERTE C\u00f4te d\u2019Ivoire: Journaliste lib\u00e9r\u00e9 apr\u00e8s six heures d\u2019enl\u00e8vement","datePublished":"2013-11-29T15:23:17+00:00","dateModified":"2015-11-27T15:26:33+00:00","mainEntityOfPage":{"@id":"https:\/\/mfwa.org\/fr\/alerte-cote-divoire-journaliste-libere-apres-six-heures-denlevement\/"},"wordCount":340,"publisher":{"@id":"https:\/\/mfwa.org\/#organization"},"articleSection":["Les violations de la libre expression"],"inLanguage":"fr-FR"},{"@type":"WebPage","@id":"https:\/\/mfwa.org\/fr\/alerte-cote-divoire-journaliste-libere-apres-six-heures-denlevement\/","url":"https:\/\/mfwa.org\/fr\/alerte-cote-divoire-journaliste-libere-apres-six-heures-denlevement\/","name":"ALERTE C\u00f4te d\u2019Ivoire: Journaliste lib\u00e9r\u00e9 apr\u00e8s six heures d\u2019enl\u00e8vement - Media Foundation For West Africa","isPartOf":{"@id":"https:\/\/mfwa.org\/#website"},"datePublished":"2013-11-29T15:23:17+00:00","dateModified":"2015-11-27T15:26:33+00:00","breadcrumb":{"@id":"https:\/\/mfwa.org\/fr\/alerte-cote-divoire-journaliste-libere-apres-six-heures-denlevement\/#breadcrumb"},"inLanguage":"fr-FR","potentialAction":[{"@type":"ReadAction","target":["https:\/\/mfwa.org\/fr\/alerte-cote-divoire-journaliste-libere-apres-six-heures-denlevement\/"]}]},{"@type":"BreadcrumbList","@id":"https:\/\/mfwa.org\/fr\/alerte-cote-divoire-journaliste-libere-apres-six-heures-denlevement\/#breadcrumb","itemListElement":[{"@type":"ListItem","position":1,"name":"Home","item":"https:\/\/mfwa.org\/fr\/"},{"@type":"ListItem","position":2,"name":"ALERTE C\u00f4te d\u2019Ivoire: Journaliste lib\u00e9r\u00e9 apr\u00e8s six heures d\u2019enl\u00e8vement"}]},{"@type":"WebSite","@id":"https:\/\/mfwa.org\/#website","url":"https:\/\/mfwa.org\/","name":"Media Foundation For West Africa","description":"Promoting Freedom of Expression and Democracy in West Africa","publisher":{"@id":"https:\/\/mfwa.org\/#organization"},"potentialAction":[{"@type":"SearchAction","target":{"@type":"EntryPoint","urlTemplate":"https:\/\/mfwa.org\/?s={search_term_string}"},"query-input":{"@type":"PropertyValueSpecification","valueRequired":true,"valueName":"search_term_string"}}],"inLanguage":"fr-FR"},{"@type":"Organization","@id":"https:\/\/mfwa.org\/#organization","name":"Media Foundation for West Africa","url":"https:\/\/mfwa.org\/","logo":{"@type":"ImageObject","inLanguage":"fr-FR","@id":"https:\/\/mfwa.org\/#\/schema\/logo\/image\/","url":"https:\/\/www.mfwa.org\/wp-content\/uploads\/2016\/06\/MFWA-LOGO.png","contentUrl":"https:\/\/www.mfwa.org\/wp-content\/uploads\/2016\/06\/MFWA-LOGO.png","width":180,"height":180,"caption":"Media Foundation for West Africa"},"image":{"@id":"https:\/\/mfwa.org\/#\/schema\/logo\/image\/"},"sameAs":["https:\/\/www.facebook.com\/themfwa","https:\/\/x.com\/TheMFWA","https:\/\/www.youtube.com\/channel\/UCF6HrPuXcV1K1Ed8AAq4Rdw"]},{"@type":"Person","@id":"https:\/\/mfwa.org\/#\/schema\/person\/6a1a8151b41fab6317c9544da609a96b","name":"Vivian Affoah","image":{"@type":"ImageObject","inLanguage":"fr-FR","@id":"https:\/\/secure.gravatar.com\/avatar\/ddf6c5c2ef2f35c978196ce314f9b81dba2ec548b12806a3acbe02e2360d7e63?s=96&d=mm&r=g","url":"https:\/\/secure.gravatar.com\/avatar\/ddf6c5c2ef2f35c978196ce314f9b81dba2ec548b12806a3acbe02e2360d7e63?s=96&d=mm&r=g","contentUrl":"https:\/\/secure.gravatar.com\/avatar\/ddf6c5c2ef2f35c978196ce314f9b81dba2ec548b12806a3acbe02e2360d7e63?s=96&d=mm&r=g","caption":"Vivian Affoah"},"sameAs":["http:\/\/www.mfwa.org"],"url":"https:\/\/mfwa.org\/fr\/author\/vivian\/"}]}},"_links":{"self":[{"href":"https:\/\/mfwa.org\/fr\/wp-json\/wp\/v2\/posts\/4058","targetHints":{"allow":["GET"]}}],"collection":[{"href":"https:\/\/mfwa.org\/fr\/wp-json\/wp\/v2\/posts"}],"about":[{"href":"https:\/\/mfwa.org\/fr\/wp-json\/wp\/v2\/types\/post"}],"author":[{"embeddable":true,"href":"https:\/\/mfwa.org\/fr\/wp-json\/wp\/v2\/users\/2"}],"replies":[{"embeddable":true,"href":"https:\/\/mfwa.org\/fr\/wp-json\/wp\/v2\/comments?post=4058"}],"version-history":[{"count":0,"href":"https:\/\/mfwa.org\/fr\/wp-json\/wp\/v2\/posts\/4058\/revisions"}],"wp:attachment":[{"href":"https:\/\/mfwa.org\/fr\/wp-json\/wp\/v2\/media?parent=4058"}],"wp:term":[{"taxonomy":"category","embeddable":true,"href":"https:\/\/mfwa.org\/fr\/wp-json\/wp\/v2\/categories?post=4058"},{"taxonomy":"post_tag","embeddable":true,"href":"https:\/\/mfwa.org\/fr\/wp-json\/wp\/v2\/tags?post=4058"},{"taxonomy":"country","embeddable":true,"href":"https:\/\/mfwa.org\/fr\/wp-json\/wp\/v2\/country?post=4058"},{"taxonomy":"staff-position","embeddable":true,"href":"https:\/\/mfwa.org\/fr\/wp-json\/wp\/v2\/staff-position?post=4058"},{"taxonomy":"opportunity-category","embeddable":true,"href":"https:\/\/mfwa.org\/fr\/wp-json\/wp\/v2\/opportunity-category?post=4058"}],"curies":[{"name":"wp","href":"https:\/\/api.w.org\/{rel}","templated":true}]}}