{"id":4046,"date":"2013-09-20T14:54:28","date_gmt":"2013-09-20T14:54:28","guid":{"rendered":"http:\/\/mfwa.africafex.org\/?p=4046"},"modified":"2015-11-27T14:57:17","modified_gmt":"2015-11-27T14:57:17","slug":"alerte-cote-divoire-lorgane-de-regulation-de-la-presse-suspend-un-journaliste","status":"publish","type":"post","link":"https:\/\/mfwa.org\/fr\/alerte-cote-divoire-lorgane-de-regulation-de-la-presse-suspend-un-journaliste\/","title":{"rendered":"ALERTE C\u00f4te d\u2019Ivoire: L\u2019Organe de r\u00e9gulation de la presse suspend un journaliste"},"content":{"rendered":"<p style=\"text-align: justify;\">Traor\u00e9 Abou, journaliste du journal priv\u00e9 <em>Le Jour Plus<\/em> a \u00e9t\u00e9 suspendu par le Conseil National de la Presse (CNP), l\u2019organe de r\u00e9gulation statutaire de la presse, pour plagiat.<\/p>\n<p style=\"text-align: justify;\">Selon le moniteur de la MFWA, Abou a \u00e9t\u00e9 suspendu pour trois mois et sa carte de journaliste professionnel a \u00e9t\u00e9 retir\u00e9e. Une amende d\u2019un million de francs CFA (environ $US 2 000) a \u00e9galement \u00e9t\u00e9 inflig\u00e9e \u00e0 l\u2019entreprise de presse SAEI, \u00e9ditrice du <em>Jour Plus<\/em>, pour avoir publi\u00e9 l\u2019article.<\/p>\n<p style=\"text-align: justify;\">Selon le moniteur, le CNP a, dans un communiqu\u00e9 publi\u00e9 le 13 septembre 2013, expliqu\u00e9 qu\u2019Abou a publi\u00e9 mot pour mot un article dont l\u2019auteur original est Atta Doumbia, journaliste du <em>Nouveau R\u00e9veil<\/em>, une publication priv\u00e9e, sans reconna\u00eetre la source.<\/p>\n<p style=\"text-align: justify;\">L\u2019article de Doumbia a \u00e9t\u00e9 publi\u00e9 dans le num\u00e9ro des 22 et 23 janvier 2013 du Nouveau R\u00e9veil.<\/p>\n<p style=\"text-align: justify;\">\u00ab\u00a0Si la reproduction d\u2019une article d\u2019un confr\u00e8re n\u2019est pas interdite, elle ob\u00e9it cependant, \u00e0 des conditions \u00e9dict\u00e9es par l\u2019article 3 point b du code de d\u00e9ontologie qui indique que le journaliste qui reproduit l\u2019article d\u2019un confr\u00e8re a l\u2019obligation de communiquer les informations sur l\u2019auteur de l\u2019article, la date de parution dudit article, ainsi que le num\u00e9ro \u00a0d\u2019\u00e9dition\u00a0\u00bb, a indiqu\u00e9 le communiqu\u00e9.<\/p>\n<p style=\"text-align: justify;\">Par cons\u00e9quent, le CNP a d\u00e9cid\u00e9 de suspendre et d\u2019infliger une amende au journaliste et \u00e0 l\u2019\u00e9ditrice du journal <em>Le Jour Plus<\/em> respectivement.<\/p>\n<p style=\"text-align: justify;\">\n","protected":false},"excerpt":{"rendered":"<p>Traor\u00e9 Abou, journaliste du journal priv\u00e9 Le Jour Plus a \u00e9t\u00e9 suspendu par le Conseil National de la<\/p>\n","protected":false},"author":2,"featured_media":0,"comment_status":"closed","ping_status":"closed","sticky":false,"template":"","format":"standard","meta":{"footnotes":""},"categories":[254],"tags":[],"country":[241],"staff-position":[],"opportunity-category":[],"class_list":["post-4046","post","type-post","status-publish","format-standard","hentry","category-free-expression-violations-fr","country-cote-divoire-fr"],"yoast_head":"<!-- This site is optimized with the Yoast SEO plugin v27.5 - https:\/\/yoast.com\/product\/yoast-seo-wordpress\/ -->\n<title>ALERTE C\u00f4te d\u2019Ivoire: L\u2019Organe de r\u00e9gulation de la presse suspend un journaliste - Media Foundation For West Africa<\/title>\n<meta name=\"robots\" content=\"index, follow, max-snippet:-1, max-image-preview:large, max-video-preview:-1\" \/>\n<link rel=\"canonical\" href=\"https:\/\/mfwa.org\/fr\/alerte-cote-divoire-lorgane-de-regulation-de-la-presse-suspend-un-journaliste\/\" \/>\n<meta property=\"og:locale\" content=\"fr_FR\" \/>\n<meta property=\"og:type\" content=\"article\" \/>\n<meta property=\"og:title\" content=\"ALERTE C\u00f4te d\u2019Ivoire: L\u2019Organe de r\u00e9gulation de la presse suspend un journaliste - Media Foundation For West Africa\" \/>\n<meta property=\"og:description\" content=\"Traor\u00e9 Abou, journaliste du journal priv\u00e9 Le Jour Plus a \u00e9t\u00e9 suspendu par le Conseil National de la\" \/>\n<meta property=\"og:url\" content=\"https:\/\/mfwa.org\/fr\/alerte-cote-divoire-lorgane-de-regulation-de-la-presse-suspend-un-journaliste\/\" \/>\n<meta property=\"og:site_name\" content=\"Media Foundation For West Africa\" \/>\n<meta property=\"article:publisher\" content=\"https:\/\/www.facebook.com\/themfwa\" \/>\n<meta property=\"article:published_time\" content=\"2013-09-20T14:54:28+00:00\" \/>\n<meta property=\"article:modified_time\" content=\"2015-11-27T14:57:17+00:00\" \/>\n<meta name=\"author\" content=\"Vivian Affoah\" \/>\n<meta name=\"twitter:card\" content=\"summary_large_image\" \/>\n<meta name=\"twitter:creator\" content=\"@TheMFWA\" \/>\n<meta name=\"twitter:site\" content=\"@TheMFWA\" \/>\n<meta name=\"twitter:label1\" content=\"Written by\" \/>\n\t<meta name=\"twitter:data1\" content=\"Vivian Affoah\" \/>\n\t<meta name=\"twitter:label2\" content=\"Est. reading time\" \/>\n\t<meta name=\"twitter:data2\" content=\"1 minute\" \/>\n<script type=\"application\/ld+json\" class=\"yoast-schema-graph\">{\"@context\":\"https:\\\/\\\/schema.org\",\"@graph\":[{\"@type\":\"Article\",\"@id\":\"https:\\\/\\\/mfwa.org\\\/fr\\\/alerte-cote-divoire-lorgane-de-regulation-de-la-presse-suspend-un-journaliste\\\/#article\",\"isPartOf\":{\"@id\":\"https:\\\/\\\/mfwa.org\\\/fr\\\/alerte-cote-divoire-lorgane-de-regulation-de-la-presse-suspend-un-journaliste\\\/\"},\"author\":{\"name\":\"Vivian Affoah\",\"@id\":\"https:\\\/\\\/mfwa.org\\\/#\\\/schema\\\/person\\\/6a1a8151b41fab6317c9544da609a96b\"},\"headline\":\"ALERTE C\u00f4te d\u2019Ivoire: L\u2019Organe de r\u00e9gulation de la presse suspend un journaliste\",\"datePublished\":\"2013-09-20T14:54:28+00:00\",\"dateModified\":\"2015-11-27T14:57:17+00:00\",\"mainEntityOfPage\":{\"@id\":\"https:\\\/\\\/mfwa.org\\\/fr\\\/alerte-cote-divoire-lorgane-de-regulation-de-la-presse-suspend-un-journaliste\\\/\"},\"wordCount\":261,\"publisher\":{\"@id\":\"https:\\\/\\\/mfwa.org\\\/#organization\"},\"articleSection\":[\"Les violations de la libre expression\"],\"inLanguage\":\"fr-FR\"},{\"@type\":\"WebPage\",\"@id\":\"https:\\\/\\\/mfwa.org\\\/fr\\\/alerte-cote-divoire-lorgane-de-regulation-de-la-presse-suspend-un-journaliste\\\/\",\"url\":\"https:\\\/\\\/mfwa.org\\\/fr\\\/alerte-cote-divoire-lorgane-de-regulation-de-la-presse-suspend-un-journaliste\\\/\",\"name\":\"ALERTE C\u00f4te d\u2019Ivoire: L\u2019Organe de r\u00e9gulation de la presse suspend un journaliste - Media Foundation For West Africa\",\"isPartOf\":{\"@id\":\"https:\\\/\\\/mfwa.org\\\/#website\"},\"datePublished\":\"2013-09-20T14:54:28+00:00\",\"dateModified\":\"2015-11-27T14:57:17+00:00\",\"breadcrumb\":{\"@id\":\"https:\\\/\\\/mfwa.org\\\/fr\\\/alerte-cote-divoire-lorgane-de-regulation-de-la-presse-suspend-un-journaliste\\\/#breadcrumb\"},\"inLanguage\":\"fr-FR\",\"potentialAction\":[{\"@type\":\"ReadAction\",\"target\":[\"https:\\\/\\\/mfwa.org\\\/fr\\\/alerte-cote-divoire-lorgane-de-regulation-de-la-presse-suspend-un-journaliste\\\/\"]}]},{\"@type\":\"BreadcrumbList\",\"@id\":\"https:\\\/\\\/mfwa.org\\\/fr\\\/alerte-cote-divoire-lorgane-de-regulation-de-la-presse-suspend-un-journaliste\\\/#breadcrumb\",\"itemListElement\":[{\"@type\":\"ListItem\",\"position\":1,\"name\":\"Home\",\"item\":\"https:\\\/\\\/mfwa.org\\\/fr\\\/\"},{\"@type\":\"ListItem\",\"position\":2,\"name\":\"ALERTE C\u00f4te d\u2019Ivoire: L\u2019Organe de r\u00e9gulation de la presse suspend un journaliste\"}]},{\"@type\":\"WebSite\",\"@id\":\"https:\\\/\\\/mfwa.org\\\/#website\",\"url\":\"https:\\\/\\\/mfwa.org\\\/\",\"name\":\"Media Foundation For West Africa\",\"description\":\"Promoting Freedom of Expression and Democracy in West Africa\",\"publisher\":{\"@id\":\"https:\\\/\\\/mfwa.org\\\/#organization\"},\"potentialAction\":[{\"@type\":\"SearchAction\",\"target\":{\"@type\":\"EntryPoint\",\"urlTemplate\":\"https:\\\/\\\/mfwa.org\\\/?s={search_term_string}\"},\"query-input\":{\"@type\":\"PropertyValueSpecification\",\"valueRequired\":true,\"valueName\":\"search_term_string\"}}],\"inLanguage\":\"fr-FR\"},{\"@type\":\"Organization\",\"@id\":\"https:\\\/\\\/mfwa.org\\\/#organization\",\"name\":\"Media Foundation for West Africa\",\"url\":\"https:\\\/\\\/mfwa.org\\\/\",\"logo\":{\"@type\":\"ImageObject\",\"inLanguage\":\"fr-FR\",\"@id\":\"https:\\\/\\\/mfwa.org\\\/#\\\/schema\\\/logo\\\/image\\\/\",\"url\":\"https:\\\/\\\/www.mfwa.org\\\/wp-content\\\/uploads\\\/2016\\\/06\\\/MFWA-LOGO.png\",\"contentUrl\":\"https:\\\/\\\/www.mfwa.org\\\/wp-content\\\/uploads\\\/2016\\\/06\\\/MFWA-LOGO.png\",\"width\":180,\"height\":180,\"caption\":\"Media Foundation for West Africa\"},\"image\":{\"@id\":\"https:\\\/\\\/mfwa.org\\\/#\\\/schema\\\/logo\\\/image\\\/\"},\"sameAs\":[\"https:\\\/\\\/www.facebook.com\\\/themfwa\",\"https:\\\/\\\/x.com\\\/TheMFWA\",\"https:\\\/\\\/www.youtube.com\\\/channel\\\/UCF6HrPuXcV1K1Ed8AAq4Rdw\"]},{\"@type\":\"Person\",\"@id\":\"https:\\\/\\\/mfwa.org\\\/#\\\/schema\\\/person\\\/6a1a8151b41fab6317c9544da609a96b\",\"name\":\"Vivian Affoah\",\"image\":{\"@type\":\"ImageObject\",\"inLanguage\":\"fr-FR\",\"@id\":\"https:\\\/\\\/secure.gravatar.com\\\/avatar\\\/ddf6c5c2ef2f35c978196ce314f9b81dba2ec548b12806a3acbe02e2360d7e63?s=96&d=mm&r=g\",\"url\":\"https:\\\/\\\/secure.gravatar.com\\\/avatar\\\/ddf6c5c2ef2f35c978196ce314f9b81dba2ec548b12806a3acbe02e2360d7e63?s=96&d=mm&r=g\",\"contentUrl\":\"https:\\\/\\\/secure.gravatar.com\\\/avatar\\\/ddf6c5c2ef2f35c978196ce314f9b81dba2ec548b12806a3acbe02e2360d7e63?s=96&d=mm&r=g\",\"caption\":\"Vivian Affoah\"},\"sameAs\":[\"http:\\\/\\\/www.mfwa.org\"],\"url\":\"https:\\\/\\\/mfwa.org\\\/fr\\\/author\\\/vivian\\\/\"}]}<\/script>\n<!-- \/ Yoast SEO plugin. -->","yoast_head_json":{"title":"ALERTE C\u00f4te d\u2019Ivoire: L\u2019Organe de r\u00e9gulation de la presse suspend un journaliste - Media Foundation For West Africa","robots":{"index":"index","follow":"follow","max-snippet":"max-snippet:-1","max-image-preview":"max-image-preview:large","max-video-preview":"max-video-preview:-1"},"canonical":"https:\/\/mfwa.org\/fr\/alerte-cote-divoire-lorgane-de-regulation-de-la-presse-suspend-un-journaliste\/","og_locale":"fr_FR","og_type":"article","og_title":"ALERTE C\u00f4te d\u2019Ivoire: L\u2019Organe de r\u00e9gulation de la presse suspend un journaliste - Media Foundation For West Africa","og_description":"Traor\u00e9 Abou, journaliste du journal priv\u00e9 Le Jour Plus a \u00e9t\u00e9 suspendu par le Conseil National de la","og_url":"https:\/\/mfwa.org\/fr\/alerte-cote-divoire-lorgane-de-regulation-de-la-presse-suspend-un-journaliste\/","og_site_name":"Media Foundation For West Africa","article_publisher":"https:\/\/www.facebook.com\/themfwa","article_published_time":"2013-09-20T14:54:28+00:00","article_modified_time":"2015-11-27T14:57:17+00:00","author":"Vivian Affoah","twitter_card":"summary_large_image","twitter_creator":"@TheMFWA","twitter_site":"@TheMFWA","twitter_misc":{"Written by":"Vivian Affoah","Est. reading time":"1 minute"},"schema":{"@context":"https:\/\/schema.org","@graph":[{"@type":"Article","@id":"https:\/\/mfwa.org\/fr\/alerte-cote-divoire-lorgane-de-regulation-de-la-presse-suspend-un-journaliste\/#article","isPartOf":{"@id":"https:\/\/mfwa.org\/fr\/alerte-cote-divoire-lorgane-de-regulation-de-la-presse-suspend-un-journaliste\/"},"author":{"name":"Vivian Affoah","@id":"https:\/\/mfwa.org\/#\/schema\/person\/6a1a8151b41fab6317c9544da609a96b"},"headline":"ALERTE C\u00f4te d\u2019Ivoire: L\u2019Organe de r\u00e9gulation de la presse suspend un journaliste","datePublished":"2013-09-20T14:54:28+00:00","dateModified":"2015-11-27T14:57:17+00:00","mainEntityOfPage":{"@id":"https:\/\/mfwa.org\/fr\/alerte-cote-divoire-lorgane-de-regulation-de-la-presse-suspend-un-journaliste\/"},"wordCount":261,"publisher":{"@id":"https:\/\/mfwa.org\/#organization"},"articleSection":["Les violations de la libre expression"],"inLanguage":"fr-FR"},{"@type":"WebPage","@id":"https:\/\/mfwa.org\/fr\/alerte-cote-divoire-lorgane-de-regulation-de-la-presse-suspend-un-journaliste\/","url":"https:\/\/mfwa.org\/fr\/alerte-cote-divoire-lorgane-de-regulation-de-la-presse-suspend-un-journaliste\/","name":"ALERTE C\u00f4te d\u2019Ivoire: L\u2019Organe de r\u00e9gulation de la presse suspend un journaliste - Media Foundation For West Africa","isPartOf":{"@id":"https:\/\/mfwa.org\/#website"},"datePublished":"2013-09-20T14:54:28+00:00","dateModified":"2015-11-27T14:57:17+00:00","breadcrumb":{"@id":"https:\/\/mfwa.org\/fr\/alerte-cote-divoire-lorgane-de-regulation-de-la-presse-suspend-un-journaliste\/#breadcrumb"},"inLanguage":"fr-FR","potentialAction":[{"@type":"ReadAction","target":["https:\/\/mfwa.org\/fr\/alerte-cote-divoire-lorgane-de-regulation-de-la-presse-suspend-un-journaliste\/"]}]},{"@type":"BreadcrumbList","@id":"https:\/\/mfwa.org\/fr\/alerte-cote-divoire-lorgane-de-regulation-de-la-presse-suspend-un-journaliste\/#breadcrumb","itemListElement":[{"@type":"ListItem","position":1,"name":"Home","item":"https:\/\/mfwa.org\/fr\/"},{"@type":"ListItem","position":2,"name":"ALERTE C\u00f4te d\u2019Ivoire: L\u2019Organe de r\u00e9gulation de la presse suspend un journaliste"}]},{"@type":"WebSite","@id":"https:\/\/mfwa.org\/#website","url":"https:\/\/mfwa.org\/","name":"Media Foundation For West Africa","description":"Promoting Freedom of Expression and Democracy in West Africa","publisher":{"@id":"https:\/\/mfwa.org\/#organization"},"potentialAction":[{"@type":"SearchAction","target":{"@type":"EntryPoint","urlTemplate":"https:\/\/mfwa.org\/?s={search_term_string}"},"query-input":{"@type":"PropertyValueSpecification","valueRequired":true,"valueName":"search_term_string"}}],"inLanguage":"fr-FR"},{"@type":"Organization","@id":"https:\/\/mfwa.org\/#organization","name":"Media Foundation for West Africa","url":"https:\/\/mfwa.org\/","logo":{"@type":"ImageObject","inLanguage":"fr-FR","@id":"https:\/\/mfwa.org\/#\/schema\/logo\/image\/","url":"https:\/\/www.mfwa.org\/wp-content\/uploads\/2016\/06\/MFWA-LOGO.png","contentUrl":"https:\/\/www.mfwa.org\/wp-content\/uploads\/2016\/06\/MFWA-LOGO.png","width":180,"height":180,"caption":"Media Foundation for West Africa"},"image":{"@id":"https:\/\/mfwa.org\/#\/schema\/logo\/image\/"},"sameAs":["https:\/\/www.facebook.com\/themfwa","https:\/\/x.com\/TheMFWA","https:\/\/www.youtube.com\/channel\/UCF6HrPuXcV1K1Ed8AAq4Rdw"]},{"@type":"Person","@id":"https:\/\/mfwa.org\/#\/schema\/person\/6a1a8151b41fab6317c9544da609a96b","name":"Vivian Affoah","image":{"@type":"ImageObject","inLanguage":"fr-FR","@id":"https:\/\/secure.gravatar.com\/avatar\/ddf6c5c2ef2f35c978196ce314f9b81dba2ec548b12806a3acbe02e2360d7e63?s=96&d=mm&r=g","url":"https:\/\/secure.gravatar.com\/avatar\/ddf6c5c2ef2f35c978196ce314f9b81dba2ec548b12806a3acbe02e2360d7e63?s=96&d=mm&r=g","contentUrl":"https:\/\/secure.gravatar.com\/avatar\/ddf6c5c2ef2f35c978196ce314f9b81dba2ec548b12806a3acbe02e2360d7e63?s=96&d=mm&r=g","caption":"Vivian Affoah"},"sameAs":["http:\/\/www.mfwa.org"],"url":"https:\/\/mfwa.org\/fr\/author\/vivian\/"}]}},"_links":{"self":[{"href":"https:\/\/mfwa.org\/fr\/wp-json\/wp\/v2\/posts\/4046","targetHints":{"allow":["GET"]}}],"collection":[{"href":"https:\/\/mfwa.org\/fr\/wp-json\/wp\/v2\/posts"}],"about":[{"href":"https:\/\/mfwa.org\/fr\/wp-json\/wp\/v2\/types\/post"}],"author":[{"embeddable":true,"href":"https:\/\/mfwa.org\/fr\/wp-json\/wp\/v2\/users\/2"}],"replies":[{"embeddable":true,"href":"https:\/\/mfwa.org\/fr\/wp-json\/wp\/v2\/comments?post=4046"}],"version-history":[{"count":0,"href":"https:\/\/mfwa.org\/fr\/wp-json\/wp\/v2\/posts\/4046\/revisions"}],"wp:attachment":[{"href":"https:\/\/mfwa.org\/fr\/wp-json\/wp\/v2\/media?parent=4046"}],"wp:term":[{"taxonomy":"category","embeddable":true,"href":"https:\/\/mfwa.org\/fr\/wp-json\/wp\/v2\/categories?post=4046"},{"taxonomy":"post_tag","embeddable":true,"href":"https:\/\/mfwa.org\/fr\/wp-json\/wp\/v2\/tags?post=4046"},{"taxonomy":"country","embeddable":true,"href":"https:\/\/mfwa.org\/fr\/wp-json\/wp\/v2\/country?post=4046"},{"taxonomy":"staff-position","embeddable":true,"href":"https:\/\/mfwa.org\/fr\/wp-json\/wp\/v2\/staff-position?post=4046"},{"taxonomy":"opportunity-category","embeddable":true,"href":"https:\/\/mfwa.org\/fr\/wp-json\/wp\/v2\/opportunity-category?post=4046"}],"curies":[{"name":"wp","href":"https:\/\/api.w.org\/{rel}","templated":true}]}}