{"id":4044,"date":"2012-09-11T14:29:46","date_gmt":"2012-09-11T14:29:46","guid":{"rendered":"http:\/\/mfwa.africafex.org\/?p=4044"},"modified":"2015-11-27T14:40:48","modified_gmt":"2015-11-27T14:40:48","slug":"alerte-niger-un-lieutenant-darmee-lance-des-menaces-a-lendroit-dun-directeur-de-publication","status":"publish","type":"post","link":"https:\/\/mfwa.org\/fr\/alerte-niger-un-lieutenant-darmee-lance-des-menaces-a-lendroit-dun-directeur-de-publication\/","title":{"rendered":"ALERTE Niger: Un lieutenant d\u2019Arm\u00e9e lance des menaces \u00e0 l\u2019endroit d\u2019un directeur de publication"},"content":{"rendered":"<p style=\"text-align: justify;\">Le 3 septembre 2013, Moussa Aksar, directeur de publication du journal bihebdomadaire <em>L\u2019Ev\u00e9nement<\/em>, a re\u00e7u une note de menaces de la part du lieutenant Aouali Hambali, un officier de l\u2019arm\u00e9e nig\u00e9rienne, qui a \u00e9t\u00e9 impliqu\u00e9 dans un coup d\u2019Etat pr\u00e9sum\u00e9.<\/p>\n<p style=\"text-align: justify;\">Selon les rapports du moniteur de la Fondation pour les M\u00e9dias en Afrique de l\u2019Ouest (MFWA), le lieutenant Hambali furieux s\u2019est point\u00e9 aux locaux de <em>L\u2019Ev\u00e9nement<\/em> et a laiss\u00e9 une note pour Aksar dans laquelle il a \u00e9crit\u00a0: \u00ab\u00a0Je suis venu te mettre en garde pour avoir cit\u00e9 mon nom dans cette sale affaire dont je ne suis impliqu\u00e9 \u2026 je te rappelle que je suis actuellement libre de mes mouvements. Je te rappelle pour la derni\u00e8re fois de v\u00e9rifier tes infos avant de les v\u00e9hiculer sans quoi tu seras seul responsable de ce que tu \u00e9criras davantage \u00e0 mon sujet\u00a0\u00bb.<\/p>\n<p style=\"text-align: justify;\">La menace du lieutenant Hambali est intervenue un jour apr\u00e8s que le journal a publi\u00e9 un article qui a fait cas de son arrestation avec d\u2019autres personnes li\u00e9es au coup d\u2019Etat manqu\u00e9, a rapport\u00e9 le moniteur.<\/p>\n<p style=\"text-align: justify;\">Hambali a \u00e9t\u00e9 arr\u00eat\u00e9 et d\u00e9tenu \u00e0 la prison civile de Niamey le 30 ao\u00fbt 2013 apr\u00e8s son implication pr\u00e9sum\u00e9e dans le complot de coup d\u2019Etat qui a \u00e9t\u00e9 d\u00e9jou\u00e9 par les agents de s\u00e9curit\u00e9 du pays.<\/p>\n<p style=\"text-align: justify;\">Toutefois, il a \u00e9t\u00e9 lib\u00e9r\u00e9 avant que <em>L\u2019Ev\u00e9nement<\/em> ne fasse un reportage sur l\u2019affaire dans son num\u00e9ro du 2 septembre 2013.<\/p>\n<p style=\"text-align: justify;\">Depuis lors, Aksar a port\u00e9 plainte aupr\u00e8s des autorit\u00e9s charg\u00e9es de la s\u00e9curit\u00e9. Toutefois, il n\u2019y a eu aucune r\u00e9action de la part de celles-ci, a confirm\u00e9 le moniteur.<\/p>\n<p style=\"text-align: justify;\">\n<p>&nbsp;<\/p>\n","protected":false},"excerpt":{"rendered":"<p>Le 3 septembre 2013, Moussa Aksar, directeur de publication du journal bihebdomadaire L\u2019Ev\u00e9nement, a re\u00e7u une note de<\/p>\n","protected":false},"author":2,"featured_media":0,"comment_status":"closed","ping_status":"closed","sticky":false,"template":"","format":"standard","meta":{"footnotes":""},"categories":[254],"tags":[],"country":[249],"staff-position":[],"opportunity-category":[],"class_list":["post-4044","post","type-post","status-publish","format-standard","hentry","category-free-expression-violations-fr","country-niger-fr"],"yoast_head":"<!-- This site is optimized with the Yoast SEO plugin v27.5 - https:\/\/yoast.com\/product\/yoast-seo-wordpress\/ -->\n<title>ALERTE Niger: Un lieutenant d\u2019Arm\u00e9e lance des menaces \u00e0 l\u2019endroit d\u2019un directeur de publication - Media Foundation For West Africa<\/title>\n<meta name=\"robots\" content=\"index, follow, max-snippet:-1, max-image-preview:large, max-video-preview:-1\" \/>\n<link rel=\"canonical\" href=\"https:\/\/mfwa.org\/fr\/alerte-niger-un-lieutenant-darmee-lance-des-menaces-a-lendroit-dun-directeur-de-publication\/\" \/>\n<meta property=\"og:locale\" content=\"fr_FR\" \/>\n<meta property=\"og:type\" content=\"article\" \/>\n<meta property=\"og:title\" content=\"ALERTE Niger: Un lieutenant d\u2019Arm\u00e9e lance des menaces \u00e0 l\u2019endroit d\u2019un directeur de publication - Media Foundation For West Africa\" \/>\n<meta property=\"og:description\" content=\"Le 3 septembre 2013, Moussa Aksar, directeur de publication du journal bihebdomadaire L\u2019Ev\u00e9nement, a re\u00e7u une note de\" \/>\n<meta property=\"og:url\" content=\"https:\/\/mfwa.org\/fr\/alerte-niger-un-lieutenant-darmee-lance-des-menaces-a-lendroit-dun-directeur-de-publication\/\" \/>\n<meta property=\"og:site_name\" content=\"Media Foundation For West Africa\" \/>\n<meta property=\"article:publisher\" content=\"https:\/\/www.facebook.com\/themfwa\" \/>\n<meta property=\"article:published_time\" content=\"2012-09-11T14:29:46+00:00\" \/>\n<meta property=\"article:modified_time\" content=\"2015-11-27T14:40:48+00:00\" \/>\n<meta name=\"author\" content=\"Vivian Affoah\" \/>\n<meta name=\"twitter:card\" content=\"summary_large_image\" \/>\n<meta name=\"twitter:creator\" content=\"@TheMFWA\" \/>\n<meta name=\"twitter:site\" content=\"@TheMFWA\" \/>\n<meta name=\"twitter:label1\" content=\"Written by\" \/>\n\t<meta name=\"twitter:data1\" content=\"Vivian Affoah\" \/>\n\t<meta name=\"twitter:label2\" content=\"Est. reading time\" \/>\n\t<meta name=\"twitter:data2\" content=\"1 minute\" \/>\n<script type=\"application\/ld+json\" class=\"yoast-schema-graph\">{\"@context\":\"https:\\\/\\\/schema.org\",\"@graph\":[{\"@type\":\"Article\",\"@id\":\"https:\\\/\\\/mfwa.org\\\/fr\\\/alerte-niger-un-lieutenant-darmee-lance-des-menaces-a-lendroit-dun-directeur-de-publication\\\/#article\",\"isPartOf\":{\"@id\":\"https:\\\/\\\/mfwa.org\\\/fr\\\/alerte-niger-un-lieutenant-darmee-lance-des-menaces-a-lendroit-dun-directeur-de-publication\\\/\"},\"author\":{\"name\":\"Vivian Affoah\",\"@id\":\"https:\\\/\\\/mfwa.org\\\/#\\\/schema\\\/person\\\/6a1a8151b41fab6317c9544da609a96b\"},\"headline\":\"ALERTE Niger: Un lieutenant d\u2019Arm\u00e9e lance des menaces \u00e0 l\u2019endroit d\u2019un directeur de publication\",\"datePublished\":\"2012-09-11T14:29:46+00:00\",\"dateModified\":\"2015-11-27T14:40:48+00:00\",\"mainEntityOfPage\":{\"@id\":\"https:\\\/\\\/mfwa.org\\\/fr\\\/alerte-niger-un-lieutenant-darmee-lance-des-menaces-a-lendroit-dun-directeur-de-publication\\\/\"},\"wordCount\":313,\"publisher\":{\"@id\":\"https:\\\/\\\/mfwa.org\\\/#organization\"},\"articleSection\":[\"Les violations de la libre expression\"],\"inLanguage\":\"fr-FR\"},{\"@type\":\"WebPage\",\"@id\":\"https:\\\/\\\/mfwa.org\\\/fr\\\/alerte-niger-un-lieutenant-darmee-lance-des-menaces-a-lendroit-dun-directeur-de-publication\\\/\",\"url\":\"https:\\\/\\\/mfwa.org\\\/fr\\\/alerte-niger-un-lieutenant-darmee-lance-des-menaces-a-lendroit-dun-directeur-de-publication\\\/\",\"name\":\"ALERTE Niger: Un lieutenant d\u2019Arm\u00e9e lance des menaces \u00e0 l\u2019endroit d\u2019un directeur de publication - Media Foundation For West Africa\",\"isPartOf\":{\"@id\":\"https:\\\/\\\/mfwa.org\\\/#website\"},\"datePublished\":\"2012-09-11T14:29:46+00:00\",\"dateModified\":\"2015-11-27T14:40:48+00:00\",\"breadcrumb\":{\"@id\":\"https:\\\/\\\/mfwa.org\\\/fr\\\/alerte-niger-un-lieutenant-darmee-lance-des-menaces-a-lendroit-dun-directeur-de-publication\\\/#breadcrumb\"},\"inLanguage\":\"fr-FR\",\"potentialAction\":[{\"@type\":\"ReadAction\",\"target\":[\"https:\\\/\\\/mfwa.org\\\/fr\\\/alerte-niger-un-lieutenant-darmee-lance-des-menaces-a-lendroit-dun-directeur-de-publication\\\/\"]}]},{\"@type\":\"BreadcrumbList\",\"@id\":\"https:\\\/\\\/mfwa.org\\\/fr\\\/alerte-niger-un-lieutenant-darmee-lance-des-menaces-a-lendroit-dun-directeur-de-publication\\\/#breadcrumb\",\"itemListElement\":[{\"@type\":\"ListItem\",\"position\":1,\"name\":\"Home\",\"item\":\"https:\\\/\\\/mfwa.org\\\/fr\\\/\"},{\"@type\":\"ListItem\",\"position\":2,\"name\":\"ALERTE Niger: Un lieutenant d\u2019Arm\u00e9e lance des menaces \u00e0 l\u2019endroit d\u2019un directeur de publication\"}]},{\"@type\":\"WebSite\",\"@id\":\"https:\\\/\\\/mfwa.org\\\/#website\",\"url\":\"https:\\\/\\\/mfwa.org\\\/\",\"name\":\"Media Foundation For West Africa\",\"description\":\"Promoting Freedom of Expression and Democracy in West Africa\",\"publisher\":{\"@id\":\"https:\\\/\\\/mfwa.org\\\/#organization\"},\"potentialAction\":[{\"@type\":\"SearchAction\",\"target\":{\"@type\":\"EntryPoint\",\"urlTemplate\":\"https:\\\/\\\/mfwa.org\\\/?s={search_term_string}\"},\"query-input\":{\"@type\":\"PropertyValueSpecification\",\"valueRequired\":true,\"valueName\":\"search_term_string\"}}],\"inLanguage\":\"fr-FR\"},{\"@type\":\"Organization\",\"@id\":\"https:\\\/\\\/mfwa.org\\\/#organization\",\"name\":\"Media Foundation for West Africa\",\"url\":\"https:\\\/\\\/mfwa.org\\\/\",\"logo\":{\"@type\":\"ImageObject\",\"inLanguage\":\"fr-FR\",\"@id\":\"https:\\\/\\\/mfwa.org\\\/#\\\/schema\\\/logo\\\/image\\\/\",\"url\":\"https:\\\/\\\/www.mfwa.org\\\/wp-content\\\/uploads\\\/2016\\\/06\\\/MFWA-LOGO.png\",\"contentUrl\":\"https:\\\/\\\/www.mfwa.org\\\/wp-content\\\/uploads\\\/2016\\\/06\\\/MFWA-LOGO.png\",\"width\":180,\"height\":180,\"caption\":\"Media Foundation for West Africa\"},\"image\":{\"@id\":\"https:\\\/\\\/mfwa.org\\\/#\\\/schema\\\/logo\\\/image\\\/\"},\"sameAs\":[\"https:\\\/\\\/www.facebook.com\\\/themfwa\",\"https:\\\/\\\/x.com\\\/TheMFWA\",\"https:\\\/\\\/www.youtube.com\\\/channel\\\/UCF6HrPuXcV1K1Ed8AAq4Rdw\"]},{\"@type\":\"Person\",\"@id\":\"https:\\\/\\\/mfwa.org\\\/#\\\/schema\\\/person\\\/6a1a8151b41fab6317c9544da609a96b\",\"name\":\"Vivian Affoah\",\"image\":{\"@type\":\"ImageObject\",\"inLanguage\":\"fr-FR\",\"@id\":\"https:\\\/\\\/secure.gravatar.com\\\/avatar\\\/ddf6c5c2ef2f35c978196ce314f9b81dba2ec548b12806a3acbe02e2360d7e63?s=96&d=mm&r=g\",\"url\":\"https:\\\/\\\/secure.gravatar.com\\\/avatar\\\/ddf6c5c2ef2f35c978196ce314f9b81dba2ec548b12806a3acbe02e2360d7e63?s=96&d=mm&r=g\",\"contentUrl\":\"https:\\\/\\\/secure.gravatar.com\\\/avatar\\\/ddf6c5c2ef2f35c978196ce314f9b81dba2ec548b12806a3acbe02e2360d7e63?s=96&d=mm&r=g\",\"caption\":\"Vivian Affoah\"},\"sameAs\":[\"http:\\\/\\\/www.mfwa.org\"],\"url\":\"https:\\\/\\\/mfwa.org\\\/fr\\\/author\\\/vivian\\\/\"}]}<\/script>\n<!-- \/ Yoast SEO plugin. -->","yoast_head_json":{"title":"ALERTE Niger: Un lieutenant d\u2019Arm\u00e9e lance des menaces \u00e0 l\u2019endroit d\u2019un directeur de publication - Media Foundation For West Africa","robots":{"index":"index","follow":"follow","max-snippet":"max-snippet:-1","max-image-preview":"max-image-preview:large","max-video-preview":"max-video-preview:-1"},"canonical":"https:\/\/mfwa.org\/fr\/alerte-niger-un-lieutenant-darmee-lance-des-menaces-a-lendroit-dun-directeur-de-publication\/","og_locale":"fr_FR","og_type":"article","og_title":"ALERTE Niger: Un lieutenant d\u2019Arm\u00e9e lance des menaces \u00e0 l\u2019endroit d\u2019un directeur de publication - Media Foundation For West Africa","og_description":"Le 3 septembre 2013, Moussa Aksar, directeur de publication du journal bihebdomadaire L\u2019Ev\u00e9nement, a re\u00e7u une note de","og_url":"https:\/\/mfwa.org\/fr\/alerte-niger-un-lieutenant-darmee-lance-des-menaces-a-lendroit-dun-directeur-de-publication\/","og_site_name":"Media Foundation For West Africa","article_publisher":"https:\/\/www.facebook.com\/themfwa","article_published_time":"2012-09-11T14:29:46+00:00","article_modified_time":"2015-11-27T14:40:48+00:00","author":"Vivian Affoah","twitter_card":"summary_large_image","twitter_creator":"@TheMFWA","twitter_site":"@TheMFWA","twitter_misc":{"Written by":"Vivian Affoah","Est. reading time":"1 minute"},"schema":{"@context":"https:\/\/schema.org","@graph":[{"@type":"Article","@id":"https:\/\/mfwa.org\/fr\/alerte-niger-un-lieutenant-darmee-lance-des-menaces-a-lendroit-dun-directeur-de-publication\/#article","isPartOf":{"@id":"https:\/\/mfwa.org\/fr\/alerte-niger-un-lieutenant-darmee-lance-des-menaces-a-lendroit-dun-directeur-de-publication\/"},"author":{"name":"Vivian Affoah","@id":"https:\/\/mfwa.org\/#\/schema\/person\/6a1a8151b41fab6317c9544da609a96b"},"headline":"ALERTE Niger: Un lieutenant d\u2019Arm\u00e9e lance des menaces \u00e0 l\u2019endroit d\u2019un directeur de publication","datePublished":"2012-09-11T14:29:46+00:00","dateModified":"2015-11-27T14:40:48+00:00","mainEntityOfPage":{"@id":"https:\/\/mfwa.org\/fr\/alerte-niger-un-lieutenant-darmee-lance-des-menaces-a-lendroit-dun-directeur-de-publication\/"},"wordCount":313,"publisher":{"@id":"https:\/\/mfwa.org\/#organization"},"articleSection":["Les violations de la libre expression"],"inLanguage":"fr-FR"},{"@type":"WebPage","@id":"https:\/\/mfwa.org\/fr\/alerte-niger-un-lieutenant-darmee-lance-des-menaces-a-lendroit-dun-directeur-de-publication\/","url":"https:\/\/mfwa.org\/fr\/alerte-niger-un-lieutenant-darmee-lance-des-menaces-a-lendroit-dun-directeur-de-publication\/","name":"ALERTE Niger: Un lieutenant d\u2019Arm\u00e9e lance des menaces \u00e0 l\u2019endroit d\u2019un directeur de publication - Media Foundation For West Africa","isPartOf":{"@id":"https:\/\/mfwa.org\/#website"},"datePublished":"2012-09-11T14:29:46+00:00","dateModified":"2015-11-27T14:40:48+00:00","breadcrumb":{"@id":"https:\/\/mfwa.org\/fr\/alerte-niger-un-lieutenant-darmee-lance-des-menaces-a-lendroit-dun-directeur-de-publication\/#breadcrumb"},"inLanguage":"fr-FR","potentialAction":[{"@type":"ReadAction","target":["https:\/\/mfwa.org\/fr\/alerte-niger-un-lieutenant-darmee-lance-des-menaces-a-lendroit-dun-directeur-de-publication\/"]}]},{"@type":"BreadcrumbList","@id":"https:\/\/mfwa.org\/fr\/alerte-niger-un-lieutenant-darmee-lance-des-menaces-a-lendroit-dun-directeur-de-publication\/#breadcrumb","itemListElement":[{"@type":"ListItem","position":1,"name":"Home","item":"https:\/\/mfwa.org\/fr\/"},{"@type":"ListItem","position":2,"name":"ALERTE Niger: Un lieutenant d\u2019Arm\u00e9e lance des menaces \u00e0 l\u2019endroit d\u2019un directeur de publication"}]},{"@type":"WebSite","@id":"https:\/\/mfwa.org\/#website","url":"https:\/\/mfwa.org\/","name":"Media Foundation For West Africa","description":"Promoting Freedom of Expression and Democracy in West Africa","publisher":{"@id":"https:\/\/mfwa.org\/#organization"},"potentialAction":[{"@type":"SearchAction","target":{"@type":"EntryPoint","urlTemplate":"https:\/\/mfwa.org\/?s={search_term_string}"},"query-input":{"@type":"PropertyValueSpecification","valueRequired":true,"valueName":"search_term_string"}}],"inLanguage":"fr-FR"},{"@type":"Organization","@id":"https:\/\/mfwa.org\/#organization","name":"Media Foundation for West Africa","url":"https:\/\/mfwa.org\/","logo":{"@type":"ImageObject","inLanguage":"fr-FR","@id":"https:\/\/mfwa.org\/#\/schema\/logo\/image\/","url":"https:\/\/www.mfwa.org\/wp-content\/uploads\/2016\/06\/MFWA-LOGO.png","contentUrl":"https:\/\/www.mfwa.org\/wp-content\/uploads\/2016\/06\/MFWA-LOGO.png","width":180,"height":180,"caption":"Media Foundation for West Africa"},"image":{"@id":"https:\/\/mfwa.org\/#\/schema\/logo\/image\/"},"sameAs":["https:\/\/www.facebook.com\/themfwa","https:\/\/x.com\/TheMFWA","https:\/\/www.youtube.com\/channel\/UCF6HrPuXcV1K1Ed8AAq4Rdw"]},{"@type":"Person","@id":"https:\/\/mfwa.org\/#\/schema\/person\/6a1a8151b41fab6317c9544da609a96b","name":"Vivian Affoah","image":{"@type":"ImageObject","inLanguage":"fr-FR","@id":"https:\/\/secure.gravatar.com\/avatar\/ddf6c5c2ef2f35c978196ce314f9b81dba2ec548b12806a3acbe02e2360d7e63?s=96&d=mm&r=g","url":"https:\/\/secure.gravatar.com\/avatar\/ddf6c5c2ef2f35c978196ce314f9b81dba2ec548b12806a3acbe02e2360d7e63?s=96&d=mm&r=g","contentUrl":"https:\/\/secure.gravatar.com\/avatar\/ddf6c5c2ef2f35c978196ce314f9b81dba2ec548b12806a3acbe02e2360d7e63?s=96&d=mm&r=g","caption":"Vivian Affoah"},"sameAs":["http:\/\/www.mfwa.org"],"url":"https:\/\/mfwa.org\/fr\/author\/vivian\/"}]}},"_links":{"self":[{"href":"https:\/\/mfwa.org\/fr\/wp-json\/wp\/v2\/posts\/4044","targetHints":{"allow":["GET"]}}],"collection":[{"href":"https:\/\/mfwa.org\/fr\/wp-json\/wp\/v2\/posts"}],"about":[{"href":"https:\/\/mfwa.org\/fr\/wp-json\/wp\/v2\/types\/post"}],"author":[{"embeddable":true,"href":"https:\/\/mfwa.org\/fr\/wp-json\/wp\/v2\/users\/2"}],"replies":[{"embeddable":true,"href":"https:\/\/mfwa.org\/fr\/wp-json\/wp\/v2\/comments?post=4044"}],"version-history":[{"count":0,"href":"https:\/\/mfwa.org\/fr\/wp-json\/wp\/v2\/posts\/4044\/revisions"}],"wp:attachment":[{"href":"https:\/\/mfwa.org\/fr\/wp-json\/wp\/v2\/media?parent=4044"}],"wp:term":[{"taxonomy":"category","embeddable":true,"href":"https:\/\/mfwa.org\/fr\/wp-json\/wp\/v2\/categories?post=4044"},{"taxonomy":"post_tag","embeddable":true,"href":"https:\/\/mfwa.org\/fr\/wp-json\/wp\/v2\/tags?post=4044"},{"taxonomy":"country","embeddable":true,"href":"https:\/\/mfwa.org\/fr\/wp-json\/wp\/v2\/country?post=4044"},{"taxonomy":"staff-position","embeddable":true,"href":"https:\/\/mfwa.org\/fr\/wp-json\/wp\/v2\/staff-position?post=4044"},{"taxonomy":"opportunity-category","embeddable":true,"href":"https:\/\/mfwa.org\/fr\/wp-json\/wp\/v2\/opportunity-category?post=4044"}],"curies":[{"name":"wp","href":"https:\/\/api.w.org\/{rel}","templated":true}]}}