{"id":3163,"date":"2015-01-22T11:09:09","date_gmt":"2015-01-22T11:09:09","guid":{"rendered":"http:\/\/mfwa.africafex.org\/?p=3163"},"modified":"2015-11-16T09:50:35","modified_gmt":"2015-11-16T09:50:35","slug":"alerte-benin-un-journaliste-menace-pour-avoir-critique-le-president-du-pays","status":"publish","type":"post","link":"https:\/\/mfwa.org\/fr\/alerte-benin-un-journaliste-menace-pour-avoir-critique-le-president-du-pays\/","title":{"rendered":"Alerte Benin: un journaliste m\u00e9nac\u00e9 pour avoir critiqu\u00e9 le pr\u00e9sident du pays"},"content":{"rendered":"<p style=\"text-align: justify;\">Ozias Sounouvou, un journalist de l\u2019\u00a0<a href=\"https:\/\/www.google.com.gh\/url?sa=t&amp;rct=j&amp;q=&amp;esrc=s&amp;source=web&amp;cd=1&amp;cad=rja&amp;uact=8&amp;ved=0CB4QFjAA&amp;url=http%3A%2F%2Fwww.ortb.info%2F&amp;ei=7c-_VKXeAc70ar_dgcAM&amp;usg=AFQjCNGZ0GrwdlDmREdT6ZvKwQvhFSBAqA&amp;bvm=bv.83829542,d.d2s\">Office de Radiodiffusion et T\u00e9l\u00e9vision du B\u00e9nin\u00a0<\/a>(ORTB), a fait savoir qu\u2019il re\u00e7ois des menaces par des appels t\u00e9l\u00e9phoniques.<\/p>\n<p style=\"text-align: justify;\">Le 20 janvier, 2015, il a rev\u00e9l\u00e9 au correspondent de la MFWA au Benin que depuis le 12 janvier, il recevait des menaces par des appels anonymes.<\/p>\n<p style=\"text-align: justify;\">Cela fait suite \u00e0 une \u00e9mission par Sounouvou le 12 janvier dans laquelle le journaliste avait signal\u00e9 la participation du pr\u00e9sident beninois Yayi Boni \u00e0 la marche pro-Charlie Hebdo \u00e0 Paris, apr\u00e8s les attaques contre le journal francais, alors que dans son propre pays, le peuple ne puisse exercer la libert\u00e9 de l\u2019expression. Sounouvou disait au correspondent de la MFWA que les menaces auraient un rapport avec sa denonciacition.<\/p>\n<p style=\"text-align: justify;\">Le journalistes a dit qu\u2019il avait appel\u00e9 au pr\u00e9sident Boni d\u2019\u00eatre \u201cCharlie-ORTB en permettent \u00e0 la cha\u00eene de t\u00e9l\u00e9vision publique broadcaster d\u2019animer de r\u00e9els debats sur les principales questions politiques et autres sujets concernant le pr\u00e9sent et l\u2019avenir du pays.\u201d<\/p>\n<p style=\"text-align: justify;\">Je fait une enqu\u00eate sur l\u2019affaire pour identifier les auteurs afin de les exposer pendant une conf\u00e9rence de presse.<\/p>\n<p style=\"text-align: justify;\">Un nombre de leaders du monde dont les pays d\u2019origin ne respectent pas le droit \u00e0 la libert\u00e9 d\u2019expression ont particip\u00e9 \u00e0 la dite manifestation pro- Charlie Hebdo. La MFWA invite le gouvernement du Benin et des autres pays incrimin\u00e9s non seulement \u00e0 abandonner leur attitude hypocrite mais aussi \u00e0 commencer \u00e0 respecter et protecter la libert\u00e9 de la presse.<\/p>\n<p style=\"text-align: justify;\">\n","protected":false},"excerpt":{"rendered":"<p>Ozias Sounouvou, un journalist de l\u2019\u00a0Office de Radiodiffusion et T\u00e9l\u00e9vision du B\u00e9nin\u00a0(ORTB), a fait savoir qu\u2019il re\u00e7ois des<\/p>\n","protected":false},"author":2,"featured_media":0,"comment_status":"closed","ping_status":"closed","sticky":false,"template":"","format":"standard","meta":{"footnotes":""},"categories":[254],"tags":[],"country":[238],"staff-position":[],"opportunity-category":[],"class_list":["post-3163","post","type-post","status-publish","format-standard","hentry","category-free-expression-violations-fr","country-benin-fr"],"yoast_head":"<!-- This site is optimized with the Yoast SEO plugin v27.5 - https:\/\/yoast.com\/product\/yoast-seo-wordpress\/ -->\n<title>Alerte Benin: un journaliste m\u00e9nac\u00e9 pour avoir critiqu\u00e9 le pr\u00e9sident du pays - Media Foundation For West Africa<\/title>\n<meta name=\"robots\" content=\"index, follow, max-snippet:-1, max-image-preview:large, max-video-preview:-1\" \/>\n<link rel=\"canonical\" href=\"https:\/\/mfwa.org\/benin-alert-journalist-threatened-for-criticising-countrys-president\/\" \/>\n<meta property=\"og:locale\" content=\"fr_FR\" \/>\n<meta property=\"og:type\" content=\"article\" \/>\n<meta property=\"og:title\" content=\"Alerte Benin: un journaliste m\u00e9nac\u00e9 pour avoir critiqu\u00e9 le pr\u00e9sident du pays - Media Foundation For West Africa\" \/>\n<meta property=\"og:description\" content=\"Ozias Sounouvou, un journalist de l\u2019\u00a0Office de Radiodiffusion et T\u00e9l\u00e9vision du B\u00e9nin\u00a0(ORTB), a fait savoir qu\u2019il re\u00e7ois des\" \/>\n<meta property=\"og:url\" content=\"https:\/\/mfwa.org\/benin-alert-journalist-threatened-for-criticising-countrys-president\/\" \/>\n<meta property=\"og:site_name\" content=\"Media Foundation For West Africa\" \/>\n<meta property=\"article:publisher\" content=\"https:\/\/www.facebook.com\/themfwa\" \/>\n<meta property=\"article:published_time\" content=\"2015-01-22T11:09:09+00:00\" \/>\n<meta property=\"article:modified_time\" content=\"2015-11-16T09:50:35+00:00\" \/>\n<meta name=\"author\" content=\"Vivian Affoah\" \/>\n<meta name=\"twitter:card\" content=\"summary_large_image\" \/>\n<meta name=\"twitter:creator\" content=\"@TheMFWA\" \/>\n<meta name=\"twitter:site\" content=\"@TheMFWA\" \/>\n<meta name=\"twitter:label1\" content=\"Written by\" \/>\n\t<meta name=\"twitter:data1\" content=\"Vivian Affoah\" \/>\n\t<meta name=\"twitter:label2\" content=\"Est. reading time\" \/>\n\t<meta name=\"twitter:data2\" content=\"1 minute\" \/>\n<script type=\"application\/ld+json\" class=\"yoast-schema-graph\">{\"@context\":\"https:\\\/\\\/schema.org\",\"@graph\":[{\"@type\":\"Article\",\"@id\":\"https:\\\/\\\/mfwa.org\\\/benin-alert-journalist-threatened-for-criticising-countrys-president\\\/#article\",\"isPartOf\":{\"@id\":\"https:\\\/\\\/mfwa.org\\\/benin-alert-journalist-threatened-for-criticising-countrys-president\\\/\"},\"author\":{\"name\":\"Vivian Affoah\",\"@id\":\"https:\\\/\\\/mfwa.org\\\/#\\\/schema\\\/person\\\/6a1a8151b41fab6317c9544da609a96b\"},\"headline\":\"Alerte Benin: un journaliste m\u00e9nac\u00e9 pour avoir critiqu\u00e9 le pr\u00e9sident du pays\",\"datePublished\":\"2015-01-22T11:09:09+00:00\",\"dateModified\":\"2015-11-16T09:50:35+00:00\",\"mainEntityOfPage\":{\"@id\":\"https:\\\/\\\/mfwa.org\\\/benin-alert-journalist-threatened-for-criticising-countrys-president\\\/\"},\"wordCount\":268,\"publisher\":{\"@id\":\"https:\\\/\\\/mfwa.org\\\/#organization\"},\"articleSection\":[\"Les violations de la libre expression\"],\"inLanguage\":\"fr-FR\"},{\"@type\":\"WebPage\",\"@id\":\"https:\\\/\\\/mfwa.org\\\/benin-alert-journalist-threatened-for-criticising-countrys-president\\\/\",\"url\":\"https:\\\/\\\/mfwa.org\\\/benin-alert-journalist-threatened-for-criticising-countrys-president\\\/\",\"name\":\"Alerte Benin: un journaliste m\u00e9nac\u00e9 pour avoir critiqu\u00e9 le pr\u00e9sident du pays - Media Foundation For West Africa\",\"isPartOf\":{\"@id\":\"https:\\\/\\\/mfwa.org\\\/#website\"},\"datePublished\":\"2015-01-22T11:09:09+00:00\",\"dateModified\":\"2015-11-16T09:50:35+00:00\",\"breadcrumb\":{\"@id\":\"https:\\\/\\\/mfwa.org\\\/benin-alert-journalist-threatened-for-criticising-countrys-president\\\/#breadcrumb\"},\"inLanguage\":\"fr-FR\",\"potentialAction\":[{\"@type\":\"ReadAction\",\"target\":[\"https:\\\/\\\/mfwa.org\\\/benin-alert-journalist-threatened-for-criticising-countrys-president\\\/\"]}]},{\"@type\":\"BreadcrumbList\",\"@id\":\"https:\\\/\\\/mfwa.org\\\/benin-alert-journalist-threatened-for-criticising-countrys-president\\\/#breadcrumb\",\"itemListElement\":[{\"@type\":\"ListItem\",\"position\":1,\"name\":\"Home\",\"item\":\"https:\\\/\\\/mfwa.org\\\/fr\\\/\"},{\"@type\":\"ListItem\",\"position\":2,\"name\":\"Alerte Benin: un journaliste m\u00e9nac\u00e9 pour avoir critiqu\u00e9 le pr\u00e9sident du pays\"}]},{\"@type\":\"WebSite\",\"@id\":\"https:\\\/\\\/mfwa.org\\\/#website\",\"url\":\"https:\\\/\\\/mfwa.org\\\/\",\"name\":\"Media Foundation For West Africa\",\"description\":\"Promoting Freedom of Expression and Democracy in West Africa\",\"publisher\":{\"@id\":\"https:\\\/\\\/mfwa.org\\\/#organization\"},\"potentialAction\":[{\"@type\":\"SearchAction\",\"target\":{\"@type\":\"EntryPoint\",\"urlTemplate\":\"https:\\\/\\\/mfwa.org\\\/?s={search_term_string}\"},\"query-input\":{\"@type\":\"PropertyValueSpecification\",\"valueRequired\":true,\"valueName\":\"search_term_string\"}}],\"inLanguage\":\"fr-FR\"},{\"@type\":\"Organization\",\"@id\":\"https:\\\/\\\/mfwa.org\\\/#organization\",\"name\":\"Media Foundation for West Africa\",\"url\":\"https:\\\/\\\/mfwa.org\\\/\",\"logo\":{\"@type\":\"ImageObject\",\"inLanguage\":\"fr-FR\",\"@id\":\"https:\\\/\\\/mfwa.org\\\/#\\\/schema\\\/logo\\\/image\\\/\",\"url\":\"https:\\\/\\\/www.mfwa.org\\\/wp-content\\\/uploads\\\/2016\\\/06\\\/MFWA-LOGO.png\",\"contentUrl\":\"https:\\\/\\\/www.mfwa.org\\\/wp-content\\\/uploads\\\/2016\\\/06\\\/MFWA-LOGO.png\",\"width\":180,\"height\":180,\"caption\":\"Media Foundation for West Africa\"},\"image\":{\"@id\":\"https:\\\/\\\/mfwa.org\\\/#\\\/schema\\\/logo\\\/image\\\/\"},\"sameAs\":[\"https:\\\/\\\/www.facebook.com\\\/themfwa\",\"https:\\\/\\\/x.com\\\/TheMFWA\",\"https:\\\/\\\/www.youtube.com\\\/channel\\\/UCF6HrPuXcV1K1Ed8AAq4Rdw\"]},{\"@type\":\"Person\",\"@id\":\"https:\\\/\\\/mfwa.org\\\/#\\\/schema\\\/person\\\/6a1a8151b41fab6317c9544da609a96b\",\"name\":\"Vivian Affoah\",\"image\":{\"@type\":\"ImageObject\",\"inLanguage\":\"fr-FR\",\"@id\":\"https:\\\/\\\/secure.gravatar.com\\\/avatar\\\/ddf6c5c2ef2f35c978196ce314f9b81dba2ec548b12806a3acbe02e2360d7e63?s=96&d=mm&r=g\",\"url\":\"https:\\\/\\\/secure.gravatar.com\\\/avatar\\\/ddf6c5c2ef2f35c978196ce314f9b81dba2ec548b12806a3acbe02e2360d7e63?s=96&d=mm&r=g\",\"contentUrl\":\"https:\\\/\\\/secure.gravatar.com\\\/avatar\\\/ddf6c5c2ef2f35c978196ce314f9b81dba2ec548b12806a3acbe02e2360d7e63?s=96&d=mm&r=g\",\"caption\":\"Vivian Affoah\"},\"sameAs\":[\"http:\\\/\\\/www.mfwa.org\"],\"url\":\"https:\\\/\\\/mfwa.org\\\/fr\\\/author\\\/vivian\\\/\"}]}<\/script>\n<!-- \/ Yoast SEO plugin. -->","yoast_head_json":{"title":"Alerte Benin: un journaliste m\u00e9nac\u00e9 pour avoir critiqu\u00e9 le pr\u00e9sident du pays - Media Foundation For West Africa","robots":{"index":"index","follow":"follow","max-snippet":"max-snippet:-1","max-image-preview":"max-image-preview:large","max-video-preview":"max-video-preview:-1"},"canonical":"https:\/\/mfwa.org\/benin-alert-journalist-threatened-for-criticising-countrys-president\/","og_locale":"fr_FR","og_type":"article","og_title":"Alerte Benin: un journaliste m\u00e9nac\u00e9 pour avoir critiqu\u00e9 le pr\u00e9sident du pays - Media Foundation For West Africa","og_description":"Ozias Sounouvou, un journalist de l\u2019\u00a0Office de Radiodiffusion et T\u00e9l\u00e9vision du B\u00e9nin\u00a0(ORTB), a fait savoir qu\u2019il re\u00e7ois des","og_url":"https:\/\/mfwa.org\/benin-alert-journalist-threatened-for-criticising-countrys-president\/","og_site_name":"Media Foundation For West Africa","article_publisher":"https:\/\/www.facebook.com\/themfwa","article_published_time":"2015-01-22T11:09:09+00:00","article_modified_time":"2015-11-16T09:50:35+00:00","author":"Vivian Affoah","twitter_card":"summary_large_image","twitter_creator":"@TheMFWA","twitter_site":"@TheMFWA","twitter_misc":{"Written by":"Vivian Affoah","Est. reading time":"1 minute"},"schema":{"@context":"https:\/\/schema.org","@graph":[{"@type":"Article","@id":"https:\/\/mfwa.org\/benin-alert-journalist-threatened-for-criticising-countrys-president\/#article","isPartOf":{"@id":"https:\/\/mfwa.org\/benin-alert-journalist-threatened-for-criticising-countrys-president\/"},"author":{"name":"Vivian Affoah","@id":"https:\/\/mfwa.org\/#\/schema\/person\/6a1a8151b41fab6317c9544da609a96b"},"headline":"Alerte Benin: un journaliste m\u00e9nac\u00e9 pour avoir critiqu\u00e9 le pr\u00e9sident du pays","datePublished":"2015-01-22T11:09:09+00:00","dateModified":"2015-11-16T09:50:35+00:00","mainEntityOfPage":{"@id":"https:\/\/mfwa.org\/benin-alert-journalist-threatened-for-criticising-countrys-president\/"},"wordCount":268,"publisher":{"@id":"https:\/\/mfwa.org\/#organization"},"articleSection":["Les violations de la libre expression"],"inLanguage":"fr-FR"},{"@type":"WebPage","@id":"https:\/\/mfwa.org\/benin-alert-journalist-threatened-for-criticising-countrys-president\/","url":"https:\/\/mfwa.org\/benin-alert-journalist-threatened-for-criticising-countrys-president\/","name":"Alerte Benin: un journaliste m\u00e9nac\u00e9 pour avoir critiqu\u00e9 le pr\u00e9sident du pays - Media Foundation For West Africa","isPartOf":{"@id":"https:\/\/mfwa.org\/#website"},"datePublished":"2015-01-22T11:09:09+00:00","dateModified":"2015-11-16T09:50:35+00:00","breadcrumb":{"@id":"https:\/\/mfwa.org\/benin-alert-journalist-threatened-for-criticising-countrys-president\/#breadcrumb"},"inLanguage":"fr-FR","potentialAction":[{"@type":"ReadAction","target":["https:\/\/mfwa.org\/benin-alert-journalist-threatened-for-criticising-countrys-president\/"]}]},{"@type":"BreadcrumbList","@id":"https:\/\/mfwa.org\/benin-alert-journalist-threatened-for-criticising-countrys-president\/#breadcrumb","itemListElement":[{"@type":"ListItem","position":1,"name":"Home","item":"https:\/\/mfwa.org\/fr\/"},{"@type":"ListItem","position":2,"name":"Alerte Benin: un journaliste m\u00e9nac\u00e9 pour avoir critiqu\u00e9 le pr\u00e9sident du pays"}]},{"@type":"WebSite","@id":"https:\/\/mfwa.org\/#website","url":"https:\/\/mfwa.org\/","name":"Media Foundation For West Africa","description":"Promoting Freedom of Expression and Democracy in West Africa","publisher":{"@id":"https:\/\/mfwa.org\/#organization"},"potentialAction":[{"@type":"SearchAction","target":{"@type":"EntryPoint","urlTemplate":"https:\/\/mfwa.org\/?s={search_term_string}"},"query-input":{"@type":"PropertyValueSpecification","valueRequired":true,"valueName":"search_term_string"}}],"inLanguage":"fr-FR"},{"@type":"Organization","@id":"https:\/\/mfwa.org\/#organization","name":"Media Foundation for West Africa","url":"https:\/\/mfwa.org\/","logo":{"@type":"ImageObject","inLanguage":"fr-FR","@id":"https:\/\/mfwa.org\/#\/schema\/logo\/image\/","url":"https:\/\/www.mfwa.org\/wp-content\/uploads\/2016\/06\/MFWA-LOGO.png","contentUrl":"https:\/\/www.mfwa.org\/wp-content\/uploads\/2016\/06\/MFWA-LOGO.png","width":180,"height":180,"caption":"Media Foundation for West Africa"},"image":{"@id":"https:\/\/mfwa.org\/#\/schema\/logo\/image\/"},"sameAs":["https:\/\/www.facebook.com\/themfwa","https:\/\/x.com\/TheMFWA","https:\/\/www.youtube.com\/channel\/UCF6HrPuXcV1K1Ed8AAq4Rdw"]},{"@type":"Person","@id":"https:\/\/mfwa.org\/#\/schema\/person\/6a1a8151b41fab6317c9544da609a96b","name":"Vivian Affoah","image":{"@type":"ImageObject","inLanguage":"fr-FR","@id":"https:\/\/secure.gravatar.com\/avatar\/ddf6c5c2ef2f35c978196ce314f9b81dba2ec548b12806a3acbe02e2360d7e63?s=96&d=mm&r=g","url":"https:\/\/secure.gravatar.com\/avatar\/ddf6c5c2ef2f35c978196ce314f9b81dba2ec548b12806a3acbe02e2360d7e63?s=96&d=mm&r=g","contentUrl":"https:\/\/secure.gravatar.com\/avatar\/ddf6c5c2ef2f35c978196ce314f9b81dba2ec548b12806a3acbe02e2360d7e63?s=96&d=mm&r=g","caption":"Vivian Affoah"},"sameAs":["http:\/\/www.mfwa.org"],"url":"https:\/\/mfwa.org\/fr\/author\/vivian\/"}]}},"_links":{"self":[{"href":"https:\/\/mfwa.org\/fr\/wp-json\/wp\/v2\/posts\/3163","targetHints":{"allow":["GET"]}}],"collection":[{"href":"https:\/\/mfwa.org\/fr\/wp-json\/wp\/v2\/posts"}],"about":[{"href":"https:\/\/mfwa.org\/fr\/wp-json\/wp\/v2\/types\/post"}],"author":[{"embeddable":true,"href":"https:\/\/mfwa.org\/fr\/wp-json\/wp\/v2\/users\/2"}],"replies":[{"embeddable":true,"href":"https:\/\/mfwa.org\/fr\/wp-json\/wp\/v2\/comments?post=3163"}],"version-history":[{"count":0,"href":"https:\/\/mfwa.org\/fr\/wp-json\/wp\/v2\/posts\/3163\/revisions"}],"wp:attachment":[{"href":"https:\/\/mfwa.org\/fr\/wp-json\/wp\/v2\/media?parent=3163"}],"wp:term":[{"taxonomy":"category","embeddable":true,"href":"https:\/\/mfwa.org\/fr\/wp-json\/wp\/v2\/categories?post=3163"},{"taxonomy":"post_tag","embeddable":true,"href":"https:\/\/mfwa.org\/fr\/wp-json\/wp\/v2\/tags?post=3163"},{"taxonomy":"country","embeddable":true,"href":"https:\/\/mfwa.org\/fr\/wp-json\/wp\/v2\/country?post=3163"},{"taxonomy":"staff-position","embeddable":true,"href":"https:\/\/mfwa.org\/fr\/wp-json\/wp\/v2\/staff-position?post=3163"},{"taxonomy":"opportunity-category","embeddable":true,"href":"https:\/\/mfwa.org\/fr\/wp-json\/wp\/v2\/opportunity-category?post=3163"}],"curies":[{"name":"wp","href":"https:\/\/api.w.org\/{rel}","templated":true}]}}