{"id":3133,"date":"2015-04-07T11:35:04","date_gmt":"2015-04-07T11:35:04","guid":{"rendered":"http:\/\/mfwa.africafex.org\/?p=3133"},"modified":"2015-11-15T21:22:31","modified_gmt":"2015-11-15T21:22:31","slug":"mise-a-jour-de-guinee-commencement-de-la-justice-pour-les-journalistes-et-les-professionnels-de-la-sante-assassines","status":"publish","type":"post","link":"https:\/\/mfwa.org\/fr\/mise-a-jour-de-guinee-commencement-de-la-justice-pour-les-journalistes-et-les-professionnels-de-la-sante-assassines\/","title":{"rendered":"Mise \u00e0 jour de Guin\u00e9e : Commencement de la justice pour les journalistes  et les professionnels de la sant\u00e9 assassin\u00e9s"},"content":{"rendered":"<p style=\"text-align: justify;\">Le correspondant de la MFWA\u00a0 en Guin\u00e9e a indiqu\u00e9 que 85 personnes ont \u00e9t\u00e9 accus\u00e9es d\u2019avoir participes dans la tuerie de Septembre 2014, \u00a0des trois journalistes et cinq professionnels de la sant\u00e9 \u00e0 Womey, un village en Guin\u00e9e.<\/p>\n<p style=\"text-align: justify;\">Selon le correspondant, un tribunal sp\u00e9cialis\u00e9 a \u00e9t\u00e9 cr\u00e9\u00e9 \u00e0 Nz\u00e9r\u00e9kor\u00e9, la r\u00e9gion dans laquelle \u00a0le crime a \u00e9t\u00e9 commis.<\/p>\n<p style=\"text-align: justify;\">Le 16 Septembre 2014, une foule villageoise a tu\u00e9 trois journalistes et cinq autres personnes qui sensibilisaient le public au virus Ebola \u00e0 Womey, un village \u00e0 900 km de Conakry, la capitale de la Guin\u00e9e. Facely Camara, un journaliste \u00e0 Radio Libert\u00e9 FM et Molou Ch\u00e9rif et Sidiki Sidib\u00e9, un journaliste et un technicien \u00e0 une station de radio communautaire \u00e0 Nz\u00e9r\u00e9kor\u00e9, respectivement, ont \u00e9t\u00e9 tu\u00e9s alors qu&#8217;ils couvraient une campagne de la sensibilisation sur la pr\u00e9vention du virus Ebola.<\/p>\n<p style=\"text-align: justify;\">Les autorit\u00e9s judiciaires de Guin\u00e9e ont promis que la punition inflig\u00e9e aux auteurs sera proportionn\u00e9e \u00e0 la nature de l&#8217;infraction et qu&#8217;ils seront tenus responsables de leurs actes.<\/p>\n<p style=\"text-align: justify;\">Selon le correspondant, l\u2019Associations de Presse de la Guin\u00e9e attend que ce crime contre des journalistes soit pleinement expos\u00e9 et nous esp\u00e9rons \u00a0aussi que les responsables soient punis.<\/p>\n<p style=\"text-align: justify;\">La MFWA se f\u00e9licite de cette nouvelle et attend la justice de ce crime.<\/p>\n","protected":false},"excerpt":{"rendered":"<p>Le correspondant de la MFWA\u00a0 en Guin\u00e9e a indiqu\u00e9 que 85 personnes ont \u00e9t\u00e9 accus\u00e9es d\u2019avoir participes dans<\/p>\n","protected":false},"author":2,"featured_media":2656,"comment_status":"closed","ping_status":"closed","sticky":false,"template":"","format":"standard","meta":{"footnotes":""},"categories":[230],"tags":[],"country":[244],"staff-position":[],"opportunity-category":[],"class_list":["post-3133","post","type-post","status-publish","format-standard","has-post-thumbnail","hentry","category-impunity-fr","country-guinee"],"yoast_head":"<!-- This site is optimized with the Yoast SEO plugin v27.5 - https:\/\/yoast.com\/product\/yoast-seo-wordpress\/ -->\n<title>Mise \u00e0 jour de Guin\u00e9e : Commencement de la justice pour les journalistes et les professionnels de la sant\u00e9 assassin\u00e9s - Media Foundation For West Africa<\/title>\n<meta name=\"robots\" content=\"index, follow, max-snippet:-1, max-image-preview:large, max-video-preview:-1\" \/>\n<link rel=\"canonical\" href=\"https:\/\/mfwa.org\/guinea-update-start-of-justice-for-murdered-journalists-and-health-workers\/\" \/>\n<meta property=\"og:locale\" content=\"fr_FR\" \/>\n<meta property=\"og:type\" content=\"article\" \/>\n<meta property=\"og:title\" content=\"Mise \u00e0 jour de Guin\u00e9e : Commencement de la justice pour les journalistes et les professionnels de la sant\u00e9 assassin\u00e9s - Media Foundation For West Africa\" \/>\n<meta property=\"og:description\" content=\"Le correspondant de la MFWA\u00a0 en Guin\u00e9e a indiqu\u00e9 que 85 personnes ont \u00e9t\u00e9 accus\u00e9es d\u2019avoir participes dans\" \/>\n<meta property=\"og:url\" content=\"https:\/\/mfwa.org\/guinea-update-start-of-justice-for-murdered-journalists-and-health-workers\/\" \/>\n<meta property=\"og:site_name\" content=\"Media Foundation For West Africa\" \/>\n<meta property=\"article:publisher\" content=\"https:\/\/www.facebook.com\/themfwa\" \/>\n<meta property=\"article:published_time\" content=\"2015-04-07T11:35:04+00:00\" \/>\n<meta property=\"article:modified_time\" content=\"2015-11-15T21:22:31+00:00\" \/>\n<meta property=\"og:image\" content=\"https:\/\/mfwa.org\/wp-content\/uploads\/2015\/11\/facely-camara.jpg\" \/>\n\t<meta property=\"og:image:width\" content=\"527\" \/>\n\t<meta property=\"og:image:height\" content=\"455\" \/>\n\t<meta property=\"og:image:type\" content=\"image\/jpeg\" \/>\n<meta name=\"author\" content=\"Vivian Affoah\" \/>\n<meta name=\"twitter:card\" content=\"summary_large_image\" \/>\n<meta name=\"twitter:creator\" content=\"@TheMFWA\" \/>\n<meta name=\"twitter:site\" content=\"@TheMFWA\" \/>\n<meta name=\"twitter:label1\" content=\"Written by\" \/>\n\t<meta name=\"twitter:data1\" content=\"Vivian Affoah\" \/>\n\t<meta name=\"twitter:label2\" content=\"Est. reading time\" \/>\n\t<meta name=\"twitter:data2\" content=\"1 minute\" \/>\n<script type=\"application\/ld+json\" class=\"yoast-schema-graph\">{\"@context\":\"https:\\\/\\\/schema.org\",\"@graph\":[{\"@type\":\"Article\",\"@id\":\"https:\\\/\\\/mfwa.org\\\/guinea-update-start-of-justice-for-murdered-journalists-and-health-workers\\\/#article\",\"isPartOf\":{\"@id\":\"https:\\\/\\\/mfwa.org\\\/guinea-update-start-of-justice-for-murdered-journalists-and-health-workers\\\/\"},\"author\":{\"name\":\"Vivian Affoah\",\"@id\":\"https:\\\/\\\/mfwa.org\\\/#\\\/schema\\\/person\\\/6a1a8151b41fab6317c9544da609a96b\"},\"headline\":\"Mise \u00e0 jour de Guin\u00e9e : Commencement de la justice pour les journalistes et les professionnels de la sant\u00e9 assassin\u00e9s\",\"datePublished\":\"2015-04-07T11:35:04+00:00\",\"dateModified\":\"2015-11-15T21:22:31+00:00\",\"mainEntityOfPage\":{\"@id\":\"https:\\\/\\\/mfwa.org\\\/guinea-update-start-of-justice-for-murdered-journalists-and-health-workers\\\/\"},\"wordCount\":241,\"publisher\":{\"@id\":\"https:\\\/\\\/mfwa.org\\\/#organization\"},\"image\":{\"@id\":\"https:\\\/\\\/mfwa.org\\\/guinea-update-start-of-justice-for-murdered-journalists-and-health-workers\\\/#primaryimage\"},\"thumbnailUrl\":\"https:\\\/\\\/mfwa.org\\\/wp-content\\\/uploads\\\/2015\\\/11\\\/facely-camara.jpg\",\"articleSection\":[\"Impunit\u00e9\"],\"inLanguage\":\"fr-FR\"},{\"@type\":\"WebPage\",\"@id\":\"https:\\\/\\\/mfwa.org\\\/guinea-update-start-of-justice-for-murdered-journalists-and-health-workers\\\/\",\"url\":\"https:\\\/\\\/mfwa.org\\\/guinea-update-start-of-justice-for-murdered-journalists-and-health-workers\\\/\",\"name\":\"Mise \u00e0 jour de Guin\u00e9e : Commencement de la justice pour les journalistes et les professionnels de la sant\u00e9 assassin\u00e9s - Media Foundation For West Africa\",\"isPartOf\":{\"@id\":\"https:\\\/\\\/mfwa.org\\\/#website\"},\"primaryImageOfPage\":{\"@id\":\"https:\\\/\\\/mfwa.org\\\/guinea-update-start-of-justice-for-murdered-journalists-and-health-workers\\\/#primaryimage\"},\"image\":{\"@id\":\"https:\\\/\\\/mfwa.org\\\/guinea-update-start-of-justice-for-murdered-journalists-and-health-workers\\\/#primaryimage\"},\"thumbnailUrl\":\"https:\\\/\\\/mfwa.org\\\/wp-content\\\/uploads\\\/2015\\\/11\\\/facely-camara.jpg\",\"datePublished\":\"2015-04-07T11:35:04+00:00\",\"dateModified\":\"2015-11-15T21:22:31+00:00\",\"breadcrumb\":{\"@id\":\"https:\\\/\\\/mfwa.org\\\/guinea-update-start-of-justice-for-murdered-journalists-and-health-workers\\\/#breadcrumb\"},\"inLanguage\":\"fr-FR\",\"potentialAction\":[{\"@type\":\"ReadAction\",\"target\":[\"https:\\\/\\\/mfwa.org\\\/guinea-update-start-of-justice-for-murdered-journalists-and-health-workers\\\/\"]}]},{\"@type\":\"ImageObject\",\"inLanguage\":\"fr-FR\",\"@id\":\"https:\\\/\\\/mfwa.org\\\/guinea-update-start-of-justice-for-murdered-journalists-and-health-workers\\\/#primaryimage\",\"url\":\"https:\\\/\\\/mfwa.org\\\/wp-content\\\/uploads\\\/2015\\\/11\\\/facely-camara.jpg\",\"contentUrl\":\"https:\\\/\\\/mfwa.org\\\/wp-content\\\/uploads\\\/2015\\\/11\\\/facely-camara.jpg\",\"width\":527,\"height\":455,\"caption\":\"Facely Camera\"},{\"@type\":\"BreadcrumbList\",\"@id\":\"https:\\\/\\\/mfwa.org\\\/guinea-update-start-of-justice-for-murdered-journalists-and-health-workers\\\/#breadcrumb\",\"itemListElement\":[{\"@type\":\"ListItem\",\"position\":1,\"name\":\"Home\",\"item\":\"https:\\\/\\\/mfwa.org\\\/fr\\\/\"},{\"@type\":\"ListItem\",\"position\":2,\"name\":\"Mise \u00e0 jour de Guin\u00e9e : Commencement de la justice pour les journalistes et les professionnels de la sant\u00e9 assassin\u00e9s\"}]},{\"@type\":\"WebSite\",\"@id\":\"https:\\\/\\\/mfwa.org\\\/#website\",\"url\":\"https:\\\/\\\/mfwa.org\\\/\",\"name\":\"Media Foundation For West Africa\",\"description\":\"Promoting Freedom of Expression and Democracy in West Africa\",\"publisher\":{\"@id\":\"https:\\\/\\\/mfwa.org\\\/#organization\"},\"potentialAction\":[{\"@type\":\"SearchAction\",\"target\":{\"@type\":\"EntryPoint\",\"urlTemplate\":\"https:\\\/\\\/mfwa.org\\\/?s={search_term_string}\"},\"query-input\":{\"@type\":\"PropertyValueSpecification\",\"valueRequired\":true,\"valueName\":\"search_term_string\"}}],\"inLanguage\":\"fr-FR\"},{\"@type\":\"Organization\",\"@id\":\"https:\\\/\\\/mfwa.org\\\/#organization\",\"name\":\"Media Foundation for West Africa\",\"url\":\"https:\\\/\\\/mfwa.org\\\/\",\"logo\":{\"@type\":\"ImageObject\",\"inLanguage\":\"fr-FR\",\"@id\":\"https:\\\/\\\/mfwa.org\\\/#\\\/schema\\\/logo\\\/image\\\/\",\"url\":\"https:\\\/\\\/www.mfwa.org\\\/wp-content\\\/uploads\\\/2016\\\/06\\\/MFWA-LOGO.png\",\"contentUrl\":\"https:\\\/\\\/www.mfwa.org\\\/wp-content\\\/uploads\\\/2016\\\/06\\\/MFWA-LOGO.png\",\"width\":180,\"height\":180,\"caption\":\"Media Foundation for West Africa\"},\"image\":{\"@id\":\"https:\\\/\\\/mfwa.org\\\/#\\\/schema\\\/logo\\\/image\\\/\"},\"sameAs\":[\"https:\\\/\\\/www.facebook.com\\\/themfwa\",\"https:\\\/\\\/x.com\\\/TheMFWA\",\"https:\\\/\\\/www.youtube.com\\\/channel\\\/UCF6HrPuXcV1K1Ed8AAq4Rdw\"]},{\"@type\":\"Person\",\"@id\":\"https:\\\/\\\/mfwa.org\\\/#\\\/schema\\\/person\\\/6a1a8151b41fab6317c9544da609a96b\",\"name\":\"Vivian Affoah\",\"image\":{\"@type\":\"ImageObject\",\"inLanguage\":\"fr-FR\",\"@id\":\"https:\\\/\\\/secure.gravatar.com\\\/avatar\\\/ddf6c5c2ef2f35c978196ce314f9b81dba2ec548b12806a3acbe02e2360d7e63?s=96&d=mm&r=g\",\"url\":\"https:\\\/\\\/secure.gravatar.com\\\/avatar\\\/ddf6c5c2ef2f35c978196ce314f9b81dba2ec548b12806a3acbe02e2360d7e63?s=96&d=mm&r=g\",\"contentUrl\":\"https:\\\/\\\/secure.gravatar.com\\\/avatar\\\/ddf6c5c2ef2f35c978196ce314f9b81dba2ec548b12806a3acbe02e2360d7e63?s=96&d=mm&r=g\",\"caption\":\"Vivian Affoah\"},\"sameAs\":[\"http:\\\/\\\/www.mfwa.org\"],\"url\":\"https:\\\/\\\/mfwa.org\\\/fr\\\/author\\\/vivian\\\/\"}]}<\/script>\n<!-- \/ Yoast SEO plugin. -->","yoast_head_json":{"title":"Mise \u00e0 jour de Guin\u00e9e : Commencement de la justice pour les journalistes et les professionnels de la sant\u00e9 assassin\u00e9s - Media Foundation For West Africa","robots":{"index":"index","follow":"follow","max-snippet":"max-snippet:-1","max-image-preview":"max-image-preview:large","max-video-preview":"max-video-preview:-1"},"canonical":"https:\/\/mfwa.org\/guinea-update-start-of-justice-for-murdered-journalists-and-health-workers\/","og_locale":"fr_FR","og_type":"article","og_title":"Mise \u00e0 jour de Guin\u00e9e : Commencement de la justice pour les journalistes et les professionnels de la sant\u00e9 assassin\u00e9s - Media Foundation For West Africa","og_description":"Le correspondant de la MFWA\u00a0 en Guin\u00e9e a indiqu\u00e9 que 85 personnes ont \u00e9t\u00e9 accus\u00e9es d\u2019avoir participes dans","og_url":"https:\/\/mfwa.org\/guinea-update-start-of-justice-for-murdered-journalists-and-health-workers\/","og_site_name":"Media Foundation For West Africa","article_publisher":"https:\/\/www.facebook.com\/themfwa","article_published_time":"2015-04-07T11:35:04+00:00","article_modified_time":"2015-11-15T21:22:31+00:00","og_image":[{"width":527,"height":455,"url":"https:\/\/mfwa.org\/wp-content\/uploads\/2015\/11\/facely-camara.jpg","type":"image\/jpeg"}],"author":"Vivian Affoah","twitter_card":"summary_large_image","twitter_creator":"@TheMFWA","twitter_site":"@TheMFWA","twitter_misc":{"Written by":"Vivian Affoah","Est. reading time":"1 minute"},"schema":{"@context":"https:\/\/schema.org","@graph":[{"@type":"Article","@id":"https:\/\/mfwa.org\/guinea-update-start-of-justice-for-murdered-journalists-and-health-workers\/#article","isPartOf":{"@id":"https:\/\/mfwa.org\/guinea-update-start-of-justice-for-murdered-journalists-and-health-workers\/"},"author":{"name":"Vivian Affoah","@id":"https:\/\/mfwa.org\/#\/schema\/person\/6a1a8151b41fab6317c9544da609a96b"},"headline":"Mise \u00e0 jour de Guin\u00e9e : Commencement de la justice pour les journalistes et les professionnels de la sant\u00e9 assassin\u00e9s","datePublished":"2015-04-07T11:35:04+00:00","dateModified":"2015-11-15T21:22:31+00:00","mainEntityOfPage":{"@id":"https:\/\/mfwa.org\/guinea-update-start-of-justice-for-murdered-journalists-and-health-workers\/"},"wordCount":241,"publisher":{"@id":"https:\/\/mfwa.org\/#organization"},"image":{"@id":"https:\/\/mfwa.org\/guinea-update-start-of-justice-for-murdered-journalists-and-health-workers\/#primaryimage"},"thumbnailUrl":"https:\/\/mfwa.org\/wp-content\/uploads\/2015\/11\/facely-camara.jpg","articleSection":["Impunit\u00e9"],"inLanguage":"fr-FR"},{"@type":"WebPage","@id":"https:\/\/mfwa.org\/guinea-update-start-of-justice-for-murdered-journalists-and-health-workers\/","url":"https:\/\/mfwa.org\/guinea-update-start-of-justice-for-murdered-journalists-and-health-workers\/","name":"Mise \u00e0 jour de Guin\u00e9e : Commencement de la justice pour les journalistes et les professionnels de la sant\u00e9 assassin\u00e9s - Media Foundation For West Africa","isPartOf":{"@id":"https:\/\/mfwa.org\/#website"},"primaryImageOfPage":{"@id":"https:\/\/mfwa.org\/guinea-update-start-of-justice-for-murdered-journalists-and-health-workers\/#primaryimage"},"image":{"@id":"https:\/\/mfwa.org\/guinea-update-start-of-justice-for-murdered-journalists-and-health-workers\/#primaryimage"},"thumbnailUrl":"https:\/\/mfwa.org\/wp-content\/uploads\/2015\/11\/facely-camara.jpg","datePublished":"2015-04-07T11:35:04+00:00","dateModified":"2015-11-15T21:22:31+00:00","breadcrumb":{"@id":"https:\/\/mfwa.org\/guinea-update-start-of-justice-for-murdered-journalists-and-health-workers\/#breadcrumb"},"inLanguage":"fr-FR","potentialAction":[{"@type":"ReadAction","target":["https:\/\/mfwa.org\/guinea-update-start-of-justice-for-murdered-journalists-and-health-workers\/"]}]},{"@type":"ImageObject","inLanguage":"fr-FR","@id":"https:\/\/mfwa.org\/guinea-update-start-of-justice-for-murdered-journalists-and-health-workers\/#primaryimage","url":"https:\/\/mfwa.org\/wp-content\/uploads\/2015\/11\/facely-camara.jpg","contentUrl":"https:\/\/mfwa.org\/wp-content\/uploads\/2015\/11\/facely-camara.jpg","width":527,"height":455,"caption":"Facely Camera"},{"@type":"BreadcrumbList","@id":"https:\/\/mfwa.org\/guinea-update-start-of-justice-for-murdered-journalists-and-health-workers\/#breadcrumb","itemListElement":[{"@type":"ListItem","position":1,"name":"Home","item":"https:\/\/mfwa.org\/fr\/"},{"@type":"ListItem","position":2,"name":"Mise \u00e0 jour de Guin\u00e9e : Commencement de la justice pour les journalistes et les professionnels de la sant\u00e9 assassin\u00e9s"}]},{"@type":"WebSite","@id":"https:\/\/mfwa.org\/#website","url":"https:\/\/mfwa.org\/","name":"Media Foundation For West Africa","description":"Promoting Freedom of Expression and Democracy in West Africa","publisher":{"@id":"https:\/\/mfwa.org\/#organization"},"potentialAction":[{"@type":"SearchAction","target":{"@type":"EntryPoint","urlTemplate":"https:\/\/mfwa.org\/?s={search_term_string}"},"query-input":{"@type":"PropertyValueSpecification","valueRequired":true,"valueName":"search_term_string"}}],"inLanguage":"fr-FR"},{"@type":"Organization","@id":"https:\/\/mfwa.org\/#organization","name":"Media Foundation for West Africa","url":"https:\/\/mfwa.org\/","logo":{"@type":"ImageObject","inLanguage":"fr-FR","@id":"https:\/\/mfwa.org\/#\/schema\/logo\/image\/","url":"https:\/\/www.mfwa.org\/wp-content\/uploads\/2016\/06\/MFWA-LOGO.png","contentUrl":"https:\/\/www.mfwa.org\/wp-content\/uploads\/2016\/06\/MFWA-LOGO.png","width":180,"height":180,"caption":"Media Foundation for West Africa"},"image":{"@id":"https:\/\/mfwa.org\/#\/schema\/logo\/image\/"},"sameAs":["https:\/\/www.facebook.com\/themfwa","https:\/\/x.com\/TheMFWA","https:\/\/www.youtube.com\/channel\/UCF6HrPuXcV1K1Ed8AAq4Rdw"]},{"@type":"Person","@id":"https:\/\/mfwa.org\/#\/schema\/person\/6a1a8151b41fab6317c9544da609a96b","name":"Vivian Affoah","image":{"@type":"ImageObject","inLanguage":"fr-FR","@id":"https:\/\/secure.gravatar.com\/avatar\/ddf6c5c2ef2f35c978196ce314f9b81dba2ec548b12806a3acbe02e2360d7e63?s=96&d=mm&r=g","url":"https:\/\/secure.gravatar.com\/avatar\/ddf6c5c2ef2f35c978196ce314f9b81dba2ec548b12806a3acbe02e2360d7e63?s=96&d=mm&r=g","contentUrl":"https:\/\/secure.gravatar.com\/avatar\/ddf6c5c2ef2f35c978196ce314f9b81dba2ec548b12806a3acbe02e2360d7e63?s=96&d=mm&r=g","caption":"Vivian Affoah"},"sameAs":["http:\/\/www.mfwa.org"],"url":"https:\/\/mfwa.org\/fr\/author\/vivian\/"}]}},"_links":{"self":[{"href":"https:\/\/mfwa.org\/fr\/wp-json\/wp\/v2\/posts\/3133","targetHints":{"allow":["GET"]}}],"collection":[{"href":"https:\/\/mfwa.org\/fr\/wp-json\/wp\/v2\/posts"}],"about":[{"href":"https:\/\/mfwa.org\/fr\/wp-json\/wp\/v2\/types\/post"}],"author":[{"embeddable":true,"href":"https:\/\/mfwa.org\/fr\/wp-json\/wp\/v2\/users\/2"}],"replies":[{"embeddable":true,"href":"https:\/\/mfwa.org\/fr\/wp-json\/wp\/v2\/comments?post=3133"}],"version-history":[{"count":0,"href":"https:\/\/mfwa.org\/fr\/wp-json\/wp\/v2\/posts\/3133\/revisions"}],"wp:featuredmedia":[{"embeddable":true,"href":"https:\/\/mfwa.org\/fr\/wp-json\/wp\/v2\/media\/2656"}],"wp:attachment":[{"href":"https:\/\/mfwa.org\/fr\/wp-json\/wp\/v2\/media?parent=3133"}],"wp:term":[{"taxonomy":"category","embeddable":true,"href":"https:\/\/mfwa.org\/fr\/wp-json\/wp\/v2\/categories?post=3133"},{"taxonomy":"post_tag","embeddable":true,"href":"https:\/\/mfwa.org\/fr\/wp-json\/wp\/v2\/tags?post=3133"},{"taxonomy":"country","embeddable":true,"href":"https:\/\/mfwa.org\/fr\/wp-json\/wp\/v2\/country?post=3133"},{"taxonomy":"staff-position","embeddable":true,"href":"https:\/\/mfwa.org\/fr\/wp-json\/wp\/v2\/staff-position?post=3133"},{"taxonomy":"opportunity-category","embeddable":true,"href":"https:\/\/mfwa.org\/fr\/wp-json\/wp\/v2\/opportunity-category?post=3133"}],"curies":[{"name":"wp","href":"https:\/\/api.w.org\/{rel}","templated":true}]}}