{"id":3047,"date":"2015-05-20T14:41:53","date_gmt":"2015-05-20T14:41:53","guid":{"rendered":"http:\/\/mfwa.africafex.org\/?p=3047"},"modified":"2015-11-13T16:41:11","modified_gmt":"2015-11-13T16:41:11","slug":"niger-alerte-journaliste-arrete-accuse-de-collaboration-avec-boko-haram","status":"publish","type":"post","link":"https:\/\/mfwa.org\/fr\/niger-alerte-journaliste-arrete-accuse-de-collaboration-avec-boko-haram\/","title":{"rendered":"Niger ALERTE : Journaliste arr\u00eat\u00e9, accus\u00e9 de collaboration avec Boko Haram"},"content":{"rendered":"<p style=\"text-align: justify;\">Le 18 mai 2015, Moussa Tchangari, directeur de la r\u00e9daction de la publication bimestrielle Alternative et le Secr\u00e9taire g\u00e9n\u00e9ral de l&#8217;Alternative-Espace-Citoyens, une Organisation Non gouvernementale, a \u00e9t\u00e9 arr\u00eat\u00e9 dans les locaux de la brigade antiterroriste du Niger.<\/p>\n<p style=\"text-align: justify;\">La correspondant de la MFWA au Niger a rapport\u00e9 que l&#8217;arrestation de Tchangari a \u00e9t\u00e9 annonc\u00e9e dans un communiqu\u00e9 \u00e9mis par le ministre de l&#8217;int\u00e9rieur, Hassimi Massaoudou et diffus\u00e9e par la t\u00e9l\u00e9vision nationale.<\/p>\n<p style=\"text-align: justify;\">Le communiqu\u00e9 a all\u00e9gu\u00e9 que Tchangari a particip\u00e9 \u00e0 \u00ab une conspiration criminelle avec l&#8217;organisation terroriste de Boko Haram \u00bb.<\/p>\n<p style=\"text-align: justify;\">\u00ab Depuis un certain temps, cet homme a travaill\u00e9 avec la secte Boko Haram, et il a men\u00e9 une campagne active pour propager de fausses nouvelles en collaboration avec Boko Haram, \u00bb Massaoudou a d\u00e9clar\u00e9 au correspondant de la MFWA. \u00ab Toute sa propagande vise \u00e0 montrer que c&#8217;est les forces de s\u00e9curit\u00e9 et de d\u00e9fense nig\u00e9riennes qui sont les criminels et non de Boko Haram. \u00bb<\/p>\n<p style=\"text-align: justify;\">&#8220;Selon une source proche de Tchangari, il a \u00e9t\u00e9 ramass\u00e9 quand il a envoy\u00e9 alimentaire \u00e0 un membre de sa famille dans la r\u00e9gion de Diffa, qui est actuellement d\u00e9tenue par la brigade anti-terroriste pour avoir refus\u00e9 de coop\u00e9rer avec les autorit\u00e9s nig\u00e9riennes dans leur tentative pour traquer le Boko Haram,&#8221; le correspondant a ajout\u00e9.<\/p>\n<p style=\"text-align: justify;\">R\u00e9gion de Diffa est situ\u00e9e dans l&#8217;est de la capitale nig\u00e9rienne, Niamey, et partage une fronti\u00e8re avec Maiduguri au Nigeria. Diffa est une r\u00e9gion o\u00f9 les Boko Haram ont tu\u00e9s plusieurs nig\u00e9riens et milliers d&#8217;autres d\u00e9plac\u00e9es.<\/p>\n<p style=\"text-align: justify;\">L&#8217;Association des organisations de la soci\u00e9t\u00e9 civile nig\u00e9rienne, a condamn\u00e9 la d\u00e9tention de Tchangari.<\/p>\n","protected":false},"excerpt":{"rendered":"<p>Le 18 mai 2015, Moussa Tchangari, directeur de la r\u00e9daction de la publication bimestrielle Alternative et le Secr\u00e9taire<\/p>\n","protected":false},"author":2,"featured_media":0,"comment_status":"closed","ping_status":"closed","sticky":false,"template":"","format":"standard","meta":{"footnotes":""},"categories":[254],"tags":[],"country":[249],"staff-position":[],"opportunity-category":[],"class_list":["post-3047","post","type-post","status-publish","format-standard","hentry","category-free-expression-violations-fr","country-niger-fr"],"yoast_head":"<!-- This site is optimized with the Yoast SEO plugin v27.5 - https:\/\/yoast.com\/product\/yoast-seo-wordpress\/ -->\n<title>Niger ALERTE : Journaliste arr\u00eat\u00e9, accus\u00e9 de collaboration avec Boko Haram - Media Foundation For West Africa<\/title>\n<meta name=\"robots\" content=\"index, follow, max-snippet:-1, max-image-preview:large, max-video-preview:-1\" \/>\n<link rel=\"canonical\" href=\"https:\/\/mfwa.org\/fr\/niger-alerte-journaliste-arrete-accuse-de-collaboration-avec-boko-haram\/\" \/>\n<meta property=\"og:locale\" content=\"fr_FR\" \/>\n<meta property=\"og:type\" content=\"article\" \/>\n<meta property=\"og:title\" content=\"Niger ALERTE : Journaliste arr\u00eat\u00e9, accus\u00e9 de collaboration avec Boko Haram - Media Foundation For West Africa\" \/>\n<meta property=\"og:description\" content=\"Le 18 mai 2015, Moussa Tchangari, directeur de la r\u00e9daction de la publication bimestrielle Alternative et le Secr\u00e9taire\" \/>\n<meta property=\"og:url\" content=\"https:\/\/mfwa.org\/fr\/niger-alerte-journaliste-arrete-accuse-de-collaboration-avec-boko-haram\/\" \/>\n<meta property=\"og:site_name\" content=\"Media Foundation For West Africa\" \/>\n<meta property=\"article:publisher\" content=\"https:\/\/www.facebook.com\/themfwa\" \/>\n<meta property=\"article:published_time\" content=\"2015-05-20T14:41:53+00:00\" \/>\n<meta property=\"article:modified_time\" content=\"2015-11-13T16:41:11+00:00\" \/>\n<meta name=\"author\" content=\"Vivian Affoah\" \/>\n<meta name=\"twitter:card\" content=\"summary_large_image\" \/>\n<meta name=\"twitter:creator\" content=\"@TheMFWA\" \/>\n<meta name=\"twitter:site\" content=\"@TheMFWA\" \/>\n<meta name=\"twitter:label1\" content=\"Written by\" \/>\n\t<meta name=\"twitter:data1\" content=\"Vivian Affoah\" \/>\n\t<meta name=\"twitter:label2\" content=\"Est. reading time\" \/>\n\t<meta name=\"twitter:data2\" content=\"1 minute\" \/>\n<script type=\"application\/ld+json\" class=\"yoast-schema-graph\">{\"@context\":\"https:\\\/\\\/schema.org\",\"@graph\":[{\"@type\":\"Article\",\"@id\":\"https:\\\/\\\/mfwa.org\\\/fr\\\/niger-alerte-journaliste-arrete-accuse-de-collaboration-avec-boko-haram\\\/#article\",\"isPartOf\":{\"@id\":\"https:\\\/\\\/mfwa.org\\\/fr\\\/niger-alerte-journaliste-arrete-accuse-de-collaboration-avec-boko-haram\\\/\"},\"author\":{\"name\":\"Vivian Affoah\",\"@id\":\"https:\\\/\\\/mfwa.org\\\/#\\\/schema\\\/person\\\/6a1a8151b41fab6317c9544da609a96b\"},\"headline\":\"Niger ALERTE : Journaliste arr\u00eat\u00e9, accus\u00e9 de collaboration avec Boko Haram\",\"datePublished\":\"2015-05-20T14:41:53+00:00\",\"dateModified\":\"2015-11-13T16:41:11+00:00\",\"mainEntityOfPage\":{\"@id\":\"https:\\\/\\\/mfwa.org\\\/fr\\\/niger-alerte-journaliste-arrete-accuse-de-collaboration-avec-boko-haram\\\/\"},\"wordCount\":302,\"publisher\":{\"@id\":\"https:\\\/\\\/mfwa.org\\\/#organization\"},\"articleSection\":[\"Les violations de la libre expression\"],\"inLanguage\":\"fr-FR\"},{\"@type\":\"WebPage\",\"@id\":\"https:\\\/\\\/mfwa.org\\\/fr\\\/niger-alerte-journaliste-arrete-accuse-de-collaboration-avec-boko-haram\\\/\",\"url\":\"https:\\\/\\\/mfwa.org\\\/fr\\\/niger-alerte-journaliste-arrete-accuse-de-collaboration-avec-boko-haram\\\/\",\"name\":\"Niger ALERTE : Journaliste arr\u00eat\u00e9, accus\u00e9 de collaboration avec Boko Haram - Media Foundation For West Africa\",\"isPartOf\":{\"@id\":\"https:\\\/\\\/mfwa.org\\\/#website\"},\"datePublished\":\"2015-05-20T14:41:53+00:00\",\"dateModified\":\"2015-11-13T16:41:11+00:00\",\"breadcrumb\":{\"@id\":\"https:\\\/\\\/mfwa.org\\\/fr\\\/niger-alerte-journaliste-arrete-accuse-de-collaboration-avec-boko-haram\\\/#breadcrumb\"},\"inLanguage\":\"fr-FR\",\"potentialAction\":[{\"@type\":\"ReadAction\",\"target\":[\"https:\\\/\\\/mfwa.org\\\/fr\\\/niger-alerte-journaliste-arrete-accuse-de-collaboration-avec-boko-haram\\\/\"]}]},{\"@type\":\"BreadcrumbList\",\"@id\":\"https:\\\/\\\/mfwa.org\\\/fr\\\/niger-alerte-journaliste-arrete-accuse-de-collaboration-avec-boko-haram\\\/#breadcrumb\",\"itemListElement\":[{\"@type\":\"ListItem\",\"position\":1,\"name\":\"Home\",\"item\":\"https:\\\/\\\/mfwa.org\\\/fr\\\/\"},{\"@type\":\"ListItem\",\"position\":2,\"name\":\"Niger ALERTE : Journaliste arr\u00eat\u00e9, accus\u00e9 de collaboration avec Boko Haram\"}]},{\"@type\":\"WebSite\",\"@id\":\"https:\\\/\\\/mfwa.org\\\/#website\",\"url\":\"https:\\\/\\\/mfwa.org\\\/\",\"name\":\"Media Foundation For West Africa\",\"description\":\"Promoting Freedom of Expression and Democracy in West Africa\",\"publisher\":{\"@id\":\"https:\\\/\\\/mfwa.org\\\/#organization\"},\"potentialAction\":[{\"@type\":\"SearchAction\",\"target\":{\"@type\":\"EntryPoint\",\"urlTemplate\":\"https:\\\/\\\/mfwa.org\\\/?s={search_term_string}\"},\"query-input\":{\"@type\":\"PropertyValueSpecification\",\"valueRequired\":true,\"valueName\":\"search_term_string\"}}],\"inLanguage\":\"fr-FR\"},{\"@type\":\"Organization\",\"@id\":\"https:\\\/\\\/mfwa.org\\\/#organization\",\"name\":\"Media Foundation for West Africa\",\"url\":\"https:\\\/\\\/mfwa.org\\\/\",\"logo\":{\"@type\":\"ImageObject\",\"inLanguage\":\"fr-FR\",\"@id\":\"https:\\\/\\\/mfwa.org\\\/#\\\/schema\\\/logo\\\/image\\\/\",\"url\":\"https:\\\/\\\/www.mfwa.org\\\/wp-content\\\/uploads\\\/2016\\\/06\\\/MFWA-LOGO.png\",\"contentUrl\":\"https:\\\/\\\/www.mfwa.org\\\/wp-content\\\/uploads\\\/2016\\\/06\\\/MFWA-LOGO.png\",\"width\":180,\"height\":180,\"caption\":\"Media Foundation for West Africa\"},\"image\":{\"@id\":\"https:\\\/\\\/mfwa.org\\\/#\\\/schema\\\/logo\\\/image\\\/\"},\"sameAs\":[\"https:\\\/\\\/www.facebook.com\\\/themfwa\",\"https:\\\/\\\/x.com\\\/TheMFWA\",\"https:\\\/\\\/www.youtube.com\\\/channel\\\/UCF6HrPuXcV1K1Ed8AAq4Rdw\"]},{\"@type\":\"Person\",\"@id\":\"https:\\\/\\\/mfwa.org\\\/#\\\/schema\\\/person\\\/6a1a8151b41fab6317c9544da609a96b\",\"name\":\"Vivian Affoah\",\"image\":{\"@type\":\"ImageObject\",\"inLanguage\":\"fr-FR\",\"@id\":\"https:\\\/\\\/secure.gravatar.com\\\/avatar\\\/ddf6c5c2ef2f35c978196ce314f9b81dba2ec548b12806a3acbe02e2360d7e63?s=96&d=mm&r=g\",\"url\":\"https:\\\/\\\/secure.gravatar.com\\\/avatar\\\/ddf6c5c2ef2f35c978196ce314f9b81dba2ec548b12806a3acbe02e2360d7e63?s=96&d=mm&r=g\",\"contentUrl\":\"https:\\\/\\\/secure.gravatar.com\\\/avatar\\\/ddf6c5c2ef2f35c978196ce314f9b81dba2ec548b12806a3acbe02e2360d7e63?s=96&d=mm&r=g\",\"caption\":\"Vivian Affoah\"},\"sameAs\":[\"http:\\\/\\\/www.mfwa.org\"],\"url\":\"https:\\\/\\\/mfwa.org\\\/fr\\\/author\\\/vivian\\\/\"}]}<\/script>\n<!-- \/ Yoast SEO plugin. -->","yoast_head_json":{"title":"Niger ALERTE : Journaliste arr\u00eat\u00e9, accus\u00e9 de collaboration avec Boko Haram - Media Foundation For West Africa","robots":{"index":"index","follow":"follow","max-snippet":"max-snippet:-1","max-image-preview":"max-image-preview:large","max-video-preview":"max-video-preview:-1"},"canonical":"https:\/\/mfwa.org\/fr\/niger-alerte-journaliste-arrete-accuse-de-collaboration-avec-boko-haram\/","og_locale":"fr_FR","og_type":"article","og_title":"Niger ALERTE : Journaliste arr\u00eat\u00e9, accus\u00e9 de collaboration avec Boko Haram - Media Foundation For West Africa","og_description":"Le 18 mai 2015, Moussa Tchangari, directeur de la r\u00e9daction de la publication bimestrielle Alternative et le Secr\u00e9taire","og_url":"https:\/\/mfwa.org\/fr\/niger-alerte-journaliste-arrete-accuse-de-collaboration-avec-boko-haram\/","og_site_name":"Media Foundation For West Africa","article_publisher":"https:\/\/www.facebook.com\/themfwa","article_published_time":"2015-05-20T14:41:53+00:00","article_modified_time":"2015-11-13T16:41:11+00:00","author":"Vivian Affoah","twitter_card":"summary_large_image","twitter_creator":"@TheMFWA","twitter_site":"@TheMFWA","twitter_misc":{"Written by":"Vivian Affoah","Est. reading time":"1 minute"},"schema":{"@context":"https:\/\/schema.org","@graph":[{"@type":"Article","@id":"https:\/\/mfwa.org\/fr\/niger-alerte-journaliste-arrete-accuse-de-collaboration-avec-boko-haram\/#article","isPartOf":{"@id":"https:\/\/mfwa.org\/fr\/niger-alerte-journaliste-arrete-accuse-de-collaboration-avec-boko-haram\/"},"author":{"name":"Vivian Affoah","@id":"https:\/\/mfwa.org\/#\/schema\/person\/6a1a8151b41fab6317c9544da609a96b"},"headline":"Niger ALERTE : Journaliste arr\u00eat\u00e9, accus\u00e9 de collaboration avec Boko Haram","datePublished":"2015-05-20T14:41:53+00:00","dateModified":"2015-11-13T16:41:11+00:00","mainEntityOfPage":{"@id":"https:\/\/mfwa.org\/fr\/niger-alerte-journaliste-arrete-accuse-de-collaboration-avec-boko-haram\/"},"wordCount":302,"publisher":{"@id":"https:\/\/mfwa.org\/#organization"},"articleSection":["Les violations de la libre expression"],"inLanguage":"fr-FR"},{"@type":"WebPage","@id":"https:\/\/mfwa.org\/fr\/niger-alerte-journaliste-arrete-accuse-de-collaboration-avec-boko-haram\/","url":"https:\/\/mfwa.org\/fr\/niger-alerte-journaliste-arrete-accuse-de-collaboration-avec-boko-haram\/","name":"Niger ALERTE : Journaliste arr\u00eat\u00e9, accus\u00e9 de collaboration avec Boko Haram - Media Foundation For West Africa","isPartOf":{"@id":"https:\/\/mfwa.org\/#website"},"datePublished":"2015-05-20T14:41:53+00:00","dateModified":"2015-11-13T16:41:11+00:00","breadcrumb":{"@id":"https:\/\/mfwa.org\/fr\/niger-alerte-journaliste-arrete-accuse-de-collaboration-avec-boko-haram\/#breadcrumb"},"inLanguage":"fr-FR","potentialAction":[{"@type":"ReadAction","target":["https:\/\/mfwa.org\/fr\/niger-alerte-journaliste-arrete-accuse-de-collaboration-avec-boko-haram\/"]}]},{"@type":"BreadcrumbList","@id":"https:\/\/mfwa.org\/fr\/niger-alerte-journaliste-arrete-accuse-de-collaboration-avec-boko-haram\/#breadcrumb","itemListElement":[{"@type":"ListItem","position":1,"name":"Home","item":"https:\/\/mfwa.org\/fr\/"},{"@type":"ListItem","position":2,"name":"Niger ALERTE : Journaliste arr\u00eat\u00e9, accus\u00e9 de collaboration avec Boko Haram"}]},{"@type":"WebSite","@id":"https:\/\/mfwa.org\/#website","url":"https:\/\/mfwa.org\/","name":"Media Foundation For West Africa","description":"Promoting Freedom of Expression and Democracy in West Africa","publisher":{"@id":"https:\/\/mfwa.org\/#organization"},"potentialAction":[{"@type":"SearchAction","target":{"@type":"EntryPoint","urlTemplate":"https:\/\/mfwa.org\/?s={search_term_string}"},"query-input":{"@type":"PropertyValueSpecification","valueRequired":true,"valueName":"search_term_string"}}],"inLanguage":"fr-FR"},{"@type":"Organization","@id":"https:\/\/mfwa.org\/#organization","name":"Media Foundation for West Africa","url":"https:\/\/mfwa.org\/","logo":{"@type":"ImageObject","inLanguage":"fr-FR","@id":"https:\/\/mfwa.org\/#\/schema\/logo\/image\/","url":"https:\/\/www.mfwa.org\/wp-content\/uploads\/2016\/06\/MFWA-LOGO.png","contentUrl":"https:\/\/www.mfwa.org\/wp-content\/uploads\/2016\/06\/MFWA-LOGO.png","width":180,"height":180,"caption":"Media Foundation for West Africa"},"image":{"@id":"https:\/\/mfwa.org\/#\/schema\/logo\/image\/"},"sameAs":["https:\/\/www.facebook.com\/themfwa","https:\/\/x.com\/TheMFWA","https:\/\/www.youtube.com\/channel\/UCF6HrPuXcV1K1Ed8AAq4Rdw"]},{"@type":"Person","@id":"https:\/\/mfwa.org\/#\/schema\/person\/6a1a8151b41fab6317c9544da609a96b","name":"Vivian Affoah","image":{"@type":"ImageObject","inLanguage":"fr-FR","@id":"https:\/\/secure.gravatar.com\/avatar\/ddf6c5c2ef2f35c978196ce314f9b81dba2ec548b12806a3acbe02e2360d7e63?s=96&d=mm&r=g","url":"https:\/\/secure.gravatar.com\/avatar\/ddf6c5c2ef2f35c978196ce314f9b81dba2ec548b12806a3acbe02e2360d7e63?s=96&d=mm&r=g","contentUrl":"https:\/\/secure.gravatar.com\/avatar\/ddf6c5c2ef2f35c978196ce314f9b81dba2ec548b12806a3acbe02e2360d7e63?s=96&d=mm&r=g","caption":"Vivian Affoah"},"sameAs":["http:\/\/www.mfwa.org"],"url":"https:\/\/mfwa.org\/fr\/author\/vivian\/"}]}},"_links":{"self":[{"href":"https:\/\/mfwa.org\/fr\/wp-json\/wp\/v2\/posts\/3047","targetHints":{"allow":["GET"]}}],"collection":[{"href":"https:\/\/mfwa.org\/fr\/wp-json\/wp\/v2\/posts"}],"about":[{"href":"https:\/\/mfwa.org\/fr\/wp-json\/wp\/v2\/types\/post"}],"author":[{"embeddable":true,"href":"https:\/\/mfwa.org\/fr\/wp-json\/wp\/v2\/users\/2"}],"replies":[{"embeddable":true,"href":"https:\/\/mfwa.org\/fr\/wp-json\/wp\/v2\/comments?post=3047"}],"version-history":[{"count":0,"href":"https:\/\/mfwa.org\/fr\/wp-json\/wp\/v2\/posts\/3047\/revisions"}],"wp:attachment":[{"href":"https:\/\/mfwa.org\/fr\/wp-json\/wp\/v2\/media?parent=3047"}],"wp:term":[{"taxonomy":"category","embeddable":true,"href":"https:\/\/mfwa.org\/fr\/wp-json\/wp\/v2\/categories?post=3047"},{"taxonomy":"post_tag","embeddable":true,"href":"https:\/\/mfwa.org\/fr\/wp-json\/wp\/v2\/tags?post=3047"},{"taxonomy":"country","embeddable":true,"href":"https:\/\/mfwa.org\/fr\/wp-json\/wp\/v2\/country?post=3047"},{"taxonomy":"staff-position","embeddable":true,"href":"https:\/\/mfwa.org\/fr\/wp-json\/wp\/v2\/staff-position?post=3047"},{"taxonomy":"opportunity-category","embeddable":true,"href":"https:\/\/mfwa.org\/fr\/wp-json\/wp\/v2\/opportunity-category?post=3047"}],"curies":[{"name":"wp","href":"https:\/\/api.w.org\/{rel}","templated":true}]}}