{"id":29218,"date":"2023-04-21T16:27:23","date_gmt":"2023-04-21T16:27:23","guid":{"rendered":"https:\/\/www.mfwa.org\/?p=29218"},"modified":"2023-10-02T16:17:11","modified_gmt":"2023-10-02T16:17:11","slug":"une-coalition-de-medias-demande-au-gouvernement-ghaneen-dabroger-les-lois-sur-les-fausses-informations","status":"publish","type":"post","link":"https:\/\/mfwa.org\/fr\/une-coalition-de-medias-demande-au-gouvernement-ghaneen-dabroger-les-lois-sur-les-fausses-informations\/","title":{"rendered":"Une coalition de m\u00e9dias demande au gouvernement ghan\u00e9en d&#8217;abroger les lois sur les fausses informations"},"content":{"rendered":"<p style=\"font-weight: 400; text-align: justify;\">La Fondation des m\u00e9dias pour l&#8217;Afrique de l&#8217;Ouest (MFWA) et trois autres organisations de m\u00e9dias ont appel\u00e9 le gouvernement du pr\u00e9sident Nana Akufo-Addo \u00e0 supprimer certaines dispositions contenues dans deux lois qui continuent de criminaliser la libert\u00e9 d&#8217;expression, bien que le Ghana a abrog\u00e9 sa loi sur la diffamation criminelle il y a d\u00e9j\u00e0 deux d\u00e9cennies.<\/p>\n<p style=\"font-weight: 400; text-align: justify;\">L&#8217;appel a \u00e9t\u00e9 lanc\u00e9 par la MFWA, la Ghana Journalists Association (GJA), la Ghana Independent Broadcasters Association (GIBA) et la Private Newspaper Publishers Association of Ghana (PRINPAG) lors d&#8217;une conf\u00e9rence de presse conjointe le jeudi 20 avril. Cet appel a indiqu\u00e9 que les lois en question \u00e9taient la Loi sur les Communications Electroniques de 2008 (Loi N\u00b0775) et la Loi sur les Infractions Criminelles et Autres Infractions de 1960 (Loi N\u00b029).<\/p>\n<p style=\"font-weight: 400; text-align: justify;\">La coalition a pr\u00e9cis\u00e9 que l\u2019article 76 de la loi N\u00b0775 et l\u2019article 208 de la loi N\u00b029 \u00e9taient les dispositions qui posaient probl\u00e8mes. Visant \u00e0 l&#8217;origine la publication de fausses informations, ces deux dispositions ont toujours \u00e9t\u00e9 utilis\u00e9es par les autorit\u00e9s pour harceler, arr\u00eater et poursuivre des journalistes en raison de leur travail.<\/p>\n<p style=\"font-weight: 400; text-align: justify;\">\u00ab\u00a0Nous reconnaissons que les m\u00e9dias et les journalistes peuvent parfois \u00eatre imprudents et manquer de professionnalisme au point de publier des articles faux et diffamatoires. Heureusement, les lois du pays offrent aux entit\u00e9s l\u00e9s\u00e9es des recours pour des actions civiles contre les citoyens, les journalistes et les organisations de m\u00e9dias.\u00a0\u00bb a d\u00e9clar\u00e9 le pr\u00e9sident du GJA, Albert Kwabena Dwumfour.<\/p>\n<p style=\"font-weight: 400; text-align: justify;\">\u00ab\u00a0Il est donc regrettable que les dispositions r\u00e9pressives de la loi sur les communications \u00e9lectroniques et de la loi sur les infractions p\u00e9nales et autres soient utilis\u00e9es pour museler la libert\u00e9 d&#8217;expression sous le r\u00e9gime Akufo-Addo\u00a0\u00bb a-t-il ajout\u00e9.,<\/p>\n<p style=\"font-weight: 400; text-align: justify;\">Au nom de la GJA, qui est l&#8217;un des principaux membres de la coalition, M. Dwumfour, qui s&#8217;est adress\u00e9 \u00e0 la presse, a demand\u00e9 l&#8217;abrogation de ces deux lois : \u00ab\u00a0abrogez ces deux lois !\u00a0\u00bb a t- il dit.<\/p>\n<p style=\"font-weight: 400; text-align: justify;\">La conf\u00e9rence de presse fait suite \u00e0 la r\u00e9cente d\u00e9tention d&#8217;un journaliste de Radio Ada, Noah Dameh, pour un post Facebook concernant le richissime homme d&#8217;affaires et PDG du groupe McDan, Daniel McKorley. L&#8217;entreprise de M. McKorley, Electrochem, s&#8217;est heurt\u00e9e \u00e0 la r\u00e9sistance des indig\u00e8nes apr\u00e8s avoir obtenu, de mani\u00e8re discutable, un contrat du gouvernement pour l&#8217;extraction de sel \u00e0 Ada, dans la r\u00e9gion du Greater Accra, au Ghana.<\/p>\n<p style=\"font-weight: 400; text-align: justify;\">En Ao\u00fbt 2022, Noah Dameh a \u00e9t\u00e9 <a href=\"https:\/\/thefourthestategh.com\/2022\/08\/23\/radio-ada-journalist-charged-with-publishing-false-news-on-facebook-about-mcdan\/\">accus\u00e9<\/a> de publication de fausses nouvelles pour la premi\u00e8re fois avant d&#8217;\u00eatre plac\u00e9 en d\u00e9tention et lib\u00e9r\u00e9. En mars 2023, il a \u00e9t\u00e9 <a href=\"https:\/\/thefourthestategh.com\/2023\/03\/31\/journalist-in-custody-for-publishing-false-news-about-mcdan\/\">plac\u00e9<\/a> en d\u00e9tention provisoire par d\u00e9cision d&#8217;un tribunal.<\/p>\n<p style=\"font-weight: 400; text-align: justify;\">Le journaliste de Radio Ada <a href=\"https:\/\/www.mfwa.org\/fr\/country-highlights\/ghana-un-autre-journaliste-arrete-pour-diffusion-de-fausses-informations\/\">n&#8217;est pas la seule victime<\/a> : en f\u00e9vrier 2022, la police a arr\u00eat\u00e9 le journaliste d&#8217;Accra FM, Kwabena Bobbie Ansah, accus\u00e9 de diffusion de fausses informations et de comportements offensants pour une vid\u00e9o qu&#8217;il avait post\u00e9e sur les r\u00e9seaux sociaux et qui affirmait que l&#8217;\u00e9pouse du pr\u00e9sident avait acquis ill\u00e9galement des terres domaniales.<\/p>\n<p style=\"font-weight: 400; text-align: justify;\">En f\u00e9vrier de la m\u00eame ann\u00e9e, Mensah Thompson le Directeur Ex\u00e9cutif de l\u2019Alliance for Social Equity and Public Accountability (ASEPA), une organisation militant contre la corruption, a \u00e9t\u00e9 arr\u00eat\u00e9 par la police pour avoir publi\u00e9 des all\u00e9gations selon lesquelles des membres de la famille du pr\u00e9sident s&#8217;\u00e9taient rendus au Royaume-Uni \u00e0 bord de l&#8217;avion pr\u00e9sidentiel pour y faire des achats.<\/p>\n<p style=\"font-weight: 400; text-align: justify;\">La coalition souligne que ces arrestations et ces poursuites sont totalement indignes du gouvernement dirig\u00e9 par le pr\u00e9sident Akufo-Addo, qui avait, en fait, supervis\u00e9 l&#8217;abrogation de la loi sur la diffamation criminelle lorsqu&#8217;il occupait le poste de procureur g\u00e9n\u00e9ral sous le gouvernement de John Kufuor en 2001. Au cours de la conf\u00e9rence de presse, il a \u00e9galement \u00e9t\u00e9 fait mention que le pr\u00e9sident avait qualifi\u00e9 d&#8217;anticonstitutionnelles les dispositions en question lors d&#8217;une conf\u00e9rence qu&#8217;il avait donn\u00e9e en 2011.<\/p>\n<p style=\"font-weight: 400; text-align: justify;\">\u00ab\u00a0Notre travail consiste essentiellement \u00e0 rappeler \u00e0 M. le Pr\u00e9sident : il s\u2019agit-l\u00e0 de votre propre point de vue, nous utilisons toujours la m\u00eame constitution, nous parlons toujours de ces m\u00eames lois. Ces convictions que vous d\u00e9fendiez sont fondamentalement celles que nous partageons. Vous savez que nous vous soutenons et nous voulons que vous agissiez conform\u00e9ment \u00e0 vos convictions d\u2019antan \u00bb, a d\u00e9clar\u00e9 M. Sulemana Braimah, Directeur Ex\u00e9cutif de la MFWA, qui s&#8217;est \u00e9galement exprim\u00e9 lors de la conf\u00e9rence de presse.<\/p>\n<p style=\"font-weight: 400; text-align: justify;\">Le Ghana a officiellement <a href=\"https:\/\/www.mfwa.org\/issues-in-focus\/the-two-laws-surviving-the-repealed-criminal-libel-law-in-ghana\/\">abrog\u00e9<\/a> sa loi sur la diffamation et la s\u00e9dition le 27 juillet 2001. Cependant, dans les ann\u00e9es qui ont suivi, l\u2019article 76 de la loi N\u00b0775 et l\u2019article 208 de la loi N\u00b029 se sont av\u00e9r\u00e9es \u00eatre des vestiges de ces lois abrog\u00e9es. La MFWA a longtemps fait <a href=\"https:\/\/www.mfwa.org\/ghanas-journalism-and-press-freedom-crisis-mfwa-director-writes-to-president-akufo-addo\/\">campagne<\/a> pour leur abrogation, ce qui fait de l&#8217;appel actuel une nouvelle tentative.<\/p>\n<p style=\"font-weight: 400; text-align: justify;\">\n<p style=\"text-align: justify;\"><span style=\"font-weight: 400;\"><a href=\"https:\/\/www.mfwa.org\/wp-content\/uploads\/2023\/04\/Statement-for-Press-Conference.pdf\">Voici<\/a><\/span><span style=\"font-weight: 400;\"> la <\/span><span style=\"font-weight: 400;\"><a href=\"https:\/\/www.mfwa.org\/wp-content\/uploads\/2023\/04\/Statement-for-Press-Conference.pdf\">d\u00e9claration<\/a><\/span><span style=\"font-weight: 400;\"> int\u00e9grale lue lors de la conf\u00e9rence de presse.<\/span><\/p>\n","protected":false},"excerpt":{"rendered":"<p>La Fondation des m\u00e9dias pour l&#8217;Afrique de l&#8217;Ouest (MFWA) et trois autres organisations de m\u00e9dias ont appel\u00e9 le<\/p>\n","protected":false},"author":12,"featured_media":27838,"comment_status":"closed","ping_status":"closed","sticky":false,"template":"","format":"standard","meta":{"footnotes":""},"categories":[227],"tags":[],"country":[243],"staff-position":[],"opportunity-category":[],"ppma_author":[517],"class_list":["post-29218","post","type-post","status-publish","format-standard","has-post-thumbnail","hentry","category-free-expression-and-the-law-fr","country-ghana-fr"],"yoast_head":"<!-- This site is optimized with the Yoast SEO plugin v27.4 - https:\/\/yoast.com\/product\/yoast-seo-wordpress\/ -->\n<title>Une coalition de m\u00e9dias demande au gouvernement ghan\u00e9en d&#039;abroger les lois sur les fausses informations - Media Foundation For West Africa<\/title>\n<meta name=\"robots\" content=\"index, follow, max-snippet:-1, max-image-preview:large, max-video-preview:-1\" \/>\n<link rel=\"canonical\" href=\"https:\/\/mfwa.org\/fr\/une-coalition-de-medias-demande-au-gouvernement-ghaneen-dabroger-les-lois-sur-les-fausses-informations\/\" \/>\n<meta property=\"og:locale\" content=\"fr_FR\" \/>\n<meta property=\"og:type\" content=\"article\" \/>\n<meta property=\"og:title\" content=\"Une coalition de m\u00e9dias demande au gouvernement ghan\u00e9en d&#039;abroger les lois sur les fausses informations - Media Foundation For West Africa\" \/>\n<meta property=\"og:description\" content=\"La Fondation des m\u00e9dias pour l&#8217;Afrique de l&#8217;Ouest (MFWA) et trois autres organisations de m\u00e9dias ont appel\u00e9 le\" \/>\n<meta property=\"og:url\" content=\"https:\/\/mfwa.org\/fr\/une-coalition-de-medias-demande-au-gouvernement-ghaneen-dabroger-les-lois-sur-les-fausses-informations\/\" \/>\n<meta property=\"og:site_name\" content=\"Media Foundation For West Africa\" \/>\n<meta property=\"article:publisher\" content=\"https:\/\/www.facebook.com\/themfwa\" \/>\n<meta property=\"article:published_time\" content=\"2023-04-21T16:27:23+00:00\" \/>\n<meta property=\"article:modified_time\" content=\"2023-10-02T16:17:11+00:00\" \/>\n<meta property=\"og:image\" content=\"https:\/\/mfwa.org\/wp-content\/uploads\/2023\/03\/President-Nana-Addo-Dankwa-Akufo-Addo-Ghanaian-Standard.jpeg\" \/>\n\t<meta property=\"og:image:width\" content=\"1200\" \/>\n\t<meta property=\"og:image:height\" content=\"675\" \/>\n\t<meta property=\"og:image:type\" content=\"image\/jpeg\" \/>\n<meta name=\"author\" content=\"tagdiv\" \/>\n<meta name=\"twitter:card\" content=\"summary_large_image\" \/>\n<meta name=\"twitter:creator\" content=\"@TheMFWA\" \/>\n<meta name=\"twitter:site\" content=\"@TheMFWA\" \/>\n<meta name=\"twitter:label1\" content=\"Written by\" \/>\n\t<meta name=\"twitter:data1\" content=\"tagdiv\" \/>\n\t<meta name=\"twitter:label2\" content=\"Est. reading time\" \/>\n\t<meta name=\"twitter:data2\" content=\"4 minutes\" \/>\n<script type=\"application\/ld+json\" class=\"yoast-schema-graph\">{\"@context\":\"https:\\\/\\\/schema.org\",\"@graph\":[{\"@type\":\"Article\",\"@id\":\"https:\\\/\\\/mfwa.org\\\/fr\\\/une-coalition-de-medias-demande-au-gouvernement-ghaneen-dabroger-les-lois-sur-les-fausses-informations\\\/#article\",\"isPartOf\":{\"@id\":\"https:\\\/\\\/mfwa.org\\\/fr\\\/une-coalition-de-medias-demande-au-gouvernement-ghaneen-dabroger-les-lois-sur-les-fausses-informations\\\/\"},\"author\":{\"name\":\"tagdiv\",\"@id\":\"https:\\\/\\\/mfwa.org\\\/#\\\/schema\\\/person\\\/6b300e88987b7255b87c637f8a6ecdfe\"},\"headline\":\"Une coalition de m\u00e9dias demande au gouvernement ghan\u00e9en d&#8217;abroger les lois sur les fausses informations\",\"datePublished\":\"2023-04-21T16:27:23+00:00\",\"dateModified\":\"2023-10-02T16:17:11+00:00\",\"mainEntityOfPage\":{\"@id\":\"https:\\\/\\\/mfwa.org\\\/fr\\\/une-coalition-de-medias-demande-au-gouvernement-ghaneen-dabroger-les-lois-sur-les-fausses-informations\\\/\"},\"wordCount\":878,\"publisher\":{\"@id\":\"https:\\\/\\\/mfwa.org\\\/#organization\"},\"image\":{\"@id\":\"https:\\\/\\\/mfwa.org\\\/fr\\\/une-coalition-de-medias-demande-au-gouvernement-ghaneen-dabroger-les-lois-sur-les-fausses-informations\\\/#primaryimage\"},\"thumbnailUrl\":\"https:\\\/\\\/mfwa.org\\\/wp-content\\\/uploads\\\/2023\\\/03\\\/President-Nana-Addo-Dankwa-Akufo-Addo-Ghanaian-Standard.jpeg\",\"articleSection\":[\"La libre expression et La Loi\"],\"inLanguage\":\"fr-FR\"},{\"@type\":\"WebPage\",\"@id\":\"https:\\\/\\\/mfwa.org\\\/fr\\\/une-coalition-de-medias-demande-au-gouvernement-ghaneen-dabroger-les-lois-sur-les-fausses-informations\\\/\",\"url\":\"https:\\\/\\\/mfwa.org\\\/fr\\\/une-coalition-de-medias-demande-au-gouvernement-ghaneen-dabroger-les-lois-sur-les-fausses-informations\\\/\",\"name\":\"Une coalition de m\u00e9dias demande au gouvernement ghan\u00e9en d'abroger les lois sur les fausses informations - Media Foundation For West Africa\",\"isPartOf\":{\"@id\":\"https:\\\/\\\/mfwa.org\\\/#website\"},\"primaryImageOfPage\":{\"@id\":\"https:\\\/\\\/mfwa.org\\\/fr\\\/une-coalition-de-medias-demande-au-gouvernement-ghaneen-dabroger-les-lois-sur-les-fausses-informations\\\/#primaryimage\"},\"image\":{\"@id\":\"https:\\\/\\\/mfwa.org\\\/fr\\\/une-coalition-de-medias-demande-au-gouvernement-ghaneen-dabroger-les-lois-sur-les-fausses-informations\\\/#primaryimage\"},\"thumbnailUrl\":\"https:\\\/\\\/mfwa.org\\\/wp-content\\\/uploads\\\/2023\\\/03\\\/President-Nana-Addo-Dankwa-Akufo-Addo-Ghanaian-Standard.jpeg\",\"datePublished\":\"2023-04-21T16:27:23+00:00\",\"dateModified\":\"2023-10-02T16:17:11+00:00\",\"breadcrumb\":{\"@id\":\"https:\\\/\\\/mfwa.org\\\/fr\\\/une-coalition-de-medias-demande-au-gouvernement-ghaneen-dabroger-les-lois-sur-les-fausses-informations\\\/#breadcrumb\"},\"inLanguage\":\"fr-FR\",\"potentialAction\":[{\"@type\":\"ReadAction\",\"target\":[\"https:\\\/\\\/mfwa.org\\\/fr\\\/une-coalition-de-medias-demande-au-gouvernement-ghaneen-dabroger-les-lois-sur-les-fausses-informations\\\/\"]}]},{\"@type\":\"ImageObject\",\"inLanguage\":\"fr-FR\",\"@id\":\"https:\\\/\\\/mfwa.org\\\/fr\\\/une-coalition-de-medias-demande-au-gouvernement-ghaneen-dabroger-les-lois-sur-les-fausses-informations\\\/#primaryimage\",\"url\":\"https:\\\/\\\/mfwa.org\\\/wp-content\\\/uploads\\\/2023\\\/03\\\/President-Nana-Addo-Dankwa-Akufo-Addo-Ghanaian-Standard.jpeg\",\"contentUrl\":\"https:\\\/\\\/mfwa.org\\\/wp-content\\\/uploads\\\/2023\\\/03\\\/President-Nana-Addo-Dankwa-Akufo-Addo-Ghanaian-Standard.jpeg\",\"width\":1200,\"height\":675,\"caption\":\"Pr\u00e9sident Nana Akufo-Addo.\"},{\"@type\":\"BreadcrumbList\",\"@id\":\"https:\\\/\\\/mfwa.org\\\/fr\\\/une-coalition-de-medias-demande-au-gouvernement-ghaneen-dabroger-les-lois-sur-les-fausses-informations\\\/#breadcrumb\",\"itemListElement\":[{\"@type\":\"ListItem\",\"position\":1,\"name\":\"Home\",\"item\":\"https:\\\/\\\/mfwa.org\\\/fr\\\/\"},{\"@type\":\"ListItem\",\"position\":2,\"name\":\"Une coalition de m\u00e9dias demande au gouvernement ghan\u00e9en d&#8217;abroger les lois sur les fausses informations\"}]},{\"@type\":\"WebSite\",\"@id\":\"https:\\\/\\\/mfwa.org\\\/#website\",\"url\":\"https:\\\/\\\/mfwa.org\\\/\",\"name\":\"Media Foundation For West Africa\",\"description\":\"Promoting Freedom of Expression and Democracy in West Africa\",\"publisher\":{\"@id\":\"https:\\\/\\\/mfwa.org\\\/#organization\"},\"potentialAction\":[{\"@type\":\"SearchAction\",\"target\":{\"@type\":\"EntryPoint\",\"urlTemplate\":\"https:\\\/\\\/mfwa.org\\\/?s={search_term_string}\"},\"query-input\":{\"@type\":\"PropertyValueSpecification\",\"valueRequired\":true,\"valueName\":\"search_term_string\"}}],\"inLanguage\":\"fr-FR\"},{\"@type\":\"Organization\",\"@id\":\"https:\\\/\\\/mfwa.org\\\/#organization\",\"name\":\"Media Foundation for West Africa\",\"url\":\"https:\\\/\\\/mfwa.org\\\/\",\"logo\":{\"@type\":\"ImageObject\",\"inLanguage\":\"fr-FR\",\"@id\":\"https:\\\/\\\/mfwa.org\\\/#\\\/schema\\\/logo\\\/image\\\/\",\"url\":\"https:\\\/\\\/www.mfwa.org\\\/wp-content\\\/uploads\\\/2016\\\/06\\\/MFWA-LOGO.png\",\"contentUrl\":\"https:\\\/\\\/www.mfwa.org\\\/wp-content\\\/uploads\\\/2016\\\/06\\\/MFWA-LOGO.png\",\"width\":180,\"height\":180,\"caption\":\"Media Foundation for West Africa\"},\"image\":{\"@id\":\"https:\\\/\\\/mfwa.org\\\/#\\\/schema\\\/logo\\\/image\\\/\"},\"sameAs\":[\"https:\\\/\\\/www.facebook.com\\\/themfwa\",\"https:\\\/\\\/x.com\\\/TheMFWA\",\"https:\\\/\\\/www.youtube.com\\\/channel\\\/UCF6HrPuXcV1K1Ed8AAq4Rdw\"]},{\"@type\":\"Person\",\"@id\":\"https:\\\/\\\/mfwa.org\\\/#\\\/schema\\\/person\\\/6b300e88987b7255b87c637f8a6ecdfe\",\"name\":\"tagdiv\",\"image\":{\"@type\":\"ImageObject\",\"inLanguage\":\"fr-FR\",\"@id\":\"https:\\\/\\\/secure.gravatar.com\\\/avatar\\\/ac4d3535093508a9aa4acbec869b777ced84629506becf4f84ab73e37e230c19?s=96&d=mm&r=gb75f209619b7a775c620188fd2206b8d\",\"url\":\"https:\\\/\\\/secure.gravatar.com\\\/avatar\\\/ac4d3535093508a9aa4acbec869b777ced84629506becf4f84ab73e37e230c19?s=96&d=mm&r=g\",\"contentUrl\":\"https:\\\/\\\/secure.gravatar.com\\\/avatar\\\/ac4d3535093508a9aa4acbec869b777ced84629506becf4f84ab73e37e230c19?s=96&d=mm&r=g\",\"caption\":\"tagdiv\"},\"url\":\"https:\\\/\\\/mfwa.org\\\/fr\\\/author\\\/tagdiv\\\/\"}]}<\/script>\n<!-- \/ Yoast SEO plugin. -->","yoast_head_json":{"title":"Une coalition de m\u00e9dias demande au gouvernement ghan\u00e9en d'abroger les lois sur les fausses informations - Media Foundation For West Africa","robots":{"index":"index","follow":"follow","max-snippet":"max-snippet:-1","max-image-preview":"max-image-preview:large","max-video-preview":"max-video-preview:-1"},"canonical":"https:\/\/mfwa.org\/fr\/une-coalition-de-medias-demande-au-gouvernement-ghaneen-dabroger-les-lois-sur-les-fausses-informations\/","og_locale":"fr_FR","og_type":"article","og_title":"Une coalition de m\u00e9dias demande au gouvernement ghan\u00e9en d'abroger les lois sur les fausses informations - Media Foundation For West Africa","og_description":"La Fondation des m\u00e9dias pour l&#8217;Afrique de l&#8217;Ouest (MFWA) et trois autres organisations de m\u00e9dias ont appel\u00e9 le","og_url":"https:\/\/mfwa.org\/fr\/une-coalition-de-medias-demande-au-gouvernement-ghaneen-dabroger-les-lois-sur-les-fausses-informations\/","og_site_name":"Media Foundation For West Africa","article_publisher":"https:\/\/www.facebook.com\/themfwa","article_published_time":"2023-04-21T16:27:23+00:00","article_modified_time":"2023-10-02T16:17:11+00:00","og_image":[{"width":1200,"height":675,"url":"https:\/\/mfwa.org\/wp-content\/uploads\/2023\/03\/President-Nana-Addo-Dankwa-Akufo-Addo-Ghanaian-Standard.jpeg","type":"image\/jpeg"}],"author":"tagdiv","twitter_card":"summary_large_image","twitter_creator":"@TheMFWA","twitter_site":"@TheMFWA","twitter_misc":{"Written by":"tagdiv","Est. reading time":"4 minutes"},"schema":{"@context":"https:\/\/schema.org","@graph":[{"@type":"Article","@id":"https:\/\/mfwa.org\/fr\/une-coalition-de-medias-demande-au-gouvernement-ghaneen-dabroger-les-lois-sur-les-fausses-informations\/#article","isPartOf":{"@id":"https:\/\/mfwa.org\/fr\/une-coalition-de-medias-demande-au-gouvernement-ghaneen-dabroger-les-lois-sur-les-fausses-informations\/"},"author":{"name":"tagdiv","@id":"https:\/\/mfwa.org\/#\/schema\/person\/6b300e88987b7255b87c637f8a6ecdfe"},"headline":"Une coalition de m\u00e9dias demande au gouvernement ghan\u00e9en d&#8217;abroger les lois sur les fausses informations","datePublished":"2023-04-21T16:27:23+00:00","dateModified":"2023-10-02T16:17:11+00:00","mainEntityOfPage":{"@id":"https:\/\/mfwa.org\/fr\/une-coalition-de-medias-demande-au-gouvernement-ghaneen-dabroger-les-lois-sur-les-fausses-informations\/"},"wordCount":878,"publisher":{"@id":"https:\/\/mfwa.org\/#organization"},"image":{"@id":"https:\/\/mfwa.org\/fr\/une-coalition-de-medias-demande-au-gouvernement-ghaneen-dabroger-les-lois-sur-les-fausses-informations\/#primaryimage"},"thumbnailUrl":"https:\/\/mfwa.org\/wp-content\/uploads\/2023\/03\/President-Nana-Addo-Dankwa-Akufo-Addo-Ghanaian-Standard.jpeg","articleSection":["La libre expression et La Loi"],"inLanguage":"fr-FR"},{"@type":"WebPage","@id":"https:\/\/mfwa.org\/fr\/une-coalition-de-medias-demande-au-gouvernement-ghaneen-dabroger-les-lois-sur-les-fausses-informations\/","url":"https:\/\/mfwa.org\/fr\/une-coalition-de-medias-demande-au-gouvernement-ghaneen-dabroger-les-lois-sur-les-fausses-informations\/","name":"Une coalition de m\u00e9dias demande au gouvernement ghan\u00e9en d'abroger les lois sur les fausses informations - Media Foundation For West Africa","isPartOf":{"@id":"https:\/\/mfwa.org\/#website"},"primaryImageOfPage":{"@id":"https:\/\/mfwa.org\/fr\/une-coalition-de-medias-demande-au-gouvernement-ghaneen-dabroger-les-lois-sur-les-fausses-informations\/#primaryimage"},"image":{"@id":"https:\/\/mfwa.org\/fr\/une-coalition-de-medias-demande-au-gouvernement-ghaneen-dabroger-les-lois-sur-les-fausses-informations\/#primaryimage"},"thumbnailUrl":"https:\/\/mfwa.org\/wp-content\/uploads\/2023\/03\/President-Nana-Addo-Dankwa-Akufo-Addo-Ghanaian-Standard.jpeg","datePublished":"2023-04-21T16:27:23+00:00","dateModified":"2023-10-02T16:17:11+00:00","breadcrumb":{"@id":"https:\/\/mfwa.org\/fr\/une-coalition-de-medias-demande-au-gouvernement-ghaneen-dabroger-les-lois-sur-les-fausses-informations\/#breadcrumb"},"inLanguage":"fr-FR","potentialAction":[{"@type":"ReadAction","target":["https:\/\/mfwa.org\/fr\/une-coalition-de-medias-demande-au-gouvernement-ghaneen-dabroger-les-lois-sur-les-fausses-informations\/"]}]},{"@type":"ImageObject","inLanguage":"fr-FR","@id":"https:\/\/mfwa.org\/fr\/une-coalition-de-medias-demande-au-gouvernement-ghaneen-dabroger-les-lois-sur-les-fausses-informations\/#primaryimage","url":"https:\/\/mfwa.org\/wp-content\/uploads\/2023\/03\/President-Nana-Addo-Dankwa-Akufo-Addo-Ghanaian-Standard.jpeg","contentUrl":"https:\/\/mfwa.org\/wp-content\/uploads\/2023\/03\/President-Nana-Addo-Dankwa-Akufo-Addo-Ghanaian-Standard.jpeg","width":1200,"height":675,"caption":"Pr\u00e9sident Nana Akufo-Addo."},{"@type":"BreadcrumbList","@id":"https:\/\/mfwa.org\/fr\/une-coalition-de-medias-demande-au-gouvernement-ghaneen-dabroger-les-lois-sur-les-fausses-informations\/#breadcrumb","itemListElement":[{"@type":"ListItem","position":1,"name":"Home","item":"https:\/\/mfwa.org\/fr\/"},{"@type":"ListItem","position":2,"name":"Une coalition de m\u00e9dias demande au gouvernement ghan\u00e9en d&#8217;abroger les lois sur les fausses informations"}]},{"@type":"WebSite","@id":"https:\/\/mfwa.org\/#website","url":"https:\/\/mfwa.org\/","name":"Media Foundation For West Africa","description":"Promoting Freedom of Expression and Democracy in West Africa","publisher":{"@id":"https:\/\/mfwa.org\/#organization"},"potentialAction":[{"@type":"SearchAction","target":{"@type":"EntryPoint","urlTemplate":"https:\/\/mfwa.org\/?s={search_term_string}"},"query-input":{"@type":"PropertyValueSpecification","valueRequired":true,"valueName":"search_term_string"}}],"inLanguage":"fr-FR"},{"@type":"Organization","@id":"https:\/\/mfwa.org\/#organization","name":"Media Foundation for West Africa","url":"https:\/\/mfwa.org\/","logo":{"@type":"ImageObject","inLanguage":"fr-FR","@id":"https:\/\/mfwa.org\/#\/schema\/logo\/image\/","url":"https:\/\/www.mfwa.org\/wp-content\/uploads\/2016\/06\/MFWA-LOGO.png","contentUrl":"https:\/\/www.mfwa.org\/wp-content\/uploads\/2016\/06\/MFWA-LOGO.png","width":180,"height":180,"caption":"Media Foundation for West Africa"},"image":{"@id":"https:\/\/mfwa.org\/#\/schema\/logo\/image\/"},"sameAs":["https:\/\/www.facebook.com\/themfwa","https:\/\/x.com\/TheMFWA","https:\/\/www.youtube.com\/channel\/UCF6HrPuXcV1K1Ed8AAq4Rdw"]},{"@type":"Person","@id":"https:\/\/mfwa.org\/#\/schema\/person\/6b300e88987b7255b87c637f8a6ecdfe","name":"tagdiv","image":{"@type":"ImageObject","inLanguage":"fr-FR","@id":"https:\/\/secure.gravatar.com\/avatar\/ac4d3535093508a9aa4acbec869b777ced84629506becf4f84ab73e37e230c19?s=96&d=mm&r=gb75f209619b7a775c620188fd2206b8d","url":"https:\/\/secure.gravatar.com\/avatar\/ac4d3535093508a9aa4acbec869b777ced84629506becf4f84ab73e37e230c19?s=96&d=mm&r=g","contentUrl":"https:\/\/secure.gravatar.com\/avatar\/ac4d3535093508a9aa4acbec869b777ced84629506becf4f84ab73e37e230c19?s=96&d=mm&r=g","caption":"tagdiv"},"url":"https:\/\/mfwa.org\/fr\/author\/tagdiv\/"}]}},"authors":[{"term_id":517,"user_id":12,"is_guest":0,"slug":"tagdiv","display_name":"tagdiv","avatar_url":"https:\/\/secure.gravatar.com\/avatar\/ac4d3535093508a9aa4acbec869b777ced84629506becf4f84ab73e37e230c19?s=96&d=mm&r=g","0":null,"1":"","2":"","3":"","4":"","5":"","6":"","7":"","8":""}],"_links":{"self":[{"href":"https:\/\/mfwa.org\/fr\/wp-json\/wp\/v2\/posts\/29218","targetHints":{"allow":["GET"]}}],"collection":[{"href":"https:\/\/mfwa.org\/fr\/wp-json\/wp\/v2\/posts"}],"about":[{"href":"https:\/\/mfwa.org\/fr\/wp-json\/wp\/v2\/types\/post"}],"author":[{"embeddable":true,"href":"https:\/\/mfwa.org\/fr\/wp-json\/wp\/v2\/users\/12"}],"replies":[{"embeddable":true,"href":"https:\/\/mfwa.org\/fr\/wp-json\/wp\/v2\/comments?post=29218"}],"version-history":[{"count":1,"href":"https:\/\/mfwa.org\/fr\/wp-json\/wp\/v2\/posts\/29218\/revisions"}],"predecessor-version":[{"id":29219,"href":"https:\/\/mfwa.org\/fr\/wp-json\/wp\/v2\/posts\/29218\/revisions\/29219"}],"wp:featuredmedia":[{"embeddable":true,"href":"https:\/\/mfwa.org\/fr\/wp-json\/wp\/v2\/media\/27838"}],"wp:attachment":[{"href":"https:\/\/mfwa.org\/fr\/wp-json\/wp\/v2\/media?parent=29218"}],"wp:term":[{"taxonomy":"category","embeddable":true,"href":"https:\/\/mfwa.org\/fr\/wp-json\/wp\/v2\/categories?post=29218"},{"taxonomy":"post_tag","embeddable":true,"href":"https:\/\/mfwa.org\/fr\/wp-json\/wp\/v2\/tags?post=29218"},{"taxonomy":"country","embeddable":true,"href":"https:\/\/mfwa.org\/fr\/wp-json\/wp\/v2\/country?post=29218"},{"taxonomy":"staff-position","embeddable":true,"href":"https:\/\/mfwa.org\/fr\/wp-json\/wp\/v2\/staff-position?post=29218"},{"taxonomy":"opportunity-category","embeddable":true,"href":"https:\/\/mfwa.org\/fr\/wp-json\/wp\/v2\/opportunity-category?post=29218"},{"taxonomy":"author","embeddable":true,"href":"https:\/\/mfwa.org\/fr\/wp-json\/wp\/v2\/ppma_author?post=29218"}],"curies":[{"name":"wp","href":"https:\/\/api.w.org\/{rel}","templated":true}]}}