{"id":29120,"date":"2023-08-25T07:03:17","date_gmt":"2023-08-25T07:03:17","guid":{"rendered":"https:\/\/www.mfwa.org\/?p=29120"},"modified":"2023-09-18T10:08:52","modified_gmt":"2023-09-18T10:08:52","slug":"liberte-dexpression-le-senegal-devenu-une-prison-de-masse-et-un-cimetiere","status":"publish","type":"post","link":"https:\/\/mfwa.org\/fr\/liberte-dexpression-le-senegal-devenu-une-prison-de-masse-et-un-cimetiere\/","title":{"rendered":"Libert\u00e9 d&#8217;expression : Le S\u00e9n\u00e9gal devenu une prison de masse et un cimeti\u00e8re"},"content":{"rendered":"<p style=\"font-weight: 400; text-align: justify;\">La p\u00e9riode entre mars 2021, date \u00e0 laquelle le chef de l&#8217;opposition s\u00e9n\u00e9galaise, Ousmane Sonko, a \u00e9t\u00e9 accus\u00e9 d&#8217;avoir viol\u00e9 une masseuse, jusqu\u2019\u00e0 sa condamnation pour corruption, le 1er juin 2023, a \u00e9t\u00e9 ponctu\u00e9e d&#8217;arrestations et de tueries. Jusqu&#8217;\u00e0 pr\u00e9sent, au moins neuf personnes ont perdu la vie \u00e0 cause des troubles politiques en cours, tandis que pr\u00e8s de 700 personnes ont \u00e9t\u00e9 arr\u00eat\u00e9es ou emprisonn\u00e9es.<\/p>\n<p style=\"font-weight: 400; text-align: justify;\">Mais ce ne sont l\u00e0 que quelques faits saillants ; derri\u00e8re les statistiques, la tendance inqui\u00e9tante des arrestations soit des membres du parti politique de Sonko, PASTEF-Les Patriotes ou des partisans de ce parti, ressort d\u2019une observation plus attentive. Dans ce qui peut \u00eatre d\u00e9crit comme un \u00e9puisement syst\u00e9matique des cadres du PASTEF-Les Patriotes par le biais d&#8217;arrestations et de d\u00e9tentions, le secr\u00e9taire national du parti, le secr\u00e9taire g\u00e9n\u00e9ral, le membre de deuxi\u00e8me rang et le responsable de la communication, entre autres, ont \u00e9t\u00e9 emprisonn\u00e9s.<\/p>\n<p style=\"font-weight: 400; text-align: justify;\">D&#8217;autres personnes qui n&#8217;ont pas \u00e9t\u00e9 \u00e9pargn\u00e9es par les arrestations et les d\u00e9tentions dans le cadre de l&#8217;affaire Sonko sont des chefs religieux, des acteurs de la soci\u00e9t\u00e9 civile et des individus qui ont critiqu\u00e9 le gouvernement de Macky Sall pour sa gestion implacable de l&#8217;affaire Sonko.<\/p>\n<p style=\"font-weight: 400; text-align: justify;\">\u00c9tant donn\u00e9 que Sonko, qui est arriv\u00e9 troisi\u00e8me aux \u00e9lections s\u00e9n\u00e9galaises de 2019, est en t\u00eate des sondages pr\u00e9\u00e9lectoraux pour les \u00e9lections de 2024, il y a un soup\u00e7on naturel que le gouvernement de Macky Sall met en \u0153uvre un programme visant \u00e0 \u00e9liminer Sonko et son parti des \u00e9lections de 2024.<\/p>\n<p style=\"font-weight: 400; text-align: justify;\">Au S\u00e9n\u00e9gal, on craint fort que le gouvernement n\u2019exclue Sonko des \u00e9lections de 2024.<\/p>\n<p style=\"font-weight: 400; text-align: justify;\">Ces craintes peuvent \u00eatre ou non farfelues, mais en fin de compte, la fa\u00e7on dont le gouvernement s&#8217;y prend pour mettre des b\u00e2tons dans les roues de Sonko, des membres de son parti et m\u00eame des voix ind\u00e9pendantes qui s&#8217;\u00e9l\u00e8vent contre son autoritarisme, a un effet net n\u00e9gatif sur l&#8217;espace civique. De nombreuses personnes ont \u00e9t\u00e9 arr\u00eat\u00e9es et d\u00e9tenues simplement pour avoir exprim\u00e9 des opinions sur les r\u00e9seaux sociaux, tandis qu&#8217;au moins une personne est poursuivie pour avoir collect\u00e9 des fonds pour PASTEF.<\/p>\n<p style=\"font-weight: 400; text-align: justify;\">Un rapport produit par la Fondation des m\u00e9dias pour l&#8217;Afrique de l&#8217;Ouest souligne que le nombre croissant de d\u00e9c\u00e8s dus aux troubles politiques a transform\u00e9 le S\u00e9n\u00e9gal en une sorte de cimeti\u00e8re d\u00e9guis\u00e9, tandis que les arrestations et les d\u00e9tentions l&#8217;ont m\u00e9taphoris\u00e9 en une prison.<\/p>\n<p style=\"font-weight: 400; text-align: justify;\">En outre, dans toutes ses r\u00e9ponses punitives, le gouvernement a surtout brandi les lois p\u00e9nales s\u00e9n\u00e9galaises sur la diffamation, qui posent probl\u00e8me. C&#8217;est pourquoi il est n\u00e9cessaire de lancer un appel \u00e0 M. Macky Sall et \u00e0 son gouvernement pour qu&#8217;ils mettent fin aux pers\u00e9cutions. Tel est l&#8217;objet du pr\u00e9sent rapport, qui pr\u00e9voit la lib\u00e9ration imm\u00e9diate de toutes les personnes arr\u00eat\u00e9es et d\u00e9tenues pour diffamation criminelle.<\/p>\n<p style=\"font-weight: 400; text-align: justify;\">Il appelle \u00e9galement le gouvernement \u00e0 mettre fin \u00e0 toutes les activit\u00e9s liberticides et \u00e0 restaurer l&#8217;espace civique libre, ouvert et tol\u00e9rant qu&#8217;il devrait \u00eatre.<\/p>\n<p style=\"text-align: justify;\"><span style=\"font-weight: 400;\"><a href=\"https:\/\/www.mfwa.org\/wp-content\/uploads\/2023\/09\/French_-senegal-lAffaire-Sonko-fait-700-victimes-darrestations-Mia-174-copy.pdf\">Lire le rapport complet ici<\/a>.<\/span><\/p>\n","protected":false},"excerpt":{"rendered":"<p>La p\u00e9riode entre mars 2021, date \u00e0 laquelle le chef de l&#8217;opposition s\u00e9n\u00e9galaise, Ousmane Sonko, a \u00e9t\u00e9 accus\u00e9<\/p>\n","protected":false},"author":12,"featured_media":28908,"comment_status":"closed","ping_status":"closed","sticky":false,"template":"","format":"standard","meta":{"footnotes":""},"categories":[254],"tags":[],"country":[251],"staff-position":[],"opportunity-category":[],"ppma_author":[517],"class_list":["post-29120","post","type-post","status-publish","format-standard","has-post-thumbnail","hentry","category-free-expression-violations-fr","country-senegal-fr"],"yoast_head":"<!-- This site is optimized with the Yoast SEO plugin v27.4 - https:\/\/yoast.com\/product\/yoast-seo-wordpress\/ -->\n<title>Libert\u00e9 d&#039;expression : Le S\u00e9n\u00e9gal devenu une prison de masse et un cimeti\u00e8re - Media Foundation For West Africa<\/title>\n<meta name=\"robots\" content=\"index, follow, max-snippet:-1, max-image-preview:large, max-video-preview:-1\" \/>\n<link rel=\"canonical\" href=\"https:\/\/mfwa.org\/fr\/liberte-dexpression-le-senegal-devenu-une-prison-de-masse-et-un-cimetiere\/\" \/>\n<meta property=\"og:locale\" content=\"fr_FR\" \/>\n<meta property=\"og:type\" content=\"article\" \/>\n<meta property=\"og:title\" content=\"Libert\u00e9 d&#039;expression : Le S\u00e9n\u00e9gal devenu une prison de masse et un cimeti\u00e8re - Media Foundation For West Africa\" \/>\n<meta property=\"og:description\" content=\"La p\u00e9riode entre mars 2021, date \u00e0 laquelle le chef de l&#8217;opposition s\u00e9n\u00e9galaise, Ousmane Sonko, a \u00e9t\u00e9 accus\u00e9\" \/>\n<meta property=\"og:url\" content=\"https:\/\/mfwa.org\/fr\/liberte-dexpression-le-senegal-devenu-une-prison-de-masse-et-un-cimetiere\/\" \/>\n<meta property=\"og:site_name\" content=\"Media Foundation For West Africa\" \/>\n<meta property=\"article:publisher\" content=\"https:\/\/www.facebook.com\/themfwa\" \/>\n<meta property=\"article:published_time\" content=\"2023-08-25T07:03:17+00:00\" \/>\n<meta property=\"article:modified_time\" content=\"2023-09-18T10:08:52+00:00\" \/>\n<meta property=\"og:image\" content=\"https:\/\/mfwa.org\/wp-content\/uploads\/2023\/08\/senegalese-government-stands-by-court-decision-on-sonko-1.jpg\" \/>\n\t<meta property=\"og:image:width\" content=\"1024\" \/>\n\t<meta property=\"og:image:height\" content=\"538\" \/>\n\t<meta property=\"og:image:type\" content=\"image\/jpeg\" \/>\n<meta name=\"author\" content=\"tagdiv\" \/>\n<meta name=\"twitter:card\" content=\"summary_large_image\" \/>\n<meta name=\"twitter:creator\" content=\"@TheMFWA\" \/>\n<meta name=\"twitter:site\" content=\"@TheMFWA\" \/>\n<meta name=\"twitter:label1\" content=\"Written by\" \/>\n\t<meta name=\"twitter:data1\" content=\"tagdiv\" \/>\n\t<meta name=\"twitter:label2\" content=\"Est. reading time\" \/>\n\t<meta name=\"twitter:data2\" content=\"3 minutes\" \/>\n<script type=\"application\/ld+json\" class=\"yoast-schema-graph\">{\"@context\":\"https:\\\/\\\/schema.org\",\"@graph\":[{\"@type\":\"Article\",\"@id\":\"https:\\\/\\\/mfwa.org\\\/fr\\\/liberte-dexpression-le-senegal-devenu-une-prison-de-masse-et-un-cimetiere\\\/#article\",\"isPartOf\":{\"@id\":\"https:\\\/\\\/mfwa.org\\\/fr\\\/liberte-dexpression-le-senegal-devenu-une-prison-de-masse-et-un-cimetiere\\\/\"},\"author\":{\"name\":\"tagdiv\",\"@id\":\"https:\\\/\\\/mfwa.org\\\/#\\\/schema\\\/person\\\/6b300e88987b7255b87c637f8a6ecdfe\"},\"headline\":\"Libert\u00e9 d&#8217;expression : Le S\u00e9n\u00e9gal devenu une prison de masse et un cimeti\u00e8re\",\"datePublished\":\"2023-08-25T07:03:17+00:00\",\"dateModified\":\"2023-09-18T10:08:52+00:00\",\"mainEntityOfPage\":{\"@id\":\"https:\\\/\\\/mfwa.org\\\/fr\\\/liberte-dexpression-le-senegal-devenu-une-prison-de-masse-et-un-cimetiere\\\/\"},\"wordCount\":576,\"publisher\":{\"@id\":\"https:\\\/\\\/mfwa.org\\\/#organization\"},\"image\":{\"@id\":\"https:\\\/\\\/mfwa.org\\\/fr\\\/liberte-dexpression-le-senegal-devenu-une-prison-de-masse-et-un-cimetiere\\\/#primaryimage\"},\"thumbnailUrl\":\"https:\\\/\\\/mfwa.org\\\/wp-content\\\/uploads\\\/2023\\\/08\\\/senegalese-government-stands-by-court-decision-on-sonko-1.jpg\",\"articleSection\":[\"Les violations de la libre expression\"],\"inLanguage\":\"fr-FR\"},{\"@type\":\"WebPage\",\"@id\":\"https:\\\/\\\/mfwa.org\\\/fr\\\/liberte-dexpression-le-senegal-devenu-une-prison-de-masse-et-un-cimetiere\\\/\",\"url\":\"https:\\\/\\\/mfwa.org\\\/fr\\\/liberte-dexpression-le-senegal-devenu-une-prison-de-masse-et-un-cimetiere\\\/\",\"name\":\"Libert\u00e9 d'expression : Le S\u00e9n\u00e9gal devenu une prison de masse et un cimeti\u00e8re - Media Foundation For West Africa\",\"isPartOf\":{\"@id\":\"https:\\\/\\\/mfwa.org\\\/#website\"},\"primaryImageOfPage\":{\"@id\":\"https:\\\/\\\/mfwa.org\\\/fr\\\/liberte-dexpression-le-senegal-devenu-une-prison-de-masse-et-un-cimetiere\\\/#primaryimage\"},\"image\":{\"@id\":\"https:\\\/\\\/mfwa.org\\\/fr\\\/liberte-dexpression-le-senegal-devenu-une-prison-de-masse-et-un-cimetiere\\\/#primaryimage\"},\"thumbnailUrl\":\"https:\\\/\\\/mfwa.org\\\/wp-content\\\/uploads\\\/2023\\\/08\\\/senegalese-government-stands-by-court-decision-on-sonko-1.jpg\",\"datePublished\":\"2023-08-25T07:03:17+00:00\",\"dateModified\":\"2023-09-18T10:08:52+00:00\",\"breadcrumb\":{\"@id\":\"https:\\\/\\\/mfwa.org\\\/fr\\\/liberte-dexpression-le-senegal-devenu-une-prison-de-masse-et-un-cimetiere\\\/#breadcrumb\"},\"inLanguage\":\"fr-FR\",\"potentialAction\":[{\"@type\":\"ReadAction\",\"target\":[\"https:\\\/\\\/mfwa.org\\\/fr\\\/liberte-dexpression-le-senegal-devenu-une-prison-de-masse-et-un-cimetiere\\\/\"]}]},{\"@type\":\"ImageObject\",\"inLanguage\":\"fr-FR\",\"@id\":\"https:\\\/\\\/mfwa.org\\\/fr\\\/liberte-dexpression-le-senegal-devenu-une-prison-de-masse-et-un-cimetiere\\\/#primaryimage\",\"url\":\"https:\\\/\\\/mfwa.org\\\/wp-content\\\/uploads\\\/2023\\\/08\\\/senegalese-government-stands-by-court-decision-on-sonko-1.jpg\",\"contentUrl\":\"https:\\\/\\\/mfwa.org\\\/wp-content\\\/uploads\\\/2023\\\/08\\\/senegalese-government-stands-by-court-decision-on-sonko-1.jpg\",\"width\":1024,\"height\":538,\"caption\":\"Photo: Africa Global Village\"},{\"@type\":\"BreadcrumbList\",\"@id\":\"https:\\\/\\\/mfwa.org\\\/fr\\\/liberte-dexpression-le-senegal-devenu-une-prison-de-masse-et-un-cimetiere\\\/#breadcrumb\",\"itemListElement\":[{\"@type\":\"ListItem\",\"position\":1,\"name\":\"Home\",\"item\":\"https:\\\/\\\/mfwa.org\\\/fr\\\/\"},{\"@type\":\"ListItem\",\"position\":2,\"name\":\"Libert\u00e9 d&#8217;expression : Le S\u00e9n\u00e9gal devenu une prison de masse et un cimeti\u00e8re\"}]},{\"@type\":\"WebSite\",\"@id\":\"https:\\\/\\\/mfwa.org\\\/#website\",\"url\":\"https:\\\/\\\/mfwa.org\\\/\",\"name\":\"Media Foundation For West Africa\",\"description\":\"Promoting Freedom of Expression and Democracy in West Africa\",\"publisher\":{\"@id\":\"https:\\\/\\\/mfwa.org\\\/#organization\"},\"potentialAction\":[{\"@type\":\"SearchAction\",\"target\":{\"@type\":\"EntryPoint\",\"urlTemplate\":\"https:\\\/\\\/mfwa.org\\\/?s={search_term_string}\"},\"query-input\":{\"@type\":\"PropertyValueSpecification\",\"valueRequired\":true,\"valueName\":\"search_term_string\"}}],\"inLanguage\":\"fr-FR\"},{\"@type\":\"Organization\",\"@id\":\"https:\\\/\\\/mfwa.org\\\/#organization\",\"name\":\"Media Foundation for West Africa\",\"url\":\"https:\\\/\\\/mfwa.org\\\/\",\"logo\":{\"@type\":\"ImageObject\",\"inLanguage\":\"fr-FR\",\"@id\":\"https:\\\/\\\/mfwa.org\\\/#\\\/schema\\\/logo\\\/image\\\/\",\"url\":\"https:\\\/\\\/www.mfwa.org\\\/wp-content\\\/uploads\\\/2016\\\/06\\\/MFWA-LOGO.png\",\"contentUrl\":\"https:\\\/\\\/www.mfwa.org\\\/wp-content\\\/uploads\\\/2016\\\/06\\\/MFWA-LOGO.png\",\"width\":180,\"height\":180,\"caption\":\"Media Foundation for West Africa\"},\"image\":{\"@id\":\"https:\\\/\\\/mfwa.org\\\/#\\\/schema\\\/logo\\\/image\\\/\"},\"sameAs\":[\"https:\\\/\\\/www.facebook.com\\\/themfwa\",\"https:\\\/\\\/x.com\\\/TheMFWA\",\"https:\\\/\\\/www.youtube.com\\\/channel\\\/UCF6HrPuXcV1K1Ed8AAq4Rdw\"]},{\"@type\":\"Person\",\"@id\":\"https:\\\/\\\/mfwa.org\\\/#\\\/schema\\\/person\\\/6b300e88987b7255b87c637f8a6ecdfe\",\"name\":\"tagdiv\",\"image\":{\"@type\":\"ImageObject\",\"inLanguage\":\"fr-FR\",\"@id\":\"https:\\\/\\\/secure.gravatar.com\\\/avatar\\\/ac4d3535093508a9aa4acbec869b777ced84629506becf4f84ab73e37e230c19?s=96&d=mm&r=gb75f209619b7a775c620188fd2206b8d\",\"url\":\"https:\\\/\\\/secure.gravatar.com\\\/avatar\\\/ac4d3535093508a9aa4acbec869b777ced84629506becf4f84ab73e37e230c19?s=96&d=mm&r=g\",\"contentUrl\":\"https:\\\/\\\/secure.gravatar.com\\\/avatar\\\/ac4d3535093508a9aa4acbec869b777ced84629506becf4f84ab73e37e230c19?s=96&d=mm&r=g\",\"caption\":\"tagdiv\"},\"url\":\"https:\\\/\\\/mfwa.org\\\/fr\\\/author\\\/tagdiv\\\/\"}]}<\/script>\n<!-- \/ Yoast SEO plugin. -->","yoast_head_json":{"title":"Libert\u00e9 d'expression : Le S\u00e9n\u00e9gal devenu une prison de masse et un cimeti\u00e8re - Media Foundation For West Africa","robots":{"index":"index","follow":"follow","max-snippet":"max-snippet:-1","max-image-preview":"max-image-preview:large","max-video-preview":"max-video-preview:-1"},"canonical":"https:\/\/mfwa.org\/fr\/liberte-dexpression-le-senegal-devenu-une-prison-de-masse-et-un-cimetiere\/","og_locale":"fr_FR","og_type":"article","og_title":"Libert\u00e9 d'expression : Le S\u00e9n\u00e9gal devenu une prison de masse et un cimeti\u00e8re - Media Foundation For West Africa","og_description":"La p\u00e9riode entre mars 2021, date \u00e0 laquelle le chef de l&#8217;opposition s\u00e9n\u00e9galaise, Ousmane Sonko, a \u00e9t\u00e9 accus\u00e9","og_url":"https:\/\/mfwa.org\/fr\/liberte-dexpression-le-senegal-devenu-une-prison-de-masse-et-un-cimetiere\/","og_site_name":"Media Foundation For West Africa","article_publisher":"https:\/\/www.facebook.com\/themfwa","article_published_time":"2023-08-25T07:03:17+00:00","article_modified_time":"2023-09-18T10:08:52+00:00","og_image":[{"width":1024,"height":538,"url":"https:\/\/mfwa.org\/wp-content\/uploads\/2023\/08\/senegalese-government-stands-by-court-decision-on-sonko-1.jpg","type":"image\/jpeg"}],"author":"tagdiv","twitter_card":"summary_large_image","twitter_creator":"@TheMFWA","twitter_site":"@TheMFWA","twitter_misc":{"Written by":"tagdiv","Est. reading time":"3 minutes"},"schema":{"@context":"https:\/\/schema.org","@graph":[{"@type":"Article","@id":"https:\/\/mfwa.org\/fr\/liberte-dexpression-le-senegal-devenu-une-prison-de-masse-et-un-cimetiere\/#article","isPartOf":{"@id":"https:\/\/mfwa.org\/fr\/liberte-dexpression-le-senegal-devenu-une-prison-de-masse-et-un-cimetiere\/"},"author":{"name":"tagdiv","@id":"https:\/\/mfwa.org\/#\/schema\/person\/6b300e88987b7255b87c637f8a6ecdfe"},"headline":"Libert\u00e9 d&#8217;expression : Le S\u00e9n\u00e9gal devenu une prison de masse et un cimeti\u00e8re","datePublished":"2023-08-25T07:03:17+00:00","dateModified":"2023-09-18T10:08:52+00:00","mainEntityOfPage":{"@id":"https:\/\/mfwa.org\/fr\/liberte-dexpression-le-senegal-devenu-une-prison-de-masse-et-un-cimetiere\/"},"wordCount":576,"publisher":{"@id":"https:\/\/mfwa.org\/#organization"},"image":{"@id":"https:\/\/mfwa.org\/fr\/liberte-dexpression-le-senegal-devenu-une-prison-de-masse-et-un-cimetiere\/#primaryimage"},"thumbnailUrl":"https:\/\/mfwa.org\/wp-content\/uploads\/2023\/08\/senegalese-government-stands-by-court-decision-on-sonko-1.jpg","articleSection":["Les violations de la libre expression"],"inLanguage":"fr-FR"},{"@type":"WebPage","@id":"https:\/\/mfwa.org\/fr\/liberte-dexpression-le-senegal-devenu-une-prison-de-masse-et-un-cimetiere\/","url":"https:\/\/mfwa.org\/fr\/liberte-dexpression-le-senegal-devenu-une-prison-de-masse-et-un-cimetiere\/","name":"Libert\u00e9 d'expression : Le S\u00e9n\u00e9gal devenu une prison de masse et un cimeti\u00e8re - Media Foundation For West Africa","isPartOf":{"@id":"https:\/\/mfwa.org\/#website"},"primaryImageOfPage":{"@id":"https:\/\/mfwa.org\/fr\/liberte-dexpression-le-senegal-devenu-une-prison-de-masse-et-un-cimetiere\/#primaryimage"},"image":{"@id":"https:\/\/mfwa.org\/fr\/liberte-dexpression-le-senegal-devenu-une-prison-de-masse-et-un-cimetiere\/#primaryimage"},"thumbnailUrl":"https:\/\/mfwa.org\/wp-content\/uploads\/2023\/08\/senegalese-government-stands-by-court-decision-on-sonko-1.jpg","datePublished":"2023-08-25T07:03:17+00:00","dateModified":"2023-09-18T10:08:52+00:00","breadcrumb":{"@id":"https:\/\/mfwa.org\/fr\/liberte-dexpression-le-senegal-devenu-une-prison-de-masse-et-un-cimetiere\/#breadcrumb"},"inLanguage":"fr-FR","potentialAction":[{"@type":"ReadAction","target":["https:\/\/mfwa.org\/fr\/liberte-dexpression-le-senegal-devenu-une-prison-de-masse-et-un-cimetiere\/"]}]},{"@type":"ImageObject","inLanguage":"fr-FR","@id":"https:\/\/mfwa.org\/fr\/liberte-dexpression-le-senegal-devenu-une-prison-de-masse-et-un-cimetiere\/#primaryimage","url":"https:\/\/mfwa.org\/wp-content\/uploads\/2023\/08\/senegalese-government-stands-by-court-decision-on-sonko-1.jpg","contentUrl":"https:\/\/mfwa.org\/wp-content\/uploads\/2023\/08\/senegalese-government-stands-by-court-decision-on-sonko-1.jpg","width":1024,"height":538,"caption":"Photo: Africa Global Village"},{"@type":"BreadcrumbList","@id":"https:\/\/mfwa.org\/fr\/liberte-dexpression-le-senegal-devenu-une-prison-de-masse-et-un-cimetiere\/#breadcrumb","itemListElement":[{"@type":"ListItem","position":1,"name":"Home","item":"https:\/\/mfwa.org\/fr\/"},{"@type":"ListItem","position":2,"name":"Libert\u00e9 d&#8217;expression : Le S\u00e9n\u00e9gal devenu une prison de masse et un cimeti\u00e8re"}]},{"@type":"WebSite","@id":"https:\/\/mfwa.org\/#website","url":"https:\/\/mfwa.org\/","name":"Media Foundation For West Africa","description":"Promoting Freedom of Expression and Democracy in West Africa","publisher":{"@id":"https:\/\/mfwa.org\/#organization"},"potentialAction":[{"@type":"SearchAction","target":{"@type":"EntryPoint","urlTemplate":"https:\/\/mfwa.org\/?s={search_term_string}"},"query-input":{"@type":"PropertyValueSpecification","valueRequired":true,"valueName":"search_term_string"}}],"inLanguage":"fr-FR"},{"@type":"Organization","@id":"https:\/\/mfwa.org\/#organization","name":"Media Foundation for West Africa","url":"https:\/\/mfwa.org\/","logo":{"@type":"ImageObject","inLanguage":"fr-FR","@id":"https:\/\/mfwa.org\/#\/schema\/logo\/image\/","url":"https:\/\/www.mfwa.org\/wp-content\/uploads\/2016\/06\/MFWA-LOGO.png","contentUrl":"https:\/\/www.mfwa.org\/wp-content\/uploads\/2016\/06\/MFWA-LOGO.png","width":180,"height":180,"caption":"Media Foundation for West Africa"},"image":{"@id":"https:\/\/mfwa.org\/#\/schema\/logo\/image\/"},"sameAs":["https:\/\/www.facebook.com\/themfwa","https:\/\/x.com\/TheMFWA","https:\/\/www.youtube.com\/channel\/UCF6HrPuXcV1K1Ed8AAq4Rdw"]},{"@type":"Person","@id":"https:\/\/mfwa.org\/#\/schema\/person\/6b300e88987b7255b87c637f8a6ecdfe","name":"tagdiv","image":{"@type":"ImageObject","inLanguage":"fr-FR","@id":"https:\/\/secure.gravatar.com\/avatar\/ac4d3535093508a9aa4acbec869b777ced84629506becf4f84ab73e37e230c19?s=96&d=mm&r=gb75f209619b7a775c620188fd2206b8d","url":"https:\/\/secure.gravatar.com\/avatar\/ac4d3535093508a9aa4acbec869b777ced84629506becf4f84ab73e37e230c19?s=96&d=mm&r=g","contentUrl":"https:\/\/secure.gravatar.com\/avatar\/ac4d3535093508a9aa4acbec869b777ced84629506becf4f84ab73e37e230c19?s=96&d=mm&r=g","caption":"tagdiv"},"url":"https:\/\/mfwa.org\/fr\/author\/tagdiv\/"}]}},"authors":[{"term_id":517,"user_id":12,"is_guest":0,"slug":"tagdiv","display_name":"tagdiv","avatar_url":"https:\/\/secure.gravatar.com\/avatar\/ac4d3535093508a9aa4acbec869b777ced84629506becf4f84ab73e37e230c19?s=96&d=mm&r=g","0":null,"1":"","2":"","3":"","4":"","5":"","6":"","7":"","8":""}],"_links":{"self":[{"href":"https:\/\/mfwa.org\/fr\/wp-json\/wp\/v2\/posts\/29120","targetHints":{"allow":["GET"]}}],"collection":[{"href":"https:\/\/mfwa.org\/fr\/wp-json\/wp\/v2\/posts"}],"about":[{"href":"https:\/\/mfwa.org\/fr\/wp-json\/wp\/v2\/types\/post"}],"author":[{"embeddable":true,"href":"https:\/\/mfwa.org\/fr\/wp-json\/wp\/v2\/users\/12"}],"replies":[{"embeddable":true,"href":"https:\/\/mfwa.org\/fr\/wp-json\/wp\/v2\/comments?post=29120"}],"version-history":[{"count":1,"href":"https:\/\/mfwa.org\/fr\/wp-json\/wp\/v2\/posts\/29120\/revisions"}],"predecessor-version":[{"id":29125,"href":"https:\/\/mfwa.org\/fr\/wp-json\/wp\/v2\/posts\/29120\/revisions\/29125"}],"wp:featuredmedia":[{"embeddable":true,"href":"https:\/\/mfwa.org\/fr\/wp-json\/wp\/v2\/media\/28908"}],"wp:attachment":[{"href":"https:\/\/mfwa.org\/fr\/wp-json\/wp\/v2\/media?parent=29120"}],"wp:term":[{"taxonomy":"category","embeddable":true,"href":"https:\/\/mfwa.org\/fr\/wp-json\/wp\/v2\/categories?post=29120"},{"taxonomy":"post_tag","embeddable":true,"href":"https:\/\/mfwa.org\/fr\/wp-json\/wp\/v2\/tags?post=29120"},{"taxonomy":"country","embeddable":true,"href":"https:\/\/mfwa.org\/fr\/wp-json\/wp\/v2\/country?post=29120"},{"taxonomy":"staff-position","embeddable":true,"href":"https:\/\/mfwa.org\/fr\/wp-json\/wp\/v2\/staff-position?post=29120"},{"taxonomy":"opportunity-category","embeddable":true,"href":"https:\/\/mfwa.org\/fr\/wp-json\/wp\/v2\/opportunity-category?post=29120"},{"taxonomy":"author","embeddable":true,"href":"https:\/\/mfwa.org\/fr\/wp-json\/wp\/v2\/ppma_author?post=29120"}],"curies":[{"name":"wp","href":"https:\/\/api.w.org\/{rel}","templated":true}]}}