{"id":28053,"date":"2022-12-13T20:48:48","date_gmt":"2022-12-13T20:48:48","guid":{"rendered":"https:\/\/www.mfwa.org\/?p=28053"},"modified":"2023-04-27T14:10:02","modified_gmt":"2023-04-27T14:10:02","slug":"detention-dun-journaliste-senegalais-la-mfwa-adresse-une-petition-aux-organes-de-lonu-aux-dirigeants-de-lua-et-de-la-cedeao","status":"publish","type":"post","link":"https:\/\/mfwa.org\/fr\/detention-dun-journaliste-senegalais-la-mfwa-adresse-une-petition-aux-organes-de-lonu-aux-dirigeants-de-lua-et-de-la-cedeao\/","title":{"rendered":"D\u00e9tention d\u2019un journaliste s\u00e9n\u00e9galais : La MFWA adresse une p\u00e9tition aux organes de l\u2019ONU, aux dirigeants de l\u2019UA et de la CEDEAO"},"content":{"rendered":"<p style=\"font-weight: 400; text-align: justify;\">La Fondation des M\u00e9dias pour l\u2019Afrique de l\u2019Ouest (MFWA) a lanc\u00e9 une p\u00e9tition aupr\u00e8s de plusieurs organes de l\u2019ONU, de l\u2019Union africaine et de la CEDEAO afin d\u2019obtenir la lib\u00e9ration du journaliste s\u00e9n\u00e9galais Pape Ale Niang, d\u00e9tenu depuis plus d\u2019un mois.<\/p>\n<p style=\"font-weight: 400; text-align: justify;\">\u00ab\u00a0Le journaliste est en gr\u00e8ve de faim et sa sant\u00e9 se d\u00e9t\u00e9riore. Par cons\u00e9quent, nous vous demandons d\u2019intervenir aupr\u00e8s des autorit\u00e9s s\u00e9n\u00e9galaises pour obtenir la lib\u00e9ration du journaliste afin d\u2019\u00e9viter de nouvelles violations de ses droits et une \u00e9ventuelle issue fatale\u00a0\u00bb, \u00e9crit la MFWA dans sa p\u00e9tition adress\u00e9e \u00e0 la rapporteuse sp\u00e9ciale des Nations unies sur la libert\u00e9 d\u2019opinion et d\u2019expression, Mme Irene Khan, \u00e0 la directrice g\u00e9n\u00e9rale de l\u2019UNESCO, Audrey Azoulay, et au Haut-commissaire des Nations unies aux droits de l\u2019homme, Volker T\u00fcrk.<\/p>\n<p style=\"font-weight: 400; text-align: justify;\">La MFWA a \u00e9galement adress\u00e9 une p\u00e9tition au rapporteur sp\u00e9cial de l\u2019UA sur la libert\u00e9 d\u2019expression et l\u2019acc\u00e8s \u00e0 l\u2019information, au pr\u00e9sident de la Commission de l\u2019UA, au pr\u00e9sident de la Commission africaine des droits de l\u2019homme et des peuples (CADHP), ainsi qu\u2019au pr\u00e9sident de la CEDEAO et au pr\u00e9sident de la Commission de la CEDEAO. Une p\u00e9tition similaire a \u00e9galement \u00e9t\u00e9 adress\u00e9e \u00e0 l\u2019ambassadeur et au chef de la d\u00e9l\u00e9gation de l\u2019Union europ\u00e9enne au S\u00e9n\u00e9gal, ainsi qu\u2019aux ambassadeurs de France, des \u00c9tats-Unis et du Royaume-Uni au S\u00e9n\u00e9gal.<\/p>\n<p style=\"font-weight: 400; text-align: justify;\">Niang est le directeur de la r\u00e9daction du site d\u2019information priv\u00e9 <a href=\"https:\/\/www.dakarmatin.com\/\"><em>DakarMatin<\/em><\/a> et participe r\u00e9guli\u00e8rement \u00e0 des \u00e9missions sociopolitiques \u00e0 la radio et \u00e0 la t\u00e9l\u00e9vision \u00e0 Dakar. La police s\u00e9n\u00e9galaise l\u2019a arr\u00eat\u00e9 et plac\u00e9 en d\u00e9tention le 3 novembre 2022, sur ordre du procureur g\u00e9n\u00e9ral, Amady Diouf.<\/p>\n<p style=\"font-weight: 400; text-align: justify;\">Cette arrestation fait suite \u00e0 une publication sur le proc\u00e8s pour viol d\u2019un important politicien de l\u2019opposition, Ousmane Sonko, dans laquelle le journaliste citait des sources militaires. Dans une vid\u00e9o publi\u00e9e en ligne, Pape Niang lit un rapport qui montre pr\u00e9tendument que les militaires ont men\u00e9 des enqu\u00eates qui ont absous l\u2019homme politique de l\u2019all\u00e9gation de viol. Le 9 novembre 2022, les autorit\u00e9s judiciaires ont autoris\u00e9 la police \u00e0 maintenir Niang en d\u00e9tention apr\u00e8s l\u2019avoir formellement inculp\u00e9. Il a \u00e9t\u00e9 accus\u00e9 d\u2019avoir r\u00e9v\u00e9l\u00e9 des informations susceptibles de porter atteinte \u00e0 la d\u00e9fense nationale, d\u2019avoir poss\u00e9d\u00e9 des documents militaires et d\u2019avoir diffus\u00e9 de fausses nouvelles susceptibles de discr\u00e9diter des institutions publiques. Le journaliste a ni\u00e9 ces accusations.<\/p>\n<p style=\"font-weight: 400; text-align: justify;\">La MFWA a fait valoir dans sa p\u00e9tition que Pape Niang a simplement rendu public le contenu d\u2019un document qui a une incidence sur le proc\u00e8s d\u2019une personnalit\u00e9 publique, ce qui est une question d\u2019int\u00e9r\u00eat public.<\/p>\n<p style=\"font-weight: 400; text-align: justify;\">Elle a \u00e9galement d\u00e9clar\u00e9 que les autorit\u00e9s n\u2019ont pas r\u00e9ussi \u00e0 prouver leurs all\u00e9gations d\u2019atteinte \u00e0 la s\u00e9curit\u00e9 nationale pour r\u00e9pondre aux normes internationales de restriction du droit \u00e0 la libert\u00e9 d\u2019expression. Citant le Comit\u00e9 des droits de l\u2019homme des Nations unies (observation g\u00e9n\u00e9rale n\u00b0 34, paragraphe 35), la MFWA a d\u00e9clar\u00e9 que les \u00c9tats invoquant des raisons de s\u00e9curit\u00e9 publique ou de s\u00e9curit\u00e9 nationale pour restreindre la libert\u00e9 d\u2019expression doivent \u00e9tablir un lien direct et imm\u00e9diat entre l\u2019expression et ladite menace. \u00ab\u00a0Par ailleurs, la population s\u00e9n\u00e9galaise, que le gouvernement est cens\u00e9 prot\u00e9ger, s\u2019est massivement mobilis\u00e9e en faveur du journaliste\u00a0\u00bb, indique la p\u00e9tition.<\/p>\n<p style=\"text-align: justify;\"><span style=\"font-weight: 400;\">La MFWA a \u00e9galement cit\u00e9 la d\u00e9t\u00e9rioration de l\u2019\u00e9tat de sant\u00e9 de Pape Ale Niang qui est en gr\u00e8ve de la faim et appelle les diff\u00e9rentes autorit\u00e9s sollicit\u00e9es \u00e0 intervenir pour aider \u00e0 obtenir la lib\u00e9ration du journaliste. Lisez la p\u00e9tition compl\u00e8te <a href=\"https:\/\/www.mfwa.org\/wp-content\/uploads\/2022\/12\/10-Petition-Pape-Niang-UN-Special-Rapporteur-on-Freedom-of-Opinion.pdf\">ici.<\/a><\/span><\/p>\n","protected":false},"excerpt":{"rendered":"<p>La Fondation des M\u00e9dias pour l\u2019Afrique de l\u2019Ouest (MFWA) a lanc\u00e9 une p\u00e9tition aupr\u00e8s de plusieurs organes de<\/p>\n","protected":false},"author":12,"featured_media":28054,"comment_status":"closed","ping_status":"closed","sticky":false,"template":"","format":"standard","meta":{"footnotes":""},"categories":[311],"tags":[],"country":[251],"staff-position":[],"opportunity-category":[],"ppma_author":[517],"class_list":["post-28053","post","type-post","status-publish","format-standard","has-post-thumbnail","hentry","category-securite-des-journalistes","country-senegal-fr"],"yoast_head":"<!-- This site is optimized with the Yoast SEO plugin v27.4 - https:\/\/yoast.com\/product\/yoast-seo-wordpress\/ -->\n<title>D\u00e9tention d\u2019un journaliste s\u00e9n\u00e9galais : La MFWA adresse une p\u00e9tition aux organes de l\u2019ONU, aux dirigeants de l\u2019UA et de la CEDEAO - Media Foundation For West Africa<\/title>\n<meta name=\"robots\" content=\"index, follow, max-snippet:-1, max-image-preview:large, max-video-preview:-1\" \/>\n<link rel=\"canonical\" href=\"https:\/\/mfwa.org\/fr\/detention-dun-journaliste-senegalais-la-mfwa-adresse-une-petition-aux-organes-de-lonu-aux-dirigeants-de-lua-et-de-la-cedeao\/\" \/>\n<meta property=\"og:locale\" content=\"fr_FR\" \/>\n<meta property=\"og:type\" content=\"article\" \/>\n<meta property=\"og:title\" content=\"D\u00e9tention d\u2019un journaliste s\u00e9n\u00e9galais : La MFWA adresse une p\u00e9tition aux organes de l\u2019ONU, aux dirigeants de l\u2019UA et de la CEDEAO - Media Foundation For West Africa\" \/>\n<meta property=\"og:description\" content=\"La Fondation des M\u00e9dias pour l\u2019Afrique de l\u2019Ouest (MFWA) a lanc\u00e9 une p\u00e9tition aupr\u00e8s de plusieurs organes de\" \/>\n<meta property=\"og:url\" content=\"https:\/\/mfwa.org\/fr\/detention-dun-journaliste-senegalais-la-mfwa-adresse-une-petition-aux-organes-de-lonu-aux-dirigeants-de-lua-et-de-la-cedeao\/\" \/>\n<meta property=\"og:site_name\" content=\"Media Foundation For West Africa\" \/>\n<meta property=\"article:publisher\" content=\"https:\/\/www.facebook.com\/themfwa\" \/>\n<meta property=\"article:published_time\" content=\"2022-12-13T20:48:48+00:00\" \/>\n<meta property=\"article:modified_time\" content=\"2023-04-27T14:10:02+00:00\" \/>\n<meta property=\"og:image\" content=\"https:\/\/mfwa.org\/wp-content\/uploads\/2022\/12\/Pape-Ale-Niang-1068x601-1.png\" \/>\n\t<meta property=\"og:image:width\" content=\"1068\" \/>\n\t<meta property=\"og:image:height\" content=\"601\" \/>\n\t<meta property=\"og:image:type\" content=\"image\/png\" \/>\n<meta name=\"author\" content=\"tagdiv\" \/>\n<meta name=\"twitter:card\" content=\"summary_large_image\" \/>\n<meta name=\"twitter:creator\" content=\"@TheMFWA\" \/>\n<meta name=\"twitter:site\" content=\"@TheMFWA\" \/>\n<meta name=\"twitter:label1\" content=\"Written by\" \/>\n\t<meta name=\"twitter:data1\" content=\"tagdiv\" \/>\n\t<meta name=\"twitter:label2\" content=\"Est. reading time\" \/>\n\t<meta name=\"twitter:data2\" content=\"3 minutes\" \/>\n<script type=\"application\/ld+json\" class=\"yoast-schema-graph\">{\"@context\":\"https:\\\/\\\/schema.org\",\"@graph\":[{\"@type\":\"Article\",\"@id\":\"https:\\\/\\\/mfwa.org\\\/fr\\\/detention-dun-journaliste-senegalais-la-mfwa-adresse-une-petition-aux-organes-de-lonu-aux-dirigeants-de-lua-et-de-la-cedeao\\\/#article\",\"isPartOf\":{\"@id\":\"https:\\\/\\\/mfwa.org\\\/fr\\\/detention-dun-journaliste-senegalais-la-mfwa-adresse-une-petition-aux-organes-de-lonu-aux-dirigeants-de-lua-et-de-la-cedeao\\\/\"},\"author\":{\"name\":\"tagdiv\",\"@id\":\"https:\\\/\\\/mfwa.org\\\/#\\\/schema\\\/person\\\/6b300e88987b7255b87c637f8a6ecdfe\"},\"headline\":\"D\u00e9tention d\u2019un journaliste s\u00e9n\u00e9galais : La MFWA adresse une p\u00e9tition aux organes de l\u2019ONU, aux dirigeants de l\u2019UA et de la CEDEAO\",\"datePublished\":\"2022-12-13T20:48:48+00:00\",\"dateModified\":\"2023-04-27T14:10:02+00:00\",\"mainEntityOfPage\":{\"@id\":\"https:\\\/\\\/mfwa.org\\\/fr\\\/detention-dun-journaliste-senegalais-la-mfwa-adresse-une-petition-aux-organes-de-lonu-aux-dirigeants-de-lua-et-de-la-cedeao\\\/\"},\"wordCount\":701,\"publisher\":{\"@id\":\"https:\\\/\\\/mfwa.org\\\/#organization\"},\"image\":{\"@id\":\"https:\\\/\\\/mfwa.org\\\/fr\\\/detention-dun-journaliste-senegalais-la-mfwa-adresse-une-petition-aux-organes-de-lonu-aux-dirigeants-de-lua-et-de-la-cedeao\\\/#primaryimage\"},\"thumbnailUrl\":\"https:\\\/\\\/mfwa.org\\\/wp-content\\\/uploads\\\/2022\\\/12\\\/Pape-Ale-Niang-1068x601-1.png\",\"articleSection\":[\"S\u00e9curit\u00e9 des Journalistes\"],\"inLanguage\":\"fr-FR\"},{\"@type\":\"WebPage\",\"@id\":\"https:\\\/\\\/mfwa.org\\\/fr\\\/detention-dun-journaliste-senegalais-la-mfwa-adresse-une-petition-aux-organes-de-lonu-aux-dirigeants-de-lua-et-de-la-cedeao\\\/\",\"url\":\"https:\\\/\\\/mfwa.org\\\/fr\\\/detention-dun-journaliste-senegalais-la-mfwa-adresse-une-petition-aux-organes-de-lonu-aux-dirigeants-de-lua-et-de-la-cedeao\\\/\",\"name\":\"D\u00e9tention d\u2019un journaliste s\u00e9n\u00e9galais : La MFWA adresse une p\u00e9tition aux organes de l\u2019ONU, aux dirigeants de l\u2019UA et de la CEDEAO - Media Foundation For West Africa\",\"isPartOf\":{\"@id\":\"https:\\\/\\\/mfwa.org\\\/#website\"},\"primaryImageOfPage\":{\"@id\":\"https:\\\/\\\/mfwa.org\\\/fr\\\/detention-dun-journaliste-senegalais-la-mfwa-adresse-une-petition-aux-organes-de-lonu-aux-dirigeants-de-lua-et-de-la-cedeao\\\/#primaryimage\"},\"image\":{\"@id\":\"https:\\\/\\\/mfwa.org\\\/fr\\\/detention-dun-journaliste-senegalais-la-mfwa-adresse-une-petition-aux-organes-de-lonu-aux-dirigeants-de-lua-et-de-la-cedeao\\\/#primaryimage\"},\"thumbnailUrl\":\"https:\\\/\\\/mfwa.org\\\/wp-content\\\/uploads\\\/2022\\\/12\\\/Pape-Ale-Niang-1068x601-1.png\",\"datePublished\":\"2022-12-13T20:48:48+00:00\",\"dateModified\":\"2023-04-27T14:10:02+00:00\",\"breadcrumb\":{\"@id\":\"https:\\\/\\\/mfwa.org\\\/fr\\\/detention-dun-journaliste-senegalais-la-mfwa-adresse-une-petition-aux-organes-de-lonu-aux-dirigeants-de-lua-et-de-la-cedeao\\\/#breadcrumb\"},\"inLanguage\":\"fr-FR\",\"potentialAction\":[{\"@type\":\"ReadAction\",\"target\":[\"https:\\\/\\\/mfwa.org\\\/fr\\\/detention-dun-journaliste-senegalais-la-mfwa-adresse-une-petition-aux-organes-de-lonu-aux-dirigeants-de-lua-et-de-la-cedeao\\\/\"]}]},{\"@type\":\"ImageObject\",\"inLanguage\":\"fr-FR\",\"@id\":\"https:\\\/\\\/mfwa.org\\\/fr\\\/detention-dun-journaliste-senegalais-la-mfwa-adresse-une-petition-aux-organes-de-lonu-aux-dirigeants-de-lua-et-de-la-cedeao\\\/#primaryimage\",\"url\":\"https:\\\/\\\/mfwa.org\\\/wp-content\\\/uploads\\\/2022\\\/12\\\/Pape-Ale-Niang-1068x601-1.png\",\"contentUrl\":\"https:\\\/\\\/mfwa.org\\\/wp-content\\\/uploads\\\/2022\\\/12\\\/Pape-Ale-Niang-1068x601-1.png\",\"width\":1068,\"height\":601,\"caption\":\"Pape Al\u00e9 Niang, Directeur du media en ligne priv\u00e9 DakarMatin\"},{\"@type\":\"BreadcrumbList\",\"@id\":\"https:\\\/\\\/mfwa.org\\\/fr\\\/detention-dun-journaliste-senegalais-la-mfwa-adresse-une-petition-aux-organes-de-lonu-aux-dirigeants-de-lua-et-de-la-cedeao\\\/#breadcrumb\",\"itemListElement\":[{\"@type\":\"ListItem\",\"position\":1,\"name\":\"Home\",\"item\":\"https:\\\/\\\/mfwa.org\\\/fr\\\/\"},{\"@type\":\"ListItem\",\"position\":2,\"name\":\"D\u00e9tention d\u2019un journaliste s\u00e9n\u00e9galais : La MFWA adresse une p\u00e9tition aux organes de l\u2019ONU, aux dirigeants de l\u2019UA et de la CEDEAO\"}]},{\"@type\":\"WebSite\",\"@id\":\"https:\\\/\\\/mfwa.org\\\/#website\",\"url\":\"https:\\\/\\\/mfwa.org\\\/\",\"name\":\"Media Foundation For West Africa\",\"description\":\"Promoting Freedom of Expression and Democracy in West Africa\",\"publisher\":{\"@id\":\"https:\\\/\\\/mfwa.org\\\/#organization\"},\"potentialAction\":[{\"@type\":\"SearchAction\",\"target\":{\"@type\":\"EntryPoint\",\"urlTemplate\":\"https:\\\/\\\/mfwa.org\\\/?s={search_term_string}\"},\"query-input\":{\"@type\":\"PropertyValueSpecification\",\"valueRequired\":true,\"valueName\":\"search_term_string\"}}],\"inLanguage\":\"fr-FR\"},{\"@type\":\"Organization\",\"@id\":\"https:\\\/\\\/mfwa.org\\\/#organization\",\"name\":\"Media Foundation for West Africa\",\"url\":\"https:\\\/\\\/mfwa.org\\\/\",\"logo\":{\"@type\":\"ImageObject\",\"inLanguage\":\"fr-FR\",\"@id\":\"https:\\\/\\\/mfwa.org\\\/#\\\/schema\\\/logo\\\/image\\\/\",\"url\":\"https:\\\/\\\/www.mfwa.org\\\/wp-content\\\/uploads\\\/2016\\\/06\\\/MFWA-LOGO.png\",\"contentUrl\":\"https:\\\/\\\/www.mfwa.org\\\/wp-content\\\/uploads\\\/2016\\\/06\\\/MFWA-LOGO.png\",\"width\":180,\"height\":180,\"caption\":\"Media Foundation for West Africa\"},\"image\":{\"@id\":\"https:\\\/\\\/mfwa.org\\\/#\\\/schema\\\/logo\\\/image\\\/\"},\"sameAs\":[\"https:\\\/\\\/www.facebook.com\\\/themfwa\",\"https:\\\/\\\/x.com\\\/TheMFWA\",\"https:\\\/\\\/www.youtube.com\\\/channel\\\/UCF6HrPuXcV1K1Ed8AAq4Rdw\"]},{\"@type\":\"Person\",\"@id\":\"https:\\\/\\\/mfwa.org\\\/#\\\/schema\\\/person\\\/6b300e88987b7255b87c637f8a6ecdfe\",\"name\":\"tagdiv\",\"image\":{\"@type\":\"ImageObject\",\"inLanguage\":\"fr-FR\",\"@id\":\"https:\\\/\\\/secure.gravatar.com\\\/avatar\\\/ac4d3535093508a9aa4acbec869b777ced84629506becf4f84ab73e37e230c19?s=96&d=mm&r=gb75f209619b7a775c620188fd2206b8d\",\"url\":\"https:\\\/\\\/secure.gravatar.com\\\/avatar\\\/ac4d3535093508a9aa4acbec869b777ced84629506becf4f84ab73e37e230c19?s=96&d=mm&r=g\",\"contentUrl\":\"https:\\\/\\\/secure.gravatar.com\\\/avatar\\\/ac4d3535093508a9aa4acbec869b777ced84629506becf4f84ab73e37e230c19?s=96&d=mm&r=g\",\"caption\":\"tagdiv\"},\"url\":\"https:\\\/\\\/mfwa.org\\\/fr\\\/author\\\/tagdiv\\\/\"}]}<\/script>\n<!-- \/ Yoast SEO plugin. -->","yoast_head_json":{"title":"D\u00e9tention d\u2019un journaliste s\u00e9n\u00e9galais : La MFWA adresse une p\u00e9tition aux organes de l\u2019ONU, aux dirigeants de l\u2019UA et de la CEDEAO - Media Foundation For West Africa","robots":{"index":"index","follow":"follow","max-snippet":"max-snippet:-1","max-image-preview":"max-image-preview:large","max-video-preview":"max-video-preview:-1"},"canonical":"https:\/\/mfwa.org\/fr\/detention-dun-journaliste-senegalais-la-mfwa-adresse-une-petition-aux-organes-de-lonu-aux-dirigeants-de-lua-et-de-la-cedeao\/","og_locale":"fr_FR","og_type":"article","og_title":"D\u00e9tention d\u2019un journaliste s\u00e9n\u00e9galais : La MFWA adresse une p\u00e9tition aux organes de l\u2019ONU, aux dirigeants de l\u2019UA et de la CEDEAO - Media Foundation For West Africa","og_description":"La Fondation des M\u00e9dias pour l\u2019Afrique de l\u2019Ouest (MFWA) a lanc\u00e9 une p\u00e9tition aupr\u00e8s de plusieurs organes de","og_url":"https:\/\/mfwa.org\/fr\/detention-dun-journaliste-senegalais-la-mfwa-adresse-une-petition-aux-organes-de-lonu-aux-dirigeants-de-lua-et-de-la-cedeao\/","og_site_name":"Media Foundation For West Africa","article_publisher":"https:\/\/www.facebook.com\/themfwa","article_published_time":"2022-12-13T20:48:48+00:00","article_modified_time":"2023-04-27T14:10:02+00:00","og_image":[{"width":1068,"height":601,"url":"https:\/\/mfwa.org\/wp-content\/uploads\/2022\/12\/Pape-Ale-Niang-1068x601-1.png","type":"image\/png"}],"author":"tagdiv","twitter_card":"summary_large_image","twitter_creator":"@TheMFWA","twitter_site":"@TheMFWA","twitter_misc":{"Written by":"tagdiv","Est. reading time":"3 minutes"},"schema":{"@context":"https:\/\/schema.org","@graph":[{"@type":"Article","@id":"https:\/\/mfwa.org\/fr\/detention-dun-journaliste-senegalais-la-mfwa-adresse-une-petition-aux-organes-de-lonu-aux-dirigeants-de-lua-et-de-la-cedeao\/#article","isPartOf":{"@id":"https:\/\/mfwa.org\/fr\/detention-dun-journaliste-senegalais-la-mfwa-adresse-une-petition-aux-organes-de-lonu-aux-dirigeants-de-lua-et-de-la-cedeao\/"},"author":{"name":"tagdiv","@id":"https:\/\/mfwa.org\/#\/schema\/person\/6b300e88987b7255b87c637f8a6ecdfe"},"headline":"D\u00e9tention d\u2019un journaliste s\u00e9n\u00e9galais : La MFWA adresse une p\u00e9tition aux organes de l\u2019ONU, aux dirigeants de l\u2019UA et de la CEDEAO","datePublished":"2022-12-13T20:48:48+00:00","dateModified":"2023-04-27T14:10:02+00:00","mainEntityOfPage":{"@id":"https:\/\/mfwa.org\/fr\/detention-dun-journaliste-senegalais-la-mfwa-adresse-une-petition-aux-organes-de-lonu-aux-dirigeants-de-lua-et-de-la-cedeao\/"},"wordCount":701,"publisher":{"@id":"https:\/\/mfwa.org\/#organization"},"image":{"@id":"https:\/\/mfwa.org\/fr\/detention-dun-journaliste-senegalais-la-mfwa-adresse-une-petition-aux-organes-de-lonu-aux-dirigeants-de-lua-et-de-la-cedeao\/#primaryimage"},"thumbnailUrl":"https:\/\/mfwa.org\/wp-content\/uploads\/2022\/12\/Pape-Ale-Niang-1068x601-1.png","articleSection":["S\u00e9curit\u00e9 des Journalistes"],"inLanguage":"fr-FR"},{"@type":"WebPage","@id":"https:\/\/mfwa.org\/fr\/detention-dun-journaliste-senegalais-la-mfwa-adresse-une-petition-aux-organes-de-lonu-aux-dirigeants-de-lua-et-de-la-cedeao\/","url":"https:\/\/mfwa.org\/fr\/detention-dun-journaliste-senegalais-la-mfwa-adresse-une-petition-aux-organes-de-lonu-aux-dirigeants-de-lua-et-de-la-cedeao\/","name":"D\u00e9tention d\u2019un journaliste s\u00e9n\u00e9galais : La MFWA adresse une p\u00e9tition aux organes de l\u2019ONU, aux dirigeants de l\u2019UA et de la CEDEAO - Media Foundation For West Africa","isPartOf":{"@id":"https:\/\/mfwa.org\/#website"},"primaryImageOfPage":{"@id":"https:\/\/mfwa.org\/fr\/detention-dun-journaliste-senegalais-la-mfwa-adresse-une-petition-aux-organes-de-lonu-aux-dirigeants-de-lua-et-de-la-cedeao\/#primaryimage"},"image":{"@id":"https:\/\/mfwa.org\/fr\/detention-dun-journaliste-senegalais-la-mfwa-adresse-une-petition-aux-organes-de-lonu-aux-dirigeants-de-lua-et-de-la-cedeao\/#primaryimage"},"thumbnailUrl":"https:\/\/mfwa.org\/wp-content\/uploads\/2022\/12\/Pape-Ale-Niang-1068x601-1.png","datePublished":"2022-12-13T20:48:48+00:00","dateModified":"2023-04-27T14:10:02+00:00","breadcrumb":{"@id":"https:\/\/mfwa.org\/fr\/detention-dun-journaliste-senegalais-la-mfwa-adresse-une-petition-aux-organes-de-lonu-aux-dirigeants-de-lua-et-de-la-cedeao\/#breadcrumb"},"inLanguage":"fr-FR","potentialAction":[{"@type":"ReadAction","target":["https:\/\/mfwa.org\/fr\/detention-dun-journaliste-senegalais-la-mfwa-adresse-une-petition-aux-organes-de-lonu-aux-dirigeants-de-lua-et-de-la-cedeao\/"]}]},{"@type":"ImageObject","inLanguage":"fr-FR","@id":"https:\/\/mfwa.org\/fr\/detention-dun-journaliste-senegalais-la-mfwa-adresse-une-petition-aux-organes-de-lonu-aux-dirigeants-de-lua-et-de-la-cedeao\/#primaryimage","url":"https:\/\/mfwa.org\/wp-content\/uploads\/2022\/12\/Pape-Ale-Niang-1068x601-1.png","contentUrl":"https:\/\/mfwa.org\/wp-content\/uploads\/2022\/12\/Pape-Ale-Niang-1068x601-1.png","width":1068,"height":601,"caption":"Pape Al\u00e9 Niang, Directeur du media en ligne priv\u00e9 DakarMatin"},{"@type":"BreadcrumbList","@id":"https:\/\/mfwa.org\/fr\/detention-dun-journaliste-senegalais-la-mfwa-adresse-une-petition-aux-organes-de-lonu-aux-dirigeants-de-lua-et-de-la-cedeao\/#breadcrumb","itemListElement":[{"@type":"ListItem","position":1,"name":"Home","item":"https:\/\/mfwa.org\/fr\/"},{"@type":"ListItem","position":2,"name":"D\u00e9tention d\u2019un journaliste s\u00e9n\u00e9galais : La MFWA adresse une p\u00e9tition aux organes de l\u2019ONU, aux dirigeants de l\u2019UA et de la CEDEAO"}]},{"@type":"WebSite","@id":"https:\/\/mfwa.org\/#website","url":"https:\/\/mfwa.org\/","name":"Media Foundation For West Africa","description":"Promoting Freedom of Expression and Democracy in West Africa","publisher":{"@id":"https:\/\/mfwa.org\/#organization"},"potentialAction":[{"@type":"SearchAction","target":{"@type":"EntryPoint","urlTemplate":"https:\/\/mfwa.org\/?s={search_term_string}"},"query-input":{"@type":"PropertyValueSpecification","valueRequired":true,"valueName":"search_term_string"}}],"inLanguage":"fr-FR"},{"@type":"Organization","@id":"https:\/\/mfwa.org\/#organization","name":"Media Foundation for West Africa","url":"https:\/\/mfwa.org\/","logo":{"@type":"ImageObject","inLanguage":"fr-FR","@id":"https:\/\/mfwa.org\/#\/schema\/logo\/image\/","url":"https:\/\/www.mfwa.org\/wp-content\/uploads\/2016\/06\/MFWA-LOGO.png","contentUrl":"https:\/\/www.mfwa.org\/wp-content\/uploads\/2016\/06\/MFWA-LOGO.png","width":180,"height":180,"caption":"Media Foundation for West Africa"},"image":{"@id":"https:\/\/mfwa.org\/#\/schema\/logo\/image\/"},"sameAs":["https:\/\/www.facebook.com\/themfwa","https:\/\/x.com\/TheMFWA","https:\/\/www.youtube.com\/channel\/UCF6HrPuXcV1K1Ed8AAq4Rdw"]},{"@type":"Person","@id":"https:\/\/mfwa.org\/#\/schema\/person\/6b300e88987b7255b87c637f8a6ecdfe","name":"tagdiv","image":{"@type":"ImageObject","inLanguage":"fr-FR","@id":"https:\/\/secure.gravatar.com\/avatar\/ac4d3535093508a9aa4acbec869b777ced84629506becf4f84ab73e37e230c19?s=96&d=mm&r=gb75f209619b7a775c620188fd2206b8d","url":"https:\/\/secure.gravatar.com\/avatar\/ac4d3535093508a9aa4acbec869b777ced84629506becf4f84ab73e37e230c19?s=96&d=mm&r=g","contentUrl":"https:\/\/secure.gravatar.com\/avatar\/ac4d3535093508a9aa4acbec869b777ced84629506becf4f84ab73e37e230c19?s=96&d=mm&r=g","caption":"tagdiv"},"url":"https:\/\/mfwa.org\/fr\/author\/tagdiv\/"}]}},"authors":[{"term_id":517,"user_id":12,"is_guest":0,"slug":"tagdiv","display_name":"tagdiv","avatar_url":"https:\/\/secure.gravatar.com\/avatar\/ac4d3535093508a9aa4acbec869b777ced84629506becf4f84ab73e37e230c19?s=96&d=mm&r=g","0":null,"1":"","2":"","3":"","4":"","5":"","6":"","7":"","8":""}],"_links":{"self":[{"href":"https:\/\/mfwa.org\/fr\/wp-json\/wp\/v2\/posts\/28053","targetHints":{"allow":["GET"]}}],"collection":[{"href":"https:\/\/mfwa.org\/fr\/wp-json\/wp\/v2\/posts"}],"about":[{"href":"https:\/\/mfwa.org\/fr\/wp-json\/wp\/v2\/types\/post"}],"author":[{"embeddable":true,"href":"https:\/\/mfwa.org\/fr\/wp-json\/wp\/v2\/users\/12"}],"replies":[{"embeddable":true,"href":"https:\/\/mfwa.org\/fr\/wp-json\/wp\/v2\/comments?post=28053"}],"version-history":[{"count":1,"href":"https:\/\/mfwa.org\/fr\/wp-json\/wp\/v2\/posts\/28053\/revisions"}],"predecessor-version":[{"id":28056,"href":"https:\/\/mfwa.org\/fr\/wp-json\/wp\/v2\/posts\/28053\/revisions\/28056"}],"wp:featuredmedia":[{"embeddable":true,"href":"https:\/\/mfwa.org\/fr\/wp-json\/wp\/v2\/media\/28054"}],"wp:attachment":[{"href":"https:\/\/mfwa.org\/fr\/wp-json\/wp\/v2\/media?parent=28053"}],"wp:term":[{"taxonomy":"category","embeddable":true,"href":"https:\/\/mfwa.org\/fr\/wp-json\/wp\/v2\/categories?post=28053"},{"taxonomy":"post_tag","embeddable":true,"href":"https:\/\/mfwa.org\/fr\/wp-json\/wp\/v2\/tags?post=28053"},{"taxonomy":"country","embeddable":true,"href":"https:\/\/mfwa.org\/fr\/wp-json\/wp\/v2\/country?post=28053"},{"taxonomy":"staff-position","embeddable":true,"href":"https:\/\/mfwa.org\/fr\/wp-json\/wp\/v2\/staff-position?post=28053"},{"taxonomy":"opportunity-category","embeddable":true,"href":"https:\/\/mfwa.org\/fr\/wp-json\/wp\/v2\/opportunity-category?post=28053"},{"taxonomy":"author","embeddable":true,"href":"https:\/\/mfwa.org\/fr\/wp-json\/wp\/v2\/ppma_author?post=28053"}],"curies":[{"name":"wp","href":"https:\/\/api.w.org\/{rel}","templated":true}]}}