{"id":28050,"date":"2023-04-26T14:38:09","date_gmt":"2023-04-26T14:38:09","guid":{"rendered":"https:\/\/www.mfwa.org\/?p=28050"},"modified":"2023-04-26T15:12:13","modified_gmt":"2023-04-26T15:12:13","slug":"4eme-trimestre-de-2022-une-baisse-du-nombre-de-violations-de-la-liberte-dexpression-mais-lintensite-se-maintient","status":"publish","type":"post","link":"https:\/\/mfwa.org\/fr\/4eme-trimestre-de-2022-une-baisse-du-nombre-de-violations-de-la-liberte-dexpression-mais-lintensite-se-maintient\/","title":{"rendered":"4\u00e8me trimestre de 2022: Une baisse du nombre de violations de la libert\u00e9 d\u2019expression, mais l&#8217;intensit\u00e9 se maintient"},"content":{"rendered":"<p style=\"text-align: justify;\">Le quatri\u00e8me trimestre 2022 (octobre-d\u00e9cembre) a enregistr\u00e9 21 violations de la libert\u00e9 d\u2019expression, soit le nombre le plus faible de l\u2019ann\u00e9e. Ce chiffre est de 55 % inf\u00e9rieur \u00e0 celui du trimestre pr\u00e9c\u00e9dent (juillet \u00e0 septembre 2022) qui s\u2019\u00e9levait \u00e0 46. Les premier (janvier-mars) et deuxi\u00e8me (avril-juin) trimestres ont enregistr\u00e9 34 et 42 respectivement.<\/p>\n<p style=\"text-align: justify;\">Le Nigeria a connu le plus grand nombre de violations (7), suivi par le S\u00e9n\u00e9gal (4 violations). Le Burkina Faso en a connu trois (3), tandis que le Mali suit avec deux (2) violations. La Guin\u00e9e-Bissau, le Togo, la C\u00f4te d\u2019Ivoire, le Lib\u00e9ria et le B\u00e9nin ont chacun connu une (1) violation au cours de ce trimestre.<\/p>\n<p style=\"text-align: justify;\">Bien que ce chiffre soit le plus bas enregistr\u00e9 au cours de l\u2019ann\u00e9e, le dernier trimestre de 2022 n\u2019a en aucun cas \u00e9t\u00e9 synonyme de r\u00e9pit. Le trimestre a \u00e9t\u00e9 marqu\u00e9 par une s\u00e9rie d\u2019arrestations et de d\u00e9tentions ainsi que par des agressions physiques contre des journalistes et des professionnels des m\u00e9dias, touchant au moins 10 journalistes, le S\u00e9n\u00e9gal, le Nig\u00e9ria et la Guin\u00e9e-Bissau \u00e9tant en t\u00eate de liste de ces agressions contre les journalistes.<\/p>\n<p style=\"text-align: justify;\">Au-del\u00e0 des attaques contre les journalistes, le droit d\u2019acc\u00e8s \u00e0 l\u2019information a fait l\u2019objet d\u2019une attaque majeure de la part de certaines autorit\u00e9s. En octobre 2022, les autorit\u00e9s bissau-guin\u00e9ennes ont annonc\u00e9 une forte augmentation des droits de licence pour les m\u00e9dias du pays. Par exemple, les nouvelles redevances pour l\u2019acquisition d\u2019une t\u00e9l\u00e9vision commerciale \u00e0 couverture nationale repr\u00e9sentaient une augmentation d\u2019au moins 6000% par rapport aux redevances pr\u00e9c\u00e9dentes.<\/p>\n<p style=\"text-align: justify;\">Les autorit\u00e9s du Burkina Faso ont suspendu les programmes de <em>RFI<\/em> dans le pays jusqu\u2019\u00e0 nouvel ordre. Le Mali, voisin du Burkina Faso, qui avait suspendu <em>RFI<\/em> en mars 2022, a cette fois-ci suspendu un m\u00e9dia local, instaurant ainsi une culture d\u2019hostilit\u00e9 de l\u2019\u00c9tat \u00e0 l\u2019\u00e9gard de la presse ind\u00e9pendante.<\/p>\n<p style=\"text-align: justify;\">Le rapport du quatri\u00e8me trimestre fait \u00e9galement \u00e9tat d\u2019autres \u00e9v\u00e9nements importants en mati\u00e8re de libert\u00e9 d\u2019expression et de droits num\u00e9riques dans la r\u00e9gion. Il pr\u00e9sente notamment les mesures prises pour rem\u00e9dier aux violations et les recommandations formul\u00e9es \u00e0 l\u2019intention des principales parties prenantes.<\/p>\n<p style=\"text-align: justify;\">Veuillez cliquer <a href=\"https:\/\/www.mfwa.org\/wp-content\/uploads\/2023\/04\/French_Rapport_Freedom_of_Expression_MONITOR_Q4_October-December_2022_MFWA_Final.pdf\">ici<\/a> pour lire le <a href=\"https:\/\/www.mfwa.org\/wp-content\/uploads\/2023\/04\/French_Rapport_Freedom_of_Expression_MONITOR_Q4_October-December_2022_MFWA_Final.pdf\">rapport<\/a> dans son int\u00e9gralit\u00e9.<\/p>\n","protected":false},"excerpt":{"rendered":"<p>Le quatri\u00e8me trimestre 2022 (octobre-d\u00e9cembre) a enregistr\u00e9 21 violations de la libert\u00e9 d\u2019expression, soit le nombre le plus<\/p>\n","protected":false},"author":6,"featured_media":28046,"comment_status":"closed","ping_status":"closed","sticky":false,"template":"","format":"standard","meta":{"footnotes":""},"categories":[254,311],"tags":[],"country":[330],"staff-position":[],"opportunity-category":[],"ppma_author":[515],"class_list":["post-28050","post","type-post","status-publish","format-standard","has-post-thumbnail","hentry","category-free-expression-violations-fr","category-securite-des-journalistes","country-afrique-de-louest"],"yoast_head":"<!-- This site is optimized with the Yoast SEO plugin v27.4 - https:\/\/yoast.com\/product\/yoast-seo-wordpress\/ -->\n<title>4\u00e8me trimestre de 2022: Une baisse du nombre de violations de la libert\u00e9 d\u2019expression, mais l&#039;intensit\u00e9 se maintient<\/title>\n<meta name=\"description\" content=\"Le quatri\u00e8me trimestre 2022 (octobre-d\u00e9cembre) a enregistr\u00e9 21 violations de la libert\u00e9 d\u2019expression, soit le nombre le plus faible de l\u2019ann\u00e9e.\" \/>\n<meta name=\"robots\" content=\"index, follow, max-snippet:-1, max-image-preview:large, max-video-preview:-1\" \/>\n<link rel=\"canonical\" href=\"https:\/\/mfwa.org\/fr\/4eme-trimestre-de-2022-une-baisse-du-nombre-de-violations-de-la-liberte-dexpression-mais-lintensite-se-maintient\/\" \/>\n<meta property=\"og:locale\" content=\"fr_FR\" \/>\n<meta property=\"og:type\" content=\"article\" \/>\n<meta property=\"og:title\" content=\"4\u00e8me trimestre de 2022: Une baisse du nombre de violations de la libert\u00e9 d\u2019expression, mais l&#039;intensit\u00e9 se maintient\" \/>\n<meta property=\"og:description\" content=\"Le quatri\u00e8me trimestre 2022 (octobre-d\u00e9cembre) a enregistr\u00e9 21 violations de la libert\u00e9 d\u2019expression, soit le nombre le plus faible de l\u2019ann\u00e9e.\" \/>\n<meta property=\"og:url\" content=\"https:\/\/mfwa.org\/fr\/4eme-trimestre-de-2022-une-baisse-du-nombre-de-violations-de-la-liberte-dexpression-mais-lintensite-se-maintient\/\" \/>\n<meta property=\"og:site_name\" content=\"Media Foundation For West Africa\" \/>\n<meta property=\"article:publisher\" content=\"https:\/\/www.facebook.com\/themfwa\" \/>\n<meta property=\"article:published_time\" content=\"2023-04-26T14:38:09+00:00\" \/>\n<meta property=\"article:modified_time\" content=\"2023-04-26T15:12:13+00:00\" \/>\n<meta property=\"og:image\" content=\"https:\/\/mfwa.org\/wp-content\/uploads\/2023\/04\/Nigeria-Police.jpg\" \/>\n\t<meta property=\"og:image:width\" content=\"1280\" \/>\n\t<meta property=\"og:image:height\" content=\"720\" \/>\n\t<meta property=\"og:image:type\" content=\"image\/jpeg\" \/>\n<meta name=\"author\" content=\"Kwaku Asante\" \/>\n<meta name=\"twitter:card\" content=\"summary_large_image\" \/>\n<meta name=\"twitter:creator\" content=\"@TheMFWA\" \/>\n<meta name=\"twitter:site\" content=\"@TheMFWA\" \/>\n<meta name=\"twitter:label1\" content=\"Written by\" \/>\n\t<meta name=\"twitter:data1\" content=\"Kwaku Asante\" \/>\n\t<meta name=\"twitter:label2\" content=\"Est. reading time\" \/>\n\t<meta name=\"twitter:data2\" content=\"2 minutes\" \/>\n<script type=\"application\/ld+json\" class=\"yoast-schema-graph\">{\"@context\":\"https:\\\/\\\/schema.org\",\"@graph\":[{\"@type\":\"Article\",\"@id\":\"https:\\\/\\\/mfwa.org\\\/fr\\\/4eme-trimestre-de-2022-une-baisse-du-nombre-de-violations-de-la-liberte-dexpression-mais-lintensite-se-maintient\\\/#article\",\"isPartOf\":{\"@id\":\"https:\\\/\\\/mfwa.org\\\/fr\\\/4eme-trimestre-de-2022-une-baisse-du-nombre-de-violations-de-la-liberte-dexpression-mais-lintensite-se-maintient\\\/\"},\"author\":{\"name\":\"Kwaku Asante\",\"@id\":\"https:\\\/\\\/mfwa.org\\\/#\\\/schema\\\/person\\\/8e2c73d54ab8d90699e634b53256680f\"},\"headline\":\"4\u00e8me trimestre de 2022: Une baisse du nombre de violations de la libert\u00e9 d\u2019expression, mais l&#8217;intensit\u00e9 se maintient\",\"datePublished\":\"2023-04-26T14:38:09+00:00\",\"dateModified\":\"2023-04-26T15:12:13+00:00\",\"mainEntityOfPage\":{\"@id\":\"https:\\\/\\\/mfwa.org\\\/fr\\\/4eme-trimestre-de-2022-une-baisse-du-nombre-de-violations-de-la-liberte-dexpression-mais-lintensite-se-maintient\\\/\"},\"wordCount\":415,\"publisher\":{\"@id\":\"https:\\\/\\\/mfwa.org\\\/#organization\"},\"image\":{\"@id\":\"https:\\\/\\\/mfwa.org\\\/fr\\\/4eme-trimestre-de-2022-une-baisse-du-nombre-de-violations-de-la-liberte-dexpression-mais-lintensite-se-maintient\\\/#primaryimage\"},\"thumbnailUrl\":\"https:\\\/\\\/mfwa.org\\\/wp-content\\\/uploads\\\/2023\\\/04\\\/Nigeria-Police.jpg\",\"articleSection\":[\"Les violations de la libre expression\",\"S\u00e9curit\u00e9 des Journalistes\"],\"inLanguage\":\"fr-FR\"},{\"@type\":\"WebPage\",\"@id\":\"https:\\\/\\\/mfwa.org\\\/fr\\\/4eme-trimestre-de-2022-une-baisse-du-nombre-de-violations-de-la-liberte-dexpression-mais-lintensite-se-maintient\\\/\",\"url\":\"https:\\\/\\\/mfwa.org\\\/fr\\\/4eme-trimestre-de-2022-une-baisse-du-nombre-de-violations-de-la-liberte-dexpression-mais-lintensite-se-maintient\\\/\",\"name\":\"4\u00e8me trimestre de 2022: Une baisse du nombre de violations de la libert\u00e9 d\u2019expression, mais l'intensit\u00e9 se maintient\",\"isPartOf\":{\"@id\":\"https:\\\/\\\/mfwa.org\\\/#website\"},\"primaryImageOfPage\":{\"@id\":\"https:\\\/\\\/mfwa.org\\\/fr\\\/4eme-trimestre-de-2022-une-baisse-du-nombre-de-violations-de-la-liberte-dexpression-mais-lintensite-se-maintient\\\/#primaryimage\"},\"image\":{\"@id\":\"https:\\\/\\\/mfwa.org\\\/fr\\\/4eme-trimestre-de-2022-une-baisse-du-nombre-de-violations-de-la-liberte-dexpression-mais-lintensite-se-maintient\\\/#primaryimage\"},\"thumbnailUrl\":\"https:\\\/\\\/mfwa.org\\\/wp-content\\\/uploads\\\/2023\\\/04\\\/Nigeria-Police.jpg\",\"datePublished\":\"2023-04-26T14:38:09+00:00\",\"dateModified\":\"2023-04-26T15:12:13+00:00\",\"description\":\"Le quatri\u00e8me trimestre 2022 (octobre-d\u00e9cembre) a enregistr\u00e9 21 violations de la libert\u00e9 d\u2019expression, soit le nombre le plus faible de l\u2019ann\u00e9e.\",\"breadcrumb\":{\"@id\":\"https:\\\/\\\/mfwa.org\\\/fr\\\/4eme-trimestre-de-2022-une-baisse-du-nombre-de-violations-de-la-liberte-dexpression-mais-lintensite-se-maintient\\\/#breadcrumb\"},\"inLanguage\":\"fr-FR\",\"potentialAction\":[{\"@type\":\"ReadAction\",\"target\":[\"https:\\\/\\\/mfwa.org\\\/fr\\\/4eme-trimestre-de-2022-une-baisse-du-nombre-de-violations-de-la-liberte-dexpression-mais-lintensite-se-maintient\\\/\"]}]},{\"@type\":\"ImageObject\",\"inLanguage\":\"fr-FR\",\"@id\":\"https:\\\/\\\/mfwa.org\\\/fr\\\/4eme-trimestre-de-2022-une-baisse-du-nombre-de-violations-de-la-liberte-dexpression-mais-lintensite-se-maintient\\\/#primaryimage\",\"url\":\"https:\\\/\\\/mfwa.org\\\/wp-content\\\/uploads\\\/2023\\\/04\\\/Nigeria-Police.jpg\",\"contentUrl\":\"https:\\\/\\\/mfwa.org\\\/wp-content\\\/uploads\\\/2023\\\/04\\\/Nigeria-Police.jpg\",\"width\":1280,\"height\":720,\"caption\":\"Armed Officers of the Nigerian Police Force |Photo:\"},{\"@type\":\"BreadcrumbList\",\"@id\":\"https:\\\/\\\/mfwa.org\\\/fr\\\/4eme-trimestre-de-2022-une-baisse-du-nombre-de-violations-de-la-liberte-dexpression-mais-lintensite-se-maintient\\\/#breadcrumb\",\"itemListElement\":[{\"@type\":\"ListItem\",\"position\":1,\"name\":\"Home\",\"item\":\"https:\\\/\\\/mfwa.org\\\/fr\\\/\"},{\"@type\":\"ListItem\",\"position\":2,\"name\":\"4\u00e8me trimestre de 2022: Une baisse du nombre de violations de la libert\u00e9 d\u2019expression, mais l&#8217;intensit\u00e9 se maintient\"}]},{\"@type\":\"WebSite\",\"@id\":\"https:\\\/\\\/mfwa.org\\\/#website\",\"url\":\"https:\\\/\\\/mfwa.org\\\/\",\"name\":\"Media Foundation For West Africa\",\"description\":\"Promoting Freedom of Expression and Democracy in West Africa\",\"publisher\":{\"@id\":\"https:\\\/\\\/mfwa.org\\\/#organization\"},\"potentialAction\":[{\"@type\":\"SearchAction\",\"target\":{\"@type\":\"EntryPoint\",\"urlTemplate\":\"https:\\\/\\\/mfwa.org\\\/?s={search_term_string}\"},\"query-input\":{\"@type\":\"PropertyValueSpecification\",\"valueRequired\":true,\"valueName\":\"search_term_string\"}}],\"inLanguage\":\"fr-FR\"},{\"@type\":\"Organization\",\"@id\":\"https:\\\/\\\/mfwa.org\\\/#organization\",\"name\":\"Media Foundation for West Africa\",\"url\":\"https:\\\/\\\/mfwa.org\\\/\",\"logo\":{\"@type\":\"ImageObject\",\"inLanguage\":\"fr-FR\",\"@id\":\"https:\\\/\\\/mfwa.org\\\/#\\\/schema\\\/logo\\\/image\\\/\",\"url\":\"https:\\\/\\\/www.mfwa.org\\\/wp-content\\\/uploads\\\/2016\\\/06\\\/MFWA-LOGO.png\",\"contentUrl\":\"https:\\\/\\\/www.mfwa.org\\\/wp-content\\\/uploads\\\/2016\\\/06\\\/MFWA-LOGO.png\",\"width\":180,\"height\":180,\"caption\":\"Media Foundation for West Africa\"},\"image\":{\"@id\":\"https:\\\/\\\/mfwa.org\\\/#\\\/schema\\\/logo\\\/image\\\/\"},\"sameAs\":[\"https:\\\/\\\/www.facebook.com\\\/themfwa\",\"https:\\\/\\\/x.com\\\/TheMFWA\",\"https:\\\/\\\/www.youtube.com\\\/channel\\\/UCF6HrPuXcV1K1Ed8AAq4Rdw\"]},{\"@type\":\"Person\",\"@id\":\"https:\\\/\\\/mfwa.org\\\/#\\\/schema\\\/person\\\/8e2c73d54ab8d90699e634b53256680f\",\"name\":\"Kwaku Asante\",\"image\":{\"@type\":\"ImageObject\",\"inLanguage\":\"fr-FR\",\"@id\":\"https:\\\/\\\/secure.gravatar.com\\\/avatar\\\/f4b2f4008b9a29d4584bcac804b285ce2bebcee8b616a60be83b4a9ded8963b7?s=96&d=mm&r=g3fc24910de2fac178dc652a6771c3785\",\"url\":\"https:\\\/\\\/secure.gravatar.com\\\/avatar\\\/f4b2f4008b9a29d4584bcac804b285ce2bebcee8b616a60be83b4a9ded8963b7?s=96&d=mm&r=g\",\"contentUrl\":\"https:\\\/\\\/secure.gravatar.com\\\/avatar\\\/f4b2f4008b9a29d4584bcac804b285ce2bebcee8b616a60be83b4a9ded8963b7?s=96&d=mm&r=g\",\"caption\":\"Kwaku Asante\"},\"url\":\"https:\\\/\\\/mfwa.org\\\/fr\\\/author\\\/kwaku\\\/\"}]}<\/script>\n<!-- \/ Yoast SEO plugin. -->","yoast_head_json":{"title":"4\u00e8me trimestre de 2022: Une baisse du nombre de violations de la libert\u00e9 d\u2019expression, mais l'intensit\u00e9 se maintient","description":"Le quatri\u00e8me trimestre 2022 (octobre-d\u00e9cembre) a enregistr\u00e9 21 violations de la libert\u00e9 d\u2019expression, soit le nombre le plus faible de l\u2019ann\u00e9e.","robots":{"index":"index","follow":"follow","max-snippet":"max-snippet:-1","max-image-preview":"max-image-preview:large","max-video-preview":"max-video-preview:-1"},"canonical":"https:\/\/mfwa.org\/fr\/4eme-trimestre-de-2022-une-baisse-du-nombre-de-violations-de-la-liberte-dexpression-mais-lintensite-se-maintient\/","og_locale":"fr_FR","og_type":"article","og_title":"4\u00e8me trimestre de 2022: Une baisse du nombre de violations de la libert\u00e9 d\u2019expression, mais l'intensit\u00e9 se maintient","og_description":"Le quatri\u00e8me trimestre 2022 (octobre-d\u00e9cembre) a enregistr\u00e9 21 violations de la libert\u00e9 d\u2019expression, soit le nombre le plus faible de l\u2019ann\u00e9e.","og_url":"https:\/\/mfwa.org\/fr\/4eme-trimestre-de-2022-une-baisse-du-nombre-de-violations-de-la-liberte-dexpression-mais-lintensite-se-maintient\/","og_site_name":"Media Foundation For West Africa","article_publisher":"https:\/\/www.facebook.com\/themfwa","article_published_time":"2023-04-26T14:38:09+00:00","article_modified_time":"2023-04-26T15:12:13+00:00","og_image":[{"width":1280,"height":720,"url":"https:\/\/mfwa.org\/wp-content\/uploads\/2023\/04\/Nigeria-Police.jpg","type":"image\/jpeg"}],"author":"Kwaku Asante","twitter_card":"summary_large_image","twitter_creator":"@TheMFWA","twitter_site":"@TheMFWA","twitter_misc":{"Written by":"Kwaku Asante","Est. reading time":"2 minutes"},"schema":{"@context":"https:\/\/schema.org","@graph":[{"@type":"Article","@id":"https:\/\/mfwa.org\/fr\/4eme-trimestre-de-2022-une-baisse-du-nombre-de-violations-de-la-liberte-dexpression-mais-lintensite-se-maintient\/#article","isPartOf":{"@id":"https:\/\/mfwa.org\/fr\/4eme-trimestre-de-2022-une-baisse-du-nombre-de-violations-de-la-liberte-dexpression-mais-lintensite-se-maintient\/"},"author":{"name":"Kwaku Asante","@id":"https:\/\/mfwa.org\/#\/schema\/person\/8e2c73d54ab8d90699e634b53256680f"},"headline":"4\u00e8me trimestre de 2022: Une baisse du nombre de violations de la libert\u00e9 d\u2019expression, mais l&#8217;intensit\u00e9 se maintient","datePublished":"2023-04-26T14:38:09+00:00","dateModified":"2023-04-26T15:12:13+00:00","mainEntityOfPage":{"@id":"https:\/\/mfwa.org\/fr\/4eme-trimestre-de-2022-une-baisse-du-nombre-de-violations-de-la-liberte-dexpression-mais-lintensite-se-maintient\/"},"wordCount":415,"publisher":{"@id":"https:\/\/mfwa.org\/#organization"},"image":{"@id":"https:\/\/mfwa.org\/fr\/4eme-trimestre-de-2022-une-baisse-du-nombre-de-violations-de-la-liberte-dexpression-mais-lintensite-se-maintient\/#primaryimage"},"thumbnailUrl":"https:\/\/mfwa.org\/wp-content\/uploads\/2023\/04\/Nigeria-Police.jpg","articleSection":["Les violations de la libre expression","S\u00e9curit\u00e9 des Journalistes"],"inLanguage":"fr-FR"},{"@type":"WebPage","@id":"https:\/\/mfwa.org\/fr\/4eme-trimestre-de-2022-une-baisse-du-nombre-de-violations-de-la-liberte-dexpression-mais-lintensite-se-maintient\/","url":"https:\/\/mfwa.org\/fr\/4eme-trimestre-de-2022-une-baisse-du-nombre-de-violations-de-la-liberte-dexpression-mais-lintensite-se-maintient\/","name":"4\u00e8me trimestre de 2022: Une baisse du nombre de violations de la libert\u00e9 d\u2019expression, mais l'intensit\u00e9 se maintient","isPartOf":{"@id":"https:\/\/mfwa.org\/#website"},"primaryImageOfPage":{"@id":"https:\/\/mfwa.org\/fr\/4eme-trimestre-de-2022-une-baisse-du-nombre-de-violations-de-la-liberte-dexpression-mais-lintensite-se-maintient\/#primaryimage"},"image":{"@id":"https:\/\/mfwa.org\/fr\/4eme-trimestre-de-2022-une-baisse-du-nombre-de-violations-de-la-liberte-dexpression-mais-lintensite-se-maintient\/#primaryimage"},"thumbnailUrl":"https:\/\/mfwa.org\/wp-content\/uploads\/2023\/04\/Nigeria-Police.jpg","datePublished":"2023-04-26T14:38:09+00:00","dateModified":"2023-04-26T15:12:13+00:00","description":"Le quatri\u00e8me trimestre 2022 (octobre-d\u00e9cembre) a enregistr\u00e9 21 violations de la libert\u00e9 d\u2019expression, soit le nombre le plus faible de l\u2019ann\u00e9e.","breadcrumb":{"@id":"https:\/\/mfwa.org\/fr\/4eme-trimestre-de-2022-une-baisse-du-nombre-de-violations-de-la-liberte-dexpression-mais-lintensite-se-maintient\/#breadcrumb"},"inLanguage":"fr-FR","potentialAction":[{"@type":"ReadAction","target":["https:\/\/mfwa.org\/fr\/4eme-trimestre-de-2022-une-baisse-du-nombre-de-violations-de-la-liberte-dexpression-mais-lintensite-se-maintient\/"]}]},{"@type":"ImageObject","inLanguage":"fr-FR","@id":"https:\/\/mfwa.org\/fr\/4eme-trimestre-de-2022-une-baisse-du-nombre-de-violations-de-la-liberte-dexpression-mais-lintensite-se-maintient\/#primaryimage","url":"https:\/\/mfwa.org\/wp-content\/uploads\/2023\/04\/Nigeria-Police.jpg","contentUrl":"https:\/\/mfwa.org\/wp-content\/uploads\/2023\/04\/Nigeria-Police.jpg","width":1280,"height":720,"caption":"Armed Officers of the Nigerian Police Force |Photo:"},{"@type":"BreadcrumbList","@id":"https:\/\/mfwa.org\/fr\/4eme-trimestre-de-2022-une-baisse-du-nombre-de-violations-de-la-liberte-dexpression-mais-lintensite-se-maintient\/#breadcrumb","itemListElement":[{"@type":"ListItem","position":1,"name":"Home","item":"https:\/\/mfwa.org\/fr\/"},{"@type":"ListItem","position":2,"name":"4\u00e8me trimestre de 2022: Une baisse du nombre de violations de la libert\u00e9 d\u2019expression, mais l&#8217;intensit\u00e9 se maintient"}]},{"@type":"WebSite","@id":"https:\/\/mfwa.org\/#website","url":"https:\/\/mfwa.org\/","name":"Media Foundation For West Africa","description":"Promoting Freedom of Expression and Democracy in West Africa","publisher":{"@id":"https:\/\/mfwa.org\/#organization"},"potentialAction":[{"@type":"SearchAction","target":{"@type":"EntryPoint","urlTemplate":"https:\/\/mfwa.org\/?s={search_term_string}"},"query-input":{"@type":"PropertyValueSpecification","valueRequired":true,"valueName":"search_term_string"}}],"inLanguage":"fr-FR"},{"@type":"Organization","@id":"https:\/\/mfwa.org\/#organization","name":"Media Foundation for West Africa","url":"https:\/\/mfwa.org\/","logo":{"@type":"ImageObject","inLanguage":"fr-FR","@id":"https:\/\/mfwa.org\/#\/schema\/logo\/image\/","url":"https:\/\/www.mfwa.org\/wp-content\/uploads\/2016\/06\/MFWA-LOGO.png","contentUrl":"https:\/\/www.mfwa.org\/wp-content\/uploads\/2016\/06\/MFWA-LOGO.png","width":180,"height":180,"caption":"Media Foundation for West Africa"},"image":{"@id":"https:\/\/mfwa.org\/#\/schema\/logo\/image\/"},"sameAs":["https:\/\/www.facebook.com\/themfwa","https:\/\/x.com\/TheMFWA","https:\/\/www.youtube.com\/channel\/UCF6HrPuXcV1K1Ed8AAq4Rdw"]},{"@type":"Person","@id":"https:\/\/mfwa.org\/#\/schema\/person\/8e2c73d54ab8d90699e634b53256680f","name":"Kwaku Asante","image":{"@type":"ImageObject","inLanguage":"fr-FR","@id":"https:\/\/secure.gravatar.com\/avatar\/f4b2f4008b9a29d4584bcac804b285ce2bebcee8b616a60be83b4a9ded8963b7?s=96&d=mm&r=g3fc24910de2fac178dc652a6771c3785","url":"https:\/\/secure.gravatar.com\/avatar\/f4b2f4008b9a29d4584bcac804b285ce2bebcee8b616a60be83b4a9ded8963b7?s=96&d=mm&r=g","contentUrl":"https:\/\/secure.gravatar.com\/avatar\/f4b2f4008b9a29d4584bcac804b285ce2bebcee8b616a60be83b4a9ded8963b7?s=96&d=mm&r=g","caption":"Kwaku Asante"},"url":"https:\/\/mfwa.org\/fr\/author\/kwaku\/"}]}},"authors":[{"term_id":515,"user_id":6,"is_guest":0,"slug":"kwaku","display_name":"Kwaku Asante","avatar_url":"https:\/\/secure.gravatar.com\/avatar\/f4b2f4008b9a29d4584bcac804b285ce2bebcee8b616a60be83b4a9ded8963b7?s=96&d=mm&r=g","0":null,"1":"","2":"","3":"","4":"","5":"","6":"","7":"","8":""}],"_links":{"self":[{"href":"https:\/\/mfwa.org\/fr\/wp-json\/wp\/v2\/posts\/28050","targetHints":{"allow":["GET"]}}],"collection":[{"href":"https:\/\/mfwa.org\/fr\/wp-json\/wp\/v2\/posts"}],"about":[{"href":"https:\/\/mfwa.org\/fr\/wp-json\/wp\/v2\/types\/post"}],"author":[{"embeddable":true,"href":"https:\/\/mfwa.org\/fr\/wp-json\/wp\/v2\/users\/6"}],"replies":[{"embeddable":true,"href":"https:\/\/mfwa.org\/fr\/wp-json\/wp\/v2\/comments?post=28050"}],"version-history":[{"count":1,"href":"https:\/\/mfwa.org\/fr\/wp-json\/wp\/v2\/posts\/28050\/revisions"}],"predecessor-version":[{"id":28051,"href":"https:\/\/mfwa.org\/fr\/wp-json\/wp\/v2\/posts\/28050\/revisions\/28051"}],"wp:featuredmedia":[{"embeddable":true,"href":"https:\/\/mfwa.org\/fr\/wp-json\/wp\/v2\/media\/28046"}],"wp:attachment":[{"href":"https:\/\/mfwa.org\/fr\/wp-json\/wp\/v2\/media?parent=28050"}],"wp:term":[{"taxonomy":"category","embeddable":true,"href":"https:\/\/mfwa.org\/fr\/wp-json\/wp\/v2\/categories?post=28050"},{"taxonomy":"post_tag","embeddable":true,"href":"https:\/\/mfwa.org\/fr\/wp-json\/wp\/v2\/tags?post=28050"},{"taxonomy":"country","embeddable":true,"href":"https:\/\/mfwa.org\/fr\/wp-json\/wp\/v2\/country?post=28050"},{"taxonomy":"staff-position","embeddable":true,"href":"https:\/\/mfwa.org\/fr\/wp-json\/wp\/v2\/staff-position?post=28050"},{"taxonomy":"opportunity-category","embeddable":true,"href":"https:\/\/mfwa.org\/fr\/wp-json\/wp\/v2\/opportunity-category?post=28050"},{"taxonomy":"author","embeddable":true,"href":"https:\/\/mfwa.org\/fr\/wp-json\/wp\/v2\/ppma_author?post=28050"}],"curies":[{"name":"wp","href":"https:\/\/api.w.org\/{rel}","templated":true}]}}