{"id":27647,"date":"2023-02-10T11:34:19","date_gmt":"2023-02-10T11:34:19","guid":{"rendered":"https:\/\/www.mfwa.org\/?p=27647"},"modified":"2023-02-13T09:02:42","modified_gmt":"2023-02-13T09:02:42","slug":"video-message-aux-media-a-loccasion-de-la-journee-mondiale-de-la-radio-2023","status":"publish","type":"post","link":"https:\/\/mfwa.org\/fr\/video-message-aux-media-a-loccasion-de-la-journee-mondiale-de-la-radio-2023\/","title":{"rendered":"VID\u00c9O : Message aux m\u00e9dias \u00e0 l&#8217;occasion de la Journ\u00e9e mondiale de la radio 2023"},"content":{"rendered":"<div class=\"gmail_default\" style=\"text-align: justify;\">\n<p>Le 13 f\u00e9vrier 2023 est la journ\u00e9e mondiale de la radio. Cette journ\u00e9e a \u00e9t\u00e9 consacr\u00e9e \u00e0 la c\u00e9l\u00e9bration de la contribution inestimable de la radio \u00e0 l&#8217;humanit\u00e9, au d\u00e9veloppement et \u00e0 la d\u00e9mocratie. En reconnaissance de la capacit\u00e9 de la radio \u00e0 instaurer l&#8217;harmonie et \u00e0 maintenir la paix face aux tensions et aux conflits, la c\u00e9l\u00e9bration de cette ann\u00e9e est ax\u00e9e sur le th\u00e8me \u00ab\u00a0<b>Radio et paix<\/b>\u00a0\u00bb.<\/p>\n<p>Le th\u00e8me de cette \u00e9dition est non seulement opportun, mais aussi r\u00e9v\u00e9lateur du r\u00f4le que la radio doit jouer en Afrique de l&#8217;Ouest face aux coups d&#8217;\u00c9tat militaires, au recul d\u00e9mocratique, aux conflits et \u00e0 la mont\u00e9e des tensions politiques.<\/p>\n<\/div>\n<div class=\"gmail_default\" style=\"text-align: justify;\"><\/div>\n<div class=\"gmail_default\" style=\"text-align: justify;\">\n<p>\u00c0 l&#8217;occasion de la Journ\u00e9e mondiale de la radio, la Fondation des m\u00e9dias pour l&#8217;Afrique de l&#8217;Ouest (MFWA) exhorte les professionnels des m\u00e9dias, les journalistes et les animateurs \u00e0 faire preuve de professionnalisme ainsi que d&#8217;\u00e9thique et \u00e0 veiller \u00e0 ce que leurs plateformes soient utilis\u00e9es pour propager l&#8217;unit\u00e9, la paix et le d\u00e9veloppement.<\/p>\n<p>Sulemana Braimah, directeur ex\u00e9cutif de la MFWA, a un message \u00e0 l&#8217;intention des m\u00e9dias d&#8217;Afrique de l&#8217;Ouest.<\/p>\n<p><iframe title=\"Journ\u00e9e mondiale de la radio 2023\" width=\"1290\" height=\"726\" src=\"https:\/\/www.youtube.com\/embed\/ZDfVG9vUbnA?feature=oembed\" frameborder=\"0\" allow=\"accelerometer; autoplay; clipboard-write; encrypted-media; gyroscope; picture-in-picture; web-share\" referrerpolicy=\"strict-origin-when-cross-origin\" allowfullscreen><\/iframe><\/p>\n<\/div>\n","protected":false},"excerpt":{"rendered":"<p>Le 13 f\u00e9vrier 2023 est la journ\u00e9e mondiale de la radio. Cette journ\u00e9e a \u00e9t\u00e9 consacr\u00e9e \u00e0 la<\/p>\n","protected":false},"author":6,"featured_media":27709,"comment_status":"closed","ping_status":"closed","sticky":false,"template":"","format":"standard","meta":{"footnotes":""},"categories":[331],"tags":[],"country":[330],"staff-position":[],"opportunity-category":[],"ppma_author":[515],"class_list":["post-27647","post","type-post","status-publish","format-standard","has-post-thumbnail","hentry","category-medias-et-bonne-gouvernance","country-afrique-de-louest"],"yoast_head":"<!-- This site is optimized with the Yoast SEO plugin v27.4 - https:\/\/yoast.com\/product\/yoast-seo-wordpress\/ -->\n<title>VID\u00c9O : Message aux m\u00e9dias \u00e0 l&#039;occasion de la Journ\u00e9e mondiale de la radio 2023<\/title>\n<meta name=\"description\" content=\"Le 13 f\u00e9vrier 2023 est la journ\u00e9e mondiale de la radio. Cette journ\u00e9e a \u00e9t\u00e9 consacr\u00e9e \u00e0 la c\u00e9l\u00e9bration de la contribution inestimable de la radio \u00e0 l&#039;humanit\u00e9, au d\u00e9veloppement et \u00e0 la d\u00e9mocratie.\" \/>\n<meta name=\"robots\" content=\"index, follow, max-snippet:-1, max-image-preview:large, max-video-preview:-1\" \/>\n<link rel=\"canonical\" href=\"https:\/\/mfwa.org\/fr\/video-message-aux-media-a-loccasion-de-la-journee-mondiale-de-la-radio-2023\/\" \/>\n<meta property=\"og:locale\" content=\"fr_FR\" \/>\n<meta property=\"og:type\" content=\"article\" \/>\n<meta property=\"og:title\" content=\"VID\u00c9O : Message aux m\u00e9dias \u00e0 l&#039;occasion de la Journ\u00e9e mondiale de la radio 2023\" \/>\n<meta property=\"og:description\" content=\"Le 13 f\u00e9vrier 2023 est la journ\u00e9e mondiale de la radio. Cette journ\u00e9e a \u00e9t\u00e9 consacr\u00e9e \u00e0 la c\u00e9l\u00e9bration de la contribution inestimable de la radio \u00e0 l&#039;humanit\u00e9, au d\u00e9veloppement et \u00e0 la d\u00e9mocratie.\" \/>\n<meta property=\"og:url\" content=\"https:\/\/mfwa.org\/fr\/video-message-aux-media-a-loccasion-de-la-journee-mondiale-de-la-radio-2023\/\" \/>\n<meta property=\"og:site_name\" content=\"Media Foundation For West Africa\" \/>\n<meta property=\"article:publisher\" content=\"https:\/\/www.facebook.com\/themfwa\" \/>\n<meta property=\"article:published_time\" content=\"2023-02-10T11:34:19+00:00\" \/>\n<meta property=\"article:modified_time\" content=\"2023-02-13T09:02:42+00:00\" \/>\n<meta property=\"og:image\" content=\"https:\/\/mfwa.org\/wp-content\/uploads\/2023\/02\/radio2.jpg\" \/>\n\t<meta property=\"og:image:width\" content=\"495\" \/>\n\t<meta property=\"og:image:height\" content=\"346\" \/>\n\t<meta property=\"og:image:type\" content=\"image\/jpeg\" \/>\n<meta name=\"author\" content=\"Kwaku Asante\" \/>\n<meta name=\"twitter:card\" content=\"summary_large_image\" \/>\n<meta name=\"twitter:creator\" content=\"@TheMFWA\" \/>\n<meta name=\"twitter:site\" content=\"@TheMFWA\" \/>\n<meta name=\"twitter:label1\" content=\"Written by\" \/>\n\t<meta name=\"twitter:data1\" content=\"Kwaku Asante\" \/>\n\t<meta name=\"twitter:label2\" content=\"Est. reading time\" \/>\n\t<meta name=\"twitter:data2\" content=\"1 minute\" \/>\n<script type=\"application\/ld+json\" class=\"yoast-schema-graph\">{\"@context\":\"https:\\\/\\\/schema.org\",\"@graph\":[{\"@type\":\"Article\",\"@id\":\"https:\\\/\\\/mfwa.org\\\/fr\\\/video-message-aux-media-a-loccasion-de-la-journee-mondiale-de-la-radio-2023\\\/#article\",\"isPartOf\":{\"@id\":\"https:\\\/\\\/mfwa.org\\\/fr\\\/video-message-aux-media-a-loccasion-de-la-journee-mondiale-de-la-radio-2023\\\/\"},\"author\":{\"name\":\"Kwaku Asante\",\"@id\":\"https:\\\/\\\/mfwa.org\\\/#\\\/schema\\\/person\\\/8e2c73d54ab8d90699e634b53256680f\"},\"headline\":\"VID\u00c9O : Message aux m\u00e9dias \u00e0 l&#8217;occasion de la Journ\u00e9e mondiale de la radio 2023\",\"datePublished\":\"2023-02-10T11:34:19+00:00\",\"dateModified\":\"2023-02-13T09:02:42+00:00\",\"mainEntityOfPage\":{\"@id\":\"https:\\\/\\\/mfwa.org\\\/fr\\\/video-message-aux-media-a-loccasion-de-la-journee-mondiale-de-la-radio-2023\\\/\"},\"wordCount\":229,\"publisher\":{\"@id\":\"https:\\\/\\\/mfwa.org\\\/#organization\"},\"image\":{\"@id\":\"https:\\\/\\\/mfwa.org\\\/fr\\\/video-message-aux-media-a-loccasion-de-la-journee-mondiale-de-la-radio-2023\\\/#primaryimage\"},\"thumbnailUrl\":\"https:\\\/\\\/mfwa.org\\\/wp-content\\\/uploads\\\/2023\\\/02\\\/radio2.jpg\",\"articleSection\":[\"M\u00e9dias et Bonne Gouvernance\"],\"inLanguage\":\"fr-FR\"},{\"@type\":\"WebPage\",\"@id\":\"https:\\\/\\\/mfwa.org\\\/fr\\\/video-message-aux-media-a-loccasion-de-la-journee-mondiale-de-la-radio-2023\\\/\",\"url\":\"https:\\\/\\\/mfwa.org\\\/fr\\\/video-message-aux-media-a-loccasion-de-la-journee-mondiale-de-la-radio-2023\\\/\",\"name\":\"VID\u00c9O : Message aux m\u00e9dias \u00e0 l'occasion de la Journ\u00e9e mondiale de la radio 2023\",\"isPartOf\":{\"@id\":\"https:\\\/\\\/mfwa.org\\\/#website\"},\"primaryImageOfPage\":{\"@id\":\"https:\\\/\\\/mfwa.org\\\/fr\\\/video-message-aux-media-a-loccasion-de-la-journee-mondiale-de-la-radio-2023\\\/#primaryimage\"},\"image\":{\"@id\":\"https:\\\/\\\/mfwa.org\\\/fr\\\/video-message-aux-media-a-loccasion-de-la-journee-mondiale-de-la-radio-2023\\\/#primaryimage\"},\"thumbnailUrl\":\"https:\\\/\\\/mfwa.org\\\/wp-content\\\/uploads\\\/2023\\\/02\\\/radio2.jpg\",\"datePublished\":\"2023-02-10T11:34:19+00:00\",\"dateModified\":\"2023-02-13T09:02:42+00:00\",\"description\":\"Le 13 f\u00e9vrier 2023 est la journ\u00e9e mondiale de la radio. Cette journ\u00e9e a \u00e9t\u00e9 consacr\u00e9e \u00e0 la c\u00e9l\u00e9bration de la contribution inestimable de la radio \u00e0 l'humanit\u00e9, au d\u00e9veloppement et \u00e0 la d\u00e9mocratie.\",\"breadcrumb\":{\"@id\":\"https:\\\/\\\/mfwa.org\\\/fr\\\/video-message-aux-media-a-loccasion-de-la-journee-mondiale-de-la-radio-2023\\\/#breadcrumb\"},\"inLanguage\":\"fr-FR\",\"potentialAction\":[{\"@type\":\"ReadAction\",\"target\":[\"https:\\\/\\\/mfwa.org\\\/fr\\\/video-message-aux-media-a-loccasion-de-la-journee-mondiale-de-la-radio-2023\\\/\"]}]},{\"@type\":\"ImageObject\",\"inLanguage\":\"fr-FR\",\"@id\":\"https:\\\/\\\/mfwa.org\\\/fr\\\/video-message-aux-media-a-loccasion-de-la-journee-mondiale-de-la-radio-2023\\\/#primaryimage\",\"url\":\"https:\\\/\\\/mfwa.org\\\/wp-content\\\/uploads\\\/2023\\\/02\\\/radio2.jpg\",\"contentUrl\":\"https:\\\/\\\/mfwa.org\\\/wp-content\\\/uploads\\\/2023\\\/02\\\/radio2.jpg\",\"width\":495,\"height\":346,\"caption\":\"Close up slightly desaturated color photo of a vintage green portable radio sitting on a wood table.\"},{\"@type\":\"BreadcrumbList\",\"@id\":\"https:\\\/\\\/mfwa.org\\\/fr\\\/video-message-aux-media-a-loccasion-de-la-journee-mondiale-de-la-radio-2023\\\/#breadcrumb\",\"itemListElement\":[{\"@type\":\"ListItem\",\"position\":1,\"name\":\"Home\",\"item\":\"https:\\\/\\\/mfwa.org\\\/fr\\\/\"},{\"@type\":\"ListItem\",\"position\":2,\"name\":\"VID\u00c9O : Message aux m\u00e9dias \u00e0 l&#8217;occasion de la Journ\u00e9e mondiale de la radio 2023\"}]},{\"@type\":\"WebSite\",\"@id\":\"https:\\\/\\\/mfwa.org\\\/#website\",\"url\":\"https:\\\/\\\/mfwa.org\\\/\",\"name\":\"Media Foundation For West Africa\",\"description\":\"Promoting Freedom of Expression and Democracy in West Africa\",\"publisher\":{\"@id\":\"https:\\\/\\\/mfwa.org\\\/#organization\"},\"potentialAction\":[{\"@type\":\"SearchAction\",\"target\":{\"@type\":\"EntryPoint\",\"urlTemplate\":\"https:\\\/\\\/mfwa.org\\\/?s={search_term_string}\"},\"query-input\":{\"@type\":\"PropertyValueSpecification\",\"valueRequired\":true,\"valueName\":\"search_term_string\"}}],\"inLanguage\":\"fr-FR\"},{\"@type\":\"Organization\",\"@id\":\"https:\\\/\\\/mfwa.org\\\/#organization\",\"name\":\"Media Foundation for West Africa\",\"url\":\"https:\\\/\\\/mfwa.org\\\/\",\"logo\":{\"@type\":\"ImageObject\",\"inLanguage\":\"fr-FR\",\"@id\":\"https:\\\/\\\/mfwa.org\\\/#\\\/schema\\\/logo\\\/image\\\/\",\"url\":\"https:\\\/\\\/www.mfwa.org\\\/wp-content\\\/uploads\\\/2016\\\/06\\\/MFWA-LOGO.png\",\"contentUrl\":\"https:\\\/\\\/www.mfwa.org\\\/wp-content\\\/uploads\\\/2016\\\/06\\\/MFWA-LOGO.png\",\"width\":180,\"height\":180,\"caption\":\"Media Foundation for West Africa\"},\"image\":{\"@id\":\"https:\\\/\\\/mfwa.org\\\/#\\\/schema\\\/logo\\\/image\\\/\"},\"sameAs\":[\"https:\\\/\\\/www.facebook.com\\\/themfwa\",\"https:\\\/\\\/x.com\\\/TheMFWA\",\"https:\\\/\\\/www.youtube.com\\\/channel\\\/UCF6HrPuXcV1K1Ed8AAq4Rdw\"]},{\"@type\":\"Person\",\"@id\":\"https:\\\/\\\/mfwa.org\\\/#\\\/schema\\\/person\\\/8e2c73d54ab8d90699e634b53256680f\",\"name\":\"Kwaku Asante\",\"image\":{\"@type\":\"ImageObject\",\"inLanguage\":\"fr-FR\",\"@id\":\"https:\\\/\\\/secure.gravatar.com\\\/avatar\\\/f4b2f4008b9a29d4584bcac804b285ce2bebcee8b616a60be83b4a9ded8963b7?s=96&d=mm&r=g3fc24910de2fac178dc652a6771c3785\",\"url\":\"https:\\\/\\\/secure.gravatar.com\\\/avatar\\\/f4b2f4008b9a29d4584bcac804b285ce2bebcee8b616a60be83b4a9ded8963b7?s=96&d=mm&r=g\",\"contentUrl\":\"https:\\\/\\\/secure.gravatar.com\\\/avatar\\\/f4b2f4008b9a29d4584bcac804b285ce2bebcee8b616a60be83b4a9ded8963b7?s=96&d=mm&r=g\",\"caption\":\"Kwaku Asante\"},\"url\":\"https:\\\/\\\/mfwa.org\\\/fr\\\/author\\\/kwaku\\\/\"}]}<\/script>\n<!-- \/ Yoast SEO plugin. -->","yoast_head_json":{"title":"VID\u00c9O : Message aux m\u00e9dias \u00e0 l'occasion de la Journ\u00e9e mondiale de la radio 2023","description":"Le 13 f\u00e9vrier 2023 est la journ\u00e9e mondiale de la radio. Cette journ\u00e9e a \u00e9t\u00e9 consacr\u00e9e \u00e0 la c\u00e9l\u00e9bration de la contribution inestimable de la radio \u00e0 l'humanit\u00e9, au d\u00e9veloppement et \u00e0 la d\u00e9mocratie.","robots":{"index":"index","follow":"follow","max-snippet":"max-snippet:-1","max-image-preview":"max-image-preview:large","max-video-preview":"max-video-preview:-1"},"canonical":"https:\/\/mfwa.org\/fr\/video-message-aux-media-a-loccasion-de-la-journee-mondiale-de-la-radio-2023\/","og_locale":"fr_FR","og_type":"article","og_title":"VID\u00c9O : Message aux m\u00e9dias \u00e0 l'occasion de la Journ\u00e9e mondiale de la radio 2023","og_description":"Le 13 f\u00e9vrier 2023 est la journ\u00e9e mondiale de la radio. Cette journ\u00e9e a \u00e9t\u00e9 consacr\u00e9e \u00e0 la c\u00e9l\u00e9bration de la contribution inestimable de la radio \u00e0 l'humanit\u00e9, au d\u00e9veloppement et \u00e0 la d\u00e9mocratie.","og_url":"https:\/\/mfwa.org\/fr\/video-message-aux-media-a-loccasion-de-la-journee-mondiale-de-la-radio-2023\/","og_site_name":"Media Foundation For West Africa","article_publisher":"https:\/\/www.facebook.com\/themfwa","article_published_time":"2023-02-10T11:34:19+00:00","article_modified_time":"2023-02-13T09:02:42+00:00","og_image":[{"width":495,"height":346,"url":"https:\/\/mfwa.org\/wp-content\/uploads\/2023\/02\/radio2.jpg","type":"image\/jpeg"}],"author":"Kwaku Asante","twitter_card":"summary_large_image","twitter_creator":"@TheMFWA","twitter_site":"@TheMFWA","twitter_misc":{"Written by":"Kwaku Asante","Est. reading time":"1 minute"},"schema":{"@context":"https:\/\/schema.org","@graph":[{"@type":"Article","@id":"https:\/\/mfwa.org\/fr\/video-message-aux-media-a-loccasion-de-la-journee-mondiale-de-la-radio-2023\/#article","isPartOf":{"@id":"https:\/\/mfwa.org\/fr\/video-message-aux-media-a-loccasion-de-la-journee-mondiale-de-la-radio-2023\/"},"author":{"name":"Kwaku Asante","@id":"https:\/\/mfwa.org\/#\/schema\/person\/8e2c73d54ab8d90699e634b53256680f"},"headline":"VID\u00c9O : Message aux m\u00e9dias \u00e0 l&#8217;occasion de la Journ\u00e9e mondiale de la radio 2023","datePublished":"2023-02-10T11:34:19+00:00","dateModified":"2023-02-13T09:02:42+00:00","mainEntityOfPage":{"@id":"https:\/\/mfwa.org\/fr\/video-message-aux-media-a-loccasion-de-la-journee-mondiale-de-la-radio-2023\/"},"wordCount":229,"publisher":{"@id":"https:\/\/mfwa.org\/#organization"},"image":{"@id":"https:\/\/mfwa.org\/fr\/video-message-aux-media-a-loccasion-de-la-journee-mondiale-de-la-radio-2023\/#primaryimage"},"thumbnailUrl":"https:\/\/mfwa.org\/wp-content\/uploads\/2023\/02\/radio2.jpg","articleSection":["M\u00e9dias et Bonne Gouvernance"],"inLanguage":"fr-FR"},{"@type":"WebPage","@id":"https:\/\/mfwa.org\/fr\/video-message-aux-media-a-loccasion-de-la-journee-mondiale-de-la-radio-2023\/","url":"https:\/\/mfwa.org\/fr\/video-message-aux-media-a-loccasion-de-la-journee-mondiale-de-la-radio-2023\/","name":"VID\u00c9O : Message aux m\u00e9dias \u00e0 l'occasion de la Journ\u00e9e mondiale de la radio 2023","isPartOf":{"@id":"https:\/\/mfwa.org\/#website"},"primaryImageOfPage":{"@id":"https:\/\/mfwa.org\/fr\/video-message-aux-media-a-loccasion-de-la-journee-mondiale-de-la-radio-2023\/#primaryimage"},"image":{"@id":"https:\/\/mfwa.org\/fr\/video-message-aux-media-a-loccasion-de-la-journee-mondiale-de-la-radio-2023\/#primaryimage"},"thumbnailUrl":"https:\/\/mfwa.org\/wp-content\/uploads\/2023\/02\/radio2.jpg","datePublished":"2023-02-10T11:34:19+00:00","dateModified":"2023-02-13T09:02:42+00:00","description":"Le 13 f\u00e9vrier 2023 est la journ\u00e9e mondiale de la radio. Cette journ\u00e9e a \u00e9t\u00e9 consacr\u00e9e \u00e0 la c\u00e9l\u00e9bration de la contribution inestimable de la radio \u00e0 l'humanit\u00e9, au d\u00e9veloppement et \u00e0 la d\u00e9mocratie.","breadcrumb":{"@id":"https:\/\/mfwa.org\/fr\/video-message-aux-media-a-loccasion-de-la-journee-mondiale-de-la-radio-2023\/#breadcrumb"},"inLanguage":"fr-FR","potentialAction":[{"@type":"ReadAction","target":["https:\/\/mfwa.org\/fr\/video-message-aux-media-a-loccasion-de-la-journee-mondiale-de-la-radio-2023\/"]}]},{"@type":"ImageObject","inLanguage":"fr-FR","@id":"https:\/\/mfwa.org\/fr\/video-message-aux-media-a-loccasion-de-la-journee-mondiale-de-la-radio-2023\/#primaryimage","url":"https:\/\/mfwa.org\/wp-content\/uploads\/2023\/02\/radio2.jpg","contentUrl":"https:\/\/mfwa.org\/wp-content\/uploads\/2023\/02\/radio2.jpg","width":495,"height":346,"caption":"Close up slightly desaturated color photo of a vintage green portable radio sitting on a wood table."},{"@type":"BreadcrumbList","@id":"https:\/\/mfwa.org\/fr\/video-message-aux-media-a-loccasion-de-la-journee-mondiale-de-la-radio-2023\/#breadcrumb","itemListElement":[{"@type":"ListItem","position":1,"name":"Home","item":"https:\/\/mfwa.org\/fr\/"},{"@type":"ListItem","position":2,"name":"VID\u00c9O : Message aux m\u00e9dias \u00e0 l&#8217;occasion de la Journ\u00e9e mondiale de la radio 2023"}]},{"@type":"WebSite","@id":"https:\/\/mfwa.org\/#website","url":"https:\/\/mfwa.org\/","name":"Media Foundation For West Africa","description":"Promoting Freedom of Expression and Democracy in West Africa","publisher":{"@id":"https:\/\/mfwa.org\/#organization"},"potentialAction":[{"@type":"SearchAction","target":{"@type":"EntryPoint","urlTemplate":"https:\/\/mfwa.org\/?s={search_term_string}"},"query-input":{"@type":"PropertyValueSpecification","valueRequired":true,"valueName":"search_term_string"}}],"inLanguage":"fr-FR"},{"@type":"Organization","@id":"https:\/\/mfwa.org\/#organization","name":"Media Foundation for West Africa","url":"https:\/\/mfwa.org\/","logo":{"@type":"ImageObject","inLanguage":"fr-FR","@id":"https:\/\/mfwa.org\/#\/schema\/logo\/image\/","url":"https:\/\/www.mfwa.org\/wp-content\/uploads\/2016\/06\/MFWA-LOGO.png","contentUrl":"https:\/\/www.mfwa.org\/wp-content\/uploads\/2016\/06\/MFWA-LOGO.png","width":180,"height":180,"caption":"Media Foundation for West Africa"},"image":{"@id":"https:\/\/mfwa.org\/#\/schema\/logo\/image\/"},"sameAs":["https:\/\/www.facebook.com\/themfwa","https:\/\/x.com\/TheMFWA","https:\/\/www.youtube.com\/channel\/UCF6HrPuXcV1K1Ed8AAq4Rdw"]},{"@type":"Person","@id":"https:\/\/mfwa.org\/#\/schema\/person\/8e2c73d54ab8d90699e634b53256680f","name":"Kwaku Asante","image":{"@type":"ImageObject","inLanguage":"fr-FR","@id":"https:\/\/secure.gravatar.com\/avatar\/f4b2f4008b9a29d4584bcac804b285ce2bebcee8b616a60be83b4a9ded8963b7?s=96&d=mm&r=g3fc24910de2fac178dc652a6771c3785","url":"https:\/\/secure.gravatar.com\/avatar\/f4b2f4008b9a29d4584bcac804b285ce2bebcee8b616a60be83b4a9ded8963b7?s=96&d=mm&r=g","contentUrl":"https:\/\/secure.gravatar.com\/avatar\/f4b2f4008b9a29d4584bcac804b285ce2bebcee8b616a60be83b4a9ded8963b7?s=96&d=mm&r=g","caption":"Kwaku Asante"},"url":"https:\/\/mfwa.org\/fr\/author\/kwaku\/"}]}},"authors":[{"term_id":515,"user_id":6,"is_guest":0,"slug":"kwaku","display_name":"Kwaku Asante","avatar_url":"https:\/\/secure.gravatar.com\/avatar\/f4b2f4008b9a29d4584bcac804b285ce2bebcee8b616a60be83b4a9ded8963b7?s=96&d=mm&r=g","0":null,"1":"","2":"","3":"","4":"","5":"","6":"","7":"","8":""}],"_links":{"self":[{"href":"https:\/\/mfwa.org\/fr\/wp-json\/wp\/v2\/posts\/27647","targetHints":{"allow":["GET"]}}],"collection":[{"href":"https:\/\/mfwa.org\/fr\/wp-json\/wp\/v2\/posts"}],"about":[{"href":"https:\/\/mfwa.org\/fr\/wp-json\/wp\/v2\/types\/post"}],"author":[{"embeddable":true,"href":"https:\/\/mfwa.org\/fr\/wp-json\/wp\/v2\/users\/6"}],"replies":[{"embeddable":true,"href":"https:\/\/mfwa.org\/fr\/wp-json\/wp\/v2\/comments?post=27647"}],"version-history":[{"count":2,"href":"https:\/\/mfwa.org\/fr\/wp-json\/wp\/v2\/posts\/27647\/revisions"}],"predecessor-version":[{"id":27649,"href":"https:\/\/mfwa.org\/fr\/wp-json\/wp\/v2\/posts\/27647\/revisions\/27649"}],"wp:featuredmedia":[{"embeddable":true,"href":"https:\/\/mfwa.org\/fr\/wp-json\/wp\/v2\/media\/27709"}],"wp:attachment":[{"href":"https:\/\/mfwa.org\/fr\/wp-json\/wp\/v2\/media?parent=27647"}],"wp:term":[{"taxonomy":"category","embeddable":true,"href":"https:\/\/mfwa.org\/fr\/wp-json\/wp\/v2\/categories?post=27647"},{"taxonomy":"post_tag","embeddable":true,"href":"https:\/\/mfwa.org\/fr\/wp-json\/wp\/v2\/tags?post=27647"},{"taxonomy":"country","embeddable":true,"href":"https:\/\/mfwa.org\/fr\/wp-json\/wp\/v2\/country?post=27647"},{"taxonomy":"staff-position","embeddable":true,"href":"https:\/\/mfwa.org\/fr\/wp-json\/wp\/v2\/staff-position?post=27647"},{"taxonomy":"opportunity-category","embeddable":true,"href":"https:\/\/mfwa.org\/fr\/wp-json\/wp\/v2\/opportunity-category?post=27647"},{"taxonomy":"author","embeddable":true,"href":"https:\/\/mfwa.org\/fr\/wp-json\/wp\/v2\/ppma_author?post=27647"}],"curies":[{"name":"wp","href":"https:\/\/api.w.org\/{rel}","templated":true}]}}