{"id":23789,"date":"2021-09-06T13:41:28","date_gmt":"2021-09-06T13:41:28","guid":{"rendered":"https:\/\/www.mfwa.org\/?p=23789"},"modified":"2021-09-17T12:31:03","modified_gmt":"2021-09-17T12:31:03","slug":"nouvelle-date-wameca-2021-prevue-pour-le-22-octobre","status":"publish","type":"post","link":"https:\/\/mfwa.org\/fr\/nouvelle-date-wameca-2021-prevue-pour-le-22-octobre\/","title":{"rendered":"Nouvelle Date : WAMECA 2021 pr\u00e9vue pour le 22 Octobre"},"content":{"rendered":"<p style=\"text-align: justify;\">La MFWA reporte l\u2019\u00e9dition 2021 de la Conf\u00e9rence et les Prix d\u2019excellence des M\u00e9dias d\u2019Afrique de l\u2019Ouest \u00e0 la date unique du <strong><u>Vendredi 22 Octobre 2021<\/u><\/strong>. Par cons\u00e9quent, la conf\u00e9rence et la c\u00e9r\u00e9monie de remise de prix d\u2019excellence se d\u00e9rouleront le m\u00eame jour (contrairement aux deux jours, pr\u00e9c\u00e9demment communiqu\u00e9).<\/p>\n<p style=\"text-align: justify;\">La WAMECA 2021, se tiendra \u00e0\u00a0<strong>Accra, Ghana \u00e0 l\u2019h\u00f4tel Alisa <\/strong>sur le th\u00e8me :\u00a0<strong>D\u00e9sinformation, R\u00e9glementation des\u00a0M\u00e9dias Num\u00e9riques et Journalisme en Afrique<\/strong>.<\/p>\n<p style=\"text-align: justify;\">Cet \u00e9v\u00e8nement, qui sera hybride (virtuel et en pr\u00e9sentiel), accueillera des journalistes, des r\u00e9dacteurs en chef, des experts en d\u00e9veloppement des m\u00e9dias, des universitaires, des repr\u00e9sentants du secteur public, des organisations de la soci\u00e9t\u00e9 civile ainsi que d\u2019autres organisations r\u00e9gionales et internationales.<\/p>\n<p style=\"text-align: justify;\">La conf\u00e9rence sera ax\u00e9e sur la mani\u00e8re dont la vague croissante de d\u00e9sinformation et la r\u00e8glementation des m\u00e9dias en Afrique affectent le journalisme et la libert\u00e9 de la presse. Ce sera l\u2019occasion pour une s\u00e9ance de remue-m\u00e9ninges et de formulation de recommandations cl\u00e9s par les participants.<\/p>\n<p style=\"text-align: justify;\">La c\u00e9r\u00e9monie de remise de prix rendra hommage aux journalistes d\u2019Afrique de l\u2019Ouest qui auront produit des articles de presse percutants ayant un impact positif sur la vie des populations.<\/p>\n<p style=\"text-align: justify;\">La WAMECA est une initiative de la MFWA visant \u00e0 promouvoir l\u2019excellence des m\u00e9dias dans la sous-r\u00e9gion. Depuis sa cr\u00e9ation, l&#8217;\u00e9v\u00e9nement rassemble chaque ann\u00e9e les parties prenantes de l&#8217;industrie des m\u00e9dias en Afrique de l&#8217;Ouest et au-del\u00e0, afin de r\u00e9fl\u00e9chir aux principaux d\u00e9fis du d\u00e9veloppement des m\u00e9dias et d&#8217;explorer les moyens de soutenir les m\u00e9dias en vue de promouvoir la bonne gouvernance, l&#8217;int\u00e9gration r\u00e9gionale et la paix.<\/p>\n<p style=\"text-align: justify;\">Cette ann\u00e9e, l&#8217;\u00e9v\u00e9nement b\u00e9n\u00e9ficie du soutien de l&#8217;ambassade des \u00c9tats-Unis au Ghana, de MTN Ghana et de STANBIC Bank Ghana, avec le partenariat de plus de 50 m\u00e9dias de la sous-r\u00e9gion.<\/p>\n<p style=\"text-align: justify;\">Pri\u00e8re de Visiter\u00a0<a href=\"https:\/\/www.mfwa.org\/wameca\/\">https:\/\/www.mfwa.org\/wameca\/<\/a>\u00a0pour davantage d\u2019informations sur la WAMECA 2021.<\/p>\n<p style=\"text-align: justify;\">Veuillez cliquer\u00a0<a href=\"https:\/\/www.mfwa.org\/wameca\/register-to-participate\/\">ici<\/a>\u00a0pour vous participer \u00e0 l\u2019\u00e9v\u00e8nement.<\/p>\n","protected":false},"excerpt":{"rendered":"<p>La MFWA reporte l\u2019\u00e9dition 2021 de la Conf\u00e9rence et les Prix d\u2019excellence des M\u00e9dias d\u2019Afrique de l\u2019Ouest \u00e0<\/p>\n","protected":false},"author":6,"featured_media":23750,"comment_status":"closed","ping_status":"closed","sticky":false,"template":"","format":"standard","meta":{"footnotes":""},"categories":[316],"tags":[],"country":[330],"staff-position":[],"opportunity-category":[],"ppma_author":[515],"class_list":["post-23789","post","type-post","status-publish","format-standard","has-post-thumbnail","hentry","category-developpement-professionel-des-medias","country-afrique-de-louest"],"yoast_head":"<!-- This site is optimized with the Yoast SEO plugin v27.4 - https:\/\/yoast.com\/product\/yoast-seo-wordpress\/ -->\n<title>Nouvelle Date : WAMECA 2021 pr\u00e9vue pour le 22 Octobre - Media Foundation For West Africa<\/title>\n<meta name=\"robots\" content=\"index, follow, max-snippet:-1, max-image-preview:large, max-video-preview:-1\" \/>\n<link rel=\"canonical\" href=\"https:\/\/mfwa.org\/fr\/nouvelle-date-wameca-2021-prevue-pour-le-22-octobre\/\" \/>\n<meta property=\"og:locale\" content=\"fr_FR\" \/>\n<meta property=\"og:type\" content=\"article\" \/>\n<meta property=\"og:title\" content=\"Nouvelle Date : WAMECA 2021 pr\u00e9vue pour le 22 Octobre - Media Foundation For West Africa\" \/>\n<meta property=\"og:description\" content=\"La MFWA reporte l\u2019\u00e9dition 2021 de la Conf\u00e9rence et les Prix d\u2019excellence des M\u00e9dias d\u2019Afrique de l\u2019Ouest \u00e0\" \/>\n<meta property=\"og:url\" content=\"https:\/\/mfwa.org\/fr\/nouvelle-date-wameca-2021-prevue-pour-le-22-octobre\/\" \/>\n<meta property=\"og:site_name\" content=\"Media Foundation For West Africa\" \/>\n<meta property=\"article:publisher\" content=\"https:\/\/www.facebook.com\/themfwa\" \/>\n<meta property=\"article:published_time\" content=\"2021-09-06T13:41:28+00:00\" \/>\n<meta property=\"article:modified_time\" content=\"2021-09-17T12:31:03+00:00\" \/>\n<meta property=\"og:image\" content=\"https:\/\/mfwa.org\/wp-content\/uploads\/2021\/09\/WAMECA-2021-logo-for-web-01-750x536-1.jpg\" \/>\n\t<meta property=\"og:image:width\" content=\"750\" \/>\n\t<meta property=\"og:image:height\" content=\"536\" \/>\n\t<meta property=\"og:image:type\" content=\"image\/jpeg\" \/>\n<meta name=\"author\" content=\"Kwaku Asante\" \/>\n<meta name=\"twitter:card\" content=\"summary_large_image\" \/>\n<meta name=\"twitter:creator\" content=\"@TheMFWA\" \/>\n<meta name=\"twitter:site\" content=\"@TheMFWA\" \/>\n<meta name=\"twitter:label1\" content=\"Written by\" \/>\n\t<meta name=\"twitter:data1\" content=\"Kwaku Asante\" \/>\n\t<meta name=\"twitter:label2\" content=\"Est. reading time\" \/>\n\t<meta name=\"twitter:data2\" content=\"2 minutes\" \/>\n<script type=\"application\/ld+json\" class=\"yoast-schema-graph\">{\"@context\":\"https:\\\/\\\/schema.org\",\"@graph\":[{\"@type\":\"Article\",\"@id\":\"https:\\\/\\\/mfwa.org\\\/fr\\\/nouvelle-date-wameca-2021-prevue-pour-le-22-octobre\\\/#article\",\"isPartOf\":{\"@id\":\"https:\\\/\\\/mfwa.org\\\/fr\\\/nouvelle-date-wameca-2021-prevue-pour-le-22-octobre\\\/\"},\"author\":{\"name\":\"Kwaku Asante\",\"@id\":\"https:\\\/\\\/mfwa.org\\\/#\\\/schema\\\/person\\\/8e2c73d54ab8d90699e634b53256680f\"},\"headline\":\"Nouvelle Date : WAMECA 2021 pr\u00e9vue pour le 22 Octobre\",\"datePublished\":\"2021-09-06T13:41:28+00:00\",\"dateModified\":\"2021-09-17T12:31:03+00:00\",\"mainEntityOfPage\":{\"@id\":\"https:\\\/\\\/mfwa.org\\\/fr\\\/nouvelle-date-wameca-2021-prevue-pour-le-22-octobre\\\/\"},\"wordCount\":385,\"publisher\":{\"@id\":\"https:\\\/\\\/mfwa.org\\\/#organization\"},\"image\":{\"@id\":\"https:\\\/\\\/mfwa.org\\\/fr\\\/nouvelle-date-wameca-2021-prevue-pour-le-22-octobre\\\/#primaryimage\"},\"thumbnailUrl\":\"https:\\\/\\\/mfwa.org\\\/wp-content\\\/uploads\\\/2021\\\/09\\\/WAMECA-2021-logo-for-web-01-750x536-1.jpg\",\"articleSection\":[\"D\u00e9veloppement Professionel des M\u00e9dias\"],\"inLanguage\":\"fr-FR\"},{\"@type\":\"WebPage\",\"@id\":\"https:\\\/\\\/mfwa.org\\\/fr\\\/nouvelle-date-wameca-2021-prevue-pour-le-22-octobre\\\/\",\"url\":\"https:\\\/\\\/mfwa.org\\\/fr\\\/nouvelle-date-wameca-2021-prevue-pour-le-22-octobre\\\/\",\"name\":\"Nouvelle Date : WAMECA 2021 pr\u00e9vue pour le 22 Octobre - Media Foundation For West Africa\",\"isPartOf\":{\"@id\":\"https:\\\/\\\/mfwa.org\\\/#website\"},\"primaryImageOfPage\":{\"@id\":\"https:\\\/\\\/mfwa.org\\\/fr\\\/nouvelle-date-wameca-2021-prevue-pour-le-22-octobre\\\/#primaryimage\"},\"image\":{\"@id\":\"https:\\\/\\\/mfwa.org\\\/fr\\\/nouvelle-date-wameca-2021-prevue-pour-le-22-octobre\\\/#primaryimage\"},\"thumbnailUrl\":\"https:\\\/\\\/mfwa.org\\\/wp-content\\\/uploads\\\/2021\\\/09\\\/WAMECA-2021-logo-for-web-01-750x536-1.jpg\",\"datePublished\":\"2021-09-06T13:41:28+00:00\",\"dateModified\":\"2021-09-17T12:31:03+00:00\",\"breadcrumb\":{\"@id\":\"https:\\\/\\\/mfwa.org\\\/fr\\\/nouvelle-date-wameca-2021-prevue-pour-le-22-octobre\\\/#breadcrumb\"},\"inLanguage\":\"fr-FR\",\"potentialAction\":[{\"@type\":\"ReadAction\",\"target\":[\"https:\\\/\\\/mfwa.org\\\/fr\\\/nouvelle-date-wameca-2021-prevue-pour-le-22-octobre\\\/\"]}]},{\"@type\":\"ImageObject\",\"inLanguage\":\"fr-FR\",\"@id\":\"https:\\\/\\\/mfwa.org\\\/fr\\\/nouvelle-date-wameca-2021-prevue-pour-le-22-octobre\\\/#primaryimage\",\"url\":\"https:\\\/\\\/mfwa.org\\\/wp-content\\\/uploads\\\/2021\\\/09\\\/WAMECA-2021-logo-for-web-01-750x536-1.jpg\",\"contentUrl\":\"https:\\\/\\\/mfwa.org\\\/wp-content\\\/uploads\\\/2021\\\/09\\\/WAMECA-2021-logo-for-web-01-750x536-1.jpg\",\"width\":750,\"height\":536},{\"@type\":\"BreadcrumbList\",\"@id\":\"https:\\\/\\\/mfwa.org\\\/fr\\\/nouvelle-date-wameca-2021-prevue-pour-le-22-octobre\\\/#breadcrumb\",\"itemListElement\":[{\"@type\":\"ListItem\",\"position\":1,\"name\":\"Home\",\"item\":\"https:\\\/\\\/mfwa.org\\\/fr\\\/\"},{\"@type\":\"ListItem\",\"position\":2,\"name\":\"Nouvelle Date : WAMECA 2021 pr\u00e9vue pour le 22 Octobre\"}]},{\"@type\":\"WebSite\",\"@id\":\"https:\\\/\\\/mfwa.org\\\/#website\",\"url\":\"https:\\\/\\\/mfwa.org\\\/\",\"name\":\"Media Foundation For West Africa\",\"description\":\"Promoting Freedom of Expression and Democracy in West Africa\",\"publisher\":{\"@id\":\"https:\\\/\\\/mfwa.org\\\/#organization\"},\"potentialAction\":[{\"@type\":\"SearchAction\",\"target\":{\"@type\":\"EntryPoint\",\"urlTemplate\":\"https:\\\/\\\/mfwa.org\\\/?s={search_term_string}\"},\"query-input\":{\"@type\":\"PropertyValueSpecification\",\"valueRequired\":true,\"valueName\":\"search_term_string\"}}],\"inLanguage\":\"fr-FR\"},{\"@type\":\"Organization\",\"@id\":\"https:\\\/\\\/mfwa.org\\\/#organization\",\"name\":\"Media Foundation for West Africa\",\"url\":\"https:\\\/\\\/mfwa.org\\\/\",\"logo\":{\"@type\":\"ImageObject\",\"inLanguage\":\"fr-FR\",\"@id\":\"https:\\\/\\\/mfwa.org\\\/#\\\/schema\\\/logo\\\/image\\\/\",\"url\":\"https:\\\/\\\/www.mfwa.org\\\/wp-content\\\/uploads\\\/2016\\\/06\\\/MFWA-LOGO.png\",\"contentUrl\":\"https:\\\/\\\/www.mfwa.org\\\/wp-content\\\/uploads\\\/2016\\\/06\\\/MFWA-LOGO.png\",\"width\":180,\"height\":180,\"caption\":\"Media Foundation for West Africa\"},\"image\":{\"@id\":\"https:\\\/\\\/mfwa.org\\\/#\\\/schema\\\/logo\\\/image\\\/\"},\"sameAs\":[\"https:\\\/\\\/www.facebook.com\\\/themfwa\",\"https:\\\/\\\/x.com\\\/TheMFWA\",\"https:\\\/\\\/www.youtube.com\\\/channel\\\/UCF6HrPuXcV1K1Ed8AAq4Rdw\"]},{\"@type\":\"Person\",\"@id\":\"https:\\\/\\\/mfwa.org\\\/#\\\/schema\\\/person\\\/8e2c73d54ab8d90699e634b53256680f\",\"name\":\"Kwaku Asante\",\"image\":{\"@type\":\"ImageObject\",\"inLanguage\":\"fr-FR\",\"@id\":\"https:\\\/\\\/secure.gravatar.com\\\/avatar\\\/f4b2f4008b9a29d4584bcac804b285ce2bebcee8b616a60be83b4a9ded8963b7?s=96&d=mm&r=g3fc24910de2fac178dc652a6771c3785\",\"url\":\"https:\\\/\\\/secure.gravatar.com\\\/avatar\\\/f4b2f4008b9a29d4584bcac804b285ce2bebcee8b616a60be83b4a9ded8963b7?s=96&d=mm&r=g\",\"contentUrl\":\"https:\\\/\\\/secure.gravatar.com\\\/avatar\\\/f4b2f4008b9a29d4584bcac804b285ce2bebcee8b616a60be83b4a9ded8963b7?s=96&d=mm&r=g\",\"caption\":\"Kwaku Asante\"},\"url\":\"https:\\\/\\\/mfwa.org\\\/fr\\\/author\\\/kwaku\\\/\"}]}<\/script>\n<!-- \/ Yoast SEO plugin. -->","yoast_head_json":{"title":"Nouvelle Date : WAMECA 2021 pr\u00e9vue pour le 22 Octobre - Media Foundation For West Africa","robots":{"index":"index","follow":"follow","max-snippet":"max-snippet:-1","max-image-preview":"max-image-preview:large","max-video-preview":"max-video-preview:-1"},"canonical":"https:\/\/mfwa.org\/fr\/nouvelle-date-wameca-2021-prevue-pour-le-22-octobre\/","og_locale":"fr_FR","og_type":"article","og_title":"Nouvelle Date : WAMECA 2021 pr\u00e9vue pour le 22 Octobre - Media Foundation For West Africa","og_description":"La MFWA reporte l\u2019\u00e9dition 2021 de la Conf\u00e9rence et les Prix d\u2019excellence des M\u00e9dias d\u2019Afrique de l\u2019Ouest \u00e0","og_url":"https:\/\/mfwa.org\/fr\/nouvelle-date-wameca-2021-prevue-pour-le-22-octobre\/","og_site_name":"Media Foundation For West Africa","article_publisher":"https:\/\/www.facebook.com\/themfwa","article_published_time":"2021-09-06T13:41:28+00:00","article_modified_time":"2021-09-17T12:31:03+00:00","og_image":[{"width":750,"height":536,"url":"https:\/\/mfwa.org\/wp-content\/uploads\/2021\/09\/WAMECA-2021-logo-for-web-01-750x536-1.jpg","type":"image\/jpeg"}],"author":"Kwaku Asante","twitter_card":"summary_large_image","twitter_creator":"@TheMFWA","twitter_site":"@TheMFWA","twitter_misc":{"Written by":"Kwaku Asante","Est. reading time":"2 minutes"},"schema":{"@context":"https:\/\/schema.org","@graph":[{"@type":"Article","@id":"https:\/\/mfwa.org\/fr\/nouvelle-date-wameca-2021-prevue-pour-le-22-octobre\/#article","isPartOf":{"@id":"https:\/\/mfwa.org\/fr\/nouvelle-date-wameca-2021-prevue-pour-le-22-octobre\/"},"author":{"name":"Kwaku Asante","@id":"https:\/\/mfwa.org\/#\/schema\/person\/8e2c73d54ab8d90699e634b53256680f"},"headline":"Nouvelle Date : WAMECA 2021 pr\u00e9vue pour le 22 Octobre","datePublished":"2021-09-06T13:41:28+00:00","dateModified":"2021-09-17T12:31:03+00:00","mainEntityOfPage":{"@id":"https:\/\/mfwa.org\/fr\/nouvelle-date-wameca-2021-prevue-pour-le-22-octobre\/"},"wordCount":385,"publisher":{"@id":"https:\/\/mfwa.org\/#organization"},"image":{"@id":"https:\/\/mfwa.org\/fr\/nouvelle-date-wameca-2021-prevue-pour-le-22-octobre\/#primaryimage"},"thumbnailUrl":"https:\/\/mfwa.org\/wp-content\/uploads\/2021\/09\/WAMECA-2021-logo-for-web-01-750x536-1.jpg","articleSection":["D\u00e9veloppement Professionel des M\u00e9dias"],"inLanguage":"fr-FR"},{"@type":"WebPage","@id":"https:\/\/mfwa.org\/fr\/nouvelle-date-wameca-2021-prevue-pour-le-22-octobre\/","url":"https:\/\/mfwa.org\/fr\/nouvelle-date-wameca-2021-prevue-pour-le-22-octobre\/","name":"Nouvelle Date : WAMECA 2021 pr\u00e9vue pour le 22 Octobre - Media Foundation For West Africa","isPartOf":{"@id":"https:\/\/mfwa.org\/#website"},"primaryImageOfPage":{"@id":"https:\/\/mfwa.org\/fr\/nouvelle-date-wameca-2021-prevue-pour-le-22-octobre\/#primaryimage"},"image":{"@id":"https:\/\/mfwa.org\/fr\/nouvelle-date-wameca-2021-prevue-pour-le-22-octobre\/#primaryimage"},"thumbnailUrl":"https:\/\/mfwa.org\/wp-content\/uploads\/2021\/09\/WAMECA-2021-logo-for-web-01-750x536-1.jpg","datePublished":"2021-09-06T13:41:28+00:00","dateModified":"2021-09-17T12:31:03+00:00","breadcrumb":{"@id":"https:\/\/mfwa.org\/fr\/nouvelle-date-wameca-2021-prevue-pour-le-22-octobre\/#breadcrumb"},"inLanguage":"fr-FR","potentialAction":[{"@type":"ReadAction","target":["https:\/\/mfwa.org\/fr\/nouvelle-date-wameca-2021-prevue-pour-le-22-octobre\/"]}]},{"@type":"ImageObject","inLanguage":"fr-FR","@id":"https:\/\/mfwa.org\/fr\/nouvelle-date-wameca-2021-prevue-pour-le-22-octobre\/#primaryimage","url":"https:\/\/mfwa.org\/wp-content\/uploads\/2021\/09\/WAMECA-2021-logo-for-web-01-750x536-1.jpg","contentUrl":"https:\/\/mfwa.org\/wp-content\/uploads\/2021\/09\/WAMECA-2021-logo-for-web-01-750x536-1.jpg","width":750,"height":536},{"@type":"BreadcrumbList","@id":"https:\/\/mfwa.org\/fr\/nouvelle-date-wameca-2021-prevue-pour-le-22-octobre\/#breadcrumb","itemListElement":[{"@type":"ListItem","position":1,"name":"Home","item":"https:\/\/mfwa.org\/fr\/"},{"@type":"ListItem","position":2,"name":"Nouvelle Date : WAMECA 2021 pr\u00e9vue pour le 22 Octobre"}]},{"@type":"WebSite","@id":"https:\/\/mfwa.org\/#website","url":"https:\/\/mfwa.org\/","name":"Media Foundation For West Africa","description":"Promoting Freedom of Expression and Democracy in West Africa","publisher":{"@id":"https:\/\/mfwa.org\/#organization"},"potentialAction":[{"@type":"SearchAction","target":{"@type":"EntryPoint","urlTemplate":"https:\/\/mfwa.org\/?s={search_term_string}"},"query-input":{"@type":"PropertyValueSpecification","valueRequired":true,"valueName":"search_term_string"}}],"inLanguage":"fr-FR"},{"@type":"Organization","@id":"https:\/\/mfwa.org\/#organization","name":"Media Foundation for West Africa","url":"https:\/\/mfwa.org\/","logo":{"@type":"ImageObject","inLanguage":"fr-FR","@id":"https:\/\/mfwa.org\/#\/schema\/logo\/image\/","url":"https:\/\/www.mfwa.org\/wp-content\/uploads\/2016\/06\/MFWA-LOGO.png","contentUrl":"https:\/\/www.mfwa.org\/wp-content\/uploads\/2016\/06\/MFWA-LOGO.png","width":180,"height":180,"caption":"Media Foundation for West Africa"},"image":{"@id":"https:\/\/mfwa.org\/#\/schema\/logo\/image\/"},"sameAs":["https:\/\/www.facebook.com\/themfwa","https:\/\/x.com\/TheMFWA","https:\/\/www.youtube.com\/channel\/UCF6HrPuXcV1K1Ed8AAq4Rdw"]},{"@type":"Person","@id":"https:\/\/mfwa.org\/#\/schema\/person\/8e2c73d54ab8d90699e634b53256680f","name":"Kwaku Asante","image":{"@type":"ImageObject","inLanguage":"fr-FR","@id":"https:\/\/secure.gravatar.com\/avatar\/f4b2f4008b9a29d4584bcac804b285ce2bebcee8b616a60be83b4a9ded8963b7?s=96&d=mm&r=g3fc24910de2fac178dc652a6771c3785","url":"https:\/\/secure.gravatar.com\/avatar\/f4b2f4008b9a29d4584bcac804b285ce2bebcee8b616a60be83b4a9ded8963b7?s=96&d=mm&r=g","contentUrl":"https:\/\/secure.gravatar.com\/avatar\/f4b2f4008b9a29d4584bcac804b285ce2bebcee8b616a60be83b4a9ded8963b7?s=96&d=mm&r=g","caption":"Kwaku Asante"},"url":"https:\/\/mfwa.org\/fr\/author\/kwaku\/"}]}},"authors":[{"term_id":515,"user_id":6,"is_guest":0,"slug":"kwaku","display_name":"Kwaku Asante","avatar_url":"https:\/\/secure.gravatar.com\/avatar\/f4b2f4008b9a29d4584bcac804b285ce2bebcee8b616a60be83b4a9ded8963b7?s=96&d=mm&r=g","0":null,"1":"","2":"","3":"","4":"","5":"","6":"","7":"","8":""}],"_links":{"self":[{"href":"https:\/\/mfwa.org\/fr\/wp-json\/wp\/v2\/posts\/23789","targetHints":{"allow":["GET"]}}],"collection":[{"href":"https:\/\/mfwa.org\/fr\/wp-json\/wp\/v2\/posts"}],"about":[{"href":"https:\/\/mfwa.org\/fr\/wp-json\/wp\/v2\/types\/post"}],"author":[{"embeddable":true,"href":"https:\/\/mfwa.org\/fr\/wp-json\/wp\/v2\/users\/6"}],"replies":[{"embeddable":true,"href":"https:\/\/mfwa.org\/fr\/wp-json\/wp\/v2\/comments?post=23789"}],"version-history":[{"count":1,"href":"https:\/\/mfwa.org\/fr\/wp-json\/wp\/v2\/posts\/23789\/revisions"}],"predecessor-version":[{"id":23791,"href":"https:\/\/mfwa.org\/fr\/wp-json\/wp\/v2\/posts\/23789\/revisions\/23791"}],"wp:featuredmedia":[{"embeddable":true,"href":"https:\/\/mfwa.org\/fr\/wp-json\/wp\/v2\/media\/23750"}],"wp:attachment":[{"href":"https:\/\/mfwa.org\/fr\/wp-json\/wp\/v2\/media?parent=23789"}],"wp:term":[{"taxonomy":"category","embeddable":true,"href":"https:\/\/mfwa.org\/fr\/wp-json\/wp\/v2\/categories?post=23789"},{"taxonomy":"post_tag","embeddable":true,"href":"https:\/\/mfwa.org\/fr\/wp-json\/wp\/v2\/tags?post=23789"},{"taxonomy":"country","embeddable":true,"href":"https:\/\/mfwa.org\/fr\/wp-json\/wp\/v2\/country?post=23789"},{"taxonomy":"staff-position","embeddable":true,"href":"https:\/\/mfwa.org\/fr\/wp-json\/wp\/v2\/staff-position?post=23789"},{"taxonomy":"opportunity-category","embeddable":true,"href":"https:\/\/mfwa.org\/fr\/wp-json\/wp\/v2\/opportunity-category?post=23789"},{"taxonomy":"author","embeddable":true,"href":"https:\/\/mfwa.org\/fr\/wp-json\/wp\/v2\/ppma_author?post=23789"}],"curies":[{"name":"wp","href":"https:\/\/api.w.org\/{rel}","templated":true}]}}