{"id":19738,"date":"2020-09-15T13:58:22","date_gmt":"2020-09-15T13:58:22","guid":{"rendered":"https:\/\/www.mfwa.org\/?p=19738"},"modified":"2020-09-17T10:11:26","modified_gmt":"2020-09-17T10:11:26","slug":"journee-internationale-de-la-democratie-les-lois-repressives-et-les-attaques-envers-les-journalistes-minent-la-democratie","status":"publish","type":"post","link":"https:\/\/mfwa.org\/fr\/journee-internationale-de-la-democratie-les-lois-repressives-et-les-attaques-envers-les-journalistes-minent-la-democratie\/","title":{"rendered":"Journ\u00e9e Internationale de la D\u00e9mocratie : Les Lois R\u00e9pressives et les Attaques envers les Journalistes Minent la D\u00e9mocratie"},"content":{"rendered":"<p style=\"text-align: justify;\"><span style=\"font-size: 14pt;\">Au fil des ann\u00e9es, la d\u00e9mocratie a \u00e9t\u00e9 consid\u00e9r\u00e9e comme \u00e9tant un mod\u00e8le de gouvernance qui d\u00e9fend le respect des droits de l&#8217;homme, la libert\u00e9 d&#8217;expression, l&#8217;\u00e9tat de droit, et donne aux citoyens la responsabilit\u00e9 d&#8217;\u00e9lire leurs dirigeants et de participer au processus de gouvernance.<\/span><\/p>\n<p style=\"text-align: justify;\"><span style=\"font-size: 14pt;\">C\u2019est dans ce cadre que les m\u00e9dias jouent un r\u00f4le essentiel visant \u00e0 assurer le respect des principes d\u00e9mocratiques, \u00e0 mettre la lumi\u00e8re sur les questions de mauvaise gouvernance, \u00e0 assurer la redevabilit\u00e9, et \u00e0 fournir des informations aux citoyens afin qu\u2019ils puissent prendre des d\u00e9cisions \u00e9clair\u00e9es et participer au processus de gouvernance.<\/span><\/p>\n<p style=\"text-align: justify;\"><span style=\"font-size: 14pt;\">Cependant, suite \u00e0 la pand\u00e9mie de COVID-19, l&#8217;Afrique de l&#8217;Ouest a connu un recul des pratiques d\u00e9mocratiques et une croissance des violations des principes d\u00e9mocratiques cl\u00e9s. La r\u00e9gion a \u00e9galement enregistr\u00e9 une recrudescence des attaques contre les professionnels des m\u00e9dias et des violations des droits de l&#8217;homme. En outre, plusieurs gouvernements ont adopt\u00e9 des lois et des pratiques qui, en temps normal, seraient consid\u00e9r\u00e9es comme antid\u00e9mocratiques.<\/span><\/p>\n<p style=\"text-align: justify;\"><span style=\"font-size: 14pt;\">Alors que le monde c\u00e9l\u00e8bre aujourd\u2019hui la Journ\u00e9e Internationale de la D\u00e9mocratie sous le th\u00e8me : COVID-19: Un regard sur la d\u00e9mocratie, la MFWA partage un rapport sp\u00e9cial mettant en \u00e9vidence plusieurs violations contre les journalistes pendant la pand\u00e9mie de COVID-19 en Afrique de l&#8217;Ouest et exhorte les gouvernements \u00e0 prendre des mesures pour assurer la s\u00e9curit\u00e9 des journalistes. Elle exhorte \u00e9galement les gouvernements \u00e0 r\u00e9duire les mesures restrictives au fur et \u00e0 mesure que la situation de la COVID-19 s&#8217;am\u00e9liore et \u00e0 abandonner toutes les l\u00e9gislations d&#8217;urgence lorsqu&#8217;elles ne sont plus n\u00e9cessaires.<\/span><\/p>\n<p><span style=\"font-size: 14pt;\">Cliquez<strong><a href=\"https:\/\/www.mfwa.org\/fr\/la-covid-19-provoque-une-montee-des-attaques-a-lendroit-des-journalistes-et-des-organes-de-presse-en-afrique-de-louest\/\"> ici<\/a><\/strong> pour lire le rapport complet.<\/span><\/p>\n","protected":false},"excerpt":{"rendered":"<p>Au fil des ann\u00e9es, la d\u00e9mocratie a \u00e9t\u00e9 consid\u00e9r\u00e9e comme \u00e9tant un mod\u00e8le de gouvernance qui d\u00e9fend le<\/p>\n","protected":false},"author":6,"featured_media":19739,"comment_status":"closed","ping_status":"closed","sticky":false,"template":"","format":"standard","meta":{"footnotes":""},"categories":[331],"tags":[],"country":[330],"staff-position":[],"opportunity-category":[],"class_list":["post-19738","post","type-post","status-publish","format-standard","has-post-thumbnail","hentry","category-medias-et-bonne-gouvernance","country-afrique-de-louest"],"yoast_head":"<!-- This site is optimized with the Yoast SEO plugin v27.5 - https:\/\/yoast.com\/product\/yoast-seo-wordpress\/ -->\n<title>Journ\u00e9e Internationale de la D\u00e9mocratie : Les Lois R\u00e9pressives et les Attaques envers les Journalistes Minent la D\u00e9mocratie - Media Foundation For West Africa<\/title>\n<meta name=\"robots\" content=\"index, follow, max-snippet:-1, max-image-preview:large, max-video-preview:-1\" \/>\n<link rel=\"canonical\" href=\"https:\/\/mfwa.org\/fr\/journee-internationale-de-la-democratie-les-lois-repressives-et-les-attaques-envers-les-journalistes-minent-la-democratie\/\" \/>\n<meta property=\"og:locale\" content=\"fr_FR\" \/>\n<meta property=\"og:type\" content=\"article\" \/>\n<meta property=\"og:title\" content=\"Journ\u00e9e Internationale de la D\u00e9mocratie : Les Lois R\u00e9pressives et les Attaques envers les Journalistes Minent la D\u00e9mocratie - Media Foundation For West Africa\" \/>\n<meta property=\"og:description\" content=\"Au fil des ann\u00e9es, la d\u00e9mocratie a \u00e9t\u00e9 consid\u00e9r\u00e9e comme \u00e9tant un mod\u00e8le de gouvernance qui d\u00e9fend le\" \/>\n<meta property=\"og:url\" content=\"https:\/\/mfwa.org\/fr\/journee-internationale-de-la-democratie-les-lois-repressives-et-les-attaques-envers-les-journalistes-minent-la-democratie\/\" \/>\n<meta property=\"og:site_name\" content=\"Media Foundation For West Africa\" \/>\n<meta property=\"article:publisher\" content=\"https:\/\/www.facebook.com\/themfwa\" \/>\n<meta property=\"article:published_time\" content=\"2020-09-15T13:58:22+00:00\" \/>\n<meta property=\"article:modified_time\" content=\"2020-09-17T10:11:26+00:00\" \/>\n<meta property=\"og:image\" content=\"https:\/\/mfwa.org\/wp-content\/uploads\/2020\/09\/internation-day-of-democracy-04-scaled.jpg\" \/>\n\t<meta property=\"og:image:width\" content=\"3358\" \/>\n\t<meta property=\"og:image:height\" content=\"1283\" \/>\n\t<meta property=\"og:image:type\" content=\"image\/jpeg\" \/>\n<meta name=\"author\" content=\"Kwaku Asante\" \/>\n<meta name=\"twitter:card\" content=\"summary_large_image\" \/>\n<meta name=\"twitter:creator\" content=\"@TheMFWA\" \/>\n<meta name=\"twitter:site\" content=\"@TheMFWA\" \/>\n<meta name=\"twitter:label1\" content=\"Written by\" \/>\n\t<meta name=\"twitter:data1\" content=\"Kwaku Asante\" \/>\n\t<meta name=\"twitter:label2\" content=\"Est. reading time\" \/>\n\t<meta name=\"twitter:data2\" content=\"1 minute\" \/>\n<script type=\"application\/ld+json\" class=\"yoast-schema-graph\">{\"@context\":\"https:\\\/\\\/schema.org\",\"@graph\":[{\"@type\":\"Article\",\"@id\":\"https:\\\/\\\/mfwa.org\\\/fr\\\/journee-internationale-de-la-democratie-les-lois-repressives-et-les-attaques-envers-les-journalistes-minent-la-democratie\\\/#article\",\"isPartOf\":{\"@id\":\"https:\\\/\\\/mfwa.org\\\/fr\\\/journee-internationale-de-la-democratie-les-lois-repressives-et-les-attaques-envers-les-journalistes-minent-la-democratie\\\/\"},\"author\":{\"name\":\"Kwaku Asante\",\"@id\":\"https:\\\/\\\/mfwa.org\\\/#\\\/schema\\\/person\\\/8e2c73d54ab8d90699e634b53256680f\"},\"headline\":\"Journ\u00e9e Internationale de la D\u00e9mocratie : Les Lois R\u00e9pressives et les Attaques envers les Journalistes Minent la D\u00e9mocratie\",\"datePublished\":\"2020-09-15T13:58:22+00:00\",\"dateModified\":\"2020-09-17T10:11:26+00:00\",\"mainEntityOfPage\":{\"@id\":\"https:\\\/\\\/mfwa.org\\\/fr\\\/journee-internationale-de-la-democratie-les-lois-repressives-et-les-attaques-envers-les-journalistes-minent-la-democratie\\\/\"},\"wordCount\":323,\"publisher\":{\"@id\":\"https:\\\/\\\/mfwa.org\\\/#organization\"},\"image\":{\"@id\":\"https:\\\/\\\/mfwa.org\\\/fr\\\/journee-internationale-de-la-democratie-les-lois-repressives-et-les-attaques-envers-les-journalistes-minent-la-democratie\\\/#primaryimage\"},\"thumbnailUrl\":\"https:\\\/\\\/mfwa.org\\\/wp-content\\\/uploads\\\/2020\\\/09\\\/internation-day-of-democracy-04-scaled.jpg\",\"articleSection\":[\"M\u00e9dias et Bonne Gouvernance\"],\"inLanguage\":\"fr-FR\"},{\"@type\":\"WebPage\",\"@id\":\"https:\\\/\\\/mfwa.org\\\/fr\\\/journee-internationale-de-la-democratie-les-lois-repressives-et-les-attaques-envers-les-journalistes-minent-la-democratie\\\/\",\"url\":\"https:\\\/\\\/mfwa.org\\\/fr\\\/journee-internationale-de-la-democratie-les-lois-repressives-et-les-attaques-envers-les-journalistes-minent-la-democratie\\\/\",\"name\":\"Journ\u00e9e Internationale de la D\u00e9mocratie : Les Lois R\u00e9pressives et les Attaques envers les Journalistes Minent la D\u00e9mocratie - Media Foundation For West Africa\",\"isPartOf\":{\"@id\":\"https:\\\/\\\/mfwa.org\\\/#website\"},\"primaryImageOfPage\":{\"@id\":\"https:\\\/\\\/mfwa.org\\\/fr\\\/journee-internationale-de-la-democratie-les-lois-repressives-et-les-attaques-envers-les-journalistes-minent-la-democratie\\\/#primaryimage\"},\"image\":{\"@id\":\"https:\\\/\\\/mfwa.org\\\/fr\\\/journee-internationale-de-la-democratie-les-lois-repressives-et-les-attaques-envers-les-journalistes-minent-la-democratie\\\/#primaryimage\"},\"thumbnailUrl\":\"https:\\\/\\\/mfwa.org\\\/wp-content\\\/uploads\\\/2020\\\/09\\\/internation-day-of-democracy-04-scaled.jpg\",\"datePublished\":\"2020-09-15T13:58:22+00:00\",\"dateModified\":\"2020-09-17T10:11:26+00:00\",\"breadcrumb\":{\"@id\":\"https:\\\/\\\/mfwa.org\\\/fr\\\/journee-internationale-de-la-democratie-les-lois-repressives-et-les-attaques-envers-les-journalistes-minent-la-democratie\\\/#breadcrumb\"},\"inLanguage\":\"fr-FR\",\"potentialAction\":[{\"@type\":\"ReadAction\",\"target\":[\"https:\\\/\\\/mfwa.org\\\/fr\\\/journee-internationale-de-la-democratie-les-lois-repressives-et-les-attaques-envers-les-journalistes-minent-la-democratie\\\/\"]}]},{\"@type\":\"ImageObject\",\"inLanguage\":\"fr-FR\",\"@id\":\"https:\\\/\\\/mfwa.org\\\/fr\\\/journee-internationale-de-la-democratie-les-lois-repressives-et-les-attaques-envers-les-journalistes-minent-la-democratie\\\/#primaryimage\",\"url\":\"https:\\\/\\\/mfwa.org\\\/wp-content\\\/uploads\\\/2020\\\/09\\\/internation-day-of-democracy-04-scaled.jpg\",\"contentUrl\":\"https:\\\/\\\/mfwa.org\\\/wp-content\\\/uploads\\\/2020\\\/09\\\/internation-day-of-democracy-04-scaled.jpg\",\"width\":3358,\"height\":1283},{\"@type\":\"BreadcrumbList\",\"@id\":\"https:\\\/\\\/mfwa.org\\\/fr\\\/journee-internationale-de-la-democratie-les-lois-repressives-et-les-attaques-envers-les-journalistes-minent-la-democratie\\\/#breadcrumb\",\"itemListElement\":[{\"@type\":\"ListItem\",\"position\":1,\"name\":\"Home\",\"item\":\"https:\\\/\\\/mfwa.org\\\/fr\\\/\"},{\"@type\":\"ListItem\",\"position\":2,\"name\":\"Journ\u00e9e Internationale de la D\u00e9mocratie : Les Lois R\u00e9pressives et les Attaques envers les Journalistes Minent la D\u00e9mocratie\"}]},{\"@type\":\"WebSite\",\"@id\":\"https:\\\/\\\/mfwa.org\\\/#website\",\"url\":\"https:\\\/\\\/mfwa.org\\\/\",\"name\":\"Media Foundation For West Africa\",\"description\":\"Promoting Freedom of Expression and Democracy in West Africa\",\"publisher\":{\"@id\":\"https:\\\/\\\/mfwa.org\\\/#organization\"},\"potentialAction\":[{\"@type\":\"SearchAction\",\"target\":{\"@type\":\"EntryPoint\",\"urlTemplate\":\"https:\\\/\\\/mfwa.org\\\/?s={search_term_string}\"},\"query-input\":{\"@type\":\"PropertyValueSpecification\",\"valueRequired\":true,\"valueName\":\"search_term_string\"}}],\"inLanguage\":\"fr-FR\"},{\"@type\":\"Organization\",\"@id\":\"https:\\\/\\\/mfwa.org\\\/#organization\",\"name\":\"Media Foundation for West Africa\",\"url\":\"https:\\\/\\\/mfwa.org\\\/\",\"logo\":{\"@type\":\"ImageObject\",\"inLanguage\":\"fr-FR\",\"@id\":\"https:\\\/\\\/mfwa.org\\\/#\\\/schema\\\/logo\\\/image\\\/\",\"url\":\"https:\\\/\\\/www.mfwa.org\\\/wp-content\\\/uploads\\\/2016\\\/06\\\/MFWA-LOGO.png\",\"contentUrl\":\"https:\\\/\\\/www.mfwa.org\\\/wp-content\\\/uploads\\\/2016\\\/06\\\/MFWA-LOGO.png\",\"width\":180,\"height\":180,\"caption\":\"Media Foundation for West Africa\"},\"image\":{\"@id\":\"https:\\\/\\\/mfwa.org\\\/#\\\/schema\\\/logo\\\/image\\\/\"},\"sameAs\":[\"https:\\\/\\\/www.facebook.com\\\/themfwa\",\"https:\\\/\\\/x.com\\\/TheMFWA\",\"https:\\\/\\\/www.youtube.com\\\/channel\\\/UCF6HrPuXcV1K1Ed8AAq4Rdw\"]},{\"@type\":\"Person\",\"@id\":\"https:\\\/\\\/mfwa.org\\\/#\\\/schema\\\/person\\\/8e2c73d54ab8d90699e634b53256680f\",\"name\":\"Kwaku Asante\",\"image\":{\"@type\":\"ImageObject\",\"inLanguage\":\"fr-FR\",\"@id\":\"https:\\\/\\\/secure.gravatar.com\\\/avatar\\\/f4b2f4008b9a29d4584bcac804b285ce2bebcee8b616a60be83b4a9ded8963b7?s=96&d=mm&r=g\",\"url\":\"https:\\\/\\\/secure.gravatar.com\\\/avatar\\\/f4b2f4008b9a29d4584bcac804b285ce2bebcee8b616a60be83b4a9ded8963b7?s=96&d=mm&r=g\",\"contentUrl\":\"https:\\\/\\\/secure.gravatar.com\\\/avatar\\\/f4b2f4008b9a29d4584bcac804b285ce2bebcee8b616a60be83b4a9ded8963b7?s=96&d=mm&r=g\",\"caption\":\"Kwaku Asante\"},\"url\":\"https:\\\/\\\/mfwa.org\\\/fr\\\/author\\\/kwaku\\\/\"}]}<\/script>\n<!-- \/ Yoast SEO plugin. -->","yoast_head_json":{"title":"Journ\u00e9e Internationale de la D\u00e9mocratie : Les Lois R\u00e9pressives et les Attaques envers les Journalistes Minent la D\u00e9mocratie - Media Foundation For West Africa","robots":{"index":"index","follow":"follow","max-snippet":"max-snippet:-1","max-image-preview":"max-image-preview:large","max-video-preview":"max-video-preview:-1"},"canonical":"https:\/\/mfwa.org\/fr\/journee-internationale-de-la-democratie-les-lois-repressives-et-les-attaques-envers-les-journalistes-minent-la-democratie\/","og_locale":"fr_FR","og_type":"article","og_title":"Journ\u00e9e Internationale de la D\u00e9mocratie : Les Lois R\u00e9pressives et les Attaques envers les Journalistes Minent la D\u00e9mocratie - Media Foundation For West Africa","og_description":"Au fil des ann\u00e9es, la d\u00e9mocratie a \u00e9t\u00e9 consid\u00e9r\u00e9e comme \u00e9tant un mod\u00e8le de gouvernance qui d\u00e9fend le","og_url":"https:\/\/mfwa.org\/fr\/journee-internationale-de-la-democratie-les-lois-repressives-et-les-attaques-envers-les-journalistes-minent-la-democratie\/","og_site_name":"Media Foundation For West Africa","article_publisher":"https:\/\/www.facebook.com\/themfwa","article_published_time":"2020-09-15T13:58:22+00:00","article_modified_time":"2020-09-17T10:11:26+00:00","og_image":[{"width":3358,"height":1283,"url":"https:\/\/mfwa.org\/wp-content\/uploads\/2020\/09\/internation-day-of-democracy-04-scaled.jpg","type":"image\/jpeg"}],"author":"Kwaku Asante","twitter_card":"summary_large_image","twitter_creator":"@TheMFWA","twitter_site":"@TheMFWA","twitter_misc":{"Written by":"Kwaku Asante","Est. reading time":"1 minute"},"schema":{"@context":"https:\/\/schema.org","@graph":[{"@type":"Article","@id":"https:\/\/mfwa.org\/fr\/journee-internationale-de-la-democratie-les-lois-repressives-et-les-attaques-envers-les-journalistes-minent-la-democratie\/#article","isPartOf":{"@id":"https:\/\/mfwa.org\/fr\/journee-internationale-de-la-democratie-les-lois-repressives-et-les-attaques-envers-les-journalistes-minent-la-democratie\/"},"author":{"name":"Kwaku Asante","@id":"https:\/\/mfwa.org\/#\/schema\/person\/8e2c73d54ab8d90699e634b53256680f"},"headline":"Journ\u00e9e Internationale de la D\u00e9mocratie : Les Lois R\u00e9pressives et les Attaques envers les Journalistes Minent la D\u00e9mocratie","datePublished":"2020-09-15T13:58:22+00:00","dateModified":"2020-09-17T10:11:26+00:00","mainEntityOfPage":{"@id":"https:\/\/mfwa.org\/fr\/journee-internationale-de-la-democratie-les-lois-repressives-et-les-attaques-envers-les-journalistes-minent-la-democratie\/"},"wordCount":323,"publisher":{"@id":"https:\/\/mfwa.org\/#organization"},"image":{"@id":"https:\/\/mfwa.org\/fr\/journee-internationale-de-la-democratie-les-lois-repressives-et-les-attaques-envers-les-journalistes-minent-la-democratie\/#primaryimage"},"thumbnailUrl":"https:\/\/mfwa.org\/wp-content\/uploads\/2020\/09\/internation-day-of-democracy-04-scaled.jpg","articleSection":["M\u00e9dias et Bonne Gouvernance"],"inLanguage":"fr-FR"},{"@type":"WebPage","@id":"https:\/\/mfwa.org\/fr\/journee-internationale-de-la-democratie-les-lois-repressives-et-les-attaques-envers-les-journalistes-minent-la-democratie\/","url":"https:\/\/mfwa.org\/fr\/journee-internationale-de-la-democratie-les-lois-repressives-et-les-attaques-envers-les-journalistes-minent-la-democratie\/","name":"Journ\u00e9e Internationale de la D\u00e9mocratie : Les Lois R\u00e9pressives et les Attaques envers les Journalistes Minent la D\u00e9mocratie - Media Foundation For West Africa","isPartOf":{"@id":"https:\/\/mfwa.org\/#website"},"primaryImageOfPage":{"@id":"https:\/\/mfwa.org\/fr\/journee-internationale-de-la-democratie-les-lois-repressives-et-les-attaques-envers-les-journalistes-minent-la-democratie\/#primaryimage"},"image":{"@id":"https:\/\/mfwa.org\/fr\/journee-internationale-de-la-democratie-les-lois-repressives-et-les-attaques-envers-les-journalistes-minent-la-democratie\/#primaryimage"},"thumbnailUrl":"https:\/\/mfwa.org\/wp-content\/uploads\/2020\/09\/internation-day-of-democracy-04-scaled.jpg","datePublished":"2020-09-15T13:58:22+00:00","dateModified":"2020-09-17T10:11:26+00:00","breadcrumb":{"@id":"https:\/\/mfwa.org\/fr\/journee-internationale-de-la-democratie-les-lois-repressives-et-les-attaques-envers-les-journalistes-minent-la-democratie\/#breadcrumb"},"inLanguage":"fr-FR","potentialAction":[{"@type":"ReadAction","target":["https:\/\/mfwa.org\/fr\/journee-internationale-de-la-democratie-les-lois-repressives-et-les-attaques-envers-les-journalistes-minent-la-democratie\/"]}]},{"@type":"ImageObject","inLanguage":"fr-FR","@id":"https:\/\/mfwa.org\/fr\/journee-internationale-de-la-democratie-les-lois-repressives-et-les-attaques-envers-les-journalistes-minent-la-democratie\/#primaryimage","url":"https:\/\/mfwa.org\/wp-content\/uploads\/2020\/09\/internation-day-of-democracy-04-scaled.jpg","contentUrl":"https:\/\/mfwa.org\/wp-content\/uploads\/2020\/09\/internation-day-of-democracy-04-scaled.jpg","width":3358,"height":1283},{"@type":"BreadcrumbList","@id":"https:\/\/mfwa.org\/fr\/journee-internationale-de-la-democratie-les-lois-repressives-et-les-attaques-envers-les-journalistes-minent-la-democratie\/#breadcrumb","itemListElement":[{"@type":"ListItem","position":1,"name":"Home","item":"https:\/\/mfwa.org\/fr\/"},{"@type":"ListItem","position":2,"name":"Journ\u00e9e Internationale de la D\u00e9mocratie : Les Lois R\u00e9pressives et les Attaques envers les Journalistes Minent la D\u00e9mocratie"}]},{"@type":"WebSite","@id":"https:\/\/mfwa.org\/#website","url":"https:\/\/mfwa.org\/","name":"Media Foundation For West Africa","description":"Promoting Freedom of Expression and Democracy in West Africa","publisher":{"@id":"https:\/\/mfwa.org\/#organization"},"potentialAction":[{"@type":"SearchAction","target":{"@type":"EntryPoint","urlTemplate":"https:\/\/mfwa.org\/?s={search_term_string}"},"query-input":{"@type":"PropertyValueSpecification","valueRequired":true,"valueName":"search_term_string"}}],"inLanguage":"fr-FR"},{"@type":"Organization","@id":"https:\/\/mfwa.org\/#organization","name":"Media Foundation for West Africa","url":"https:\/\/mfwa.org\/","logo":{"@type":"ImageObject","inLanguage":"fr-FR","@id":"https:\/\/mfwa.org\/#\/schema\/logo\/image\/","url":"https:\/\/www.mfwa.org\/wp-content\/uploads\/2016\/06\/MFWA-LOGO.png","contentUrl":"https:\/\/www.mfwa.org\/wp-content\/uploads\/2016\/06\/MFWA-LOGO.png","width":180,"height":180,"caption":"Media Foundation for West Africa"},"image":{"@id":"https:\/\/mfwa.org\/#\/schema\/logo\/image\/"},"sameAs":["https:\/\/www.facebook.com\/themfwa","https:\/\/x.com\/TheMFWA","https:\/\/www.youtube.com\/channel\/UCF6HrPuXcV1K1Ed8AAq4Rdw"]},{"@type":"Person","@id":"https:\/\/mfwa.org\/#\/schema\/person\/8e2c73d54ab8d90699e634b53256680f","name":"Kwaku Asante","image":{"@type":"ImageObject","inLanguage":"fr-FR","@id":"https:\/\/secure.gravatar.com\/avatar\/f4b2f4008b9a29d4584bcac804b285ce2bebcee8b616a60be83b4a9ded8963b7?s=96&d=mm&r=g","url":"https:\/\/secure.gravatar.com\/avatar\/f4b2f4008b9a29d4584bcac804b285ce2bebcee8b616a60be83b4a9ded8963b7?s=96&d=mm&r=g","contentUrl":"https:\/\/secure.gravatar.com\/avatar\/f4b2f4008b9a29d4584bcac804b285ce2bebcee8b616a60be83b4a9ded8963b7?s=96&d=mm&r=g","caption":"Kwaku Asante"},"url":"https:\/\/mfwa.org\/fr\/author\/kwaku\/"}]}},"_links":{"self":[{"href":"https:\/\/mfwa.org\/fr\/wp-json\/wp\/v2\/posts\/19738","targetHints":{"allow":["GET"]}}],"collection":[{"href":"https:\/\/mfwa.org\/fr\/wp-json\/wp\/v2\/posts"}],"about":[{"href":"https:\/\/mfwa.org\/fr\/wp-json\/wp\/v2\/types\/post"}],"author":[{"embeddable":true,"href":"https:\/\/mfwa.org\/fr\/wp-json\/wp\/v2\/users\/6"}],"replies":[{"embeddable":true,"href":"https:\/\/mfwa.org\/fr\/wp-json\/wp\/v2\/comments?post=19738"}],"version-history":[{"count":0,"href":"https:\/\/mfwa.org\/fr\/wp-json\/wp\/v2\/posts\/19738\/revisions"}],"wp:featuredmedia":[{"embeddable":true,"href":"https:\/\/mfwa.org\/fr\/wp-json\/wp\/v2\/media\/19739"}],"wp:attachment":[{"href":"https:\/\/mfwa.org\/fr\/wp-json\/wp\/v2\/media?parent=19738"}],"wp:term":[{"taxonomy":"category","embeddable":true,"href":"https:\/\/mfwa.org\/fr\/wp-json\/wp\/v2\/categories?post=19738"},{"taxonomy":"post_tag","embeddable":true,"href":"https:\/\/mfwa.org\/fr\/wp-json\/wp\/v2\/tags?post=19738"},{"taxonomy":"country","embeddable":true,"href":"https:\/\/mfwa.org\/fr\/wp-json\/wp\/v2\/country?post=19738"},{"taxonomy":"staff-position","embeddable":true,"href":"https:\/\/mfwa.org\/fr\/wp-json\/wp\/v2\/staff-position?post=19738"},{"taxonomy":"opportunity-category","embeddable":true,"href":"https:\/\/mfwa.org\/fr\/wp-json\/wp\/v2\/opportunity-category?post=19738"}],"curies":[{"name":"wp","href":"https:\/\/api.w.org\/{rel}","templated":true}]}}