{"id":18692,"date":"2020-05-31T09:39:22","date_gmt":"2020-05-31T09:39:22","guid":{"rendered":"https:\/\/www.mfwa.org\/?p=18692"},"modified":"2020-06-01T11:14:09","modified_gmt":"2020-06-01T11:14:09","slug":"la-securite-des-journalistes-et-le-covid-19-en-zone-francophone-de-lafrique-de-louest","status":"publish","type":"post","link":"https:\/\/mfwa.org\/fr\/la-securite-des-journalistes-et-le-covid-19-en-zone-francophone-de-lafrique-de-louest\/","title":{"rendered":"La S\u00e9curit\u00e9 des Journalistes et le COVID-19 en Zone Francophone de l\u2019Afrique de l\u2019Ouest"},"content":{"rendered":"<p style=\"text-align: justify;\">Le COVID-19 a d\u00e9clench\u00e9 une vague inqui\u00e9tante de r\u00e9pression des journalistes en Afrique de l&#8217;Ouest. Pour r\u00e9ussir la lutte contre une pand\u00e9mie mondiale, des informations pr\u00e9cises sont une condition non-n\u00e9gociable.<\/p>\n<p style=\"text-align: justify;\">Un certain nombre de journalistes en qu\u00eate des informations ont \u00e9t\u00e9 abus\u00e9s par les forces de l\u2019ordre qui devrait plut\u00f4t les prot\u00e9ger. De mars \u00e0 avril 2020, plus d&#8217;une douzaine d&#8217;incidents de violations contre des journalistes dans le cadre de reportages sur le COVID-19 ont \u00e9t\u00e9 enregistr\u00e9s.<\/p>\n<p style=\"text-align: justify;\">Ce webinaire, qui est la deuxi\u00e8me d&#8217;une s\u00e9rie de forums sur les m\u00e9dias et le COVID-19 en Afrique de l&#8217;Ouest, portera un regard critique sur la s\u00e9curit\u00e9 des journalistes en Afrique de l&#8217;Ouest francophone.&nbsp;<\/p>\n<p style=\"text-align: justify;\">Cette session examinera le contexte et les d\u00e9fis actuels afin de proposer des solutions pour assurer la s\u00e9curit\u00e9 des journalistes dans la couverture de COVID-19.<\/p>\n<p style=\"text-align: justify;\">Le webinaire qui se tiendra via ZOOM, est pr\u00e9vu <strong>\u00e0 13:00 Heures (GMT) le 4 Juin, 2020<\/strong>.<\/p>\n<p style=\"text-align: justify;\">Inscrivez-vous pour rejoindre le zoom<a href=\"https:\/\/bit.ly\/2BiXOjA\"> ici&nbsp;<\/a><\/p>\n<p style=\"text-align: justify;\">&nbsp;<\/p>\n","protected":false},"excerpt":{"rendered":"<p>Le COVID-19 a d\u00e9clench\u00e9 une vague inqui\u00e9tante de r\u00e9pression des journalistes en Afrique de l&#8217;Ouest. Pour r\u00e9ussir la<\/p>\n","protected":false},"author":6,"featured_media":18710,"comment_status":"closed","ping_status":"closed","sticky":false,"template":"","format":"standard","meta":{"footnotes":""},"categories":[311],"tags":[],"country":[330],"staff-position":[],"opportunity-category":[],"class_list":["post-18692","post","type-post","status-publish","format-standard","has-post-thumbnail","hentry","category-securite-des-journalistes","country-afrique-de-louest"],"yoast_head":"<!-- This site is optimized with the Yoast SEO plugin v27.5 - https:\/\/yoast.com\/product\/yoast-seo-wordpress\/ -->\n<title>La S\u00e9curit\u00e9 des Journalistes et le COVID-19 en Zone Francophone de l\u2019Afrique de l\u2019Ouest - Media Foundation For West Africa<\/title>\n<meta name=\"robots\" content=\"index, follow, max-snippet:-1, max-image-preview:large, max-video-preview:-1\" \/>\n<link rel=\"canonical\" href=\"https:\/\/mfwa.org\/fr\/la-securite-des-journalistes-et-le-covid-19-en-zone-francophone-de-lafrique-de-louest\/\" \/>\n<meta property=\"og:locale\" content=\"fr_FR\" \/>\n<meta property=\"og:type\" content=\"article\" \/>\n<meta property=\"og:title\" content=\"La S\u00e9curit\u00e9 des Journalistes et le COVID-19 en Zone Francophone de l\u2019Afrique de l\u2019Ouest - Media Foundation For West Africa\" \/>\n<meta property=\"og:description\" content=\"Le COVID-19 a d\u00e9clench\u00e9 une vague inqui\u00e9tante de r\u00e9pression des journalistes en Afrique de l&#8217;Ouest. Pour r\u00e9ussir la\" \/>\n<meta property=\"og:url\" content=\"https:\/\/mfwa.org\/fr\/la-securite-des-journalistes-et-le-covid-19-en-zone-francophone-de-lafrique-de-louest\/\" \/>\n<meta property=\"og:site_name\" content=\"Media Foundation For West Africa\" \/>\n<meta property=\"article:publisher\" content=\"https:\/\/www.facebook.com\/themfwa\" \/>\n<meta property=\"article:published_time\" content=\"2020-05-31T09:39:22+00:00\" \/>\n<meta property=\"article:modified_time\" content=\"2020-06-01T11:14:09+00:00\" \/>\n<meta property=\"og:image\" content=\"https:\/\/mfwa.org\/wp-content\/uploads\/2020\/05\/WhatsApp-Image-2020-06-01-at-10.37.31.jpeg\" \/>\n\t<meta property=\"og:image:width\" content=\"1080\" \/>\n\t<meta property=\"og:image:height\" content=\"682\" \/>\n\t<meta property=\"og:image:type\" content=\"image\/jpeg\" \/>\n<meta name=\"author\" content=\"Kwaku Asante\" \/>\n<meta name=\"twitter:card\" content=\"summary_large_image\" \/>\n<meta name=\"twitter:creator\" content=\"@TheMFWA\" \/>\n<meta name=\"twitter:site\" content=\"@TheMFWA\" \/>\n<meta name=\"twitter:label1\" content=\"Written by\" \/>\n\t<meta name=\"twitter:data1\" content=\"Kwaku Asante\" \/>\n\t<meta name=\"twitter:label2\" content=\"Est. reading time\" \/>\n\t<meta name=\"twitter:data2\" content=\"1 minute\" \/>\n<script type=\"application\/ld+json\" class=\"yoast-schema-graph\">{\"@context\":\"https:\\\/\\\/schema.org\",\"@graph\":[{\"@type\":\"Article\",\"@id\":\"https:\\\/\\\/mfwa.org\\\/fr\\\/la-securite-des-journalistes-et-le-covid-19-en-zone-francophone-de-lafrique-de-louest\\\/#article\",\"isPartOf\":{\"@id\":\"https:\\\/\\\/mfwa.org\\\/fr\\\/la-securite-des-journalistes-et-le-covid-19-en-zone-francophone-de-lafrique-de-louest\\\/\"},\"author\":{\"name\":\"Kwaku Asante\",\"@id\":\"https:\\\/\\\/mfwa.org\\\/#\\\/schema\\\/person\\\/8e2c73d54ab8d90699e634b53256680f\"},\"headline\":\"La S\u00e9curit\u00e9 des Journalistes et le COVID-19 en Zone Francophone de l\u2019Afrique de l\u2019Ouest\",\"datePublished\":\"2020-05-31T09:39:22+00:00\",\"dateModified\":\"2020-06-01T11:14:09+00:00\",\"mainEntityOfPage\":{\"@id\":\"https:\\\/\\\/mfwa.org\\\/fr\\\/la-securite-des-journalistes-et-le-covid-19-en-zone-francophone-de-lafrique-de-louest\\\/\"},\"wordCount\":199,\"publisher\":{\"@id\":\"https:\\\/\\\/mfwa.org\\\/#organization\"},\"image\":{\"@id\":\"https:\\\/\\\/mfwa.org\\\/fr\\\/la-securite-des-journalistes-et-le-covid-19-en-zone-francophone-de-lafrique-de-louest\\\/#primaryimage\"},\"thumbnailUrl\":\"https:\\\/\\\/mfwa.org\\\/wp-content\\\/uploads\\\/2020\\\/05\\\/WhatsApp-Image-2020-06-01-at-10.37.31.jpeg\",\"articleSection\":[\"S\u00e9curit\u00e9 des Journalistes\"],\"inLanguage\":\"fr-FR\"},{\"@type\":\"WebPage\",\"@id\":\"https:\\\/\\\/mfwa.org\\\/fr\\\/la-securite-des-journalistes-et-le-covid-19-en-zone-francophone-de-lafrique-de-louest\\\/\",\"url\":\"https:\\\/\\\/mfwa.org\\\/fr\\\/la-securite-des-journalistes-et-le-covid-19-en-zone-francophone-de-lafrique-de-louest\\\/\",\"name\":\"La S\u00e9curit\u00e9 des Journalistes et le COVID-19 en Zone Francophone de l\u2019Afrique de l\u2019Ouest - Media Foundation For West Africa\",\"isPartOf\":{\"@id\":\"https:\\\/\\\/mfwa.org\\\/#website\"},\"primaryImageOfPage\":{\"@id\":\"https:\\\/\\\/mfwa.org\\\/fr\\\/la-securite-des-journalistes-et-le-covid-19-en-zone-francophone-de-lafrique-de-louest\\\/#primaryimage\"},\"image\":{\"@id\":\"https:\\\/\\\/mfwa.org\\\/fr\\\/la-securite-des-journalistes-et-le-covid-19-en-zone-francophone-de-lafrique-de-louest\\\/#primaryimage\"},\"thumbnailUrl\":\"https:\\\/\\\/mfwa.org\\\/wp-content\\\/uploads\\\/2020\\\/05\\\/WhatsApp-Image-2020-06-01-at-10.37.31.jpeg\",\"datePublished\":\"2020-05-31T09:39:22+00:00\",\"dateModified\":\"2020-06-01T11:14:09+00:00\",\"breadcrumb\":{\"@id\":\"https:\\\/\\\/mfwa.org\\\/fr\\\/la-securite-des-journalistes-et-le-covid-19-en-zone-francophone-de-lafrique-de-louest\\\/#breadcrumb\"},\"inLanguage\":\"fr-FR\",\"potentialAction\":[{\"@type\":\"ReadAction\",\"target\":[\"https:\\\/\\\/mfwa.org\\\/fr\\\/la-securite-des-journalistes-et-le-covid-19-en-zone-francophone-de-lafrique-de-louest\\\/\"]}]},{\"@type\":\"ImageObject\",\"inLanguage\":\"fr-FR\",\"@id\":\"https:\\\/\\\/mfwa.org\\\/fr\\\/la-securite-des-journalistes-et-le-covid-19-en-zone-francophone-de-lafrique-de-louest\\\/#primaryimage\",\"url\":\"https:\\\/\\\/mfwa.org\\\/wp-content\\\/uploads\\\/2020\\\/05\\\/WhatsApp-Image-2020-06-01-at-10.37.31.jpeg\",\"contentUrl\":\"https:\\\/\\\/mfwa.org\\\/wp-content\\\/uploads\\\/2020\\\/05\\\/WhatsApp-Image-2020-06-01-at-10.37.31.jpeg\",\"width\":1080,\"height\":682},{\"@type\":\"BreadcrumbList\",\"@id\":\"https:\\\/\\\/mfwa.org\\\/fr\\\/la-securite-des-journalistes-et-le-covid-19-en-zone-francophone-de-lafrique-de-louest\\\/#breadcrumb\",\"itemListElement\":[{\"@type\":\"ListItem\",\"position\":1,\"name\":\"Home\",\"item\":\"https:\\\/\\\/mfwa.org\\\/fr\\\/\"},{\"@type\":\"ListItem\",\"position\":2,\"name\":\"La S\u00e9curit\u00e9 des Journalistes et le COVID-19 en Zone Francophone de l\u2019Afrique de l\u2019Ouest\"}]},{\"@type\":\"WebSite\",\"@id\":\"https:\\\/\\\/mfwa.org\\\/#website\",\"url\":\"https:\\\/\\\/mfwa.org\\\/\",\"name\":\"Media Foundation For West Africa\",\"description\":\"Promoting Freedom of Expression and Democracy in West Africa\",\"publisher\":{\"@id\":\"https:\\\/\\\/mfwa.org\\\/#organization\"},\"potentialAction\":[{\"@type\":\"SearchAction\",\"target\":{\"@type\":\"EntryPoint\",\"urlTemplate\":\"https:\\\/\\\/mfwa.org\\\/?s={search_term_string}\"},\"query-input\":{\"@type\":\"PropertyValueSpecification\",\"valueRequired\":true,\"valueName\":\"search_term_string\"}}],\"inLanguage\":\"fr-FR\"},{\"@type\":\"Organization\",\"@id\":\"https:\\\/\\\/mfwa.org\\\/#organization\",\"name\":\"Media Foundation for West Africa\",\"url\":\"https:\\\/\\\/mfwa.org\\\/\",\"logo\":{\"@type\":\"ImageObject\",\"inLanguage\":\"fr-FR\",\"@id\":\"https:\\\/\\\/mfwa.org\\\/#\\\/schema\\\/logo\\\/image\\\/\",\"url\":\"https:\\\/\\\/www.mfwa.org\\\/wp-content\\\/uploads\\\/2016\\\/06\\\/MFWA-LOGO.png\",\"contentUrl\":\"https:\\\/\\\/www.mfwa.org\\\/wp-content\\\/uploads\\\/2016\\\/06\\\/MFWA-LOGO.png\",\"width\":180,\"height\":180,\"caption\":\"Media Foundation for West Africa\"},\"image\":{\"@id\":\"https:\\\/\\\/mfwa.org\\\/#\\\/schema\\\/logo\\\/image\\\/\"},\"sameAs\":[\"https:\\\/\\\/www.facebook.com\\\/themfwa\",\"https:\\\/\\\/x.com\\\/TheMFWA\",\"https:\\\/\\\/www.youtube.com\\\/channel\\\/UCF6HrPuXcV1K1Ed8AAq4Rdw\"]},{\"@type\":\"Person\",\"@id\":\"https:\\\/\\\/mfwa.org\\\/#\\\/schema\\\/person\\\/8e2c73d54ab8d90699e634b53256680f\",\"name\":\"Kwaku Asante\",\"image\":{\"@type\":\"ImageObject\",\"inLanguage\":\"fr-FR\",\"@id\":\"https:\\\/\\\/secure.gravatar.com\\\/avatar\\\/f4b2f4008b9a29d4584bcac804b285ce2bebcee8b616a60be83b4a9ded8963b7?s=96&d=mm&r=g\",\"url\":\"https:\\\/\\\/secure.gravatar.com\\\/avatar\\\/f4b2f4008b9a29d4584bcac804b285ce2bebcee8b616a60be83b4a9ded8963b7?s=96&d=mm&r=g\",\"contentUrl\":\"https:\\\/\\\/secure.gravatar.com\\\/avatar\\\/f4b2f4008b9a29d4584bcac804b285ce2bebcee8b616a60be83b4a9ded8963b7?s=96&d=mm&r=g\",\"caption\":\"Kwaku Asante\"},\"url\":\"https:\\\/\\\/mfwa.org\\\/fr\\\/author\\\/kwaku\\\/\"}]}<\/script>\n<!-- \/ Yoast SEO plugin. -->","yoast_head_json":{"title":"La S\u00e9curit\u00e9 des Journalistes et le COVID-19 en Zone Francophone de l\u2019Afrique de l\u2019Ouest - Media Foundation For West Africa","robots":{"index":"index","follow":"follow","max-snippet":"max-snippet:-1","max-image-preview":"max-image-preview:large","max-video-preview":"max-video-preview:-1"},"canonical":"https:\/\/mfwa.org\/fr\/la-securite-des-journalistes-et-le-covid-19-en-zone-francophone-de-lafrique-de-louest\/","og_locale":"fr_FR","og_type":"article","og_title":"La S\u00e9curit\u00e9 des Journalistes et le COVID-19 en Zone Francophone de l\u2019Afrique de l\u2019Ouest - Media Foundation For West Africa","og_description":"Le COVID-19 a d\u00e9clench\u00e9 une vague inqui\u00e9tante de r\u00e9pression des journalistes en Afrique de l&#8217;Ouest. Pour r\u00e9ussir la","og_url":"https:\/\/mfwa.org\/fr\/la-securite-des-journalistes-et-le-covid-19-en-zone-francophone-de-lafrique-de-louest\/","og_site_name":"Media Foundation For West Africa","article_publisher":"https:\/\/www.facebook.com\/themfwa","article_published_time":"2020-05-31T09:39:22+00:00","article_modified_time":"2020-06-01T11:14:09+00:00","og_image":[{"width":1080,"height":682,"url":"https:\/\/mfwa.org\/wp-content\/uploads\/2020\/05\/WhatsApp-Image-2020-06-01-at-10.37.31.jpeg","type":"image\/jpeg"}],"author":"Kwaku Asante","twitter_card":"summary_large_image","twitter_creator":"@TheMFWA","twitter_site":"@TheMFWA","twitter_misc":{"Written by":"Kwaku Asante","Est. reading time":"1 minute"},"schema":{"@context":"https:\/\/schema.org","@graph":[{"@type":"Article","@id":"https:\/\/mfwa.org\/fr\/la-securite-des-journalistes-et-le-covid-19-en-zone-francophone-de-lafrique-de-louest\/#article","isPartOf":{"@id":"https:\/\/mfwa.org\/fr\/la-securite-des-journalistes-et-le-covid-19-en-zone-francophone-de-lafrique-de-louest\/"},"author":{"name":"Kwaku Asante","@id":"https:\/\/mfwa.org\/#\/schema\/person\/8e2c73d54ab8d90699e634b53256680f"},"headline":"La S\u00e9curit\u00e9 des Journalistes et le COVID-19 en Zone Francophone de l\u2019Afrique de l\u2019Ouest","datePublished":"2020-05-31T09:39:22+00:00","dateModified":"2020-06-01T11:14:09+00:00","mainEntityOfPage":{"@id":"https:\/\/mfwa.org\/fr\/la-securite-des-journalistes-et-le-covid-19-en-zone-francophone-de-lafrique-de-louest\/"},"wordCount":199,"publisher":{"@id":"https:\/\/mfwa.org\/#organization"},"image":{"@id":"https:\/\/mfwa.org\/fr\/la-securite-des-journalistes-et-le-covid-19-en-zone-francophone-de-lafrique-de-louest\/#primaryimage"},"thumbnailUrl":"https:\/\/mfwa.org\/wp-content\/uploads\/2020\/05\/WhatsApp-Image-2020-06-01-at-10.37.31.jpeg","articleSection":["S\u00e9curit\u00e9 des Journalistes"],"inLanguage":"fr-FR"},{"@type":"WebPage","@id":"https:\/\/mfwa.org\/fr\/la-securite-des-journalistes-et-le-covid-19-en-zone-francophone-de-lafrique-de-louest\/","url":"https:\/\/mfwa.org\/fr\/la-securite-des-journalistes-et-le-covid-19-en-zone-francophone-de-lafrique-de-louest\/","name":"La S\u00e9curit\u00e9 des Journalistes et le COVID-19 en Zone Francophone de l\u2019Afrique de l\u2019Ouest - Media Foundation For West Africa","isPartOf":{"@id":"https:\/\/mfwa.org\/#website"},"primaryImageOfPage":{"@id":"https:\/\/mfwa.org\/fr\/la-securite-des-journalistes-et-le-covid-19-en-zone-francophone-de-lafrique-de-louest\/#primaryimage"},"image":{"@id":"https:\/\/mfwa.org\/fr\/la-securite-des-journalistes-et-le-covid-19-en-zone-francophone-de-lafrique-de-louest\/#primaryimage"},"thumbnailUrl":"https:\/\/mfwa.org\/wp-content\/uploads\/2020\/05\/WhatsApp-Image-2020-06-01-at-10.37.31.jpeg","datePublished":"2020-05-31T09:39:22+00:00","dateModified":"2020-06-01T11:14:09+00:00","breadcrumb":{"@id":"https:\/\/mfwa.org\/fr\/la-securite-des-journalistes-et-le-covid-19-en-zone-francophone-de-lafrique-de-louest\/#breadcrumb"},"inLanguage":"fr-FR","potentialAction":[{"@type":"ReadAction","target":["https:\/\/mfwa.org\/fr\/la-securite-des-journalistes-et-le-covid-19-en-zone-francophone-de-lafrique-de-louest\/"]}]},{"@type":"ImageObject","inLanguage":"fr-FR","@id":"https:\/\/mfwa.org\/fr\/la-securite-des-journalistes-et-le-covid-19-en-zone-francophone-de-lafrique-de-louest\/#primaryimage","url":"https:\/\/mfwa.org\/wp-content\/uploads\/2020\/05\/WhatsApp-Image-2020-06-01-at-10.37.31.jpeg","contentUrl":"https:\/\/mfwa.org\/wp-content\/uploads\/2020\/05\/WhatsApp-Image-2020-06-01-at-10.37.31.jpeg","width":1080,"height":682},{"@type":"BreadcrumbList","@id":"https:\/\/mfwa.org\/fr\/la-securite-des-journalistes-et-le-covid-19-en-zone-francophone-de-lafrique-de-louest\/#breadcrumb","itemListElement":[{"@type":"ListItem","position":1,"name":"Home","item":"https:\/\/mfwa.org\/fr\/"},{"@type":"ListItem","position":2,"name":"La S\u00e9curit\u00e9 des Journalistes et le COVID-19 en Zone Francophone de l\u2019Afrique de l\u2019Ouest"}]},{"@type":"WebSite","@id":"https:\/\/mfwa.org\/#website","url":"https:\/\/mfwa.org\/","name":"Media Foundation For West Africa","description":"Promoting Freedom of Expression and Democracy in West Africa","publisher":{"@id":"https:\/\/mfwa.org\/#organization"},"potentialAction":[{"@type":"SearchAction","target":{"@type":"EntryPoint","urlTemplate":"https:\/\/mfwa.org\/?s={search_term_string}"},"query-input":{"@type":"PropertyValueSpecification","valueRequired":true,"valueName":"search_term_string"}}],"inLanguage":"fr-FR"},{"@type":"Organization","@id":"https:\/\/mfwa.org\/#organization","name":"Media Foundation for West Africa","url":"https:\/\/mfwa.org\/","logo":{"@type":"ImageObject","inLanguage":"fr-FR","@id":"https:\/\/mfwa.org\/#\/schema\/logo\/image\/","url":"https:\/\/www.mfwa.org\/wp-content\/uploads\/2016\/06\/MFWA-LOGO.png","contentUrl":"https:\/\/www.mfwa.org\/wp-content\/uploads\/2016\/06\/MFWA-LOGO.png","width":180,"height":180,"caption":"Media Foundation for West Africa"},"image":{"@id":"https:\/\/mfwa.org\/#\/schema\/logo\/image\/"},"sameAs":["https:\/\/www.facebook.com\/themfwa","https:\/\/x.com\/TheMFWA","https:\/\/www.youtube.com\/channel\/UCF6HrPuXcV1K1Ed8AAq4Rdw"]},{"@type":"Person","@id":"https:\/\/mfwa.org\/#\/schema\/person\/8e2c73d54ab8d90699e634b53256680f","name":"Kwaku Asante","image":{"@type":"ImageObject","inLanguage":"fr-FR","@id":"https:\/\/secure.gravatar.com\/avatar\/f4b2f4008b9a29d4584bcac804b285ce2bebcee8b616a60be83b4a9ded8963b7?s=96&d=mm&r=g","url":"https:\/\/secure.gravatar.com\/avatar\/f4b2f4008b9a29d4584bcac804b285ce2bebcee8b616a60be83b4a9ded8963b7?s=96&d=mm&r=g","contentUrl":"https:\/\/secure.gravatar.com\/avatar\/f4b2f4008b9a29d4584bcac804b285ce2bebcee8b616a60be83b4a9ded8963b7?s=96&d=mm&r=g","caption":"Kwaku Asante"},"url":"https:\/\/mfwa.org\/fr\/author\/kwaku\/"}]}},"_links":{"self":[{"href":"https:\/\/mfwa.org\/fr\/wp-json\/wp\/v2\/posts\/18692","targetHints":{"allow":["GET"]}}],"collection":[{"href":"https:\/\/mfwa.org\/fr\/wp-json\/wp\/v2\/posts"}],"about":[{"href":"https:\/\/mfwa.org\/fr\/wp-json\/wp\/v2\/types\/post"}],"author":[{"embeddable":true,"href":"https:\/\/mfwa.org\/fr\/wp-json\/wp\/v2\/users\/6"}],"replies":[{"embeddable":true,"href":"https:\/\/mfwa.org\/fr\/wp-json\/wp\/v2\/comments?post=18692"}],"version-history":[{"count":0,"href":"https:\/\/mfwa.org\/fr\/wp-json\/wp\/v2\/posts\/18692\/revisions"}],"wp:featuredmedia":[{"embeddable":true,"href":"https:\/\/mfwa.org\/fr\/wp-json\/wp\/v2\/media\/18710"}],"wp:attachment":[{"href":"https:\/\/mfwa.org\/fr\/wp-json\/wp\/v2\/media?parent=18692"}],"wp:term":[{"taxonomy":"category","embeddable":true,"href":"https:\/\/mfwa.org\/fr\/wp-json\/wp\/v2\/categories?post=18692"},{"taxonomy":"post_tag","embeddable":true,"href":"https:\/\/mfwa.org\/fr\/wp-json\/wp\/v2\/tags?post=18692"},{"taxonomy":"country","embeddable":true,"href":"https:\/\/mfwa.org\/fr\/wp-json\/wp\/v2\/country?post=18692"},{"taxonomy":"staff-position","embeddable":true,"href":"https:\/\/mfwa.org\/fr\/wp-json\/wp\/v2\/staff-position?post=18692"},{"taxonomy":"opportunity-category","embeddable":true,"href":"https:\/\/mfwa.org\/fr\/wp-json\/wp\/v2\/opportunity-category?post=18692"}],"curies":[{"name":"wp","href":"https:\/\/api.w.org\/{rel}","templated":true}]}}