{"id":17181,"date":"2020-01-28T12:35:21","date_gmt":"2020-01-28T12:35:21","guid":{"rendered":"https:\/\/www.mfwa.org\/?p=17181"},"modified":"2020-02-03T16:53:25","modified_gmt":"2020-02-03T16:53:25","slug":"les-forces-de-securite-ont-encore-tue-deux-personnes-lors-dun-regain-de-repression-contre-des-manifestants","status":"publish","type":"post","link":"https:\/\/mfwa.org\/fr\/les-forces-de-securite-ont-encore-tue-deux-personnes-lors-dun-regain-de-repression-contre-des-manifestants\/","title":{"rendered":"Les Forces de S\u00e9curit\u00e9 ont Encore Tu\u00e9 Deux Personnes lors d&#8217;un Regain de R\u00e9pression Contre des Manifestants"},"content":{"rendered":"<p>La Fondation des M\u00e9dias pour l\u2019Afrique de l\u2019Ouest (MFWA) est profond\u00e9ment pr\u00e9occup\u00e9e par la poursuite de la r\u00e9pression sanglante des manifestants oppos\u00e9s aux tentatives du Pr\u00e9sident Cond\u00e9 de briguer un troisi\u00e8me mandat, et appelle les autorit\u00e9s \u00e0 rappeler les forces de s\u00e9curit\u00e9 \u00e0 l&#8217;ordre.<\/p>\n<p>Depuis la mi-octobre 2019, la Guin\u00e9e a enregistr\u00e9 une s\u00e9rie d&#8217;assassinats en relation avec les manifestations de rue contre la proposition de modification de la Constitution du pays pour permettre au Pr\u00e9sident Cond\u00e9 de se pr\u00e9senter \u00e0 nouveau aux \u00e9lections pr\u00e9sidentielles apr\u00e8s l&#8217;expiration de ses deux mandats constitutionnels plus cette ann\u00e9e. Les forces de s\u00e9curit\u00e9 ont utilis\u00e9 des gaz lacrymog\u00e8nes et des balles r\u00e9elles pour r\u00e9primer les manifestants. Une vingtaine de personnes avaient \u00e9t\u00e9 d\u00e9j\u00e0 tu\u00e9es, dont des enfants et un agent de s\u00e9curit\u00e9.<\/p>\n<p>Lors du dernier incident, deux personnes ont \u00e9t\u00e9 tu\u00e9es le 13 janvier 2020, l&#8217;une dans la capitale, Conakry, et l&#8217;autre dans la ville de Lab\u00e9, au nord, \u00e0 quelque 400 km de la capitale.<\/p>\n<p>Mamadou Sow, 21 ans et lyc\u00e9en, a \u00e9t\u00e9 abattu par les forces de s\u00e9curit\u00e9 \u00e0 Coza, dans le quartier de Ratoma \u00e0 Conakry, lors des manifestations nationales.<\/p>\n<p>&#8220;Il y a eu des affrontements, des jets de pierres et des gaz lacrymog\u00e8nes. A un moment donn\u00e9, nous avons entendu une explosion, nous avons entendu des cris et tous les jeunes se sont rassembl\u00e9s autour de mon neveu, qui \u00e9tait \u00e0 terre, bless\u00e9 \u00e0 la poitrine&#8221;, a d\u00e9clar\u00e9 l&#8217;oncle du d\u00e9funt aux m\u00e9dias.<\/p>\n<p>Un autre manifestant, Amadou Diallo, ma\u00e7on de profession, est \u00e9galement mort de ses blessures par balle apr\u00e8s que les forces de s\u00e9curit\u00e9 aient ouvert le feu pour disperser les manifestants qui attaquaient un b\u00e2timent du tribunal \u00e0 Lab\u00e9.<\/p>\n<p>Le MFWA a enregistr\u00e9 quinze morts depuis le d\u00e9but de l&#8217;ann\u00e9e derni\u00e8re des manifestations en s\u00e9rie contre les tentatives pr\u00e9sum\u00e9es du pr\u00e9sident Alpha Cond\u00e9 de briguer un troisi\u00e8me mandat en supprimant les limites de mandat impos\u00e9es par la constitution. Cependant, d&#8217;autres sources, dont le Front national pour la d\u00e9fense de la Constitution (FNDC), la coalition d&#8217;organisations qui m\u00e8ne la campagne contre le programme du troisi\u00e8me mandat, estiment que le bilan est d&#8217;au moins vingt personnes tu\u00e9es.<\/p>\n<p>Le MFWA est alarm\u00e9 par le nombre croissant de d\u00e9c\u00e8s dus aux brutalit\u00e9s polici\u00e8res contre les manifestants et demande instamment aux autorit\u00e9s de mettre fin \u00e0 l&#8217;utilisation de balles r\u00e9elles pour contr\u00f4ler ces manifestations. Le droit de r\u00e9union et de manifestation pacifique est un droit humain fondamental et les gens ne doivent pas perdre la vie pour avoir exerc\u00e9 ce droit.<\/p>\n","protected":false},"excerpt":{"rendered":"<p>La Fondation des M\u00e9dias pour l\u2019Afrique de l\u2019Ouest (MFWA) est profond\u00e9ment pr\u00e9occup\u00e9e par la poursuite de la r\u00e9pression<\/p>\n","protected":false},"author":6,"featured_media":17169,"comment_status":"closed","ping_status":"closed","sticky":false,"template":"","format":"standard","meta":{"footnotes":""},"categories":[322,227],"tags":[],"country":[244],"staff-position":[],"opportunity-category":[],"ppma_author":[515],"class_list":["post-17181","post","type-post","status-publish","format-standard","has-post-thumbnail","hentry","category-bonne-gouvernance","category-free-expression-and-the-law-fr","country-guinee"],"yoast_head":"<!-- This site is optimized with the Yoast SEO plugin v27.4 - https:\/\/yoast.com\/product\/yoast-seo-wordpress\/ -->\n<title>Les Forces de S\u00e9curit\u00e9 ont Encore Tu\u00e9 Deux Personnes lors d&#039;un Regain de R\u00e9pression Contre des Manifestants - Media Foundation For West Africa<\/title>\n<meta name=\"robots\" content=\"index, follow, max-snippet:-1, max-image-preview:large, max-video-preview:-1\" \/>\n<link rel=\"canonical\" href=\"https:\/\/mfwa.org\/fr\/les-forces-de-securite-ont-encore-tue-deux-personnes-lors-dun-regain-de-repression-contre-des-manifestants\/\" \/>\n<meta property=\"og:locale\" content=\"fr_FR\" \/>\n<meta property=\"og:type\" content=\"article\" \/>\n<meta property=\"og:title\" content=\"Les Forces de S\u00e9curit\u00e9 ont Encore Tu\u00e9 Deux Personnes lors d&#039;un Regain de R\u00e9pression Contre des Manifestants - Media Foundation For West Africa\" \/>\n<meta property=\"og:description\" content=\"La Fondation des M\u00e9dias pour l\u2019Afrique de l\u2019Ouest (MFWA) est profond\u00e9ment pr\u00e9occup\u00e9e par la poursuite de la r\u00e9pression\" \/>\n<meta property=\"og:url\" content=\"https:\/\/mfwa.org\/fr\/les-forces-de-securite-ont-encore-tue-deux-personnes-lors-dun-regain-de-repression-contre-des-manifestants\/\" \/>\n<meta property=\"og:site_name\" content=\"Media Foundation For West Africa\" \/>\n<meta property=\"article:publisher\" content=\"https:\/\/www.facebook.com\/themfwa\" \/>\n<meta property=\"article:published_time\" content=\"2020-01-28T12:35:21+00:00\" \/>\n<meta property=\"article:modified_time\" content=\"2020-02-03T16:53:25+00:00\" \/>\n<meta property=\"og:image\" content=\"https:\/\/mfwa.org\/wp-content\/uploads\/2020\/01\/Conde.jpg\" \/>\n\t<meta property=\"og:image:width\" content=\"1280\" \/>\n\t<meta property=\"og:image:height\" content=\"720\" \/>\n\t<meta property=\"og:image:type\" content=\"image\/jpeg\" \/>\n<meta name=\"author\" content=\"Kwaku Asante\" \/>\n<meta name=\"twitter:card\" content=\"summary_large_image\" \/>\n<meta name=\"twitter:creator\" content=\"@TheMFWA\" \/>\n<meta name=\"twitter:site\" content=\"@TheMFWA\" \/>\n<meta name=\"twitter:label1\" content=\"Written by\" \/>\n\t<meta name=\"twitter:data1\" content=\"Kwaku Asante\" \/>\n\t<meta name=\"twitter:label2\" content=\"Est. reading time\" \/>\n\t<meta name=\"twitter:data2\" content=\"2 minutes\" \/>\n<script type=\"application\/ld+json\" class=\"yoast-schema-graph\">{\"@context\":\"https:\\\/\\\/schema.org\",\"@graph\":[{\"@type\":\"Article\",\"@id\":\"https:\\\/\\\/mfwa.org\\\/fr\\\/les-forces-de-securite-ont-encore-tue-deux-personnes-lors-dun-regain-de-repression-contre-des-manifestants\\\/#article\",\"isPartOf\":{\"@id\":\"https:\\\/\\\/mfwa.org\\\/fr\\\/les-forces-de-securite-ont-encore-tue-deux-personnes-lors-dun-regain-de-repression-contre-des-manifestants\\\/\"},\"author\":{\"name\":\"Kwaku Asante\",\"@id\":\"https:\\\/\\\/mfwa.org\\\/#\\\/schema\\\/person\\\/8e2c73d54ab8d90699e634b53256680f\"},\"headline\":\"Les Forces de S\u00e9curit\u00e9 ont Encore Tu\u00e9 Deux Personnes lors d&#8217;un Regain de R\u00e9pression Contre des Manifestants\",\"datePublished\":\"2020-01-28T12:35:21+00:00\",\"dateModified\":\"2020-02-03T16:53:25+00:00\",\"mainEntityOfPage\":{\"@id\":\"https:\\\/\\\/mfwa.org\\\/fr\\\/les-forces-de-securite-ont-encore-tue-deux-personnes-lors-dun-regain-de-repression-contre-des-manifestants\\\/\"},\"wordCount\":493,\"publisher\":{\"@id\":\"https:\\\/\\\/mfwa.org\\\/#organization\"},\"image\":{\"@id\":\"https:\\\/\\\/mfwa.org\\\/fr\\\/les-forces-de-securite-ont-encore-tue-deux-personnes-lors-dun-regain-de-repression-contre-des-manifestants\\\/#primaryimage\"},\"thumbnailUrl\":\"https:\\\/\\\/mfwa.org\\\/wp-content\\\/uploads\\\/2020\\\/01\\\/Conde.jpg\",\"articleSection\":[\"Bonne Gouvernance\",\"La libre expression et La Loi\"],\"inLanguage\":\"fr-FR\"},{\"@type\":\"WebPage\",\"@id\":\"https:\\\/\\\/mfwa.org\\\/fr\\\/les-forces-de-securite-ont-encore-tue-deux-personnes-lors-dun-regain-de-repression-contre-des-manifestants\\\/\",\"url\":\"https:\\\/\\\/mfwa.org\\\/fr\\\/les-forces-de-securite-ont-encore-tue-deux-personnes-lors-dun-regain-de-repression-contre-des-manifestants\\\/\",\"name\":\"Les Forces de S\u00e9curit\u00e9 ont Encore Tu\u00e9 Deux Personnes lors d'un Regain de R\u00e9pression Contre des Manifestants - Media Foundation For West Africa\",\"isPartOf\":{\"@id\":\"https:\\\/\\\/mfwa.org\\\/#website\"},\"primaryImageOfPage\":{\"@id\":\"https:\\\/\\\/mfwa.org\\\/fr\\\/les-forces-de-securite-ont-encore-tue-deux-personnes-lors-dun-regain-de-repression-contre-des-manifestants\\\/#primaryimage\"},\"image\":{\"@id\":\"https:\\\/\\\/mfwa.org\\\/fr\\\/les-forces-de-securite-ont-encore-tue-deux-personnes-lors-dun-regain-de-repression-contre-des-manifestants\\\/#primaryimage\"},\"thumbnailUrl\":\"https:\\\/\\\/mfwa.org\\\/wp-content\\\/uploads\\\/2020\\\/01\\\/Conde.jpg\",\"datePublished\":\"2020-01-28T12:35:21+00:00\",\"dateModified\":\"2020-02-03T16:53:25+00:00\",\"breadcrumb\":{\"@id\":\"https:\\\/\\\/mfwa.org\\\/fr\\\/les-forces-de-securite-ont-encore-tue-deux-personnes-lors-dun-regain-de-repression-contre-des-manifestants\\\/#breadcrumb\"},\"inLanguage\":\"fr-FR\",\"potentialAction\":[{\"@type\":\"ReadAction\",\"target\":[\"https:\\\/\\\/mfwa.org\\\/fr\\\/les-forces-de-securite-ont-encore-tue-deux-personnes-lors-dun-regain-de-repression-contre-des-manifestants\\\/\"]}]},{\"@type\":\"ImageObject\",\"inLanguage\":\"fr-FR\",\"@id\":\"https:\\\/\\\/mfwa.org\\\/fr\\\/les-forces-de-securite-ont-encore-tue-deux-personnes-lors-dun-regain-de-repression-contre-des-manifestants\\\/#primaryimage\",\"url\":\"https:\\\/\\\/mfwa.org\\\/wp-content\\\/uploads\\\/2020\\\/01\\\/Conde.jpg\",\"contentUrl\":\"https:\\\/\\\/mfwa.org\\\/wp-content\\\/uploads\\\/2020\\\/01\\\/Conde.jpg\",\"width\":1280,\"height\":720,\"caption\":\"Source: Getty Images\"},{\"@type\":\"BreadcrumbList\",\"@id\":\"https:\\\/\\\/mfwa.org\\\/fr\\\/les-forces-de-securite-ont-encore-tue-deux-personnes-lors-dun-regain-de-repression-contre-des-manifestants\\\/#breadcrumb\",\"itemListElement\":[{\"@type\":\"ListItem\",\"position\":1,\"name\":\"Home\",\"item\":\"https:\\\/\\\/mfwa.org\\\/fr\\\/\"},{\"@type\":\"ListItem\",\"position\":2,\"name\":\"Les Forces de S\u00e9curit\u00e9 ont Encore Tu\u00e9 Deux Personnes lors d&#8217;un Regain de R\u00e9pression Contre des Manifestants\"}]},{\"@type\":\"WebSite\",\"@id\":\"https:\\\/\\\/mfwa.org\\\/#website\",\"url\":\"https:\\\/\\\/mfwa.org\\\/\",\"name\":\"Media Foundation For West Africa\",\"description\":\"Promoting Freedom of Expression and Democracy in West Africa\",\"publisher\":{\"@id\":\"https:\\\/\\\/mfwa.org\\\/#organization\"},\"potentialAction\":[{\"@type\":\"SearchAction\",\"target\":{\"@type\":\"EntryPoint\",\"urlTemplate\":\"https:\\\/\\\/mfwa.org\\\/?s={search_term_string}\"},\"query-input\":{\"@type\":\"PropertyValueSpecification\",\"valueRequired\":true,\"valueName\":\"search_term_string\"}}],\"inLanguage\":\"fr-FR\"},{\"@type\":\"Organization\",\"@id\":\"https:\\\/\\\/mfwa.org\\\/#organization\",\"name\":\"Media Foundation for West Africa\",\"url\":\"https:\\\/\\\/mfwa.org\\\/\",\"logo\":{\"@type\":\"ImageObject\",\"inLanguage\":\"fr-FR\",\"@id\":\"https:\\\/\\\/mfwa.org\\\/#\\\/schema\\\/logo\\\/image\\\/\",\"url\":\"https:\\\/\\\/www.mfwa.org\\\/wp-content\\\/uploads\\\/2016\\\/06\\\/MFWA-LOGO.png\",\"contentUrl\":\"https:\\\/\\\/www.mfwa.org\\\/wp-content\\\/uploads\\\/2016\\\/06\\\/MFWA-LOGO.png\",\"width\":180,\"height\":180,\"caption\":\"Media Foundation for West Africa\"},\"image\":{\"@id\":\"https:\\\/\\\/mfwa.org\\\/#\\\/schema\\\/logo\\\/image\\\/\"},\"sameAs\":[\"https:\\\/\\\/www.facebook.com\\\/themfwa\",\"https:\\\/\\\/x.com\\\/TheMFWA\",\"https:\\\/\\\/www.youtube.com\\\/channel\\\/UCF6HrPuXcV1K1Ed8AAq4Rdw\"]},{\"@type\":\"Person\",\"@id\":\"https:\\\/\\\/mfwa.org\\\/#\\\/schema\\\/person\\\/8e2c73d54ab8d90699e634b53256680f\",\"name\":\"Kwaku Asante\",\"image\":{\"@type\":\"ImageObject\",\"inLanguage\":\"fr-FR\",\"@id\":\"https:\\\/\\\/secure.gravatar.com\\\/avatar\\\/f4b2f4008b9a29d4584bcac804b285ce2bebcee8b616a60be83b4a9ded8963b7?s=96&d=mm&r=g3fc24910de2fac178dc652a6771c3785\",\"url\":\"https:\\\/\\\/secure.gravatar.com\\\/avatar\\\/f4b2f4008b9a29d4584bcac804b285ce2bebcee8b616a60be83b4a9ded8963b7?s=96&d=mm&r=g\",\"contentUrl\":\"https:\\\/\\\/secure.gravatar.com\\\/avatar\\\/f4b2f4008b9a29d4584bcac804b285ce2bebcee8b616a60be83b4a9ded8963b7?s=96&d=mm&r=g\",\"caption\":\"Kwaku Asante\"},\"url\":\"https:\\\/\\\/mfwa.org\\\/fr\\\/author\\\/kwaku\\\/\"}]}<\/script>\n<!-- \/ Yoast SEO plugin. -->","yoast_head_json":{"title":"Les Forces de S\u00e9curit\u00e9 ont Encore Tu\u00e9 Deux Personnes lors d'un Regain de R\u00e9pression Contre des Manifestants - Media Foundation For West Africa","robots":{"index":"index","follow":"follow","max-snippet":"max-snippet:-1","max-image-preview":"max-image-preview:large","max-video-preview":"max-video-preview:-1"},"canonical":"https:\/\/mfwa.org\/fr\/les-forces-de-securite-ont-encore-tue-deux-personnes-lors-dun-regain-de-repression-contre-des-manifestants\/","og_locale":"fr_FR","og_type":"article","og_title":"Les Forces de S\u00e9curit\u00e9 ont Encore Tu\u00e9 Deux Personnes lors d'un Regain de R\u00e9pression Contre des Manifestants - Media Foundation For West Africa","og_description":"La Fondation des M\u00e9dias pour l\u2019Afrique de l\u2019Ouest (MFWA) est profond\u00e9ment pr\u00e9occup\u00e9e par la poursuite de la r\u00e9pression","og_url":"https:\/\/mfwa.org\/fr\/les-forces-de-securite-ont-encore-tue-deux-personnes-lors-dun-regain-de-repression-contre-des-manifestants\/","og_site_name":"Media Foundation For West Africa","article_publisher":"https:\/\/www.facebook.com\/themfwa","article_published_time":"2020-01-28T12:35:21+00:00","article_modified_time":"2020-02-03T16:53:25+00:00","og_image":[{"width":1280,"height":720,"url":"https:\/\/mfwa.org\/wp-content\/uploads\/2020\/01\/Conde.jpg","type":"image\/jpeg"}],"author":"Kwaku Asante","twitter_card":"summary_large_image","twitter_creator":"@TheMFWA","twitter_site":"@TheMFWA","twitter_misc":{"Written by":"Kwaku Asante","Est. reading time":"2 minutes"},"schema":{"@context":"https:\/\/schema.org","@graph":[{"@type":"Article","@id":"https:\/\/mfwa.org\/fr\/les-forces-de-securite-ont-encore-tue-deux-personnes-lors-dun-regain-de-repression-contre-des-manifestants\/#article","isPartOf":{"@id":"https:\/\/mfwa.org\/fr\/les-forces-de-securite-ont-encore-tue-deux-personnes-lors-dun-regain-de-repression-contre-des-manifestants\/"},"author":{"name":"Kwaku Asante","@id":"https:\/\/mfwa.org\/#\/schema\/person\/8e2c73d54ab8d90699e634b53256680f"},"headline":"Les Forces de S\u00e9curit\u00e9 ont Encore Tu\u00e9 Deux Personnes lors d&#8217;un Regain de R\u00e9pression Contre des Manifestants","datePublished":"2020-01-28T12:35:21+00:00","dateModified":"2020-02-03T16:53:25+00:00","mainEntityOfPage":{"@id":"https:\/\/mfwa.org\/fr\/les-forces-de-securite-ont-encore-tue-deux-personnes-lors-dun-regain-de-repression-contre-des-manifestants\/"},"wordCount":493,"publisher":{"@id":"https:\/\/mfwa.org\/#organization"},"image":{"@id":"https:\/\/mfwa.org\/fr\/les-forces-de-securite-ont-encore-tue-deux-personnes-lors-dun-regain-de-repression-contre-des-manifestants\/#primaryimage"},"thumbnailUrl":"https:\/\/mfwa.org\/wp-content\/uploads\/2020\/01\/Conde.jpg","articleSection":["Bonne Gouvernance","La libre expression et La Loi"],"inLanguage":"fr-FR"},{"@type":"WebPage","@id":"https:\/\/mfwa.org\/fr\/les-forces-de-securite-ont-encore-tue-deux-personnes-lors-dun-regain-de-repression-contre-des-manifestants\/","url":"https:\/\/mfwa.org\/fr\/les-forces-de-securite-ont-encore-tue-deux-personnes-lors-dun-regain-de-repression-contre-des-manifestants\/","name":"Les Forces de S\u00e9curit\u00e9 ont Encore Tu\u00e9 Deux Personnes lors d'un Regain de R\u00e9pression Contre des Manifestants - Media Foundation For West Africa","isPartOf":{"@id":"https:\/\/mfwa.org\/#website"},"primaryImageOfPage":{"@id":"https:\/\/mfwa.org\/fr\/les-forces-de-securite-ont-encore-tue-deux-personnes-lors-dun-regain-de-repression-contre-des-manifestants\/#primaryimage"},"image":{"@id":"https:\/\/mfwa.org\/fr\/les-forces-de-securite-ont-encore-tue-deux-personnes-lors-dun-regain-de-repression-contre-des-manifestants\/#primaryimage"},"thumbnailUrl":"https:\/\/mfwa.org\/wp-content\/uploads\/2020\/01\/Conde.jpg","datePublished":"2020-01-28T12:35:21+00:00","dateModified":"2020-02-03T16:53:25+00:00","breadcrumb":{"@id":"https:\/\/mfwa.org\/fr\/les-forces-de-securite-ont-encore-tue-deux-personnes-lors-dun-regain-de-repression-contre-des-manifestants\/#breadcrumb"},"inLanguage":"fr-FR","potentialAction":[{"@type":"ReadAction","target":["https:\/\/mfwa.org\/fr\/les-forces-de-securite-ont-encore-tue-deux-personnes-lors-dun-regain-de-repression-contre-des-manifestants\/"]}]},{"@type":"ImageObject","inLanguage":"fr-FR","@id":"https:\/\/mfwa.org\/fr\/les-forces-de-securite-ont-encore-tue-deux-personnes-lors-dun-regain-de-repression-contre-des-manifestants\/#primaryimage","url":"https:\/\/mfwa.org\/wp-content\/uploads\/2020\/01\/Conde.jpg","contentUrl":"https:\/\/mfwa.org\/wp-content\/uploads\/2020\/01\/Conde.jpg","width":1280,"height":720,"caption":"Source: Getty Images"},{"@type":"BreadcrumbList","@id":"https:\/\/mfwa.org\/fr\/les-forces-de-securite-ont-encore-tue-deux-personnes-lors-dun-regain-de-repression-contre-des-manifestants\/#breadcrumb","itemListElement":[{"@type":"ListItem","position":1,"name":"Home","item":"https:\/\/mfwa.org\/fr\/"},{"@type":"ListItem","position":2,"name":"Les Forces de S\u00e9curit\u00e9 ont Encore Tu\u00e9 Deux Personnes lors d&#8217;un Regain de R\u00e9pression Contre des Manifestants"}]},{"@type":"WebSite","@id":"https:\/\/mfwa.org\/#website","url":"https:\/\/mfwa.org\/","name":"Media Foundation For West Africa","description":"Promoting Freedom of Expression and Democracy in West Africa","publisher":{"@id":"https:\/\/mfwa.org\/#organization"},"potentialAction":[{"@type":"SearchAction","target":{"@type":"EntryPoint","urlTemplate":"https:\/\/mfwa.org\/?s={search_term_string}"},"query-input":{"@type":"PropertyValueSpecification","valueRequired":true,"valueName":"search_term_string"}}],"inLanguage":"fr-FR"},{"@type":"Organization","@id":"https:\/\/mfwa.org\/#organization","name":"Media Foundation for West Africa","url":"https:\/\/mfwa.org\/","logo":{"@type":"ImageObject","inLanguage":"fr-FR","@id":"https:\/\/mfwa.org\/#\/schema\/logo\/image\/","url":"https:\/\/www.mfwa.org\/wp-content\/uploads\/2016\/06\/MFWA-LOGO.png","contentUrl":"https:\/\/www.mfwa.org\/wp-content\/uploads\/2016\/06\/MFWA-LOGO.png","width":180,"height":180,"caption":"Media Foundation for West Africa"},"image":{"@id":"https:\/\/mfwa.org\/#\/schema\/logo\/image\/"},"sameAs":["https:\/\/www.facebook.com\/themfwa","https:\/\/x.com\/TheMFWA","https:\/\/www.youtube.com\/channel\/UCF6HrPuXcV1K1Ed8AAq4Rdw"]},{"@type":"Person","@id":"https:\/\/mfwa.org\/#\/schema\/person\/8e2c73d54ab8d90699e634b53256680f","name":"Kwaku Asante","image":{"@type":"ImageObject","inLanguage":"fr-FR","@id":"https:\/\/secure.gravatar.com\/avatar\/f4b2f4008b9a29d4584bcac804b285ce2bebcee8b616a60be83b4a9ded8963b7?s=96&d=mm&r=g3fc24910de2fac178dc652a6771c3785","url":"https:\/\/secure.gravatar.com\/avatar\/f4b2f4008b9a29d4584bcac804b285ce2bebcee8b616a60be83b4a9ded8963b7?s=96&d=mm&r=g","contentUrl":"https:\/\/secure.gravatar.com\/avatar\/f4b2f4008b9a29d4584bcac804b285ce2bebcee8b616a60be83b4a9ded8963b7?s=96&d=mm&r=g","caption":"Kwaku Asante"},"url":"https:\/\/mfwa.org\/fr\/author\/kwaku\/"}]}},"authors":[{"term_id":515,"user_id":6,"is_guest":0,"slug":"kwaku","display_name":"Kwaku Asante","avatar_url":"https:\/\/secure.gravatar.com\/avatar\/f4b2f4008b9a29d4584bcac804b285ce2bebcee8b616a60be83b4a9ded8963b7?s=96&d=mm&r=g","0":null,"1":"","2":"","3":"","4":"","5":"","6":"","7":"","8":""}],"_links":{"self":[{"href":"https:\/\/mfwa.org\/fr\/wp-json\/wp\/v2\/posts\/17181","targetHints":{"allow":["GET"]}}],"collection":[{"href":"https:\/\/mfwa.org\/fr\/wp-json\/wp\/v2\/posts"}],"about":[{"href":"https:\/\/mfwa.org\/fr\/wp-json\/wp\/v2\/types\/post"}],"author":[{"embeddable":true,"href":"https:\/\/mfwa.org\/fr\/wp-json\/wp\/v2\/users\/6"}],"replies":[{"embeddable":true,"href":"https:\/\/mfwa.org\/fr\/wp-json\/wp\/v2\/comments?post=17181"}],"version-history":[{"count":0,"href":"https:\/\/mfwa.org\/fr\/wp-json\/wp\/v2\/posts\/17181\/revisions"}],"wp:featuredmedia":[{"embeddable":true,"href":"https:\/\/mfwa.org\/fr\/wp-json\/wp\/v2\/media\/17169"}],"wp:attachment":[{"href":"https:\/\/mfwa.org\/fr\/wp-json\/wp\/v2\/media?parent=17181"}],"wp:term":[{"taxonomy":"category","embeddable":true,"href":"https:\/\/mfwa.org\/fr\/wp-json\/wp\/v2\/categories?post=17181"},{"taxonomy":"post_tag","embeddable":true,"href":"https:\/\/mfwa.org\/fr\/wp-json\/wp\/v2\/tags?post=17181"},{"taxonomy":"country","embeddable":true,"href":"https:\/\/mfwa.org\/fr\/wp-json\/wp\/v2\/country?post=17181"},{"taxonomy":"staff-position","embeddable":true,"href":"https:\/\/mfwa.org\/fr\/wp-json\/wp\/v2\/staff-position?post=17181"},{"taxonomy":"opportunity-category","embeddable":true,"href":"https:\/\/mfwa.org\/fr\/wp-json\/wp\/v2\/opportunity-category?post=17181"},{"taxonomy":"author","embeddable":true,"href":"https:\/\/mfwa.org\/fr\/wp-json\/wp\/v2\/ppma_author?post=17181"}],"curies":[{"name":"wp","href":"https:\/\/api.w.org\/{rel}","templated":true}]}}