{"id":16789,"date":"2019-12-09T12:54:26","date_gmt":"2019-12-09T12:54:26","guid":{"rendered":"https:\/\/www.mfwa.org\/?p=16789"},"modified":"2019-12-16T14:37:20","modified_gmt":"2019-12-16T14:37:20","slug":"un-eminent-avocat-africain-defenseur-des-medias-rejoint-le-conseil-dadministration-de-la-mfwa","status":"publish","type":"post","link":"https:\/\/mfwa.org\/fr\/un-eminent-avocat-africain-defenseur-des-medias-rejoint-le-conseil-dadministration-de-la-mfwa\/","title":{"rendered":"Un Eminent Avocat Africain D\u00e9fenseur des Medias Rejoint le Conseil d&#8217;Administration de la MFWA"},"content":{"rendered":"<p>Le Conseil d&#8217;Administration de la Fondation des M\u00e9dias pour l&#8217;Afrique de l&#8217;Ouest (MFWA) a nomm\u00e9 comme membre de son Conseil d&#8217;administration M. Femi Falana, l&#8217;un des meilleurs avocats d\u00e9fenseurs des droits humains et des m\u00e9dias de l\u2019Afrique. M. Falana, ancien pr\u00e9sident de l&#8217;Association du Barreau de l&#8217;Afrique de l&#8217;Ouest (WABA), a \u00e9t\u00e9 \u00a0\u00e0 l&#8217;avant-garde de la d\u00e9fense des journalistes et autres d\u00e9fenseurs des droits humains en Afrique depuis plus de deux d\u00e9cennies. Il a d\u00e9fendu et obtenu des victoires pour des dizaines de journalistes et des militants des droits de l\u2019Homme devant les tribunaux du Nigeria et la Cour de Justice de la CEDEAO.<\/p>\n<p>En 2008 et 2010, il a obtenu des victoires historiques \u00e0 la Cour de Justice de la CEDEAO contre le gouvernement gambien pour les journalistes gambiens, Musah Saidykhan et Chief Ebrima Manneh respectivement. Saidykhan a \u00e9t\u00e9 sujet \u00e0 de graves tortures tandis que Manneh a \u00e9t\u00e9 victime d&#8217;une disparition forc\u00e9e.<\/p>\n<p>Falana est actuellement avocat pour le journaliste et fondateur du journal en ligne <em>Sahara Reporters<\/em>, Omoyele Sowore, qui est d\u00e9tenu par les autorit\u00e9s nig\u00e9rianes. Plus t\u00f4t cette ann\u00e9e, il a obtenu la lib\u00e9ration de Jones Abiri, r\u00e9dacteur en chef et \u00e9diteur du journal <em>The Source<\/em>, qui \u00e9tait d\u00e9tenu par le Service de s\u00e9curit\u00e9 de l&#8217;\u00c9tat (SSS) du Nigeria depuis 2016.<\/p>\n<p>En reconnaissance de ses qualit\u00e9s exceptionnelles et de son d\u00e9vouement \u00e0 l&#8217;\u00e9gard des droits de l\u2019homme et du droit p\u00e9nal, M. Falana a re\u00e7u le prix comm\u00e9moratif Bernard Simons de l\u2019International Bar Association en 2008. Il a \u00e9t\u00e9 l&#8217;un des principaux orateurs au cours des conf\u00e9rences de la Cour de Justice de la CEDEAO et lors de nombreuses autres rencontres juridiques internationales.<\/p>\n<p>&#8220;Nous sommes vraiment ravis et honor\u00e9s d&#8217;accueillir M. Femi Falana au Conseil. Il rejoint le Conseil d&#8217;administration au bon moment, o\u00f9 la MFWA relance et am\u00e9liore son assistance juridique aux journalistes pour combattre la vague croissante d&#8217;abus physiques, d&#8217;arrestations arbitraires et de d\u00e9tentions des journalistes &#8220;, a d\u00e9clar\u00e9 Mme Sophie Ly Sow, Pr\u00e9sidente du Conseil d&#8217;Administration de la MFWA.<\/p>\n","protected":false},"excerpt":{"rendered":"<p>Le Conseil d&#8217;Administration de la Fondation des M\u00e9dias pour l&#8217;Afrique de l&#8217;Ouest (MFWA) a nomm\u00e9 comme membre de<\/p>\n","protected":false},"author":6,"featured_media":16775,"comment_status":"closed","ping_status":"closed","sticky":false,"template":"","format":"standard","meta":{"footnotes":""},"categories":[344],"tags":[],"country":[330],"staff-position":[],"opportunity-category":[],"ppma_author":[515],"class_list":["post-16789","post","type-post","status-publish","format-standard","has-post-thumbnail","hentry","category-deveoppement-institutionnel","country-afrique-de-louest"],"yoast_head":"<!-- This site is optimized with the Yoast SEO plugin v27.4 - https:\/\/yoast.com\/product\/yoast-seo-wordpress\/ -->\n<title>Un Eminent Avocat Africain D\u00e9fenseur des Medias Rejoint le Conseil d&#039;Administration de la MFWA - Media Foundation For West Africa<\/title>\n<meta name=\"robots\" content=\"index, follow, max-snippet:-1, max-image-preview:large, max-video-preview:-1\" \/>\n<link rel=\"canonical\" href=\"https:\/\/mfwa.org\/fr\/un-eminent-avocat-africain-defenseur-des-medias-rejoint-le-conseil-dadministration-de-la-mfwa\/\" \/>\n<meta property=\"og:locale\" content=\"fr_FR\" \/>\n<meta property=\"og:type\" content=\"article\" \/>\n<meta property=\"og:title\" content=\"Un Eminent Avocat Africain D\u00e9fenseur des Medias Rejoint le Conseil d&#039;Administration de la MFWA - Media Foundation For West Africa\" \/>\n<meta property=\"og:description\" content=\"Le Conseil d&#8217;Administration de la Fondation des M\u00e9dias pour l&#8217;Afrique de l&#8217;Ouest (MFWA) a nomm\u00e9 comme membre de\" \/>\n<meta property=\"og:url\" content=\"https:\/\/mfwa.org\/fr\/un-eminent-avocat-africain-defenseur-des-medias-rejoint-le-conseil-dadministration-de-la-mfwa\/\" \/>\n<meta property=\"og:site_name\" content=\"Media Foundation For West Africa\" \/>\n<meta property=\"article:publisher\" content=\"https:\/\/www.facebook.com\/themfwa\" \/>\n<meta property=\"article:published_time\" content=\"2019-12-09T12:54:26+00:00\" \/>\n<meta property=\"article:modified_time\" content=\"2019-12-16T14:37:20+00:00\" \/>\n<meta property=\"og:image\" content=\"https:\/\/mfwa.org\/wp-content\/uploads\/2019\/12\/Screenshot-2019-12-09-at-1.34.09-PM-1024x964.png\" \/>\n\t<meta property=\"og:image:width\" content=\"1024\" \/>\n\t<meta property=\"og:image:height\" content=\"964\" \/>\n\t<meta property=\"og:image:type\" content=\"image\/png\" \/>\n<meta name=\"author\" content=\"Kwaku Asante\" \/>\n<meta name=\"twitter:card\" content=\"summary_large_image\" \/>\n<meta name=\"twitter:creator\" content=\"@TheMFWA\" \/>\n<meta name=\"twitter:site\" content=\"@TheMFWA\" \/>\n<meta name=\"twitter:label1\" content=\"Written by\" \/>\n\t<meta name=\"twitter:data1\" content=\"Kwaku Asante\" \/>\n\t<meta name=\"twitter:label2\" content=\"Est. reading time\" \/>\n\t<meta name=\"twitter:data2\" content=\"2 minutes\" \/>\n<script type=\"application\/ld+json\" class=\"yoast-schema-graph\">{\"@context\":\"https:\\\/\\\/schema.org\",\"@graph\":[{\"@type\":\"Article\",\"@id\":\"https:\\\/\\\/mfwa.org\\\/fr\\\/un-eminent-avocat-africain-defenseur-des-medias-rejoint-le-conseil-dadministration-de-la-mfwa\\\/#article\",\"isPartOf\":{\"@id\":\"https:\\\/\\\/mfwa.org\\\/fr\\\/un-eminent-avocat-africain-defenseur-des-medias-rejoint-le-conseil-dadministration-de-la-mfwa\\\/\"},\"author\":{\"name\":\"Kwaku Asante\",\"@id\":\"https:\\\/\\\/mfwa.org\\\/#\\\/schema\\\/person\\\/8e2c73d54ab8d90699e634b53256680f\"},\"headline\":\"Un Eminent Avocat Africain D\u00e9fenseur des Medias Rejoint le Conseil d&#8217;Administration de la MFWA\",\"datePublished\":\"2019-12-09T12:54:26+00:00\",\"dateModified\":\"2019-12-16T14:37:20+00:00\",\"mainEntityOfPage\":{\"@id\":\"https:\\\/\\\/mfwa.org\\\/fr\\\/un-eminent-avocat-africain-defenseur-des-medias-rejoint-le-conseil-dadministration-de-la-mfwa\\\/\"},\"wordCount\":393,\"publisher\":{\"@id\":\"https:\\\/\\\/mfwa.org\\\/#organization\"},\"image\":{\"@id\":\"https:\\\/\\\/mfwa.org\\\/fr\\\/un-eminent-avocat-africain-defenseur-des-medias-rejoint-le-conseil-dadministration-de-la-mfwa\\\/#primaryimage\"},\"thumbnailUrl\":\"https:\\\/\\\/mfwa.org\\\/wp-content\\\/uploads\\\/2019\\\/12\\\/Screenshot-2019-12-09-at-1.34.09-PM.png\",\"articleSection\":[\"D\u00e9v\u00e9oppement Institutionnel\"],\"inLanguage\":\"fr-FR\"},{\"@type\":\"WebPage\",\"@id\":\"https:\\\/\\\/mfwa.org\\\/fr\\\/un-eminent-avocat-africain-defenseur-des-medias-rejoint-le-conseil-dadministration-de-la-mfwa\\\/\",\"url\":\"https:\\\/\\\/mfwa.org\\\/fr\\\/un-eminent-avocat-africain-defenseur-des-medias-rejoint-le-conseil-dadministration-de-la-mfwa\\\/\",\"name\":\"Un Eminent Avocat Africain D\u00e9fenseur des Medias Rejoint le Conseil d'Administration de la MFWA - Media Foundation For West Africa\",\"isPartOf\":{\"@id\":\"https:\\\/\\\/mfwa.org\\\/#website\"},\"primaryImageOfPage\":{\"@id\":\"https:\\\/\\\/mfwa.org\\\/fr\\\/un-eminent-avocat-africain-defenseur-des-medias-rejoint-le-conseil-dadministration-de-la-mfwa\\\/#primaryimage\"},\"image\":{\"@id\":\"https:\\\/\\\/mfwa.org\\\/fr\\\/un-eminent-avocat-africain-defenseur-des-medias-rejoint-le-conseil-dadministration-de-la-mfwa\\\/#primaryimage\"},\"thumbnailUrl\":\"https:\\\/\\\/mfwa.org\\\/wp-content\\\/uploads\\\/2019\\\/12\\\/Screenshot-2019-12-09-at-1.34.09-PM.png\",\"datePublished\":\"2019-12-09T12:54:26+00:00\",\"dateModified\":\"2019-12-16T14:37:20+00:00\",\"breadcrumb\":{\"@id\":\"https:\\\/\\\/mfwa.org\\\/fr\\\/un-eminent-avocat-africain-defenseur-des-medias-rejoint-le-conseil-dadministration-de-la-mfwa\\\/#breadcrumb\"},\"inLanguage\":\"fr-FR\",\"potentialAction\":[{\"@type\":\"ReadAction\",\"target\":[\"https:\\\/\\\/mfwa.org\\\/fr\\\/un-eminent-avocat-africain-defenseur-des-medias-rejoint-le-conseil-dadministration-de-la-mfwa\\\/\"]}]},{\"@type\":\"ImageObject\",\"inLanguage\":\"fr-FR\",\"@id\":\"https:\\\/\\\/mfwa.org\\\/fr\\\/un-eminent-avocat-africain-defenseur-des-medias-rejoint-le-conseil-dadministration-de-la-mfwa\\\/#primaryimage\",\"url\":\"https:\\\/\\\/mfwa.org\\\/wp-content\\\/uploads\\\/2019\\\/12\\\/Screenshot-2019-12-09-at-1.34.09-PM.png\",\"contentUrl\":\"https:\\\/\\\/mfwa.org\\\/wp-content\\\/uploads\\\/2019\\\/12\\\/Screenshot-2019-12-09-at-1.34.09-PM.png\",\"width\":1324,\"height\":1246},{\"@type\":\"BreadcrumbList\",\"@id\":\"https:\\\/\\\/mfwa.org\\\/fr\\\/un-eminent-avocat-africain-defenseur-des-medias-rejoint-le-conseil-dadministration-de-la-mfwa\\\/#breadcrumb\",\"itemListElement\":[{\"@type\":\"ListItem\",\"position\":1,\"name\":\"Home\",\"item\":\"https:\\\/\\\/mfwa.org\\\/fr\\\/\"},{\"@type\":\"ListItem\",\"position\":2,\"name\":\"Un Eminent Avocat Africain D\u00e9fenseur des Medias Rejoint le Conseil d&#8217;Administration de la MFWA\"}]},{\"@type\":\"WebSite\",\"@id\":\"https:\\\/\\\/mfwa.org\\\/#website\",\"url\":\"https:\\\/\\\/mfwa.org\\\/\",\"name\":\"Media Foundation For West Africa\",\"description\":\"Promoting Freedom of Expression and Democracy in West Africa\",\"publisher\":{\"@id\":\"https:\\\/\\\/mfwa.org\\\/#organization\"},\"potentialAction\":[{\"@type\":\"SearchAction\",\"target\":{\"@type\":\"EntryPoint\",\"urlTemplate\":\"https:\\\/\\\/mfwa.org\\\/?s={search_term_string}\"},\"query-input\":{\"@type\":\"PropertyValueSpecification\",\"valueRequired\":true,\"valueName\":\"search_term_string\"}}],\"inLanguage\":\"fr-FR\"},{\"@type\":\"Organization\",\"@id\":\"https:\\\/\\\/mfwa.org\\\/#organization\",\"name\":\"Media Foundation for West Africa\",\"url\":\"https:\\\/\\\/mfwa.org\\\/\",\"logo\":{\"@type\":\"ImageObject\",\"inLanguage\":\"fr-FR\",\"@id\":\"https:\\\/\\\/mfwa.org\\\/#\\\/schema\\\/logo\\\/image\\\/\",\"url\":\"https:\\\/\\\/www.mfwa.org\\\/wp-content\\\/uploads\\\/2016\\\/06\\\/MFWA-LOGO.png\",\"contentUrl\":\"https:\\\/\\\/www.mfwa.org\\\/wp-content\\\/uploads\\\/2016\\\/06\\\/MFWA-LOGO.png\",\"width\":180,\"height\":180,\"caption\":\"Media Foundation for West Africa\"},\"image\":{\"@id\":\"https:\\\/\\\/mfwa.org\\\/#\\\/schema\\\/logo\\\/image\\\/\"},\"sameAs\":[\"https:\\\/\\\/www.facebook.com\\\/themfwa\",\"https:\\\/\\\/x.com\\\/TheMFWA\",\"https:\\\/\\\/www.youtube.com\\\/channel\\\/UCF6HrPuXcV1K1Ed8AAq4Rdw\"]},{\"@type\":\"Person\",\"@id\":\"https:\\\/\\\/mfwa.org\\\/#\\\/schema\\\/person\\\/8e2c73d54ab8d90699e634b53256680f\",\"name\":\"Kwaku Asante\",\"image\":{\"@type\":\"ImageObject\",\"inLanguage\":\"fr-FR\",\"@id\":\"https:\\\/\\\/secure.gravatar.com\\\/avatar\\\/f4b2f4008b9a29d4584bcac804b285ce2bebcee8b616a60be83b4a9ded8963b7?s=96&d=mm&r=g3fc24910de2fac178dc652a6771c3785\",\"url\":\"https:\\\/\\\/secure.gravatar.com\\\/avatar\\\/f4b2f4008b9a29d4584bcac804b285ce2bebcee8b616a60be83b4a9ded8963b7?s=96&d=mm&r=g\",\"contentUrl\":\"https:\\\/\\\/secure.gravatar.com\\\/avatar\\\/f4b2f4008b9a29d4584bcac804b285ce2bebcee8b616a60be83b4a9ded8963b7?s=96&d=mm&r=g\",\"caption\":\"Kwaku Asante\"},\"url\":\"https:\\\/\\\/mfwa.org\\\/fr\\\/author\\\/kwaku\\\/\"}]}<\/script>\n<!-- \/ Yoast SEO plugin. -->","yoast_head_json":{"title":"Un Eminent Avocat Africain D\u00e9fenseur des Medias Rejoint le Conseil d'Administration de la MFWA - Media Foundation For West Africa","robots":{"index":"index","follow":"follow","max-snippet":"max-snippet:-1","max-image-preview":"max-image-preview:large","max-video-preview":"max-video-preview:-1"},"canonical":"https:\/\/mfwa.org\/fr\/un-eminent-avocat-africain-defenseur-des-medias-rejoint-le-conseil-dadministration-de-la-mfwa\/","og_locale":"fr_FR","og_type":"article","og_title":"Un Eminent Avocat Africain D\u00e9fenseur des Medias Rejoint le Conseil d'Administration de la MFWA - Media Foundation For West Africa","og_description":"Le Conseil d&#8217;Administration de la Fondation des M\u00e9dias pour l&#8217;Afrique de l&#8217;Ouest (MFWA) a nomm\u00e9 comme membre de","og_url":"https:\/\/mfwa.org\/fr\/un-eminent-avocat-africain-defenseur-des-medias-rejoint-le-conseil-dadministration-de-la-mfwa\/","og_site_name":"Media Foundation For West Africa","article_publisher":"https:\/\/www.facebook.com\/themfwa","article_published_time":"2019-12-09T12:54:26+00:00","article_modified_time":"2019-12-16T14:37:20+00:00","og_image":[{"width":1024,"height":964,"url":"https:\/\/mfwa.org\/wp-content\/uploads\/2019\/12\/Screenshot-2019-12-09-at-1.34.09-PM-1024x964.png","type":"image\/png"}],"author":"Kwaku Asante","twitter_card":"summary_large_image","twitter_creator":"@TheMFWA","twitter_site":"@TheMFWA","twitter_misc":{"Written by":"Kwaku Asante","Est. reading time":"2 minutes"},"schema":{"@context":"https:\/\/schema.org","@graph":[{"@type":"Article","@id":"https:\/\/mfwa.org\/fr\/un-eminent-avocat-africain-defenseur-des-medias-rejoint-le-conseil-dadministration-de-la-mfwa\/#article","isPartOf":{"@id":"https:\/\/mfwa.org\/fr\/un-eminent-avocat-africain-defenseur-des-medias-rejoint-le-conseil-dadministration-de-la-mfwa\/"},"author":{"name":"Kwaku Asante","@id":"https:\/\/mfwa.org\/#\/schema\/person\/8e2c73d54ab8d90699e634b53256680f"},"headline":"Un Eminent Avocat Africain D\u00e9fenseur des Medias Rejoint le Conseil d&#8217;Administration de la MFWA","datePublished":"2019-12-09T12:54:26+00:00","dateModified":"2019-12-16T14:37:20+00:00","mainEntityOfPage":{"@id":"https:\/\/mfwa.org\/fr\/un-eminent-avocat-africain-defenseur-des-medias-rejoint-le-conseil-dadministration-de-la-mfwa\/"},"wordCount":393,"publisher":{"@id":"https:\/\/mfwa.org\/#organization"},"image":{"@id":"https:\/\/mfwa.org\/fr\/un-eminent-avocat-africain-defenseur-des-medias-rejoint-le-conseil-dadministration-de-la-mfwa\/#primaryimage"},"thumbnailUrl":"https:\/\/mfwa.org\/wp-content\/uploads\/2019\/12\/Screenshot-2019-12-09-at-1.34.09-PM.png","articleSection":["D\u00e9v\u00e9oppement Institutionnel"],"inLanguage":"fr-FR"},{"@type":"WebPage","@id":"https:\/\/mfwa.org\/fr\/un-eminent-avocat-africain-defenseur-des-medias-rejoint-le-conseil-dadministration-de-la-mfwa\/","url":"https:\/\/mfwa.org\/fr\/un-eminent-avocat-africain-defenseur-des-medias-rejoint-le-conseil-dadministration-de-la-mfwa\/","name":"Un Eminent Avocat Africain D\u00e9fenseur des Medias Rejoint le Conseil d'Administration de la MFWA - Media Foundation For West Africa","isPartOf":{"@id":"https:\/\/mfwa.org\/#website"},"primaryImageOfPage":{"@id":"https:\/\/mfwa.org\/fr\/un-eminent-avocat-africain-defenseur-des-medias-rejoint-le-conseil-dadministration-de-la-mfwa\/#primaryimage"},"image":{"@id":"https:\/\/mfwa.org\/fr\/un-eminent-avocat-africain-defenseur-des-medias-rejoint-le-conseil-dadministration-de-la-mfwa\/#primaryimage"},"thumbnailUrl":"https:\/\/mfwa.org\/wp-content\/uploads\/2019\/12\/Screenshot-2019-12-09-at-1.34.09-PM.png","datePublished":"2019-12-09T12:54:26+00:00","dateModified":"2019-12-16T14:37:20+00:00","breadcrumb":{"@id":"https:\/\/mfwa.org\/fr\/un-eminent-avocat-africain-defenseur-des-medias-rejoint-le-conseil-dadministration-de-la-mfwa\/#breadcrumb"},"inLanguage":"fr-FR","potentialAction":[{"@type":"ReadAction","target":["https:\/\/mfwa.org\/fr\/un-eminent-avocat-africain-defenseur-des-medias-rejoint-le-conseil-dadministration-de-la-mfwa\/"]}]},{"@type":"ImageObject","inLanguage":"fr-FR","@id":"https:\/\/mfwa.org\/fr\/un-eminent-avocat-africain-defenseur-des-medias-rejoint-le-conseil-dadministration-de-la-mfwa\/#primaryimage","url":"https:\/\/mfwa.org\/wp-content\/uploads\/2019\/12\/Screenshot-2019-12-09-at-1.34.09-PM.png","contentUrl":"https:\/\/mfwa.org\/wp-content\/uploads\/2019\/12\/Screenshot-2019-12-09-at-1.34.09-PM.png","width":1324,"height":1246},{"@type":"BreadcrumbList","@id":"https:\/\/mfwa.org\/fr\/un-eminent-avocat-africain-defenseur-des-medias-rejoint-le-conseil-dadministration-de-la-mfwa\/#breadcrumb","itemListElement":[{"@type":"ListItem","position":1,"name":"Home","item":"https:\/\/mfwa.org\/fr\/"},{"@type":"ListItem","position":2,"name":"Un Eminent Avocat Africain D\u00e9fenseur des Medias Rejoint le Conseil d&#8217;Administration de la MFWA"}]},{"@type":"WebSite","@id":"https:\/\/mfwa.org\/#website","url":"https:\/\/mfwa.org\/","name":"Media Foundation For West Africa","description":"Promoting Freedom of Expression and Democracy in West Africa","publisher":{"@id":"https:\/\/mfwa.org\/#organization"},"potentialAction":[{"@type":"SearchAction","target":{"@type":"EntryPoint","urlTemplate":"https:\/\/mfwa.org\/?s={search_term_string}"},"query-input":{"@type":"PropertyValueSpecification","valueRequired":true,"valueName":"search_term_string"}}],"inLanguage":"fr-FR"},{"@type":"Organization","@id":"https:\/\/mfwa.org\/#organization","name":"Media Foundation for West Africa","url":"https:\/\/mfwa.org\/","logo":{"@type":"ImageObject","inLanguage":"fr-FR","@id":"https:\/\/mfwa.org\/#\/schema\/logo\/image\/","url":"https:\/\/www.mfwa.org\/wp-content\/uploads\/2016\/06\/MFWA-LOGO.png","contentUrl":"https:\/\/www.mfwa.org\/wp-content\/uploads\/2016\/06\/MFWA-LOGO.png","width":180,"height":180,"caption":"Media Foundation for West Africa"},"image":{"@id":"https:\/\/mfwa.org\/#\/schema\/logo\/image\/"},"sameAs":["https:\/\/www.facebook.com\/themfwa","https:\/\/x.com\/TheMFWA","https:\/\/www.youtube.com\/channel\/UCF6HrPuXcV1K1Ed8AAq4Rdw"]},{"@type":"Person","@id":"https:\/\/mfwa.org\/#\/schema\/person\/8e2c73d54ab8d90699e634b53256680f","name":"Kwaku Asante","image":{"@type":"ImageObject","inLanguage":"fr-FR","@id":"https:\/\/secure.gravatar.com\/avatar\/f4b2f4008b9a29d4584bcac804b285ce2bebcee8b616a60be83b4a9ded8963b7?s=96&d=mm&r=g3fc24910de2fac178dc652a6771c3785","url":"https:\/\/secure.gravatar.com\/avatar\/f4b2f4008b9a29d4584bcac804b285ce2bebcee8b616a60be83b4a9ded8963b7?s=96&d=mm&r=g","contentUrl":"https:\/\/secure.gravatar.com\/avatar\/f4b2f4008b9a29d4584bcac804b285ce2bebcee8b616a60be83b4a9ded8963b7?s=96&d=mm&r=g","caption":"Kwaku Asante"},"url":"https:\/\/mfwa.org\/fr\/author\/kwaku\/"}]}},"authors":[{"term_id":515,"user_id":6,"is_guest":0,"slug":"kwaku","display_name":"Kwaku Asante","avatar_url":"https:\/\/secure.gravatar.com\/avatar\/f4b2f4008b9a29d4584bcac804b285ce2bebcee8b616a60be83b4a9ded8963b7?s=96&d=mm&r=g","0":null,"1":"","2":"","3":"","4":"","5":"","6":"","7":"","8":""}],"_links":{"self":[{"href":"https:\/\/mfwa.org\/fr\/wp-json\/wp\/v2\/posts\/16789","targetHints":{"allow":["GET"]}}],"collection":[{"href":"https:\/\/mfwa.org\/fr\/wp-json\/wp\/v2\/posts"}],"about":[{"href":"https:\/\/mfwa.org\/fr\/wp-json\/wp\/v2\/types\/post"}],"author":[{"embeddable":true,"href":"https:\/\/mfwa.org\/fr\/wp-json\/wp\/v2\/users\/6"}],"replies":[{"embeddable":true,"href":"https:\/\/mfwa.org\/fr\/wp-json\/wp\/v2\/comments?post=16789"}],"version-history":[{"count":0,"href":"https:\/\/mfwa.org\/fr\/wp-json\/wp\/v2\/posts\/16789\/revisions"}],"wp:featuredmedia":[{"embeddable":true,"href":"https:\/\/mfwa.org\/fr\/wp-json\/wp\/v2\/media\/16775"}],"wp:attachment":[{"href":"https:\/\/mfwa.org\/fr\/wp-json\/wp\/v2\/media?parent=16789"}],"wp:term":[{"taxonomy":"category","embeddable":true,"href":"https:\/\/mfwa.org\/fr\/wp-json\/wp\/v2\/categories?post=16789"},{"taxonomy":"post_tag","embeddable":true,"href":"https:\/\/mfwa.org\/fr\/wp-json\/wp\/v2\/tags?post=16789"},{"taxonomy":"country","embeddable":true,"href":"https:\/\/mfwa.org\/fr\/wp-json\/wp\/v2\/country?post=16789"},{"taxonomy":"staff-position","embeddable":true,"href":"https:\/\/mfwa.org\/fr\/wp-json\/wp\/v2\/staff-position?post=16789"},{"taxonomy":"opportunity-category","embeddable":true,"href":"https:\/\/mfwa.org\/fr\/wp-json\/wp\/v2\/opportunity-category?post=16789"},{"taxonomy":"author","embeddable":true,"href":"https:\/\/mfwa.org\/fr\/wp-json\/wp\/v2\/ppma_author?post=16789"}],"curies":[{"name":"wp","href":"https:\/\/api.w.org\/{rel}","templated":true}]}}