{"id":16555,"date":"2019-11-06T17:02:55","date_gmt":"2019-11-06T17:02:55","guid":{"rendered":"http:\/\/www.mfwa.org\/?p=16555"},"modified":"2019-11-07T17:05:44","modified_gmt":"2019-11-07T17:05:44","slug":"la-repression-sanglante-de-la-guinee-ternit-le-paysage-ouest-africain-de-la-liberte-dexpression-en-octobre-2019","status":"publish","type":"post","link":"https:\/\/mfwa.org\/fr\/la-repression-sanglante-de-la-guinee-ternit-le-paysage-ouest-africain-de-la-liberte-dexpression-en-octobre-2019\/","title":{"rendered":"La R\u00e9pression Sanglante de la Guin\u00e9e Ternit le Paysage Ouest Africain de la Libert\u00e9 d\u2019Expression en Octobre 2019"},"content":{"rendered":"<p>&nbsp;<\/p>\n<p>La Guin\u00e9e a fait la une des journaux en octobre 2019 pour de mauvaises raisons, avec la reprise des protestations contre la tentative du pr\u00e9sident Alpha Conde de briguer un troisi\u00e8me mandat et la r\u00e9pression typiquement brutale, qui a fait au moins neuf morts.<\/p>\n<p>Le 14 Octobre 2019, au moins <a href=\"http:\/\/www.mfwa.org\/issues-in-focus\/mfwa-condemns-police-brutalities-leading-to-nine-deaths-among-protesters-in-guinea\/\">neuf manifestants ont \u00e9t\u00e9 tu\u00e9s<\/a> et plusieurs autres bless\u00e9s \u00e0 la suite d&#8217;une r\u00e9pression brutale par les forces de s\u00e9curit\u00e9 en Guin\u00e9e contre des citoyens manifestant contre une \u00e9ventuelle tentative de troisi\u00e8me mandxat du pr\u00e9sident Alpha Conde.<\/p>\n<p>&#8220;Au total, neuf morts, dont huit dans notre capitale, ont \u00e9t\u00e9 enregistr\u00e9s, ainsi que plusieurs bless\u00e9s &#8220;, a <a href=\"https:\/\/www.la-croix.com\/Monde\/Afrique\/En-Guinee-dizaine-morts-protestations-contre-troisieme-mandat-dAlpha-Conde-2019-10-18-1201055117\">admis<\/a> Bourema Conde, Ministre d\u2019Administration du Territoire.<\/p>\n<p>L&#8217;organisation de d\u00e9fense des droits de l&#8217;homme, Human Rights Watch, a cependant compt\u00e9 dix morts, ajoutant que 70 personnes ont \u00e9t\u00e9 bless\u00e9es par balle et que des dizaines d&#8217;autres ont \u00e9t\u00e9 arr\u00eat\u00e9es.<\/p>\n<p>Avant la r\u00e9pression meurtri\u00e8re, les autorit\u00e9s ont <a href=\"http:\/\/www.rfi.fr\/afrique\/20191013-guinee-plusieurs-membres-fndc-interpelles-societe-civile\">arr\u00eat\u00e9<\/a> six membres du Front national pour la d\u00e9fense de la Constitution (FNDC), coalition anti-troisi\u00e8me mandat, le 12 octobre 2019, alors qu&#8217;ils se pr\u00e9paraient \u00e0 donner une conf\u00e9rence de presse. Parmi les dirigeants arr\u00eat\u00e9s figuraient Abdourahamane Sanoh, ancien ministre d&#8217;Etat et coordinateur national du FNDC, Abdoulaye Oumou Sowh, secr\u00e9taire g\u00e9n\u00e9ral de l&#8217;Association des blogueurs de Guin\u00e9e (ABLOGUI), Sekou Koundon, administrateur du Balai Citoyen et Ibrahima Diallo, coordinateur des Tournons la Page, deux mouvements sociaux pro-d\u00e9mocratie.<\/p>\n<p>Le 13 Octobre, sept autres personnes, dont Badara Kon\u00e9, secr\u00e9taire g\u00e9n\u00e9rale de la jeunesse de l&#8217;Union des Forces R\u00e9publicaines (UFR), organisation membre de la FNDC, ont \u00e9galement \u00e9t\u00e9 arr\u00eat\u00e9es dans la banlieue de Conakry, Matam. Ils ont \u00e9t\u00e9 d\u00e9tenus au D\u00e9partement des enqu\u00eates criminelles de la police de Kenien (Conakry).<\/p>\n<p>Entre-temps, un tribunal de Conakry, le 22 octobre<a href=\"https:\/\/www.jeuneafrique.com\/846046\/politique\/guinee-de-6-a-12-mois-de-prison-pour-les-instigateurs-de-la-contestation\/\">, a condamn\u00e9<\/a> cinq des dirigeants des FNDC arr\u00eat\u00e9s \u00e0 des peines allant de six mois \u00e0 un an de prison pour avoir organis\u00e9 des manifestations interdites et incit\u00e9 \u00e0 la d\u00e9sob\u00e9issance civile.\u00a0 L&#8217;ancien ministre d&#8217;\u00c9tat, Abdourahmane Sanoh, a \u00e9t\u00e9 condamn\u00e9 \u00e0 un an de prison et quatre autres \u00e0 six mois de prison chacun.<\/p>\n<p>Le 9 Octobre, la police ghan\u00e9enne a tir\u00e9 des balles en caoutchouc et utilis\u00e9 des canons \u00e0 eau pour disperser une marche de protestation des \u00e9tudiants en droit qui r\u00e9clamaient des r\u00e9formes du syst\u00e8me d&#8217;\u00e9tudes en droit du Ghana. Au moins neuf manifestants ont \u00e9t\u00e9 arr\u00eat\u00e9s. Trois membres du groupe de pression, Economic Fighters&#8217; League, se sont joints \u00e0 la protestation des \u00e9tudiants en droit en guise de solidarit\u00e9. L&#8217;intervention de la police a \u00e9t\u00e9 condamn\u00e9e dans tout le pays comme excessive.<\/p>\n<p>Au Lib\u00e9ria, le 10 Octobre, des policiers ont perc\u00e9 les portes de Roots FM et ont pris d&#8217;assaut les locaux pour d\u00e9brancher les fils \u00e9lectriques du b\u00e2timent, <a href=\"http:\/\/www.mfwa.org\/fr\/country-highlights\/la-police-prend-dassaut-une-station-de-radio-confisque-les-equipements\/\">fermant<\/a> ainsi la station. L&#8217;action a perturb\u00e9 le programme populaire, mais tr\u00e8s critique, &#8220;Costa Show&#8221;, qui \u00e9tait en cours de diffusion. Des images vid\u00e9o de l&#8217;incident ont montr\u00e9 t les policiers, accompagn\u00e9s de sh\u00e9rifs , emportant avec eux deux t\u00e9l\u00e9viseurs, des ordinateurs de bureau et plusieurs documents de la station de radio.<\/p>\n<p>Le 24 octobre, des policiers de Kaduna, dans l&#8217;\u00c9tat de Kwara, ont <a href=\"http:\/\/www.mfwa.org\/police-in-kwara-state-must-end-arbitrary-detention-of-editor-webmaster-of-newsdigest-mfwa\/\">arr\u00eat\u00e9<\/a> Adebowale Adekoya, le webmaster de NewsDigest, un m\u00e9dia en ligne bas\u00e9 \u00e0 Abuja.<\/p>\n<p>Le 29 Octobre, des policiers en civil de l&#8217;\u00c9tat de Kwara ont \u00e9galement pris d&#8217;assaut la r\u00e9sidence de Gidado Yushau, r\u00e9dacteur en chef de NewsDigest \u00e0 Abuja, et l&#8217;ont arr\u00eat\u00e9. Il a \u00e9t\u00e9 envoy\u00e9 au poste de police du district de Wuye \u00e0 Abuja, o\u00f9 son coll\u00e8gue, Adekoya, avait d\u00e9j\u00e0 pass\u00e9 cinq jours. L&#8217;arrestation serait li\u00e9e \u00e0 un article d&#8217;enqu\u00eate publi\u00e9 le 19\u00a0Mai 2018 au sujet d&#8217;une usine \u00e0 Kaduna appartenant \u00e0 un ancien gouverneur de la Banque centrale.<\/p>\n<p>Par ailleurs, Abiri Jones, le r\u00e9dacteur en chef du journal <em>Weekly Source<\/em> au Nigeria, <a href=\"http:\/\/www.mfwa.org\/fr\/country-highlights\/journaliste-arrete-a-la-pointe-du-fusil\/\">a \u00e9t\u00e9 lib\u00e9r\u00e9 sous caution<\/a> le 25 Octobre apr\u00e8s avoir r\u00e9ussi \u00e0 obtenir la caution de 100 millions de nairas (280 000 USD) demand\u00e9e par la Cour. Il a pass\u00e9 sept mois en d\u00e9tention, ayant \u00e9t\u00e9 arr\u00eat\u00e9 dans les bureaux de son journal le 30 Mars.\u00a0 Auparavant, Abiri avait \u00e9t\u00e9 d\u00e9tenu pendant deux ans sans proc\u00e8s pour des accusations non prouv\u00e9es de terrorisme, de sabotage \u00e9conomique et de fraude.<\/p>\n<p>La Fondation des M\u00e9dias pour l&#8217;Afrique de l&#8217;Ouest (MFWA) en collaboration avec l&#8217;organisation partenaire en Guin\u00e9e, l&#8217;Association guin\u00e9enne des \u00e9diteurs de la presse ind\u00e9pendante (AGEPI), a organis\u00e9 le 28 Octobre un forum pour les forces de s\u00e9curit\u00e9 et les m\u00e9dias pour promouvoir la s\u00e9curit\u00e9 des journalistes en Guin\u00e9e. Organis\u00e9 dans le cadre des activit\u00e9s de la MFWA pour marquer la Journ\u00e9e international de la Fin de l&#8217;impunit\u00e9 pour les Crimes Commis contre les Journalistes, qui est observ\u00e9e dans le monde entier le 2 Novembre, le forum s&#8217;est termin\u00e9 par la mise en place d&#8217;un Comit\u00e9 national sur la protection des journalistes.<\/p>\n<p>Le 16 Octobre, le Pr\u00e9sident du Togo, Faure Essozimna Gnassingb\u00e9, a accord\u00e9 la gr\u00e2ce pr\u00e9sidentielle \u00e0 Foly Satchivi, militant des droits humains. Le leader du groupe de pression En Aucun Cas fut arr\u00eat\u00e9 le 22 Ao\u00fbt 2018 alors qu&#8217;il se pr\u00e9parait \u00e0 tenir une conf\u00e9rence de presse annonc\u00e9e. Il fut ensuite condamn\u00e9 \u00e0 deux ans de prison pour &#8220;actes de r\u00e9bellion et incitation&#8221;, en r\u00e9f\u00e9rence \u00e0 son militantisme et sa campagne pour les r\u00e9formes politiques au Togo.<\/p>\n<p>&nbsp;<\/p>\n<p>&nbsp;<\/p>\n","protected":false},"excerpt":{"rendered":"<p>&nbsp; La Guin\u00e9e a fait la une des journaux en octobre 2019 pour de mauvaises raisons, avec la<\/p>\n","protected":false},"author":6,"featured_media":16546,"comment_status":"closed","ping_status":"closed","sticky":false,"template":"","format":"standard","meta":{"footnotes":""},"categories":[320,311],"tags":[],"country":[330],"staff-position":[],"opportunity-category":[],"ppma_author":[515],"class_list":["post-16555","post","type-post","status-publish","format-standard","has-post-thumbnail","hentry","category-la-liberte-dexpression","category-securite-des-journalistes","country-afrique-de-louest"],"yoast_head":"<!-- This site is optimized with the Yoast SEO plugin v27.4 - https:\/\/yoast.com\/product\/yoast-seo-wordpress\/ -->\n<title>La R\u00e9pression Sanglante de la Guin\u00e9e Ternit le Paysage Ouest Africain de la Libert\u00e9 d\u2019Expression en Octobre 2019 - Media Foundation For West Africa<\/title>\n<meta name=\"robots\" content=\"index, follow, max-snippet:-1, max-image-preview:large, max-video-preview:-1\" \/>\n<link rel=\"canonical\" href=\"https:\/\/mfwa.org\/fr\/la-repression-sanglante-de-la-guinee-ternit-le-paysage-ouest-africain-de-la-liberte-dexpression-en-octobre-2019\/\" \/>\n<meta property=\"og:locale\" content=\"fr_FR\" \/>\n<meta property=\"og:type\" content=\"article\" \/>\n<meta property=\"og:title\" content=\"La R\u00e9pression Sanglante de la Guin\u00e9e Ternit le Paysage Ouest Africain de la Libert\u00e9 d\u2019Expression en Octobre 2019 - Media Foundation For West Africa\" \/>\n<meta property=\"og:description\" content=\"&nbsp; La Guin\u00e9e a fait la une des journaux en octobre 2019 pour de mauvaises raisons, avec la\" \/>\n<meta property=\"og:url\" content=\"https:\/\/mfwa.org\/fr\/la-repression-sanglante-de-la-guinee-ternit-le-paysage-ouest-africain-de-la-liberte-dexpression-en-octobre-2019\/\" \/>\n<meta property=\"og:site_name\" content=\"Media Foundation For West Africa\" \/>\n<meta property=\"article:publisher\" content=\"https:\/\/www.facebook.com\/themfwa\" \/>\n<meta property=\"article:published_time\" content=\"2019-11-06T17:02:55+00:00\" \/>\n<meta property=\"article:modified_time\" content=\"2019-11-07T17:05:44+00:00\" \/>\n<meta property=\"og:image\" content=\"https:\/\/mfwa.org\/wp-content\/uploads\/2019\/11\/guinea-milirary.jpg\" \/>\n\t<meta property=\"og:image:width\" content=\"1024\" \/>\n\t<meta property=\"og:image:height\" content=\"538\" \/>\n\t<meta property=\"og:image:type\" content=\"image\/jpeg\" \/>\n<meta name=\"author\" content=\"Kwaku Asante\" \/>\n<meta name=\"twitter:card\" content=\"summary_large_image\" \/>\n<meta name=\"twitter:creator\" content=\"@TheMFWA\" \/>\n<meta name=\"twitter:site\" content=\"@TheMFWA\" \/>\n<meta name=\"twitter:label1\" content=\"Written by\" \/>\n\t<meta name=\"twitter:data1\" content=\"Kwaku Asante\" \/>\n\t<meta name=\"twitter:label2\" content=\"Est. reading time\" \/>\n\t<meta name=\"twitter:data2\" content=\"5 minutes\" \/>\n<script type=\"application\/ld+json\" class=\"yoast-schema-graph\">{\"@context\":\"https:\\\/\\\/schema.org\",\"@graph\":[{\"@type\":\"Article\",\"@id\":\"https:\\\/\\\/mfwa.org\\\/fr\\\/la-repression-sanglante-de-la-guinee-ternit-le-paysage-ouest-africain-de-la-liberte-dexpression-en-octobre-2019\\\/#article\",\"isPartOf\":{\"@id\":\"https:\\\/\\\/mfwa.org\\\/fr\\\/la-repression-sanglante-de-la-guinee-ternit-le-paysage-ouest-africain-de-la-liberte-dexpression-en-octobre-2019\\\/\"},\"author\":{\"name\":\"Kwaku Asante\",\"@id\":\"https:\\\/\\\/mfwa.org\\\/#\\\/schema\\\/person\\\/8e2c73d54ab8d90699e634b53256680f\"},\"headline\":\"La R\u00e9pression Sanglante de la Guin\u00e9e Ternit le Paysage Ouest Africain de la Libert\u00e9 d\u2019Expression en Octobre 2019\",\"datePublished\":\"2019-11-06T17:02:55+00:00\",\"dateModified\":\"2019-11-07T17:05:44+00:00\",\"mainEntityOfPage\":{\"@id\":\"https:\\\/\\\/mfwa.org\\\/fr\\\/la-repression-sanglante-de-la-guinee-ternit-le-paysage-ouest-africain-de-la-liberte-dexpression-en-octobre-2019\\\/\"},\"wordCount\":977,\"publisher\":{\"@id\":\"https:\\\/\\\/mfwa.org\\\/#organization\"},\"image\":{\"@id\":\"https:\\\/\\\/mfwa.org\\\/fr\\\/la-repression-sanglante-de-la-guinee-ternit-le-paysage-ouest-africain-de-la-liberte-dexpression-en-octobre-2019\\\/#primaryimage\"},\"thumbnailUrl\":\"https:\\\/\\\/mfwa.org\\\/wp-content\\\/uploads\\\/2019\\\/11\\\/guinea-milirary.jpg\",\"articleSection\":[\"La Libert\u00e9 d'Expression\",\"S\u00e9curit\u00e9 des Journalistes\"],\"inLanguage\":\"fr-FR\"},{\"@type\":\"WebPage\",\"@id\":\"https:\\\/\\\/mfwa.org\\\/fr\\\/la-repression-sanglante-de-la-guinee-ternit-le-paysage-ouest-africain-de-la-liberte-dexpression-en-octobre-2019\\\/\",\"url\":\"https:\\\/\\\/mfwa.org\\\/fr\\\/la-repression-sanglante-de-la-guinee-ternit-le-paysage-ouest-africain-de-la-liberte-dexpression-en-octobre-2019\\\/\",\"name\":\"La R\u00e9pression Sanglante de la Guin\u00e9e Ternit le Paysage Ouest Africain de la Libert\u00e9 d\u2019Expression en Octobre 2019 - Media Foundation For West Africa\",\"isPartOf\":{\"@id\":\"https:\\\/\\\/mfwa.org\\\/#website\"},\"primaryImageOfPage\":{\"@id\":\"https:\\\/\\\/mfwa.org\\\/fr\\\/la-repression-sanglante-de-la-guinee-ternit-le-paysage-ouest-africain-de-la-liberte-dexpression-en-octobre-2019\\\/#primaryimage\"},\"image\":{\"@id\":\"https:\\\/\\\/mfwa.org\\\/fr\\\/la-repression-sanglante-de-la-guinee-ternit-le-paysage-ouest-africain-de-la-liberte-dexpression-en-octobre-2019\\\/#primaryimage\"},\"thumbnailUrl\":\"https:\\\/\\\/mfwa.org\\\/wp-content\\\/uploads\\\/2019\\\/11\\\/guinea-milirary.jpg\",\"datePublished\":\"2019-11-06T17:02:55+00:00\",\"dateModified\":\"2019-11-07T17:05:44+00:00\",\"breadcrumb\":{\"@id\":\"https:\\\/\\\/mfwa.org\\\/fr\\\/la-repression-sanglante-de-la-guinee-ternit-le-paysage-ouest-africain-de-la-liberte-dexpression-en-octobre-2019\\\/#breadcrumb\"},\"inLanguage\":\"fr-FR\",\"potentialAction\":[{\"@type\":\"ReadAction\",\"target\":[\"https:\\\/\\\/mfwa.org\\\/fr\\\/la-repression-sanglante-de-la-guinee-ternit-le-paysage-ouest-africain-de-la-liberte-dexpression-en-octobre-2019\\\/\"]}]},{\"@type\":\"ImageObject\",\"inLanguage\":\"fr-FR\",\"@id\":\"https:\\\/\\\/mfwa.org\\\/fr\\\/la-repression-sanglante-de-la-guinee-ternit-le-paysage-ouest-africain-de-la-liberte-dexpression-en-octobre-2019\\\/#primaryimage\",\"url\":\"https:\\\/\\\/mfwa.org\\\/wp-content\\\/uploads\\\/2019\\\/11\\\/guinea-milirary.jpg\",\"contentUrl\":\"https:\\\/\\\/mfwa.org\\\/wp-content\\\/uploads\\\/2019\\\/11\\\/guinea-milirary.jpg\",\"width\":1024,\"height\":538,\"caption\":\"Source: africanews.com\"},{\"@type\":\"BreadcrumbList\",\"@id\":\"https:\\\/\\\/mfwa.org\\\/fr\\\/la-repression-sanglante-de-la-guinee-ternit-le-paysage-ouest-africain-de-la-liberte-dexpression-en-octobre-2019\\\/#breadcrumb\",\"itemListElement\":[{\"@type\":\"ListItem\",\"position\":1,\"name\":\"Home\",\"item\":\"https:\\\/\\\/mfwa.org\\\/fr\\\/\"},{\"@type\":\"ListItem\",\"position\":2,\"name\":\"La R\u00e9pression Sanglante de la Guin\u00e9e Ternit le Paysage Ouest Africain de la Libert\u00e9 d\u2019Expression en Octobre 2019\"}]},{\"@type\":\"WebSite\",\"@id\":\"https:\\\/\\\/mfwa.org\\\/#website\",\"url\":\"https:\\\/\\\/mfwa.org\\\/\",\"name\":\"Media Foundation For West Africa\",\"description\":\"Promoting Freedom of Expression and Democracy in West Africa\",\"publisher\":{\"@id\":\"https:\\\/\\\/mfwa.org\\\/#organization\"},\"potentialAction\":[{\"@type\":\"SearchAction\",\"target\":{\"@type\":\"EntryPoint\",\"urlTemplate\":\"https:\\\/\\\/mfwa.org\\\/?s={search_term_string}\"},\"query-input\":{\"@type\":\"PropertyValueSpecification\",\"valueRequired\":true,\"valueName\":\"search_term_string\"}}],\"inLanguage\":\"fr-FR\"},{\"@type\":\"Organization\",\"@id\":\"https:\\\/\\\/mfwa.org\\\/#organization\",\"name\":\"Media Foundation for West Africa\",\"url\":\"https:\\\/\\\/mfwa.org\\\/\",\"logo\":{\"@type\":\"ImageObject\",\"inLanguage\":\"fr-FR\",\"@id\":\"https:\\\/\\\/mfwa.org\\\/#\\\/schema\\\/logo\\\/image\\\/\",\"url\":\"https:\\\/\\\/www.mfwa.org\\\/wp-content\\\/uploads\\\/2016\\\/06\\\/MFWA-LOGO.png\",\"contentUrl\":\"https:\\\/\\\/www.mfwa.org\\\/wp-content\\\/uploads\\\/2016\\\/06\\\/MFWA-LOGO.png\",\"width\":180,\"height\":180,\"caption\":\"Media Foundation for West Africa\"},\"image\":{\"@id\":\"https:\\\/\\\/mfwa.org\\\/#\\\/schema\\\/logo\\\/image\\\/\"},\"sameAs\":[\"https:\\\/\\\/www.facebook.com\\\/themfwa\",\"https:\\\/\\\/x.com\\\/TheMFWA\",\"https:\\\/\\\/www.youtube.com\\\/channel\\\/UCF6HrPuXcV1K1Ed8AAq4Rdw\"]},{\"@type\":\"Person\",\"@id\":\"https:\\\/\\\/mfwa.org\\\/#\\\/schema\\\/person\\\/8e2c73d54ab8d90699e634b53256680f\",\"name\":\"Kwaku Asante\",\"image\":{\"@type\":\"ImageObject\",\"inLanguage\":\"fr-FR\",\"@id\":\"https:\\\/\\\/secure.gravatar.com\\\/avatar\\\/f4b2f4008b9a29d4584bcac804b285ce2bebcee8b616a60be83b4a9ded8963b7?s=96&d=mm&r=g3fc24910de2fac178dc652a6771c3785\",\"url\":\"https:\\\/\\\/secure.gravatar.com\\\/avatar\\\/f4b2f4008b9a29d4584bcac804b285ce2bebcee8b616a60be83b4a9ded8963b7?s=96&d=mm&r=g\",\"contentUrl\":\"https:\\\/\\\/secure.gravatar.com\\\/avatar\\\/f4b2f4008b9a29d4584bcac804b285ce2bebcee8b616a60be83b4a9ded8963b7?s=96&d=mm&r=g\",\"caption\":\"Kwaku Asante\"},\"url\":\"https:\\\/\\\/mfwa.org\\\/fr\\\/author\\\/kwaku\\\/\"}]}<\/script>\n<!-- \/ Yoast SEO plugin. -->","yoast_head_json":{"title":"La R\u00e9pression Sanglante de la Guin\u00e9e Ternit le Paysage Ouest Africain de la Libert\u00e9 d\u2019Expression en Octobre 2019 - Media Foundation For West Africa","robots":{"index":"index","follow":"follow","max-snippet":"max-snippet:-1","max-image-preview":"max-image-preview:large","max-video-preview":"max-video-preview:-1"},"canonical":"https:\/\/mfwa.org\/fr\/la-repression-sanglante-de-la-guinee-ternit-le-paysage-ouest-africain-de-la-liberte-dexpression-en-octobre-2019\/","og_locale":"fr_FR","og_type":"article","og_title":"La R\u00e9pression Sanglante de la Guin\u00e9e Ternit le Paysage Ouest Africain de la Libert\u00e9 d\u2019Expression en Octobre 2019 - Media Foundation For West Africa","og_description":"&nbsp; La Guin\u00e9e a fait la une des journaux en octobre 2019 pour de mauvaises raisons, avec la","og_url":"https:\/\/mfwa.org\/fr\/la-repression-sanglante-de-la-guinee-ternit-le-paysage-ouest-africain-de-la-liberte-dexpression-en-octobre-2019\/","og_site_name":"Media Foundation For West Africa","article_publisher":"https:\/\/www.facebook.com\/themfwa","article_published_time":"2019-11-06T17:02:55+00:00","article_modified_time":"2019-11-07T17:05:44+00:00","og_image":[{"width":1024,"height":538,"url":"https:\/\/mfwa.org\/wp-content\/uploads\/2019\/11\/guinea-milirary.jpg","type":"image\/jpeg"}],"author":"Kwaku Asante","twitter_card":"summary_large_image","twitter_creator":"@TheMFWA","twitter_site":"@TheMFWA","twitter_misc":{"Written by":"Kwaku Asante","Est. reading time":"5 minutes"},"schema":{"@context":"https:\/\/schema.org","@graph":[{"@type":"Article","@id":"https:\/\/mfwa.org\/fr\/la-repression-sanglante-de-la-guinee-ternit-le-paysage-ouest-africain-de-la-liberte-dexpression-en-octobre-2019\/#article","isPartOf":{"@id":"https:\/\/mfwa.org\/fr\/la-repression-sanglante-de-la-guinee-ternit-le-paysage-ouest-africain-de-la-liberte-dexpression-en-octobre-2019\/"},"author":{"name":"Kwaku Asante","@id":"https:\/\/mfwa.org\/#\/schema\/person\/8e2c73d54ab8d90699e634b53256680f"},"headline":"La R\u00e9pression Sanglante de la Guin\u00e9e Ternit le Paysage Ouest Africain de la Libert\u00e9 d\u2019Expression en Octobre 2019","datePublished":"2019-11-06T17:02:55+00:00","dateModified":"2019-11-07T17:05:44+00:00","mainEntityOfPage":{"@id":"https:\/\/mfwa.org\/fr\/la-repression-sanglante-de-la-guinee-ternit-le-paysage-ouest-africain-de-la-liberte-dexpression-en-octobre-2019\/"},"wordCount":977,"publisher":{"@id":"https:\/\/mfwa.org\/#organization"},"image":{"@id":"https:\/\/mfwa.org\/fr\/la-repression-sanglante-de-la-guinee-ternit-le-paysage-ouest-africain-de-la-liberte-dexpression-en-octobre-2019\/#primaryimage"},"thumbnailUrl":"https:\/\/mfwa.org\/wp-content\/uploads\/2019\/11\/guinea-milirary.jpg","articleSection":["La Libert\u00e9 d'Expression","S\u00e9curit\u00e9 des Journalistes"],"inLanguage":"fr-FR"},{"@type":"WebPage","@id":"https:\/\/mfwa.org\/fr\/la-repression-sanglante-de-la-guinee-ternit-le-paysage-ouest-africain-de-la-liberte-dexpression-en-octobre-2019\/","url":"https:\/\/mfwa.org\/fr\/la-repression-sanglante-de-la-guinee-ternit-le-paysage-ouest-africain-de-la-liberte-dexpression-en-octobre-2019\/","name":"La R\u00e9pression Sanglante de la Guin\u00e9e Ternit le Paysage Ouest Africain de la Libert\u00e9 d\u2019Expression en Octobre 2019 - Media Foundation For West Africa","isPartOf":{"@id":"https:\/\/mfwa.org\/#website"},"primaryImageOfPage":{"@id":"https:\/\/mfwa.org\/fr\/la-repression-sanglante-de-la-guinee-ternit-le-paysage-ouest-africain-de-la-liberte-dexpression-en-octobre-2019\/#primaryimage"},"image":{"@id":"https:\/\/mfwa.org\/fr\/la-repression-sanglante-de-la-guinee-ternit-le-paysage-ouest-africain-de-la-liberte-dexpression-en-octobre-2019\/#primaryimage"},"thumbnailUrl":"https:\/\/mfwa.org\/wp-content\/uploads\/2019\/11\/guinea-milirary.jpg","datePublished":"2019-11-06T17:02:55+00:00","dateModified":"2019-11-07T17:05:44+00:00","breadcrumb":{"@id":"https:\/\/mfwa.org\/fr\/la-repression-sanglante-de-la-guinee-ternit-le-paysage-ouest-africain-de-la-liberte-dexpression-en-octobre-2019\/#breadcrumb"},"inLanguage":"fr-FR","potentialAction":[{"@type":"ReadAction","target":["https:\/\/mfwa.org\/fr\/la-repression-sanglante-de-la-guinee-ternit-le-paysage-ouest-africain-de-la-liberte-dexpression-en-octobre-2019\/"]}]},{"@type":"ImageObject","inLanguage":"fr-FR","@id":"https:\/\/mfwa.org\/fr\/la-repression-sanglante-de-la-guinee-ternit-le-paysage-ouest-africain-de-la-liberte-dexpression-en-octobre-2019\/#primaryimage","url":"https:\/\/mfwa.org\/wp-content\/uploads\/2019\/11\/guinea-milirary.jpg","contentUrl":"https:\/\/mfwa.org\/wp-content\/uploads\/2019\/11\/guinea-milirary.jpg","width":1024,"height":538,"caption":"Source: africanews.com"},{"@type":"BreadcrumbList","@id":"https:\/\/mfwa.org\/fr\/la-repression-sanglante-de-la-guinee-ternit-le-paysage-ouest-africain-de-la-liberte-dexpression-en-octobre-2019\/#breadcrumb","itemListElement":[{"@type":"ListItem","position":1,"name":"Home","item":"https:\/\/mfwa.org\/fr\/"},{"@type":"ListItem","position":2,"name":"La R\u00e9pression Sanglante de la Guin\u00e9e Ternit le Paysage Ouest Africain de la Libert\u00e9 d\u2019Expression en Octobre 2019"}]},{"@type":"WebSite","@id":"https:\/\/mfwa.org\/#website","url":"https:\/\/mfwa.org\/","name":"Media Foundation For West Africa","description":"Promoting Freedom of Expression and Democracy in West Africa","publisher":{"@id":"https:\/\/mfwa.org\/#organization"},"potentialAction":[{"@type":"SearchAction","target":{"@type":"EntryPoint","urlTemplate":"https:\/\/mfwa.org\/?s={search_term_string}"},"query-input":{"@type":"PropertyValueSpecification","valueRequired":true,"valueName":"search_term_string"}}],"inLanguage":"fr-FR"},{"@type":"Organization","@id":"https:\/\/mfwa.org\/#organization","name":"Media Foundation for West Africa","url":"https:\/\/mfwa.org\/","logo":{"@type":"ImageObject","inLanguage":"fr-FR","@id":"https:\/\/mfwa.org\/#\/schema\/logo\/image\/","url":"https:\/\/www.mfwa.org\/wp-content\/uploads\/2016\/06\/MFWA-LOGO.png","contentUrl":"https:\/\/www.mfwa.org\/wp-content\/uploads\/2016\/06\/MFWA-LOGO.png","width":180,"height":180,"caption":"Media Foundation for West Africa"},"image":{"@id":"https:\/\/mfwa.org\/#\/schema\/logo\/image\/"},"sameAs":["https:\/\/www.facebook.com\/themfwa","https:\/\/x.com\/TheMFWA","https:\/\/www.youtube.com\/channel\/UCF6HrPuXcV1K1Ed8AAq4Rdw"]},{"@type":"Person","@id":"https:\/\/mfwa.org\/#\/schema\/person\/8e2c73d54ab8d90699e634b53256680f","name":"Kwaku Asante","image":{"@type":"ImageObject","inLanguage":"fr-FR","@id":"https:\/\/secure.gravatar.com\/avatar\/f4b2f4008b9a29d4584bcac804b285ce2bebcee8b616a60be83b4a9ded8963b7?s=96&d=mm&r=g3fc24910de2fac178dc652a6771c3785","url":"https:\/\/secure.gravatar.com\/avatar\/f4b2f4008b9a29d4584bcac804b285ce2bebcee8b616a60be83b4a9ded8963b7?s=96&d=mm&r=g","contentUrl":"https:\/\/secure.gravatar.com\/avatar\/f4b2f4008b9a29d4584bcac804b285ce2bebcee8b616a60be83b4a9ded8963b7?s=96&d=mm&r=g","caption":"Kwaku Asante"},"url":"https:\/\/mfwa.org\/fr\/author\/kwaku\/"}]}},"authors":[{"term_id":515,"user_id":6,"is_guest":0,"slug":"kwaku","display_name":"Kwaku Asante","avatar_url":"https:\/\/secure.gravatar.com\/avatar\/f4b2f4008b9a29d4584bcac804b285ce2bebcee8b616a60be83b4a9ded8963b7?s=96&d=mm&r=g","0":null,"1":"","2":"","3":"","4":"","5":"","6":"","7":"","8":""}],"_links":{"self":[{"href":"https:\/\/mfwa.org\/fr\/wp-json\/wp\/v2\/posts\/16555","targetHints":{"allow":["GET"]}}],"collection":[{"href":"https:\/\/mfwa.org\/fr\/wp-json\/wp\/v2\/posts"}],"about":[{"href":"https:\/\/mfwa.org\/fr\/wp-json\/wp\/v2\/types\/post"}],"author":[{"embeddable":true,"href":"https:\/\/mfwa.org\/fr\/wp-json\/wp\/v2\/users\/6"}],"replies":[{"embeddable":true,"href":"https:\/\/mfwa.org\/fr\/wp-json\/wp\/v2\/comments?post=16555"}],"version-history":[{"count":0,"href":"https:\/\/mfwa.org\/fr\/wp-json\/wp\/v2\/posts\/16555\/revisions"}],"wp:featuredmedia":[{"embeddable":true,"href":"https:\/\/mfwa.org\/fr\/wp-json\/wp\/v2\/media\/16546"}],"wp:attachment":[{"href":"https:\/\/mfwa.org\/fr\/wp-json\/wp\/v2\/media?parent=16555"}],"wp:term":[{"taxonomy":"category","embeddable":true,"href":"https:\/\/mfwa.org\/fr\/wp-json\/wp\/v2\/categories?post=16555"},{"taxonomy":"post_tag","embeddable":true,"href":"https:\/\/mfwa.org\/fr\/wp-json\/wp\/v2\/tags?post=16555"},{"taxonomy":"country","embeddable":true,"href":"https:\/\/mfwa.org\/fr\/wp-json\/wp\/v2\/country?post=16555"},{"taxonomy":"staff-position","embeddable":true,"href":"https:\/\/mfwa.org\/fr\/wp-json\/wp\/v2\/staff-position?post=16555"},{"taxonomy":"opportunity-category","embeddable":true,"href":"https:\/\/mfwa.org\/fr\/wp-json\/wp\/v2\/opportunity-category?post=16555"},{"taxonomy":"author","embeddable":true,"href":"https:\/\/mfwa.org\/fr\/wp-json\/wp\/v2\/ppma_author?post=16555"}],"curies":[{"name":"wp","href":"https:\/\/api.w.org\/{rel}","templated":true}]}}