{"id":15952,"date":"2019-08-10T15:24:07","date_gmt":"2019-08-10T15:24:07","guid":{"rendered":"http:\/\/www.mfwa.org\/?p=15952"},"modified":"2019-08-09T19:03:40","modified_gmt":"2019-08-09T19:03:40","slug":"la-mfwa-a-demenage-au-32-otele-avenue-east-legon-accra","status":"publish","type":"post","link":"https:\/\/mfwa.org\/fr\/la-mfwa-a-demenage-au-32-otele-avenue-east-legon-accra\/","title":{"rendered":"La MFWA a d\u00e9m\u00e9nag\u00e9 au 32 Otele Avenue, East Legon, Accra"},"content":{"rendered":"<p style=\"text-align: justify;\">La direction de la Fondation des M\u00e9dias pour l\u2019Afrique de l\u2019Ouest (MFWA) souhaite informer ses partenaires, intervenants et audience que nous avons d\u00e9m\u00e9nag\u00e9 nos locaux du 30 Duade Street, Kokomlemle, Accra-Ghana au 32 Otele Avenue, East Legon, Accra-Ghana.<\/p>\n","protected":false},"excerpt":{"rendered":"<p>La direction de la Fondation des M\u00e9dias pour l\u2019Afrique de l\u2019Ouest (MFWA) souhaite informer ses partenaires, intervenants et<\/p>\n","protected":false},"author":6,"featured_media":15953,"comment_status":"closed","ping_status":"closed","sticky":false,"template":"","format":"standard","meta":{"footnotes":""},"categories":[344],"tags":[],"country":[243],"staff-position":[],"opportunity-category":[],"ppma_author":[515],"class_list":["post-15952","post","type-post","status-publish","format-standard","has-post-thumbnail","hentry","category-deveoppement-institutionnel","country-ghana-fr"],"yoast_head":"<!-- This site is optimized with the Yoast SEO plugin v27.4 - https:\/\/yoast.com\/product\/yoast-seo-wordpress\/ -->\n<title>La MFWA a d\u00e9m\u00e9nag\u00e9 au 32 Otele Avenue, East Legon, Accra - Media Foundation For West Africa<\/title>\n<meta name=\"robots\" content=\"index, follow, max-snippet:-1, max-image-preview:large, max-video-preview:-1\" \/>\n<link rel=\"canonical\" href=\"https:\/\/mfwa.org\/fr\/la-mfwa-a-demenage-au-32-otele-avenue-east-legon-accra\/\" \/>\n<meta property=\"og:locale\" content=\"fr_FR\" \/>\n<meta property=\"og:type\" content=\"article\" \/>\n<meta property=\"og:title\" content=\"La MFWA a d\u00e9m\u00e9nag\u00e9 au 32 Otele Avenue, East Legon, Accra - Media Foundation For West Africa\" \/>\n<meta property=\"og:description\" content=\"La direction de la Fondation des M\u00e9dias pour l\u2019Afrique de l\u2019Ouest (MFWA) souhaite informer ses partenaires, intervenants et\" \/>\n<meta property=\"og:url\" content=\"https:\/\/mfwa.org\/fr\/la-mfwa-a-demenage-au-32-otele-avenue-east-legon-accra\/\" \/>\n<meta property=\"og:site_name\" content=\"Media Foundation For West Africa\" \/>\n<meta property=\"article:publisher\" content=\"https:\/\/www.facebook.com\/themfwa\" \/>\n<meta property=\"article:published_time\" content=\"2019-08-10T15:24:07+00:00\" \/>\n<meta property=\"og:image\" content=\"https:\/\/mfwa.org\/wp-content\/uploads\/2019\/07\/moving-poster-french-01.jpg\" \/>\n\t<meta property=\"og:image:width\" content=\"1415\" \/>\n\t<meta property=\"og:image:height\" content=\"668\" \/>\n\t<meta property=\"og:image:type\" content=\"image\/jpeg\" \/>\n<meta name=\"author\" content=\"Kwaku Asante\" \/>\n<meta name=\"twitter:card\" content=\"summary_large_image\" \/>\n<meta name=\"twitter:creator\" content=\"@TheMFWA\" \/>\n<meta name=\"twitter:site\" content=\"@TheMFWA\" \/>\n<meta name=\"twitter:label1\" content=\"Written by\" \/>\n\t<meta name=\"twitter:data1\" content=\"Kwaku Asante\" \/>\n<script type=\"application\/ld+json\" class=\"yoast-schema-graph\">{\"@context\":\"https:\\\/\\\/schema.org\",\"@graph\":[{\"@type\":\"Article\",\"@id\":\"https:\\\/\\\/mfwa.org\\\/fr\\\/la-mfwa-a-demenage-au-32-otele-avenue-east-legon-accra\\\/#article\",\"isPartOf\":{\"@id\":\"https:\\\/\\\/mfwa.org\\\/fr\\\/la-mfwa-a-demenage-au-32-otele-avenue-east-legon-accra\\\/\"},\"author\":{\"name\":\"Kwaku Asante\",\"@id\":\"https:\\\/\\\/mfwa.org\\\/#\\\/schema\\\/person\\\/8e2c73d54ab8d90699e634b53256680f\"},\"headline\":\"La MFWA a d\u00e9m\u00e9nag\u00e9 au 32 Otele Avenue, East Legon, Accra\",\"datePublished\":\"2019-08-10T15:24:07+00:00\",\"mainEntityOfPage\":{\"@id\":\"https:\\\/\\\/mfwa.org\\\/fr\\\/la-mfwa-a-demenage-au-32-otele-avenue-east-legon-accra\\\/\"},\"wordCount\":53,\"publisher\":{\"@id\":\"https:\\\/\\\/mfwa.org\\\/#organization\"},\"image\":{\"@id\":\"https:\\\/\\\/mfwa.org\\\/fr\\\/la-mfwa-a-demenage-au-32-otele-avenue-east-legon-accra\\\/#primaryimage\"},\"thumbnailUrl\":\"https:\\\/\\\/mfwa.org\\\/wp-content\\\/uploads\\\/2019\\\/07\\\/moving-poster-french-01.jpg\",\"articleSection\":[\"D\u00e9v\u00e9oppement Institutionnel\"],\"inLanguage\":\"fr-FR\"},{\"@type\":\"WebPage\",\"@id\":\"https:\\\/\\\/mfwa.org\\\/fr\\\/la-mfwa-a-demenage-au-32-otele-avenue-east-legon-accra\\\/\",\"url\":\"https:\\\/\\\/mfwa.org\\\/fr\\\/la-mfwa-a-demenage-au-32-otele-avenue-east-legon-accra\\\/\",\"name\":\"La MFWA a d\u00e9m\u00e9nag\u00e9 au 32 Otele Avenue, East Legon, Accra - Media Foundation For West Africa\",\"isPartOf\":{\"@id\":\"https:\\\/\\\/mfwa.org\\\/#website\"},\"primaryImageOfPage\":{\"@id\":\"https:\\\/\\\/mfwa.org\\\/fr\\\/la-mfwa-a-demenage-au-32-otele-avenue-east-legon-accra\\\/#primaryimage\"},\"image\":{\"@id\":\"https:\\\/\\\/mfwa.org\\\/fr\\\/la-mfwa-a-demenage-au-32-otele-avenue-east-legon-accra\\\/#primaryimage\"},\"thumbnailUrl\":\"https:\\\/\\\/mfwa.org\\\/wp-content\\\/uploads\\\/2019\\\/07\\\/moving-poster-french-01.jpg\",\"datePublished\":\"2019-08-10T15:24:07+00:00\",\"breadcrumb\":{\"@id\":\"https:\\\/\\\/mfwa.org\\\/fr\\\/la-mfwa-a-demenage-au-32-otele-avenue-east-legon-accra\\\/#breadcrumb\"},\"inLanguage\":\"fr-FR\",\"potentialAction\":[{\"@type\":\"ReadAction\",\"target\":[\"https:\\\/\\\/mfwa.org\\\/fr\\\/la-mfwa-a-demenage-au-32-otele-avenue-east-legon-accra\\\/\"]}]},{\"@type\":\"ImageObject\",\"inLanguage\":\"fr-FR\",\"@id\":\"https:\\\/\\\/mfwa.org\\\/fr\\\/la-mfwa-a-demenage-au-32-otele-avenue-east-legon-accra\\\/#primaryimage\",\"url\":\"https:\\\/\\\/mfwa.org\\\/wp-content\\\/uploads\\\/2019\\\/07\\\/moving-poster-french-01.jpg\",\"contentUrl\":\"https:\\\/\\\/mfwa.org\\\/wp-content\\\/uploads\\\/2019\\\/07\\\/moving-poster-french-01.jpg\",\"width\":1415,\"height\":668},{\"@type\":\"BreadcrumbList\",\"@id\":\"https:\\\/\\\/mfwa.org\\\/fr\\\/la-mfwa-a-demenage-au-32-otele-avenue-east-legon-accra\\\/#breadcrumb\",\"itemListElement\":[{\"@type\":\"ListItem\",\"position\":1,\"name\":\"Home\",\"item\":\"https:\\\/\\\/mfwa.org\\\/fr\\\/\"},{\"@type\":\"ListItem\",\"position\":2,\"name\":\"La MFWA a d\u00e9m\u00e9nag\u00e9 au 32 Otele Avenue, East Legon, Accra\"}]},{\"@type\":\"WebSite\",\"@id\":\"https:\\\/\\\/mfwa.org\\\/#website\",\"url\":\"https:\\\/\\\/mfwa.org\\\/\",\"name\":\"Media Foundation For West Africa\",\"description\":\"Promoting Freedom of Expression and Democracy in West Africa\",\"publisher\":{\"@id\":\"https:\\\/\\\/mfwa.org\\\/#organization\"},\"potentialAction\":[{\"@type\":\"SearchAction\",\"target\":{\"@type\":\"EntryPoint\",\"urlTemplate\":\"https:\\\/\\\/mfwa.org\\\/?s={search_term_string}\"},\"query-input\":{\"@type\":\"PropertyValueSpecification\",\"valueRequired\":true,\"valueName\":\"search_term_string\"}}],\"inLanguage\":\"fr-FR\"},{\"@type\":\"Organization\",\"@id\":\"https:\\\/\\\/mfwa.org\\\/#organization\",\"name\":\"Media Foundation for West Africa\",\"url\":\"https:\\\/\\\/mfwa.org\\\/\",\"logo\":{\"@type\":\"ImageObject\",\"inLanguage\":\"fr-FR\",\"@id\":\"https:\\\/\\\/mfwa.org\\\/#\\\/schema\\\/logo\\\/image\\\/\",\"url\":\"https:\\\/\\\/www.mfwa.org\\\/wp-content\\\/uploads\\\/2016\\\/06\\\/MFWA-LOGO.png\",\"contentUrl\":\"https:\\\/\\\/www.mfwa.org\\\/wp-content\\\/uploads\\\/2016\\\/06\\\/MFWA-LOGO.png\",\"width\":180,\"height\":180,\"caption\":\"Media Foundation for West Africa\"},\"image\":{\"@id\":\"https:\\\/\\\/mfwa.org\\\/#\\\/schema\\\/logo\\\/image\\\/\"},\"sameAs\":[\"https:\\\/\\\/www.facebook.com\\\/themfwa\",\"https:\\\/\\\/x.com\\\/TheMFWA\",\"https:\\\/\\\/www.youtube.com\\\/channel\\\/UCF6HrPuXcV1K1Ed8AAq4Rdw\"]},{\"@type\":\"Person\",\"@id\":\"https:\\\/\\\/mfwa.org\\\/#\\\/schema\\\/person\\\/8e2c73d54ab8d90699e634b53256680f\",\"name\":\"Kwaku Asante\",\"image\":{\"@type\":\"ImageObject\",\"inLanguage\":\"fr-FR\",\"@id\":\"https:\\\/\\\/secure.gravatar.com\\\/avatar\\\/f4b2f4008b9a29d4584bcac804b285ce2bebcee8b616a60be83b4a9ded8963b7?s=96&d=mm&r=g3fc24910de2fac178dc652a6771c3785\",\"url\":\"https:\\\/\\\/secure.gravatar.com\\\/avatar\\\/f4b2f4008b9a29d4584bcac804b285ce2bebcee8b616a60be83b4a9ded8963b7?s=96&d=mm&r=g\",\"contentUrl\":\"https:\\\/\\\/secure.gravatar.com\\\/avatar\\\/f4b2f4008b9a29d4584bcac804b285ce2bebcee8b616a60be83b4a9ded8963b7?s=96&d=mm&r=g\",\"caption\":\"Kwaku Asante\"},\"url\":\"https:\\\/\\\/mfwa.org\\\/fr\\\/author\\\/kwaku\\\/\"}]}<\/script>\n<!-- \/ Yoast SEO plugin. -->","yoast_head_json":{"title":"La MFWA a d\u00e9m\u00e9nag\u00e9 au 32 Otele Avenue, East Legon, Accra - Media Foundation For West Africa","robots":{"index":"index","follow":"follow","max-snippet":"max-snippet:-1","max-image-preview":"max-image-preview:large","max-video-preview":"max-video-preview:-1"},"canonical":"https:\/\/mfwa.org\/fr\/la-mfwa-a-demenage-au-32-otele-avenue-east-legon-accra\/","og_locale":"fr_FR","og_type":"article","og_title":"La MFWA a d\u00e9m\u00e9nag\u00e9 au 32 Otele Avenue, East Legon, Accra - Media Foundation For West Africa","og_description":"La direction de la Fondation des M\u00e9dias pour l\u2019Afrique de l\u2019Ouest (MFWA) souhaite informer ses partenaires, intervenants et","og_url":"https:\/\/mfwa.org\/fr\/la-mfwa-a-demenage-au-32-otele-avenue-east-legon-accra\/","og_site_name":"Media Foundation For West Africa","article_publisher":"https:\/\/www.facebook.com\/themfwa","article_published_time":"2019-08-10T15:24:07+00:00","og_image":[{"width":1415,"height":668,"url":"https:\/\/mfwa.org\/wp-content\/uploads\/2019\/07\/moving-poster-french-01.jpg","type":"image\/jpeg"}],"author":"Kwaku Asante","twitter_card":"summary_large_image","twitter_creator":"@TheMFWA","twitter_site":"@TheMFWA","twitter_misc":{"Written by":"Kwaku Asante"},"schema":{"@context":"https:\/\/schema.org","@graph":[{"@type":"Article","@id":"https:\/\/mfwa.org\/fr\/la-mfwa-a-demenage-au-32-otele-avenue-east-legon-accra\/#article","isPartOf":{"@id":"https:\/\/mfwa.org\/fr\/la-mfwa-a-demenage-au-32-otele-avenue-east-legon-accra\/"},"author":{"name":"Kwaku Asante","@id":"https:\/\/mfwa.org\/#\/schema\/person\/8e2c73d54ab8d90699e634b53256680f"},"headline":"La MFWA a d\u00e9m\u00e9nag\u00e9 au 32 Otele Avenue, East Legon, Accra","datePublished":"2019-08-10T15:24:07+00:00","mainEntityOfPage":{"@id":"https:\/\/mfwa.org\/fr\/la-mfwa-a-demenage-au-32-otele-avenue-east-legon-accra\/"},"wordCount":53,"publisher":{"@id":"https:\/\/mfwa.org\/#organization"},"image":{"@id":"https:\/\/mfwa.org\/fr\/la-mfwa-a-demenage-au-32-otele-avenue-east-legon-accra\/#primaryimage"},"thumbnailUrl":"https:\/\/mfwa.org\/wp-content\/uploads\/2019\/07\/moving-poster-french-01.jpg","articleSection":["D\u00e9v\u00e9oppement Institutionnel"],"inLanguage":"fr-FR"},{"@type":"WebPage","@id":"https:\/\/mfwa.org\/fr\/la-mfwa-a-demenage-au-32-otele-avenue-east-legon-accra\/","url":"https:\/\/mfwa.org\/fr\/la-mfwa-a-demenage-au-32-otele-avenue-east-legon-accra\/","name":"La MFWA a d\u00e9m\u00e9nag\u00e9 au 32 Otele Avenue, East Legon, Accra - Media Foundation For West Africa","isPartOf":{"@id":"https:\/\/mfwa.org\/#website"},"primaryImageOfPage":{"@id":"https:\/\/mfwa.org\/fr\/la-mfwa-a-demenage-au-32-otele-avenue-east-legon-accra\/#primaryimage"},"image":{"@id":"https:\/\/mfwa.org\/fr\/la-mfwa-a-demenage-au-32-otele-avenue-east-legon-accra\/#primaryimage"},"thumbnailUrl":"https:\/\/mfwa.org\/wp-content\/uploads\/2019\/07\/moving-poster-french-01.jpg","datePublished":"2019-08-10T15:24:07+00:00","breadcrumb":{"@id":"https:\/\/mfwa.org\/fr\/la-mfwa-a-demenage-au-32-otele-avenue-east-legon-accra\/#breadcrumb"},"inLanguage":"fr-FR","potentialAction":[{"@type":"ReadAction","target":["https:\/\/mfwa.org\/fr\/la-mfwa-a-demenage-au-32-otele-avenue-east-legon-accra\/"]}]},{"@type":"ImageObject","inLanguage":"fr-FR","@id":"https:\/\/mfwa.org\/fr\/la-mfwa-a-demenage-au-32-otele-avenue-east-legon-accra\/#primaryimage","url":"https:\/\/mfwa.org\/wp-content\/uploads\/2019\/07\/moving-poster-french-01.jpg","contentUrl":"https:\/\/mfwa.org\/wp-content\/uploads\/2019\/07\/moving-poster-french-01.jpg","width":1415,"height":668},{"@type":"BreadcrumbList","@id":"https:\/\/mfwa.org\/fr\/la-mfwa-a-demenage-au-32-otele-avenue-east-legon-accra\/#breadcrumb","itemListElement":[{"@type":"ListItem","position":1,"name":"Home","item":"https:\/\/mfwa.org\/fr\/"},{"@type":"ListItem","position":2,"name":"La MFWA a d\u00e9m\u00e9nag\u00e9 au 32 Otele Avenue, East Legon, Accra"}]},{"@type":"WebSite","@id":"https:\/\/mfwa.org\/#website","url":"https:\/\/mfwa.org\/","name":"Media Foundation For West Africa","description":"Promoting Freedom of Expression and Democracy in West Africa","publisher":{"@id":"https:\/\/mfwa.org\/#organization"},"potentialAction":[{"@type":"SearchAction","target":{"@type":"EntryPoint","urlTemplate":"https:\/\/mfwa.org\/?s={search_term_string}"},"query-input":{"@type":"PropertyValueSpecification","valueRequired":true,"valueName":"search_term_string"}}],"inLanguage":"fr-FR"},{"@type":"Organization","@id":"https:\/\/mfwa.org\/#organization","name":"Media Foundation for West Africa","url":"https:\/\/mfwa.org\/","logo":{"@type":"ImageObject","inLanguage":"fr-FR","@id":"https:\/\/mfwa.org\/#\/schema\/logo\/image\/","url":"https:\/\/www.mfwa.org\/wp-content\/uploads\/2016\/06\/MFWA-LOGO.png","contentUrl":"https:\/\/www.mfwa.org\/wp-content\/uploads\/2016\/06\/MFWA-LOGO.png","width":180,"height":180,"caption":"Media Foundation for West Africa"},"image":{"@id":"https:\/\/mfwa.org\/#\/schema\/logo\/image\/"},"sameAs":["https:\/\/www.facebook.com\/themfwa","https:\/\/x.com\/TheMFWA","https:\/\/www.youtube.com\/channel\/UCF6HrPuXcV1K1Ed8AAq4Rdw"]},{"@type":"Person","@id":"https:\/\/mfwa.org\/#\/schema\/person\/8e2c73d54ab8d90699e634b53256680f","name":"Kwaku Asante","image":{"@type":"ImageObject","inLanguage":"fr-FR","@id":"https:\/\/secure.gravatar.com\/avatar\/f4b2f4008b9a29d4584bcac804b285ce2bebcee8b616a60be83b4a9ded8963b7?s=96&d=mm&r=g3fc24910de2fac178dc652a6771c3785","url":"https:\/\/secure.gravatar.com\/avatar\/f4b2f4008b9a29d4584bcac804b285ce2bebcee8b616a60be83b4a9ded8963b7?s=96&d=mm&r=g","contentUrl":"https:\/\/secure.gravatar.com\/avatar\/f4b2f4008b9a29d4584bcac804b285ce2bebcee8b616a60be83b4a9ded8963b7?s=96&d=mm&r=g","caption":"Kwaku Asante"},"url":"https:\/\/mfwa.org\/fr\/author\/kwaku\/"}]}},"authors":[{"term_id":515,"user_id":6,"is_guest":0,"slug":"kwaku","display_name":"Kwaku Asante","avatar_url":"https:\/\/secure.gravatar.com\/avatar\/f4b2f4008b9a29d4584bcac804b285ce2bebcee8b616a60be83b4a9ded8963b7?s=96&d=mm&r=g","0":null,"1":"","2":"","3":"","4":"","5":"","6":"","7":"","8":""}],"_links":{"self":[{"href":"https:\/\/mfwa.org\/fr\/wp-json\/wp\/v2\/posts\/15952","targetHints":{"allow":["GET"]}}],"collection":[{"href":"https:\/\/mfwa.org\/fr\/wp-json\/wp\/v2\/posts"}],"about":[{"href":"https:\/\/mfwa.org\/fr\/wp-json\/wp\/v2\/types\/post"}],"author":[{"embeddable":true,"href":"https:\/\/mfwa.org\/fr\/wp-json\/wp\/v2\/users\/6"}],"replies":[{"embeddable":true,"href":"https:\/\/mfwa.org\/fr\/wp-json\/wp\/v2\/comments?post=15952"}],"version-history":[{"count":0,"href":"https:\/\/mfwa.org\/fr\/wp-json\/wp\/v2\/posts\/15952\/revisions"}],"wp:featuredmedia":[{"embeddable":true,"href":"https:\/\/mfwa.org\/fr\/wp-json\/wp\/v2\/media\/15953"}],"wp:attachment":[{"href":"https:\/\/mfwa.org\/fr\/wp-json\/wp\/v2\/media?parent=15952"}],"wp:term":[{"taxonomy":"category","embeddable":true,"href":"https:\/\/mfwa.org\/fr\/wp-json\/wp\/v2\/categories?post=15952"},{"taxonomy":"post_tag","embeddable":true,"href":"https:\/\/mfwa.org\/fr\/wp-json\/wp\/v2\/tags?post=15952"},{"taxonomy":"country","embeddable":true,"href":"https:\/\/mfwa.org\/fr\/wp-json\/wp\/v2\/country?post=15952"},{"taxonomy":"staff-position","embeddable":true,"href":"https:\/\/mfwa.org\/fr\/wp-json\/wp\/v2\/staff-position?post=15952"},{"taxonomy":"opportunity-category","embeddable":true,"href":"https:\/\/mfwa.org\/fr\/wp-json\/wp\/v2\/opportunity-category?post=15952"},{"taxonomy":"author","embeddable":true,"href":"https:\/\/mfwa.org\/fr\/wp-json\/wp\/v2\/ppma_author?post=15952"}],"curies":[{"name":"wp","href":"https:\/\/api.w.org\/{rel}","templated":true}]}}