{"id":14713,"date":"2019-03-12T17:43:37","date_gmt":"2019-03-12T17:43:37","guid":{"rendered":"http:\/\/www.mfwa.org\/?p=14713"},"modified":"2019-03-12T20:18:06","modified_gmt":"2019-03-12T20:18:06","slug":"menaces-contre-un-journaliste-dinvestigation-des-groupes-de-medias-de-15-pays-petitionnent-le-president-ghaneen","status":"publish","type":"post","link":"https:\/\/mfwa.org\/fr\/menaces-contre-un-journaliste-dinvestigation-des-groupes-de-medias-de-15-pays-petitionnent-le-president-ghaneen\/","title":{"rendered":"Menaces contre un Journaliste d&#8217;Investigation : des Groupes de M\u00e9dias de 15 Pays, P\u00e9titionnent le Pr\u00e9sident Ghan\u00e9en"},"content":{"rendered":"<p style=\"text-align: justify;\">La Fondation des M\u00e9dias pour l&#8217;Afrique de l&#8217;Ouest et ses organisations partenaires de la libert\u00e9 de la presse dans 14 autres pays d&#8217;Afrique de l&#8217;Ouest ont conjointement demand\u00e9 au pr\u00e9sident ghan\u00e9en, Nana Addo Dankwa Akuffo-Addo, d&#8217;intervenir personnellement pour garantir la s\u00e9curit\u00e9 du journaliste d&#8217;investigation Manasseh Azure Awuni.<\/p>\n<p style=\"text-align: justify;\">La p\u00e9tition fait suite aux menaces re\u00e7ues par le journaliste \u00e0 la suite de son rapport d&#8217;enqu\u00eate sur le groupe De-Eye, groupe d&#8217;autod\u00e9fense proche du parti au pouvoir, le New Patriotic Party.<\/p>\n<p style=\"text-align: justify;\">Les p\u00e9titionnaires ont indiqu\u00e9 que le r\u00e9cent assassinat d&#8217;Ahmed Suale et divers actes de violation contre des journalistes qui sont rest\u00e9s impunis n\u00e9cessitent que les menaces contre Manasseh soient prises au s\u00e9rieux. Le groupe a indiqu\u00e9 que \u00ab Les menaces \u00e9mises contre les journalistes pour leur travail risquent de les intimider et de les dissuader, de m\u00eame d&#8217;autres journalistes, de ne pas poursuivre leur travail journalistique l\u00e9gitime&#8221;, et d\u2019ajouter que&#8221; de telles menaces portent \u00e9galement atteinte \u00e0 la r\u00e9putation du Ghana en mati\u00e8re de\u00a0 libert\u00e9 de la presse et de l&#8217;expression&#8221;.<\/p>\n<p>Lire la <a href=\"http:\/\/www.mfwa.org\/wp-content\/uploads\/2019\/03\/Petition-Ghana-FR.pdf\">p\u00e9tition compl\u00e8te ici.<\/a><\/p>\n","protected":false},"excerpt":{"rendered":"<p>La Fondation des M\u00e9dias pour l&#8217;Afrique de l&#8217;Ouest et ses organisations partenaires de la libert\u00e9 de la presse<\/p>\n","protected":false},"author":6,"featured_media":11272,"comment_status":"closed","ping_status":"closed","sticky":false,"template":"","format":"standard","meta":{"footnotes":""},"categories":[254,311],"tags":[],"country":[243],"staff-position":[],"opportunity-category":[],"ppma_author":[515],"class_list":["post-14713","post","type-post","status-publish","format-standard","has-post-thumbnail","hentry","category-free-expression-violations-fr","category-securite-des-journalistes","country-ghana-fr"],"yoast_head":"<!-- This site is optimized with the Yoast SEO plugin v27.4 - https:\/\/yoast.com\/product\/yoast-seo-wordpress\/ -->\n<title>Menaces contre un Journaliste d&#039;Investigation : des Groupes de M\u00e9dias de 15 Pays, P\u00e9titionnent le Pr\u00e9sident Ghan\u00e9en - Media Foundation For West Africa<\/title>\n<meta name=\"robots\" content=\"index, follow, max-snippet:-1, max-image-preview:large, max-video-preview:-1\" \/>\n<link rel=\"canonical\" href=\"https:\/\/mfwa.org\/fr\/menaces-contre-un-journaliste-dinvestigation-des-groupes-de-medias-de-15-pays-petitionnent-le-president-ghaneen\/\" \/>\n<meta property=\"og:locale\" content=\"fr_FR\" \/>\n<meta property=\"og:type\" content=\"article\" \/>\n<meta property=\"og:title\" content=\"Menaces contre un Journaliste d&#039;Investigation : des Groupes de M\u00e9dias de 15 Pays, P\u00e9titionnent le Pr\u00e9sident Ghan\u00e9en - Media Foundation For West Africa\" \/>\n<meta property=\"og:description\" content=\"La Fondation des M\u00e9dias pour l&#8217;Afrique de l&#8217;Ouest et ses organisations partenaires de la libert\u00e9 de la presse\" \/>\n<meta property=\"og:url\" content=\"https:\/\/mfwa.org\/fr\/menaces-contre-un-journaliste-dinvestigation-des-groupes-de-medias-de-15-pays-petitionnent-le-president-ghaneen\/\" \/>\n<meta property=\"og:site_name\" content=\"Media Foundation For West Africa\" \/>\n<meta property=\"article:publisher\" content=\"https:\/\/www.facebook.com\/themfwa\" \/>\n<meta property=\"article:published_time\" content=\"2019-03-12T17:43:37+00:00\" \/>\n<meta property=\"article:modified_time\" content=\"2019-03-12T20:18:06+00:00\" \/>\n<meta property=\"og:image\" content=\"https:\/\/mfwa.org\/wp-content\/uploads\/2017\/09\/akufo-Addo.jpg\" \/>\n\t<meta property=\"og:image:width\" content=\"768\" \/>\n\t<meta property=\"og:image:height\" content=\"481\" \/>\n\t<meta property=\"og:image:type\" content=\"image\/jpeg\" \/>\n<meta name=\"author\" content=\"Kwaku Asante\" \/>\n<meta name=\"twitter:card\" content=\"summary_large_image\" \/>\n<meta name=\"twitter:creator\" content=\"@TheMFWA\" \/>\n<meta name=\"twitter:site\" content=\"@TheMFWA\" \/>\n<meta name=\"twitter:label1\" content=\"Written by\" \/>\n\t<meta name=\"twitter:data1\" content=\"Kwaku Asante\" \/>\n\t<meta name=\"twitter:label2\" content=\"Est. reading time\" \/>\n\t<meta name=\"twitter:data2\" content=\"1 minute\" \/>\n<script type=\"application\/ld+json\" class=\"yoast-schema-graph\">{\"@context\":\"https:\\\/\\\/schema.org\",\"@graph\":[{\"@type\":\"Article\",\"@id\":\"https:\\\/\\\/mfwa.org\\\/fr\\\/menaces-contre-un-journaliste-dinvestigation-des-groupes-de-medias-de-15-pays-petitionnent-le-president-ghaneen\\\/#article\",\"isPartOf\":{\"@id\":\"https:\\\/\\\/mfwa.org\\\/fr\\\/menaces-contre-un-journaliste-dinvestigation-des-groupes-de-medias-de-15-pays-petitionnent-le-president-ghaneen\\\/\"},\"author\":{\"name\":\"Kwaku Asante\",\"@id\":\"https:\\\/\\\/mfwa.org\\\/#\\\/schema\\\/person\\\/8e2c73d54ab8d90699e634b53256680f\"},\"headline\":\"Menaces contre un Journaliste d&#8217;Investigation : des Groupes de M\u00e9dias de 15 Pays, P\u00e9titionnent le Pr\u00e9sident Ghan\u00e9en\",\"datePublished\":\"2019-03-12T17:43:37+00:00\",\"dateModified\":\"2019-03-12T20:18:06+00:00\",\"mainEntityOfPage\":{\"@id\":\"https:\\\/\\\/mfwa.org\\\/fr\\\/menaces-contre-un-journaliste-dinvestigation-des-groupes-de-medias-de-15-pays-petitionnent-le-president-ghaneen\\\/\"},\"wordCount\":222,\"publisher\":{\"@id\":\"https:\\\/\\\/mfwa.org\\\/#organization\"},\"image\":{\"@id\":\"https:\\\/\\\/mfwa.org\\\/fr\\\/menaces-contre-un-journaliste-dinvestigation-des-groupes-de-medias-de-15-pays-petitionnent-le-president-ghaneen\\\/#primaryimage\"},\"thumbnailUrl\":\"https:\\\/\\\/mfwa.org\\\/wp-content\\\/uploads\\\/2017\\\/09\\\/akufo-Addo.jpg\",\"articleSection\":[\"Les violations de la libre expression\",\"S\u00e9curit\u00e9 des Journalistes\"],\"inLanguage\":\"fr-FR\"},{\"@type\":\"WebPage\",\"@id\":\"https:\\\/\\\/mfwa.org\\\/fr\\\/menaces-contre-un-journaliste-dinvestigation-des-groupes-de-medias-de-15-pays-petitionnent-le-president-ghaneen\\\/\",\"url\":\"https:\\\/\\\/mfwa.org\\\/fr\\\/menaces-contre-un-journaliste-dinvestigation-des-groupes-de-medias-de-15-pays-petitionnent-le-president-ghaneen\\\/\",\"name\":\"Menaces contre un Journaliste d'Investigation : des Groupes de M\u00e9dias de 15 Pays, P\u00e9titionnent le Pr\u00e9sident Ghan\u00e9en - Media Foundation For West Africa\",\"isPartOf\":{\"@id\":\"https:\\\/\\\/mfwa.org\\\/#website\"},\"primaryImageOfPage\":{\"@id\":\"https:\\\/\\\/mfwa.org\\\/fr\\\/menaces-contre-un-journaliste-dinvestigation-des-groupes-de-medias-de-15-pays-petitionnent-le-president-ghaneen\\\/#primaryimage\"},\"image\":{\"@id\":\"https:\\\/\\\/mfwa.org\\\/fr\\\/menaces-contre-un-journaliste-dinvestigation-des-groupes-de-medias-de-15-pays-petitionnent-le-president-ghaneen\\\/#primaryimage\"},\"thumbnailUrl\":\"https:\\\/\\\/mfwa.org\\\/wp-content\\\/uploads\\\/2017\\\/09\\\/akufo-Addo.jpg\",\"datePublished\":\"2019-03-12T17:43:37+00:00\",\"dateModified\":\"2019-03-12T20:18:06+00:00\",\"breadcrumb\":{\"@id\":\"https:\\\/\\\/mfwa.org\\\/fr\\\/menaces-contre-un-journaliste-dinvestigation-des-groupes-de-medias-de-15-pays-petitionnent-le-president-ghaneen\\\/#breadcrumb\"},\"inLanguage\":\"fr-FR\",\"potentialAction\":[{\"@type\":\"ReadAction\",\"target\":[\"https:\\\/\\\/mfwa.org\\\/fr\\\/menaces-contre-un-journaliste-dinvestigation-des-groupes-de-medias-de-15-pays-petitionnent-le-president-ghaneen\\\/\"]}]},{\"@type\":\"ImageObject\",\"inLanguage\":\"fr-FR\",\"@id\":\"https:\\\/\\\/mfwa.org\\\/fr\\\/menaces-contre-un-journaliste-dinvestigation-des-groupes-de-medias-de-15-pays-petitionnent-le-president-ghaneen\\\/#primaryimage\",\"url\":\"https:\\\/\\\/mfwa.org\\\/wp-content\\\/uploads\\\/2017\\\/09\\\/akufo-Addo.jpg\",\"contentUrl\":\"https:\\\/\\\/mfwa.org\\\/wp-content\\\/uploads\\\/2017\\\/09\\\/akufo-Addo.jpg\",\"width\":768,\"height\":481,\"caption\":\"Nana Addo Dankwa Akufo-Addo\"},{\"@type\":\"BreadcrumbList\",\"@id\":\"https:\\\/\\\/mfwa.org\\\/fr\\\/menaces-contre-un-journaliste-dinvestigation-des-groupes-de-medias-de-15-pays-petitionnent-le-president-ghaneen\\\/#breadcrumb\",\"itemListElement\":[{\"@type\":\"ListItem\",\"position\":1,\"name\":\"Home\",\"item\":\"https:\\\/\\\/mfwa.org\\\/fr\\\/\"},{\"@type\":\"ListItem\",\"position\":2,\"name\":\"Menaces contre un Journaliste d&#8217;Investigation : des Groupes de M\u00e9dias de 15 Pays, P\u00e9titionnent le Pr\u00e9sident Ghan\u00e9en\"}]},{\"@type\":\"WebSite\",\"@id\":\"https:\\\/\\\/mfwa.org\\\/#website\",\"url\":\"https:\\\/\\\/mfwa.org\\\/\",\"name\":\"Media Foundation For West Africa\",\"description\":\"Promoting Freedom of Expression and Democracy in West Africa\",\"publisher\":{\"@id\":\"https:\\\/\\\/mfwa.org\\\/#organization\"},\"potentialAction\":[{\"@type\":\"SearchAction\",\"target\":{\"@type\":\"EntryPoint\",\"urlTemplate\":\"https:\\\/\\\/mfwa.org\\\/?s={search_term_string}\"},\"query-input\":{\"@type\":\"PropertyValueSpecification\",\"valueRequired\":true,\"valueName\":\"search_term_string\"}}],\"inLanguage\":\"fr-FR\"},{\"@type\":\"Organization\",\"@id\":\"https:\\\/\\\/mfwa.org\\\/#organization\",\"name\":\"Media Foundation for West Africa\",\"url\":\"https:\\\/\\\/mfwa.org\\\/\",\"logo\":{\"@type\":\"ImageObject\",\"inLanguage\":\"fr-FR\",\"@id\":\"https:\\\/\\\/mfwa.org\\\/#\\\/schema\\\/logo\\\/image\\\/\",\"url\":\"https:\\\/\\\/www.mfwa.org\\\/wp-content\\\/uploads\\\/2016\\\/06\\\/MFWA-LOGO.png\",\"contentUrl\":\"https:\\\/\\\/www.mfwa.org\\\/wp-content\\\/uploads\\\/2016\\\/06\\\/MFWA-LOGO.png\",\"width\":180,\"height\":180,\"caption\":\"Media Foundation for West Africa\"},\"image\":{\"@id\":\"https:\\\/\\\/mfwa.org\\\/#\\\/schema\\\/logo\\\/image\\\/\"},\"sameAs\":[\"https:\\\/\\\/www.facebook.com\\\/themfwa\",\"https:\\\/\\\/x.com\\\/TheMFWA\",\"https:\\\/\\\/www.youtube.com\\\/channel\\\/UCF6HrPuXcV1K1Ed8AAq4Rdw\"]},{\"@type\":\"Person\",\"@id\":\"https:\\\/\\\/mfwa.org\\\/#\\\/schema\\\/person\\\/8e2c73d54ab8d90699e634b53256680f\",\"name\":\"Kwaku Asante\",\"image\":{\"@type\":\"ImageObject\",\"inLanguage\":\"fr-FR\",\"@id\":\"https:\\\/\\\/secure.gravatar.com\\\/avatar\\\/f4b2f4008b9a29d4584bcac804b285ce2bebcee8b616a60be83b4a9ded8963b7?s=96&d=mm&r=g3fc24910de2fac178dc652a6771c3785\",\"url\":\"https:\\\/\\\/secure.gravatar.com\\\/avatar\\\/f4b2f4008b9a29d4584bcac804b285ce2bebcee8b616a60be83b4a9ded8963b7?s=96&d=mm&r=g\",\"contentUrl\":\"https:\\\/\\\/secure.gravatar.com\\\/avatar\\\/f4b2f4008b9a29d4584bcac804b285ce2bebcee8b616a60be83b4a9ded8963b7?s=96&d=mm&r=g\",\"caption\":\"Kwaku Asante\"},\"url\":\"https:\\\/\\\/mfwa.org\\\/fr\\\/author\\\/kwaku\\\/\"}]}<\/script>\n<!-- \/ Yoast SEO plugin. -->","yoast_head_json":{"title":"Menaces contre un Journaliste d'Investigation : des Groupes de M\u00e9dias de 15 Pays, P\u00e9titionnent le Pr\u00e9sident Ghan\u00e9en - Media Foundation For West Africa","robots":{"index":"index","follow":"follow","max-snippet":"max-snippet:-1","max-image-preview":"max-image-preview:large","max-video-preview":"max-video-preview:-1"},"canonical":"https:\/\/mfwa.org\/fr\/menaces-contre-un-journaliste-dinvestigation-des-groupes-de-medias-de-15-pays-petitionnent-le-president-ghaneen\/","og_locale":"fr_FR","og_type":"article","og_title":"Menaces contre un Journaliste d'Investigation : des Groupes de M\u00e9dias de 15 Pays, P\u00e9titionnent le Pr\u00e9sident Ghan\u00e9en - Media Foundation For West Africa","og_description":"La Fondation des M\u00e9dias pour l&#8217;Afrique de l&#8217;Ouest et ses organisations partenaires de la libert\u00e9 de la presse","og_url":"https:\/\/mfwa.org\/fr\/menaces-contre-un-journaliste-dinvestigation-des-groupes-de-medias-de-15-pays-petitionnent-le-president-ghaneen\/","og_site_name":"Media Foundation For West Africa","article_publisher":"https:\/\/www.facebook.com\/themfwa","article_published_time":"2019-03-12T17:43:37+00:00","article_modified_time":"2019-03-12T20:18:06+00:00","og_image":[{"width":768,"height":481,"url":"https:\/\/mfwa.org\/wp-content\/uploads\/2017\/09\/akufo-Addo.jpg","type":"image\/jpeg"}],"author":"Kwaku Asante","twitter_card":"summary_large_image","twitter_creator":"@TheMFWA","twitter_site":"@TheMFWA","twitter_misc":{"Written by":"Kwaku Asante","Est. reading time":"1 minute"},"schema":{"@context":"https:\/\/schema.org","@graph":[{"@type":"Article","@id":"https:\/\/mfwa.org\/fr\/menaces-contre-un-journaliste-dinvestigation-des-groupes-de-medias-de-15-pays-petitionnent-le-president-ghaneen\/#article","isPartOf":{"@id":"https:\/\/mfwa.org\/fr\/menaces-contre-un-journaliste-dinvestigation-des-groupes-de-medias-de-15-pays-petitionnent-le-president-ghaneen\/"},"author":{"name":"Kwaku Asante","@id":"https:\/\/mfwa.org\/#\/schema\/person\/8e2c73d54ab8d90699e634b53256680f"},"headline":"Menaces contre un Journaliste d&#8217;Investigation : des Groupes de M\u00e9dias de 15 Pays, P\u00e9titionnent le Pr\u00e9sident Ghan\u00e9en","datePublished":"2019-03-12T17:43:37+00:00","dateModified":"2019-03-12T20:18:06+00:00","mainEntityOfPage":{"@id":"https:\/\/mfwa.org\/fr\/menaces-contre-un-journaliste-dinvestigation-des-groupes-de-medias-de-15-pays-petitionnent-le-president-ghaneen\/"},"wordCount":222,"publisher":{"@id":"https:\/\/mfwa.org\/#organization"},"image":{"@id":"https:\/\/mfwa.org\/fr\/menaces-contre-un-journaliste-dinvestigation-des-groupes-de-medias-de-15-pays-petitionnent-le-president-ghaneen\/#primaryimage"},"thumbnailUrl":"https:\/\/mfwa.org\/wp-content\/uploads\/2017\/09\/akufo-Addo.jpg","articleSection":["Les violations de la libre expression","S\u00e9curit\u00e9 des Journalistes"],"inLanguage":"fr-FR"},{"@type":"WebPage","@id":"https:\/\/mfwa.org\/fr\/menaces-contre-un-journaliste-dinvestigation-des-groupes-de-medias-de-15-pays-petitionnent-le-president-ghaneen\/","url":"https:\/\/mfwa.org\/fr\/menaces-contre-un-journaliste-dinvestigation-des-groupes-de-medias-de-15-pays-petitionnent-le-president-ghaneen\/","name":"Menaces contre un Journaliste d'Investigation : des Groupes de M\u00e9dias de 15 Pays, P\u00e9titionnent le Pr\u00e9sident Ghan\u00e9en - Media Foundation For West Africa","isPartOf":{"@id":"https:\/\/mfwa.org\/#website"},"primaryImageOfPage":{"@id":"https:\/\/mfwa.org\/fr\/menaces-contre-un-journaliste-dinvestigation-des-groupes-de-medias-de-15-pays-petitionnent-le-president-ghaneen\/#primaryimage"},"image":{"@id":"https:\/\/mfwa.org\/fr\/menaces-contre-un-journaliste-dinvestigation-des-groupes-de-medias-de-15-pays-petitionnent-le-president-ghaneen\/#primaryimage"},"thumbnailUrl":"https:\/\/mfwa.org\/wp-content\/uploads\/2017\/09\/akufo-Addo.jpg","datePublished":"2019-03-12T17:43:37+00:00","dateModified":"2019-03-12T20:18:06+00:00","breadcrumb":{"@id":"https:\/\/mfwa.org\/fr\/menaces-contre-un-journaliste-dinvestigation-des-groupes-de-medias-de-15-pays-petitionnent-le-president-ghaneen\/#breadcrumb"},"inLanguage":"fr-FR","potentialAction":[{"@type":"ReadAction","target":["https:\/\/mfwa.org\/fr\/menaces-contre-un-journaliste-dinvestigation-des-groupes-de-medias-de-15-pays-petitionnent-le-president-ghaneen\/"]}]},{"@type":"ImageObject","inLanguage":"fr-FR","@id":"https:\/\/mfwa.org\/fr\/menaces-contre-un-journaliste-dinvestigation-des-groupes-de-medias-de-15-pays-petitionnent-le-president-ghaneen\/#primaryimage","url":"https:\/\/mfwa.org\/wp-content\/uploads\/2017\/09\/akufo-Addo.jpg","contentUrl":"https:\/\/mfwa.org\/wp-content\/uploads\/2017\/09\/akufo-Addo.jpg","width":768,"height":481,"caption":"Nana Addo Dankwa Akufo-Addo"},{"@type":"BreadcrumbList","@id":"https:\/\/mfwa.org\/fr\/menaces-contre-un-journaliste-dinvestigation-des-groupes-de-medias-de-15-pays-petitionnent-le-president-ghaneen\/#breadcrumb","itemListElement":[{"@type":"ListItem","position":1,"name":"Home","item":"https:\/\/mfwa.org\/fr\/"},{"@type":"ListItem","position":2,"name":"Menaces contre un Journaliste d&#8217;Investigation : des Groupes de M\u00e9dias de 15 Pays, P\u00e9titionnent le Pr\u00e9sident Ghan\u00e9en"}]},{"@type":"WebSite","@id":"https:\/\/mfwa.org\/#website","url":"https:\/\/mfwa.org\/","name":"Media Foundation For West Africa","description":"Promoting Freedom of Expression and Democracy in West Africa","publisher":{"@id":"https:\/\/mfwa.org\/#organization"},"potentialAction":[{"@type":"SearchAction","target":{"@type":"EntryPoint","urlTemplate":"https:\/\/mfwa.org\/?s={search_term_string}"},"query-input":{"@type":"PropertyValueSpecification","valueRequired":true,"valueName":"search_term_string"}}],"inLanguage":"fr-FR"},{"@type":"Organization","@id":"https:\/\/mfwa.org\/#organization","name":"Media Foundation for West Africa","url":"https:\/\/mfwa.org\/","logo":{"@type":"ImageObject","inLanguage":"fr-FR","@id":"https:\/\/mfwa.org\/#\/schema\/logo\/image\/","url":"https:\/\/www.mfwa.org\/wp-content\/uploads\/2016\/06\/MFWA-LOGO.png","contentUrl":"https:\/\/www.mfwa.org\/wp-content\/uploads\/2016\/06\/MFWA-LOGO.png","width":180,"height":180,"caption":"Media Foundation for West Africa"},"image":{"@id":"https:\/\/mfwa.org\/#\/schema\/logo\/image\/"},"sameAs":["https:\/\/www.facebook.com\/themfwa","https:\/\/x.com\/TheMFWA","https:\/\/www.youtube.com\/channel\/UCF6HrPuXcV1K1Ed8AAq4Rdw"]},{"@type":"Person","@id":"https:\/\/mfwa.org\/#\/schema\/person\/8e2c73d54ab8d90699e634b53256680f","name":"Kwaku Asante","image":{"@type":"ImageObject","inLanguage":"fr-FR","@id":"https:\/\/secure.gravatar.com\/avatar\/f4b2f4008b9a29d4584bcac804b285ce2bebcee8b616a60be83b4a9ded8963b7?s=96&d=mm&r=g3fc24910de2fac178dc652a6771c3785","url":"https:\/\/secure.gravatar.com\/avatar\/f4b2f4008b9a29d4584bcac804b285ce2bebcee8b616a60be83b4a9ded8963b7?s=96&d=mm&r=g","contentUrl":"https:\/\/secure.gravatar.com\/avatar\/f4b2f4008b9a29d4584bcac804b285ce2bebcee8b616a60be83b4a9ded8963b7?s=96&d=mm&r=g","caption":"Kwaku Asante"},"url":"https:\/\/mfwa.org\/fr\/author\/kwaku\/"}]}},"authors":[{"term_id":515,"user_id":6,"is_guest":0,"slug":"kwaku","display_name":"Kwaku Asante","avatar_url":"https:\/\/secure.gravatar.com\/avatar\/f4b2f4008b9a29d4584bcac804b285ce2bebcee8b616a60be83b4a9ded8963b7?s=96&d=mm&r=g","0":null,"1":"","2":"","3":"","4":"","5":"","6":"","7":"","8":""}],"_links":{"self":[{"href":"https:\/\/mfwa.org\/fr\/wp-json\/wp\/v2\/posts\/14713","targetHints":{"allow":["GET"]}}],"collection":[{"href":"https:\/\/mfwa.org\/fr\/wp-json\/wp\/v2\/posts"}],"about":[{"href":"https:\/\/mfwa.org\/fr\/wp-json\/wp\/v2\/types\/post"}],"author":[{"embeddable":true,"href":"https:\/\/mfwa.org\/fr\/wp-json\/wp\/v2\/users\/6"}],"replies":[{"embeddable":true,"href":"https:\/\/mfwa.org\/fr\/wp-json\/wp\/v2\/comments?post=14713"}],"version-history":[{"count":0,"href":"https:\/\/mfwa.org\/fr\/wp-json\/wp\/v2\/posts\/14713\/revisions"}],"wp:featuredmedia":[{"embeddable":true,"href":"https:\/\/mfwa.org\/fr\/wp-json\/wp\/v2\/media\/11272"}],"wp:attachment":[{"href":"https:\/\/mfwa.org\/fr\/wp-json\/wp\/v2\/media?parent=14713"}],"wp:term":[{"taxonomy":"category","embeddable":true,"href":"https:\/\/mfwa.org\/fr\/wp-json\/wp\/v2\/categories?post=14713"},{"taxonomy":"post_tag","embeddable":true,"href":"https:\/\/mfwa.org\/fr\/wp-json\/wp\/v2\/tags?post=14713"},{"taxonomy":"country","embeddable":true,"href":"https:\/\/mfwa.org\/fr\/wp-json\/wp\/v2\/country?post=14713"},{"taxonomy":"staff-position","embeddable":true,"href":"https:\/\/mfwa.org\/fr\/wp-json\/wp\/v2\/staff-position?post=14713"},{"taxonomy":"opportunity-category","embeddable":true,"href":"https:\/\/mfwa.org\/fr\/wp-json\/wp\/v2\/opportunity-category?post=14713"},{"taxonomy":"author","embeddable":true,"href":"https:\/\/mfwa.org\/fr\/wp-json\/wp\/v2\/ppma_author?post=14713"}],"curies":[{"name":"wp","href":"https:\/\/api.w.org\/{rel}","templated":true}]}}