{"id":13240,"date":"2018-07-17T14:44:41","date_gmt":"2018-07-17T14:44:41","guid":{"rendered":"http:\/\/www.mfwa.org\/?p=13240"},"modified":"2018-07-26T16:10:03","modified_gmt":"2018-07-26T16:10:03","slug":"le-procureur-requit-3-ans-de-prison-contre-les-leaders-des-protestation","status":"publish","type":"post","link":"https:\/\/mfwa.org\/fr\/le-procureur-requit-3-ans-de-prison-contre-les-leaders-des-protestation\/","title":{"rendered":"Le Procureur Requiert 3 Ans de Prison Contre les Leaders des Protestation"},"content":{"rendered":"<p style=\"text-align: justify;\">Le Procureur du Niger a formul\u00e9 une requ\u00eate de trois ans d\u2019emprisonnement en l\u2019encontre de plusieurs leaders influents de la soci\u00e9t\u00e9 civile qui croupissent en prison depuis le mois de mars dernier pour avoir men\u00e9 une vague de protestations populaires contre la loi de finance 2018 du pays.<\/p>\n<p style=\"text-align: justify;\">Les\u00a0 24 activistes arr\u00eat\u00e9s au cours du mois de mars dernier, y compris Ali Idrissa, responsable du R\u00e9seau des organisations pour la transparence et l\u2019analyse budg\u00e9taire (ROTAB), Moussa Tchangari, le secr\u00e9taire g\u00e9n\u00e9ral de l\u2019association Alternative espaces citoyens (AEC), et Nouhou Arzika, le pr\u00e9sident du Mouvement pour la promotion de la citoyennet\u00e9 responsable (MPCR) ont \u00e9t\u00e9 pr\u00e9sent\u00e9s devant la justice lors d\u2019un proc\u00e8s le 10 Juillet 2018 \u00e0 Niamey, dans la\u00a0 capitale du Niger.<\/p>\n<p style=\"text-align: justify;\">D\u2019apr\u00e8s notre correspondent au Niger, il leur est reproch\u00e9 d\u2019avoir d\u00e9fi\u00e9 l\u2019interdiction de manifestation et sont accus\u00e9s de d\u00e9gradation de biens publics.<\/p>\n<p style=\"text-align: justify;\">Le Niger a \u00e9t\u00e9 secou\u00e9 depuis Octobre 2017 par des manifestations de demande de r\u00e9vision de la loi de Finance 2018 qui est consid\u00e9r\u00e9e comme trop aust\u00e8re et antisociale. Une des critiques majeures contre la loi est qu\u2019elle accorde des largesses fiscales excessives aux soci\u00e9t\u00e9s de t\u00e9l\u00e9commandions aux d\u00e9pens des citoyens.<\/p>\n<p style=\"text-align: justify;\">Plusieurs organisations de la libert\u00e9 d\u2019expression; y compris la MFWA avaient condamn\u00e9 les arrestations des activistes au cours du mois de mars dernier comme une violation de la libert\u00e9 d\u2019expression et ont demand\u00e9 leur remise en libert\u00e9.<\/p>\n<p style=\"text-align: justify;\">Les avocats des accus\u00e9s ont dit que leurs clients n\u2019ont commis aucun crime et ont plaid\u00e9 pour leur lib\u00e9ration,\u00a0 tandis que le procureur de la r\u00e9publique a requis trois ans de prison contre les leaders de la soci\u00e9t\u00e9 civile. Le verdict final est attendu le 24 Juillet 2018.<\/p>\n<p style=\"text-align: justify;\">\u2033Les infractions pour lesquelles nos clients sont poursuivis ne sont pas constitu\u00e9es en droit, nous estimons qu\u2019ils vont bient\u00f4t\u00a0recouvrer\u00a0leur libert\u00e9\u2033, a affirm\u00e9 Ali Kadri, un des avocats de la d\u00e9fense.<\/p>\n<p style=\"text-align: justify;\">La MFWA demande aux autorit\u00e9s du pays de lib\u00e9rer sans condition les activistes et de respecter les droits aux r\u00e9unions et manifestations pacifiques garantis par la constitution du Niger.<\/p>\n","protected":false},"excerpt":{"rendered":"<p>Le Procureur du Niger a formul\u00e9 une requ\u00eate de trois ans d\u2019emprisonnement en l\u2019encontre de plusieurs leaders influents<\/p>\n","protected":false},"author":2,"featured_media":13191,"comment_status":"closed","ping_status":"closed","sticky":false,"template":"","format":"standard","meta":{"footnotes":""},"categories":[254],"tags":[],"country":[249],"staff-position":[],"opportunity-category":[],"ppma_author":[513],"class_list":["post-13240","post","type-post","status-publish","format-standard","has-post-thumbnail","hentry","category-free-expression-violations-fr","country-niger-fr"],"yoast_head":"<!-- This site is optimized with the Yoast SEO plugin v27.4 - https:\/\/yoast.com\/product\/yoast-seo-wordpress\/ -->\n<title>Le Procureur Requiert 3 Ans de Prison Contre les Leaders des Protestation - Media Foundation For West Africa<\/title>\n<meta name=\"robots\" content=\"index, follow, max-snippet:-1, max-image-preview:large, max-video-preview:-1\" \/>\n<link rel=\"canonical\" href=\"https:\/\/mfwa.org\/fr\/le-procureur-requit-3-ans-de-prison-contre-les-leaders-des-protestation\/\" \/>\n<meta property=\"og:locale\" content=\"fr_FR\" \/>\n<meta property=\"og:type\" content=\"article\" \/>\n<meta property=\"og:title\" content=\"Le Procureur Requiert 3 Ans de Prison Contre les Leaders des Protestation - Media Foundation For West Africa\" \/>\n<meta property=\"og:description\" content=\"Le Procureur du Niger a formul\u00e9 une requ\u00eate de trois ans d\u2019emprisonnement en l\u2019encontre de plusieurs leaders influents\" \/>\n<meta property=\"og:url\" content=\"https:\/\/mfwa.org\/fr\/le-procureur-requit-3-ans-de-prison-contre-les-leaders-des-protestation\/\" \/>\n<meta property=\"og:site_name\" content=\"Media Foundation For West Africa\" \/>\n<meta property=\"article:publisher\" content=\"https:\/\/www.facebook.com\/themfwa\" \/>\n<meta property=\"article:published_time\" content=\"2018-07-17T14:44:41+00:00\" \/>\n<meta property=\"article:modified_time\" content=\"2018-07-26T16:10:03+00:00\" \/>\n<meta property=\"og:image\" content=\"https:\/\/mfwa.org\/wp-content\/uploads\/2018\/07\/gavel.jpg\" \/>\n\t<meta property=\"og:image:width\" content=\"1365\" \/>\n\t<meta property=\"og:image:height\" content=\"1024\" \/>\n\t<meta property=\"og:image:type\" content=\"image\/jpeg\" \/>\n<meta name=\"author\" content=\"Vivian Affoah\" \/>\n<meta name=\"twitter:card\" content=\"summary_large_image\" \/>\n<meta name=\"twitter:creator\" content=\"@TheMFWA\" \/>\n<meta name=\"twitter:site\" content=\"@TheMFWA\" \/>\n<meta name=\"twitter:label1\" content=\"Written by\" \/>\n\t<meta name=\"twitter:data1\" content=\"Vivian Affoah\" \/>\n\t<meta name=\"twitter:label2\" content=\"Est. reading time\" \/>\n\t<meta name=\"twitter:data2\" content=\"2 minutes\" \/>\n<script type=\"application\/ld+json\" class=\"yoast-schema-graph\">{\"@context\":\"https:\\\/\\\/schema.org\",\"@graph\":[{\"@type\":\"Article\",\"@id\":\"https:\\\/\\\/mfwa.org\\\/fr\\\/le-procureur-requit-3-ans-de-prison-contre-les-leaders-des-protestation\\\/#article\",\"isPartOf\":{\"@id\":\"https:\\\/\\\/mfwa.org\\\/fr\\\/le-procureur-requit-3-ans-de-prison-contre-les-leaders-des-protestation\\\/\"},\"author\":{\"name\":\"Vivian Affoah\",\"@id\":\"https:\\\/\\\/mfwa.org\\\/#\\\/schema\\\/person\\\/6a1a8151b41fab6317c9544da609a96b\"},\"headline\":\"Le Procureur Requiert 3 Ans de Prison Contre les Leaders des Protestation\",\"datePublished\":\"2018-07-17T14:44:41+00:00\",\"dateModified\":\"2018-07-26T16:10:03+00:00\",\"mainEntityOfPage\":{\"@id\":\"https:\\\/\\\/mfwa.org\\\/fr\\\/le-procureur-requit-3-ans-de-prison-contre-les-leaders-des-protestation\\\/\"},\"wordCount\":391,\"publisher\":{\"@id\":\"https:\\\/\\\/mfwa.org\\\/#organization\"},\"image\":{\"@id\":\"https:\\\/\\\/mfwa.org\\\/fr\\\/le-procureur-requit-3-ans-de-prison-contre-les-leaders-des-protestation\\\/#primaryimage\"},\"thumbnailUrl\":\"https:\\\/\\\/mfwa.org\\\/wp-content\\\/uploads\\\/2018\\\/07\\\/gavel.jpg\",\"articleSection\":[\"Les violations de la libre expression\"],\"inLanguage\":\"fr-FR\"},{\"@type\":\"WebPage\",\"@id\":\"https:\\\/\\\/mfwa.org\\\/fr\\\/le-procureur-requit-3-ans-de-prison-contre-les-leaders-des-protestation\\\/\",\"url\":\"https:\\\/\\\/mfwa.org\\\/fr\\\/le-procureur-requit-3-ans-de-prison-contre-les-leaders-des-protestation\\\/\",\"name\":\"Le Procureur Requiert 3 Ans de Prison Contre les Leaders des Protestation - Media Foundation For West Africa\",\"isPartOf\":{\"@id\":\"https:\\\/\\\/mfwa.org\\\/#website\"},\"primaryImageOfPage\":{\"@id\":\"https:\\\/\\\/mfwa.org\\\/fr\\\/le-procureur-requit-3-ans-de-prison-contre-les-leaders-des-protestation\\\/#primaryimage\"},\"image\":{\"@id\":\"https:\\\/\\\/mfwa.org\\\/fr\\\/le-procureur-requit-3-ans-de-prison-contre-les-leaders-des-protestation\\\/#primaryimage\"},\"thumbnailUrl\":\"https:\\\/\\\/mfwa.org\\\/wp-content\\\/uploads\\\/2018\\\/07\\\/gavel.jpg\",\"datePublished\":\"2018-07-17T14:44:41+00:00\",\"dateModified\":\"2018-07-26T16:10:03+00:00\",\"breadcrumb\":{\"@id\":\"https:\\\/\\\/mfwa.org\\\/fr\\\/le-procureur-requit-3-ans-de-prison-contre-les-leaders-des-protestation\\\/#breadcrumb\"},\"inLanguage\":\"fr-FR\",\"potentialAction\":[{\"@type\":\"ReadAction\",\"target\":[\"https:\\\/\\\/mfwa.org\\\/fr\\\/le-procureur-requit-3-ans-de-prison-contre-les-leaders-des-protestation\\\/\"]}]},{\"@type\":\"ImageObject\",\"inLanguage\":\"fr-FR\",\"@id\":\"https:\\\/\\\/mfwa.org\\\/fr\\\/le-procureur-requit-3-ans-de-prison-contre-les-leaders-des-protestation\\\/#primaryimage\",\"url\":\"https:\\\/\\\/mfwa.org\\\/wp-content\\\/uploads\\\/2018\\\/07\\\/gavel.jpg\",\"contentUrl\":\"https:\\\/\\\/mfwa.org\\\/wp-content\\\/uploads\\\/2018\\\/07\\\/gavel.jpg\",\"width\":1365,\"height\":1024},{\"@type\":\"BreadcrumbList\",\"@id\":\"https:\\\/\\\/mfwa.org\\\/fr\\\/le-procureur-requit-3-ans-de-prison-contre-les-leaders-des-protestation\\\/#breadcrumb\",\"itemListElement\":[{\"@type\":\"ListItem\",\"position\":1,\"name\":\"Home\",\"item\":\"https:\\\/\\\/mfwa.org\\\/fr\\\/\"},{\"@type\":\"ListItem\",\"position\":2,\"name\":\"Le Procureur Requiert 3 Ans de Prison Contre les Leaders des Protestation\"}]},{\"@type\":\"WebSite\",\"@id\":\"https:\\\/\\\/mfwa.org\\\/#website\",\"url\":\"https:\\\/\\\/mfwa.org\\\/\",\"name\":\"Media Foundation For West Africa\",\"description\":\"Promoting Freedom of Expression and Democracy in West Africa\",\"publisher\":{\"@id\":\"https:\\\/\\\/mfwa.org\\\/#organization\"},\"potentialAction\":[{\"@type\":\"SearchAction\",\"target\":{\"@type\":\"EntryPoint\",\"urlTemplate\":\"https:\\\/\\\/mfwa.org\\\/?s={search_term_string}\"},\"query-input\":{\"@type\":\"PropertyValueSpecification\",\"valueRequired\":true,\"valueName\":\"search_term_string\"}}],\"inLanguage\":\"fr-FR\"},{\"@type\":\"Organization\",\"@id\":\"https:\\\/\\\/mfwa.org\\\/#organization\",\"name\":\"Media Foundation for West Africa\",\"url\":\"https:\\\/\\\/mfwa.org\\\/\",\"logo\":{\"@type\":\"ImageObject\",\"inLanguage\":\"fr-FR\",\"@id\":\"https:\\\/\\\/mfwa.org\\\/#\\\/schema\\\/logo\\\/image\\\/\",\"url\":\"https:\\\/\\\/www.mfwa.org\\\/wp-content\\\/uploads\\\/2016\\\/06\\\/MFWA-LOGO.png\",\"contentUrl\":\"https:\\\/\\\/www.mfwa.org\\\/wp-content\\\/uploads\\\/2016\\\/06\\\/MFWA-LOGO.png\",\"width\":180,\"height\":180,\"caption\":\"Media Foundation for West Africa\"},\"image\":{\"@id\":\"https:\\\/\\\/mfwa.org\\\/#\\\/schema\\\/logo\\\/image\\\/\"},\"sameAs\":[\"https:\\\/\\\/www.facebook.com\\\/themfwa\",\"https:\\\/\\\/x.com\\\/TheMFWA\",\"https:\\\/\\\/www.youtube.com\\\/channel\\\/UCF6HrPuXcV1K1Ed8AAq4Rdw\"]},{\"@type\":\"Person\",\"@id\":\"https:\\\/\\\/mfwa.org\\\/#\\\/schema\\\/person\\\/6a1a8151b41fab6317c9544da609a96b\",\"name\":\"Vivian Affoah\",\"image\":{\"@type\":\"ImageObject\",\"inLanguage\":\"fr-FR\",\"@id\":\"https:\\\/\\\/secure.gravatar.com\\\/avatar\\\/ddf6c5c2ef2f35c978196ce314f9b81dba2ec548b12806a3acbe02e2360d7e63?s=96&d=mm&r=g719420b9d28a4a0781c1038ec6921926\",\"url\":\"https:\\\/\\\/secure.gravatar.com\\\/avatar\\\/ddf6c5c2ef2f35c978196ce314f9b81dba2ec548b12806a3acbe02e2360d7e63?s=96&d=mm&r=g\",\"contentUrl\":\"https:\\\/\\\/secure.gravatar.com\\\/avatar\\\/ddf6c5c2ef2f35c978196ce314f9b81dba2ec548b12806a3acbe02e2360d7e63?s=96&d=mm&r=g\",\"caption\":\"Vivian Affoah\"},\"sameAs\":[\"http:\\\/\\\/www.mfwa.org\"],\"url\":\"https:\\\/\\\/mfwa.org\\\/fr\\\/author\\\/vivian\\\/\"}]}<\/script>\n<!-- \/ Yoast SEO plugin. -->","yoast_head_json":{"title":"Le Procureur Requiert 3 Ans de Prison Contre les Leaders des Protestation - Media Foundation For West Africa","robots":{"index":"index","follow":"follow","max-snippet":"max-snippet:-1","max-image-preview":"max-image-preview:large","max-video-preview":"max-video-preview:-1"},"canonical":"https:\/\/mfwa.org\/fr\/le-procureur-requit-3-ans-de-prison-contre-les-leaders-des-protestation\/","og_locale":"fr_FR","og_type":"article","og_title":"Le Procureur Requiert 3 Ans de Prison Contre les Leaders des Protestation - Media Foundation For West Africa","og_description":"Le Procureur du Niger a formul\u00e9 une requ\u00eate de trois ans d\u2019emprisonnement en l\u2019encontre de plusieurs leaders influents","og_url":"https:\/\/mfwa.org\/fr\/le-procureur-requit-3-ans-de-prison-contre-les-leaders-des-protestation\/","og_site_name":"Media Foundation For West Africa","article_publisher":"https:\/\/www.facebook.com\/themfwa","article_published_time":"2018-07-17T14:44:41+00:00","article_modified_time":"2018-07-26T16:10:03+00:00","og_image":[{"width":1365,"height":1024,"url":"https:\/\/mfwa.org\/wp-content\/uploads\/2018\/07\/gavel.jpg","type":"image\/jpeg"}],"author":"Vivian Affoah","twitter_card":"summary_large_image","twitter_creator":"@TheMFWA","twitter_site":"@TheMFWA","twitter_misc":{"Written by":"Vivian Affoah","Est. reading time":"2 minutes"},"schema":{"@context":"https:\/\/schema.org","@graph":[{"@type":"Article","@id":"https:\/\/mfwa.org\/fr\/le-procureur-requit-3-ans-de-prison-contre-les-leaders-des-protestation\/#article","isPartOf":{"@id":"https:\/\/mfwa.org\/fr\/le-procureur-requit-3-ans-de-prison-contre-les-leaders-des-protestation\/"},"author":{"name":"Vivian Affoah","@id":"https:\/\/mfwa.org\/#\/schema\/person\/6a1a8151b41fab6317c9544da609a96b"},"headline":"Le Procureur Requiert 3 Ans de Prison Contre les Leaders des Protestation","datePublished":"2018-07-17T14:44:41+00:00","dateModified":"2018-07-26T16:10:03+00:00","mainEntityOfPage":{"@id":"https:\/\/mfwa.org\/fr\/le-procureur-requit-3-ans-de-prison-contre-les-leaders-des-protestation\/"},"wordCount":391,"publisher":{"@id":"https:\/\/mfwa.org\/#organization"},"image":{"@id":"https:\/\/mfwa.org\/fr\/le-procureur-requit-3-ans-de-prison-contre-les-leaders-des-protestation\/#primaryimage"},"thumbnailUrl":"https:\/\/mfwa.org\/wp-content\/uploads\/2018\/07\/gavel.jpg","articleSection":["Les violations de la libre expression"],"inLanguage":"fr-FR"},{"@type":"WebPage","@id":"https:\/\/mfwa.org\/fr\/le-procureur-requit-3-ans-de-prison-contre-les-leaders-des-protestation\/","url":"https:\/\/mfwa.org\/fr\/le-procureur-requit-3-ans-de-prison-contre-les-leaders-des-protestation\/","name":"Le Procureur Requiert 3 Ans de Prison Contre les Leaders des Protestation - Media Foundation For West Africa","isPartOf":{"@id":"https:\/\/mfwa.org\/#website"},"primaryImageOfPage":{"@id":"https:\/\/mfwa.org\/fr\/le-procureur-requit-3-ans-de-prison-contre-les-leaders-des-protestation\/#primaryimage"},"image":{"@id":"https:\/\/mfwa.org\/fr\/le-procureur-requit-3-ans-de-prison-contre-les-leaders-des-protestation\/#primaryimage"},"thumbnailUrl":"https:\/\/mfwa.org\/wp-content\/uploads\/2018\/07\/gavel.jpg","datePublished":"2018-07-17T14:44:41+00:00","dateModified":"2018-07-26T16:10:03+00:00","breadcrumb":{"@id":"https:\/\/mfwa.org\/fr\/le-procureur-requit-3-ans-de-prison-contre-les-leaders-des-protestation\/#breadcrumb"},"inLanguage":"fr-FR","potentialAction":[{"@type":"ReadAction","target":["https:\/\/mfwa.org\/fr\/le-procureur-requit-3-ans-de-prison-contre-les-leaders-des-protestation\/"]}]},{"@type":"ImageObject","inLanguage":"fr-FR","@id":"https:\/\/mfwa.org\/fr\/le-procureur-requit-3-ans-de-prison-contre-les-leaders-des-protestation\/#primaryimage","url":"https:\/\/mfwa.org\/wp-content\/uploads\/2018\/07\/gavel.jpg","contentUrl":"https:\/\/mfwa.org\/wp-content\/uploads\/2018\/07\/gavel.jpg","width":1365,"height":1024},{"@type":"BreadcrumbList","@id":"https:\/\/mfwa.org\/fr\/le-procureur-requit-3-ans-de-prison-contre-les-leaders-des-protestation\/#breadcrumb","itemListElement":[{"@type":"ListItem","position":1,"name":"Home","item":"https:\/\/mfwa.org\/fr\/"},{"@type":"ListItem","position":2,"name":"Le Procureur Requiert 3 Ans de Prison Contre les Leaders des Protestation"}]},{"@type":"WebSite","@id":"https:\/\/mfwa.org\/#website","url":"https:\/\/mfwa.org\/","name":"Media Foundation For West Africa","description":"Promoting Freedom of Expression and Democracy in West Africa","publisher":{"@id":"https:\/\/mfwa.org\/#organization"},"potentialAction":[{"@type":"SearchAction","target":{"@type":"EntryPoint","urlTemplate":"https:\/\/mfwa.org\/?s={search_term_string}"},"query-input":{"@type":"PropertyValueSpecification","valueRequired":true,"valueName":"search_term_string"}}],"inLanguage":"fr-FR"},{"@type":"Organization","@id":"https:\/\/mfwa.org\/#organization","name":"Media Foundation for West Africa","url":"https:\/\/mfwa.org\/","logo":{"@type":"ImageObject","inLanguage":"fr-FR","@id":"https:\/\/mfwa.org\/#\/schema\/logo\/image\/","url":"https:\/\/www.mfwa.org\/wp-content\/uploads\/2016\/06\/MFWA-LOGO.png","contentUrl":"https:\/\/www.mfwa.org\/wp-content\/uploads\/2016\/06\/MFWA-LOGO.png","width":180,"height":180,"caption":"Media Foundation for West Africa"},"image":{"@id":"https:\/\/mfwa.org\/#\/schema\/logo\/image\/"},"sameAs":["https:\/\/www.facebook.com\/themfwa","https:\/\/x.com\/TheMFWA","https:\/\/www.youtube.com\/channel\/UCF6HrPuXcV1K1Ed8AAq4Rdw"]},{"@type":"Person","@id":"https:\/\/mfwa.org\/#\/schema\/person\/6a1a8151b41fab6317c9544da609a96b","name":"Vivian Affoah","image":{"@type":"ImageObject","inLanguage":"fr-FR","@id":"https:\/\/secure.gravatar.com\/avatar\/ddf6c5c2ef2f35c978196ce314f9b81dba2ec548b12806a3acbe02e2360d7e63?s=96&d=mm&r=g719420b9d28a4a0781c1038ec6921926","url":"https:\/\/secure.gravatar.com\/avatar\/ddf6c5c2ef2f35c978196ce314f9b81dba2ec548b12806a3acbe02e2360d7e63?s=96&d=mm&r=g","contentUrl":"https:\/\/secure.gravatar.com\/avatar\/ddf6c5c2ef2f35c978196ce314f9b81dba2ec548b12806a3acbe02e2360d7e63?s=96&d=mm&r=g","caption":"Vivian Affoah"},"sameAs":["http:\/\/www.mfwa.org"],"url":"https:\/\/mfwa.org\/fr\/author\/vivian\/"}]}},"authors":[{"term_id":513,"user_id":2,"is_guest":0,"slug":"vivian","display_name":"Vivian Affoah","avatar_url":"https:\/\/secure.gravatar.com\/avatar\/ddf6c5c2ef2f35c978196ce314f9b81dba2ec548b12806a3acbe02e2360d7e63?s=96&d=mm&r=g","0":null,"1":"","2":"","3":"","4":"","5":"","6":"","7":"","8":""}],"_links":{"self":[{"href":"https:\/\/mfwa.org\/fr\/wp-json\/wp\/v2\/posts\/13240","targetHints":{"allow":["GET"]}}],"collection":[{"href":"https:\/\/mfwa.org\/fr\/wp-json\/wp\/v2\/posts"}],"about":[{"href":"https:\/\/mfwa.org\/fr\/wp-json\/wp\/v2\/types\/post"}],"author":[{"embeddable":true,"href":"https:\/\/mfwa.org\/fr\/wp-json\/wp\/v2\/users\/2"}],"replies":[{"embeddable":true,"href":"https:\/\/mfwa.org\/fr\/wp-json\/wp\/v2\/comments?post=13240"}],"version-history":[{"count":0,"href":"https:\/\/mfwa.org\/fr\/wp-json\/wp\/v2\/posts\/13240\/revisions"}],"wp:featuredmedia":[{"embeddable":true,"href":"https:\/\/mfwa.org\/fr\/wp-json\/wp\/v2\/media\/13191"}],"wp:attachment":[{"href":"https:\/\/mfwa.org\/fr\/wp-json\/wp\/v2\/media?parent=13240"}],"wp:term":[{"taxonomy":"category","embeddable":true,"href":"https:\/\/mfwa.org\/fr\/wp-json\/wp\/v2\/categories?post=13240"},{"taxonomy":"post_tag","embeddable":true,"href":"https:\/\/mfwa.org\/fr\/wp-json\/wp\/v2\/tags?post=13240"},{"taxonomy":"country","embeddable":true,"href":"https:\/\/mfwa.org\/fr\/wp-json\/wp\/v2\/country?post=13240"},{"taxonomy":"staff-position","embeddable":true,"href":"https:\/\/mfwa.org\/fr\/wp-json\/wp\/v2\/staff-position?post=13240"},{"taxonomy":"opportunity-category","embeddable":true,"href":"https:\/\/mfwa.org\/fr\/wp-json\/wp\/v2\/opportunity-category?post=13240"},{"taxonomy":"author","embeddable":true,"href":"https:\/\/mfwa.org\/fr\/wp-json\/wp\/v2\/ppma_author?post=13240"}],"curies":[{"name":"wp","href":"https:\/\/api.w.org\/{rel}","templated":true}]}}