{"id":13158,"date":"2018-07-10T09:09:37","date_gmt":"2018-07-10T09:09:37","guid":{"rendered":"http:\/\/www.mfwa.org\/?p=13158"},"modified":"2018-07-14T09:16:15","modified_gmt":"2018-07-14T09:16:15","slug":"journaliste-libere-sous-des-conditions-repressives-passeport-confisque","status":"publish","type":"post","link":"https:\/\/mfwa.org\/fr\/journaliste-libere-sous-des-conditions-repressives-passeport-confisque\/","title":{"rendered":"Journaliste Lib\u00e9r\u00e9 sous des Conditions R\u00e9pressives, Passeport Confisqu\u00e9"},"content":{"rendered":"<p style=\"text-align: justify;\">Mamadou Saliou Diallo, le journaliste qui avait \u00e9t\u00e9 <a href=\"http:\/\/www.mfwa.org\/country-highlights\/minister-of-justice-orders-detention-of-journalist\/\">arr\u00eat\u00e9<\/a> sous les ordres du Ministre de la Justice, a \u00e9t\u00e9 lib\u00e9r\u00e9 apr\u00e8s avoir \u00e9t\u00e9 d\u00e9tenu arbitrairement pendant plus de deux semaines.<\/p>\n<p style=\"text-align: justify;\">La lib\u00e9ration de Diallo, r\u00e9dacteur en chef de nouvellesguinee.com, le 5 Juillet 2018 est cependant assujettie \u00e0 des restrictions s\u00e9v\u00e8res, y compris la confiscation de ses documents de voyage par le tribunal.<\/p>\n<p style=\"text-align: justify;\">\u2033Il est soumis au contr\u00f4le judiciaire strict avec l\u2019obligation de se pr\u00e9senter au greffe de notre cabinet tous les Lundi, Mercredi et Vendredi, jusqu\u2019\u00e0 ce qu\u2019il en soit autrement ordonn\u00e9\u2033, peut-on lire dans l\u2019ordonnance de sa remise en libert\u00e9 publi\u00e9e par guineenews.org.<\/p>\n<p style=\"text-align: justify;\">Le journaliste avait \u00e9t\u00e9 arr\u00eat\u00e9 et d\u00e9tenu le 20 Juin suite \u00e0 une plainte en diffamation de Cheick Sako, Ministre Guin\u00e9en de la Justice.<\/p>\n<p style=\"text-align: justify;\">La d\u00e9tention de Diallo viole la Loi de Presse de 2010 de la Guin\u00e9e qui d\u00e9p\u00e9nalise les d\u00e9lits de presse. Sa d\u00e9tention a \u00e9t\u00e9 donc condamn\u00e9 par les m\u00e9dias et les organisations des droits de l\u2019homme de la Guin\u00e9e et d\u2019autres pays, y compris la MFWA.<\/p>\n<p style=\"text-align: justify;\">En d\u00e9pit du fait que la MFWA salue la lib\u00e9ration de Diallo, nous trouvons que les conditions de sa lib\u00e9ration sont draconiennes et repr\u00e9sente de plus une violation de ses droits. Par cons\u00e9quent, nous estimons cela comme une tentative de mus\u00e8lement et d\u2019intimidation des autres journalistes \u00e0 l\u2019autocensure.<\/p>\n<p style=\"text-align: justify;\">Nous appelons donc \u00e0 l\u2019abandon de toutes les charges criminelles contre le journaliste et la restitution de ses documents de voyage.<\/p>\n","protected":false},"excerpt":{"rendered":"<p>Mamadou Saliou Diallo, le journaliste qui avait \u00e9t\u00e9 arr\u00eat\u00e9 sous les ordres du Ministre de la Justice, a<\/p>\n","protected":false},"author":6,"featured_media":13073,"comment_status":"closed","ping_status":"closed","sticky":false,"template":"","format":"standard","meta":{"footnotes":""},"categories":[254],"tags":[],"country":[244],"staff-position":[],"opportunity-category":[],"class_list":["post-13158","post","type-post","status-publish","format-standard","has-post-thumbnail","hentry","category-free-expression-violations-fr","country-guinee"],"yoast_head":"<!-- This site is optimized with the Yoast SEO plugin v27.5 - https:\/\/yoast.com\/product\/yoast-seo-wordpress\/ -->\n<title>Journaliste Lib\u00e9r\u00e9 sous des Conditions R\u00e9pressives, Passeport Confisqu\u00e9 - Media Foundation For West Africa<\/title>\n<meta name=\"robots\" content=\"index, follow, max-snippet:-1, max-image-preview:large, max-video-preview:-1\" \/>\n<link rel=\"canonical\" href=\"https:\/\/mfwa.org\/fr\/journaliste-libere-sous-des-conditions-repressives-passeport-confisque\/\" \/>\n<meta property=\"og:locale\" content=\"fr_FR\" \/>\n<meta property=\"og:type\" content=\"article\" \/>\n<meta property=\"og:title\" content=\"Journaliste Lib\u00e9r\u00e9 sous des Conditions R\u00e9pressives, Passeport Confisqu\u00e9 - Media Foundation For West Africa\" \/>\n<meta property=\"og:description\" content=\"Mamadou Saliou Diallo, le journaliste qui avait \u00e9t\u00e9 arr\u00eat\u00e9 sous les ordres du Ministre de la Justice, a\" \/>\n<meta property=\"og:url\" content=\"https:\/\/mfwa.org\/fr\/journaliste-libere-sous-des-conditions-repressives-passeport-confisque\/\" \/>\n<meta property=\"og:site_name\" content=\"Media Foundation For West Africa\" \/>\n<meta property=\"article:publisher\" content=\"https:\/\/www.facebook.com\/themfwa\" \/>\n<meta property=\"article:published_time\" content=\"2018-07-10T09:09:37+00:00\" \/>\n<meta property=\"article:modified_time\" content=\"2018-07-14T09:16:15+00:00\" \/>\n<meta property=\"og:image\" content=\"https:\/\/mfwa.org\/wp-content\/uploads\/2018\/07\/IMG_20180710_173933_041.jpg\" \/>\n\t<meta property=\"og:image:width\" content=\"558\" \/>\n\t<meta property=\"og:image:height\" content=\"470\" \/>\n\t<meta property=\"og:image:type\" content=\"image\/jpeg\" \/>\n<meta name=\"author\" content=\"Kwaku Asante\" \/>\n<meta name=\"twitter:card\" content=\"summary_large_image\" \/>\n<meta name=\"twitter:creator\" content=\"@TheMFWA\" \/>\n<meta name=\"twitter:site\" content=\"@TheMFWA\" \/>\n<meta name=\"twitter:label1\" content=\"Written by\" \/>\n\t<meta name=\"twitter:data1\" content=\"Kwaku Asante\" \/>\n\t<meta name=\"twitter:label2\" content=\"Est. reading time\" \/>\n\t<meta name=\"twitter:data2\" content=\"1 minute\" \/>\n<script type=\"application\/ld+json\" class=\"yoast-schema-graph\">{\"@context\":\"https:\\\/\\\/schema.org\",\"@graph\":[{\"@type\":\"Article\",\"@id\":\"https:\\\/\\\/mfwa.org\\\/fr\\\/journaliste-libere-sous-des-conditions-repressives-passeport-confisque\\\/#article\",\"isPartOf\":{\"@id\":\"https:\\\/\\\/mfwa.org\\\/fr\\\/journaliste-libere-sous-des-conditions-repressives-passeport-confisque\\\/\"},\"author\":{\"name\":\"Kwaku Asante\",\"@id\":\"https:\\\/\\\/mfwa.org\\\/#\\\/schema\\\/person\\\/8e2c73d54ab8d90699e634b53256680f\"},\"headline\":\"Journaliste Lib\u00e9r\u00e9 sous des Conditions R\u00e9pressives, Passeport Confisqu\u00e9\",\"datePublished\":\"2018-07-10T09:09:37+00:00\",\"dateModified\":\"2018-07-14T09:16:15+00:00\",\"mainEntityOfPage\":{\"@id\":\"https:\\\/\\\/mfwa.org\\\/fr\\\/journaliste-libere-sous-des-conditions-repressives-passeport-confisque\\\/\"},\"wordCount\":283,\"publisher\":{\"@id\":\"https:\\\/\\\/mfwa.org\\\/#organization\"},\"image\":{\"@id\":\"https:\\\/\\\/mfwa.org\\\/fr\\\/journaliste-libere-sous-des-conditions-repressives-passeport-confisque\\\/#primaryimage\"},\"thumbnailUrl\":\"https:\\\/\\\/mfwa.org\\\/wp-content\\\/uploads\\\/2018\\\/07\\\/IMG_20180710_173933_041.jpg\",\"articleSection\":[\"Les violations de la libre expression\"],\"inLanguage\":\"fr-FR\"},{\"@type\":\"WebPage\",\"@id\":\"https:\\\/\\\/mfwa.org\\\/fr\\\/journaliste-libere-sous-des-conditions-repressives-passeport-confisque\\\/\",\"url\":\"https:\\\/\\\/mfwa.org\\\/fr\\\/journaliste-libere-sous-des-conditions-repressives-passeport-confisque\\\/\",\"name\":\"Journaliste Lib\u00e9r\u00e9 sous des Conditions R\u00e9pressives, Passeport Confisqu\u00e9 - Media Foundation For West Africa\",\"isPartOf\":{\"@id\":\"https:\\\/\\\/mfwa.org\\\/#website\"},\"primaryImageOfPage\":{\"@id\":\"https:\\\/\\\/mfwa.org\\\/fr\\\/journaliste-libere-sous-des-conditions-repressives-passeport-confisque\\\/#primaryimage\"},\"image\":{\"@id\":\"https:\\\/\\\/mfwa.org\\\/fr\\\/journaliste-libere-sous-des-conditions-repressives-passeport-confisque\\\/#primaryimage\"},\"thumbnailUrl\":\"https:\\\/\\\/mfwa.org\\\/wp-content\\\/uploads\\\/2018\\\/07\\\/IMG_20180710_173933_041.jpg\",\"datePublished\":\"2018-07-10T09:09:37+00:00\",\"dateModified\":\"2018-07-14T09:16:15+00:00\",\"breadcrumb\":{\"@id\":\"https:\\\/\\\/mfwa.org\\\/fr\\\/journaliste-libere-sous-des-conditions-repressives-passeport-confisque\\\/#breadcrumb\"},\"inLanguage\":\"fr-FR\",\"potentialAction\":[{\"@type\":\"ReadAction\",\"target\":[\"https:\\\/\\\/mfwa.org\\\/fr\\\/journaliste-libere-sous-des-conditions-repressives-passeport-confisque\\\/\"]}]},{\"@type\":\"ImageObject\",\"inLanguage\":\"fr-FR\",\"@id\":\"https:\\\/\\\/mfwa.org\\\/fr\\\/journaliste-libere-sous-des-conditions-repressives-passeport-confisque\\\/#primaryimage\",\"url\":\"https:\\\/\\\/mfwa.org\\\/wp-content\\\/uploads\\\/2018\\\/07\\\/IMG_20180710_173933_041.jpg\",\"contentUrl\":\"https:\\\/\\\/mfwa.org\\\/wp-content\\\/uploads\\\/2018\\\/07\\\/IMG_20180710_173933_041.jpg\",\"width\":558,\"height\":470},{\"@type\":\"BreadcrumbList\",\"@id\":\"https:\\\/\\\/mfwa.org\\\/fr\\\/journaliste-libere-sous-des-conditions-repressives-passeport-confisque\\\/#breadcrumb\",\"itemListElement\":[{\"@type\":\"ListItem\",\"position\":1,\"name\":\"Home\",\"item\":\"https:\\\/\\\/mfwa.org\\\/fr\\\/\"},{\"@type\":\"ListItem\",\"position\":2,\"name\":\"Journaliste Lib\u00e9r\u00e9 sous des Conditions R\u00e9pressives, Passeport Confisqu\u00e9\"}]},{\"@type\":\"WebSite\",\"@id\":\"https:\\\/\\\/mfwa.org\\\/#website\",\"url\":\"https:\\\/\\\/mfwa.org\\\/\",\"name\":\"Media Foundation For West Africa\",\"description\":\"Promoting Freedom of Expression and Democracy in West Africa\",\"publisher\":{\"@id\":\"https:\\\/\\\/mfwa.org\\\/#organization\"},\"potentialAction\":[{\"@type\":\"SearchAction\",\"target\":{\"@type\":\"EntryPoint\",\"urlTemplate\":\"https:\\\/\\\/mfwa.org\\\/?s={search_term_string}\"},\"query-input\":{\"@type\":\"PropertyValueSpecification\",\"valueRequired\":true,\"valueName\":\"search_term_string\"}}],\"inLanguage\":\"fr-FR\"},{\"@type\":\"Organization\",\"@id\":\"https:\\\/\\\/mfwa.org\\\/#organization\",\"name\":\"Media Foundation for West Africa\",\"url\":\"https:\\\/\\\/mfwa.org\\\/\",\"logo\":{\"@type\":\"ImageObject\",\"inLanguage\":\"fr-FR\",\"@id\":\"https:\\\/\\\/mfwa.org\\\/#\\\/schema\\\/logo\\\/image\\\/\",\"url\":\"https:\\\/\\\/www.mfwa.org\\\/wp-content\\\/uploads\\\/2016\\\/06\\\/MFWA-LOGO.png\",\"contentUrl\":\"https:\\\/\\\/www.mfwa.org\\\/wp-content\\\/uploads\\\/2016\\\/06\\\/MFWA-LOGO.png\",\"width\":180,\"height\":180,\"caption\":\"Media Foundation for West Africa\"},\"image\":{\"@id\":\"https:\\\/\\\/mfwa.org\\\/#\\\/schema\\\/logo\\\/image\\\/\"},\"sameAs\":[\"https:\\\/\\\/www.facebook.com\\\/themfwa\",\"https:\\\/\\\/x.com\\\/TheMFWA\",\"https:\\\/\\\/www.youtube.com\\\/channel\\\/UCF6HrPuXcV1K1Ed8AAq4Rdw\"]},{\"@type\":\"Person\",\"@id\":\"https:\\\/\\\/mfwa.org\\\/#\\\/schema\\\/person\\\/8e2c73d54ab8d90699e634b53256680f\",\"name\":\"Kwaku Asante\",\"image\":{\"@type\":\"ImageObject\",\"inLanguage\":\"fr-FR\",\"@id\":\"https:\\\/\\\/secure.gravatar.com\\\/avatar\\\/f4b2f4008b9a29d4584bcac804b285ce2bebcee8b616a60be83b4a9ded8963b7?s=96&d=mm&r=g\",\"url\":\"https:\\\/\\\/secure.gravatar.com\\\/avatar\\\/f4b2f4008b9a29d4584bcac804b285ce2bebcee8b616a60be83b4a9ded8963b7?s=96&d=mm&r=g\",\"contentUrl\":\"https:\\\/\\\/secure.gravatar.com\\\/avatar\\\/f4b2f4008b9a29d4584bcac804b285ce2bebcee8b616a60be83b4a9ded8963b7?s=96&d=mm&r=g\",\"caption\":\"Kwaku Asante\"},\"url\":\"https:\\\/\\\/mfwa.org\\\/fr\\\/author\\\/kwaku\\\/\"}]}<\/script>\n<!-- \/ Yoast SEO plugin. -->","yoast_head_json":{"title":"Journaliste Lib\u00e9r\u00e9 sous des Conditions R\u00e9pressives, Passeport Confisqu\u00e9 - Media Foundation For West Africa","robots":{"index":"index","follow":"follow","max-snippet":"max-snippet:-1","max-image-preview":"max-image-preview:large","max-video-preview":"max-video-preview:-1"},"canonical":"https:\/\/mfwa.org\/fr\/journaliste-libere-sous-des-conditions-repressives-passeport-confisque\/","og_locale":"fr_FR","og_type":"article","og_title":"Journaliste Lib\u00e9r\u00e9 sous des Conditions R\u00e9pressives, Passeport Confisqu\u00e9 - Media Foundation For West Africa","og_description":"Mamadou Saliou Diallo, le journaliste qui avait \u00e9t\u00e9 arr\u00eat\u00e9 sous les ordres du Ministre de la Justice, a","og_url":"https:\/\/mfwa.org\/fr\/journaliste-libere-sous-des-conditions-repressives-passeport-confisque\/","og_site_name":"Media Foundation For West Africa","article_publisher":"https:\/\/www.facebook.com\/themfwa","article_published_time":"2018-07-10T09:09:37+00:00","article_modified_time":"2018-07-14T09:16:15+00:00","og_image":[{"width":558,"height":470,"url":"https:\/\/mfwa.org\/wp-content\/uploads\/2018\/07\/IMG_20180710_173933_041.jpg","type":"image\/jpeg"}],"author":"Kwaku Asante","twitter_card":"summary_large_image","twitter_creator":"@TheMFWA","twitter_site":"@TheMFWA","twitter_misc":{"Written by":"Kwaku Asante","Est. reading time":"1 minute"},"schema":{"@context":"https:\/\/schema.org","@graph":[{"@type":"Article","@id":"https:\/\/mfwa.org\/fr\/journaliste-libere-sous-des-conditions-repressives-passeport-confisque\/#article","isPartOf":{"@id":"https:\/\/mfwa.org\/fr\/journaliste-libere-sous-des-conditions-repressives-passeport-confisque\/"},"author":{"name":"Kwaku Asante","@id":"https:\/\/mfwa.org\/#\/schema\/person\/8e2c73d54ab8d90699e634b53256680f"},"headline":"Journaliste Lib\u00e9r\u00e9 sous des Conditions R\u00e9pressives, Passeport Confisqu\u00e9","datePublished":"2018-07-10T09:09:37+00:00","dateModified":"2018-07-14T09:16:15+00:00","mainEntityOfPage":{"@id":"https:\/\/mfwa.org\/fr\/journaliste-libere-sous-des-conditions-repressives-passeport-confisque\/"},"wordCount":283,"publisher":{"@id":"https:\/\/mfwa.org\/#organization"},"image":{"@id":"https:\/\/mfwa.org\/fr\/journaliste-libere-sous-des-conditions-repressives-passeport-confisque\/#primaryimage"},"thumbnailUrl":"https:\/\/mfwa.org\/wp-content\/uploads\/2018\/07\/IMG_20180710_173933_041.jpg","articleSection":["Les violations de la libre expression"],"inLanguage":"fr-FR"},{"@type":"WebPage","@id":"https:\/\/mfwa.org\/fr\/journaliste-libere-sous-des-conditions-repressives-passeport-confisque\/","url":"https:\/\/mfwa.org\/fr\/journaliste-libere-sous-des-conditions-repressives-passeport-confisque\/","name":"Journaliste Lib\u00e9r\u00e9 sous des Conditions R\u00e9pressives, Passeport Confisqu\u00e9 - Media Foundation For West Africa","isPartOf":{"@id":"https:\/\/mfwa.org\/#website"},"primaryImageOfPage":{"@id":"https:\/\/mfwa.org\/fr\/journaliste-libere-sous-des-conditions-repressives-passeport-confisque\/#primaryimage"},"image":{"@id":"https:\/\/mfwa.org\/fr\/journaliste-libere-sous-des-conditions-repressives-passeport-confisque\/#primaryimage"},"thumbnailUrl":"https:\/\/mfwa.org\/wp-content\/uploads\/2018\/07\/IMG_20180710_173933_041.jpg","datePublished":"2018-07-10T09:09:37+00:00","dateModified":"2018-07-14T09:16:15+00:00","breadcrumb":{"@id":"https:\/\/mfwa.org\/fr\/journaliste-libere-sous-des-conditions-repressives-passeport-confisque\/#breadcrumb"},"inLanguage":"fr-FR","potentialAction":[{"@type":"ReadAction","target":["https:\/\/mfwa.org\/fr\/journaliste-libere-sous-des-conditions-repressives-passeport-confisque\/"]}]},{"@type":"ImageObject","inLanguage":"fr-FR","@id":"https:\/\/mfwa.org\/fr\/journaliste-libere-sous-des-conditions-repressives-passeport-confisque\/#primaryimage","url":"https:\/\/mfwa.org\/wp-content\/uploads\/2018\/07\/IMG_20180710_173933_041.jpg","contentUrl":"https:\/\/mfwa.org\/wp-content\/uploads\/2018\/07\/IMG_20180710_173933_041.jpg","width":558,"height":470},{"@type":"BreadcrumbList","@id":"https:\/\/mfwa.org\/fr\/journaliste-libere-sous-des-conditions-repressives-passeport-confisque\/#breadcrumb","itemListElement":[{"@type":"ListItem","position":1,"name":"Home","item":"https:\/\/mfwa.org\/fr\/"},{"@type":"ListItem","position":2,"name":"Journaliste Lib\u00e9r\u00e9 sous des Conditions R\u00e9pressives, Passeport Confisqu\u00e9"}]},{"@type":"WebSite","@id":"https:\/\/mfwa.org\/#website","url":"https:\/\/mfwa.org\/","name":"Media Foundation For West Africa","description":"Promoting Freedom of Expression and Democracy in West Africa","publisher":{"@id":"https:\/\/mfwa.org\/#organization"},"potentialAction":[{"@type":"SearchAction","target":{"@type":"EntryPoint","urlTemplate":"https:\/\/mfwa.org\/?s={search_term_string}"},"query-input":{"@type":"PropertyValueSpecification","valueRequired":true,"valueName":"search_term_string"}}],"inLanguage":"fr-FR"},{"@type":"Organization","@id":"https:\/\/mfwa.org\/#organization","name":"Media Foundation for West Africa","url":"https:\/\/mfwa.org\/","logo":{"@type":"ImageObject","inLanguage":"fr-FR","@id":"https:\/\/mfwa.org\/#\/schema\/logo\/image\/","url":"https:\/\/www.mfwa.org\/wp-content\/uploads\/2016\/06\/MFWA-LOGO.png","contentUrl":"https:\/\/www.mfwa.org\/wp-content\/uploads\/2016\/06\/MFWA-LOGO.png","width":180,"height":180,"caption":"Media Foundation for West Africa"},"image":{"@id":"https:\/\/mfwa.org\/#\/schema\/logo\/image\/"},"sameAs":["https:\/\/www.facebook.com\/themfwa","https:\/\/x.com\/TheMFWA","https:\/\/www.youtube.com\/channel\/UCF6HrPuXcV1K1Ed8AAq4Rdw"]},{"@type":"Person","@id":"https:\/\/mfwa.org\/#\/schema\/person\/8e2c73d54ab8d90699e634b53256680f","name":"Kwaku Asante","image":{"@type":"ImageObject","inLanguage":"fr-FR","@id":"https:\/\/secure.gravatar.com\/avatar\/f4b2f4008b9a29d4584bcac804b285ce2bebcee8b616a60be83b4a9ded8963b7?s=96&d=mm&r=g","url":"https:\/\/secure.gravatar.com\/avatar\/f4b2f4008b9a29d4584bcac804b285ce2bebcee8b616a60be83b4a9ded8963b7?s=96&d=mm&r=g","contentUrl":"https:\/\/secure.gravatar.com\/avatar\/f4b2f4008b9a29d4584bcac804b285ce2bebcee8b616a60be83b4a9ded8963b7?s=96&d=mm&r=g","caption":"Kwaku Asante"},"url":"https:\/\/mfwa.org\/fr\/author\/kwaku\/"}]}},"_links":{"self":[{"href":"https:\/\/mfwa.org\/fr\/wp-json\/wp\/v2\/posts\/13158","targetHints":{"allow":["GET"]}}],"collection":[{"href":"https:\/\/mfwa.org\/fr\/wp-json\/wp\/v2\/posts"}],"about":[{"href":"https:\/\/mfwa.org\/fr\/wp-json\/wp\/v2\/types\/post"}],"author":[{"embeddable":true,"href":"https:\/\/mfwa.org\/fr\/wp-json\/wp\/v2\/users\/6"}],"replies":[{"embeddable":true,"href":"https:\/\/mfwa.org\/fr\/wp-json\/wp\/v2\/comments?post=13158"}],"version-history":[{"count":0,"href":"https:\/\/mfwa.org\/fr\/wp-json\/wp\/v2\/posts\/13158\/revisions"}],"wp:featuredmedia":[{"embeddable":true,"href":"https:\/\/mfwa.org\/fr\/wp-json\/wp\/v2\/media\/13073"}],"wp:attachment":[{"href":"https:\/\/mfwa.org\/fr\/wp-json\/wp\/v2\/media?parent=13158"}],"wp:term":[{"taxonomy":"category","embeddable":true,"href":"https:\/\/mfwa.org\/fr\/wp-json\/wp\/v2\/categories?post=13158"},{"taxonomy":"post_tag","embeddable":true,"href":"https:\/\/mfwa.org\/fr\/wp-json\/wp\/v2\/tags?post=13158"},{"taxonomy":"country","embeddable":true,"href":"https:\/\/mfwa.org\/fr\/wp-json\/wp\/v2\/country?post=13158"},{"taxonomy":"staff-position","embeddable":true,"href":"https:\/\/mfwa.org\/fr\/wp-json\/wp\/v2\/staff-position?post=13158"},{"taxonomy":"opportunity-category","embeddable":true,"href":"https:\/\/mfwa.org\/fr\/wp-json\/wp\/v2\/opportunity-category?post=13158"}],"curies":[{"name":"wp","href":"https:\/\/api.w.org\/{rel}","templated":true}]}}