{"id":13029,"date":"2018-07-04T12:51:17","date_gmt":"2018-07-04T12:51:17","guid":{"rendered":"http:\/\/www.mfwa.org\/?p=13029"},"modified":"2018-07-07T17:59:39","modified_gmt":"2018-07-07T17:59:39","slug":"cyber-activiste-condamne-jete-en-prison-pour-une-publication-sur-facebook","status":"publish","type":"post","link":"https:\/\/mfwa.org\/fr\/cyber-activiste-condamne-jete-en-prison-pour-une-publication-sur-facebook\/","title":{"rendered":"Cyber-activiste Condamn\u00e9, Jet\u00e9 en Prison Pour une Publication sur Facebook"},"content":{"rendered":"<p style=\"text-align: justify;\">Un tribunal d\u2019Ouagadougou a condamn\u00e9 un cyber-activiste \u00e0 deux mois de prison ferme pour avoir critiqu\u00e9 la gendarmerie nationale.<\/p>\n<p style=\"text-align: justify;\">Le jugement prononc\u00e9 par le tribunal le mercredi 3 juillet, 2018 fait suite \u00e0 <a href=\"http:\/\/www.mfwa.org\/fr\/activiste-arrete-pour-sa-publication-facebook\/\">l\u2019arrestation<\/a> de Toure le 14 Juin 2018 et sa d\u00e9tention pendant deux semaines en lien avec son commentaire sur Facebook dans lequel il d\u00e9non\u00e7ait le commandement paramilitaire du Burkina Faso d\u2019avoir n\u00e9glig\u00e9 un gendarme qui a \u00e9t\u00e9 bless\u00e9 en service.<\/p>\n<p style=\"text-align: justify;\">Dans ladite publication, Toure d\u00e9non\u00e7ait la hi\u00e9rarchie militaire pour sa pr\u00e9tendue n\u00e9gligence \u00e0 l\u2019\u00e9gard d\u2019un gendarme \u00ab\u00a0qui a risqu\u00e9 sa vie pour la s\u00e9curit\u00e9 nationale\u00a0\u00bb<\/p>\n<p style=\"text-align: justify;\">Le correspondent de la MFWA a dit que Toure a \u00e9t\u00e9 condamn\u00e9 pour \u2033atteinte \u00e0 l\u2019ordre public\u2033 tandis que deux autres chefs d\u2019inculpation \u2033 participation \u00e0 la d\u00e9moralisation des Forces de D\u00e9fense et de S\u00e9curit\u00e9 (FDS) et \u2033incitation des FDS a conspirer contre la s\u00e9curit\u00e9 de l\u2019Etat\u2033 ont \u00e9t\u00e9 abandonn\u00e9. Le procureur avait requis un an d\u2019emprisonnement.<\/p>\n<p style=\"text-align: justify;\">Les avocats de Tour\u00e9 ont rejet\u00e9 la d\u00e9cision et ont indiqu\u00e9 qu\u2019ils interjetteront un appel.<\/p>\n<p style=\"text-align: justify;\">\u2033Il n\u2019y a pas eu d\u2019offense. Ceci n\u2019est pas une tr\u00e8s bonne mesure pour la libert\u00e9. M\u00eame au temps de (Blaise) Compaor\u00e9, il y avait une certaine libert\u00e9\u2033, a dit Prosper Farama, l\u2019avocat principal de la d\u00e9fense.<\/p>\n<p style=\"text-align: justify;\">L\u2019arrestation et la d\u00e9tention de Tour\u00e9 pendant deux semaines sur les charges d\u2019incitation des forces arm\u00e9es \u00e0 la r\u00e9volte sont assez fallacieuses. Et sa condamnation est pr\u00e9judiciable aux conditions de la libert\u00e9 d\u2019expression au Burkina Faso qui a cependant fait des progr\u00e8s significatifs au cours des ann\u00e9es r\u00e9centes en ce qui concerne le respect de la libert\u00e9 de la presse, la libert\u00e9 d\u2019expression et l\u2019acc\u00e8s \u00e0 l\u2019information.<\/p>\n<p style=\"text-align: justify;\">MFWA d\u00e9nonce alors\u00a0 la condamnation de Naim Toure et appelle aux autorit\u00e9s burkinab\u00e9s de revenir sur la d\u00e9cision controvers\u00e9e.<\/p>\n","protected":false},"excerpt":{"rendered":"<p>Un tribunal d\u2019Ouagadougou a condamn\u00e9 un cyber-activiste \u00e0 deux mois de prison ferme pour avoir critiqu\u00e9 la gendarmerie<\/p>\n","protected":false},"author":6,"featured_media":12987,"comment_status":"closed","ping_status":"closed","sticky":false,"template":"","format":"standard","meta":{"footnotes":""},"categories":[231],"tags":[],"country":[239],"staff-position":[],"opportunity-category":[],"ppma_author":[515],"class_list":["post-13029","post","type-post","status-publish","format-standard","has-post-thumbnail","hentry","category-digital-rights-fr","country-burkina-faso-fr"],"yoast_head":"<!-- This site is optimized with the Yoast SEO plugin v27.4 - https:\/\/yoast.com\/product\/yoast-seo-wordpress\/ -->\n<title>Cyber-activiste Condamn\u00e9, Jet\u00e9 en Prison Pour une Publication sur Facebook - Media Foundation For West Africa<\/title>\n<meta name=\"robots\" content=\"index, follow, max-snippet:-1, max-image-preview:large, max-video-preview:-1\" \/>\n<link rel=\"canonical\" href=\"https:\/\/mfwa.org\/fr\/cyber-activiste-condamne-jete-en-prison-pour-une-publication-sur-facebook\/\" \/>\n<meta property=\"og:locale\" content=\"fr_FR\" \/>\n<meta property=\"og:type\" content=\"article\" \/>\n<meta property=\"og:title\" content=\"Cyber-activiste Condamn\u00e9, Jet\u00e9 en Prison Pour une Publication sur Facebook - Media Foundation For West Africa\" \/>\n<meta property=\"og:description\" content=\"Un tribunal d\u2019Ouagadougou a condamn\u00e9 un cyber-activiste \u00e0 deux mois de prison ferme pour avoir critiqu\u00e9 la gendarmerie\" \/>\n<meta property=\"og:url\" content=\"https:\/\/mfwa.org\/fr\/cyber-activiste-condamne-jete-en-prison-pour-une-publication-sur-facebook\/\" \/>\n<meta property=\"og:site_name\" content=\"Media Foundation For West Africa\" \/>\n<meta property=\"article:publisher\" content=\"https:\/\/www.facebook.com\/themfwa\" \/>\n<meta property=\"article:published_time\" content=\"2018-07-04T12:51:17+00:00\" \/>\n<meta property=\"article:modified_time\" content=\"2018-07-07T17:59:39+00:00\" \/>\n<meta property=\"og:image\" content=\"https:\/\/mfwa.org\/wp-content\/uploads\/2018\/07\/Screen-Shot-2018-07-04-at-14.00.10.png\" \/>\n\t<meta property=\"og:image:width\" content=\"1472\" \/>\n\t<meta property=\"og:image:height\" content=\"1188\" \/>\n\t<meta property=\"og:image:type\" content=\"image\/png\" \/>\n<meta name=\"author\" content=\"Kwaku Asante\" \/>\n<meta name=\"twitter:card\" content=\"summary_large_image\" \/>\n<meta name=\"twitter:creator\" content=\"@TheMFWA\" \/>\n<meta name=\"twitter:site\" content=\"@TheMFWA\" \/>\n<meta name=\"twitter:label1\" content=\"Written by\" \/>\n\t<meta name=\"twitter:data1\" content=\"Kwaku Asante\" \/>\n\t<meta name=\"twitter:label2\" content=\"Est. reading time\" \/>\n\t<meta name=\"twitter:data2\" content=\"2 minutes\" \/>\n<script type=\"application\/ld+json\" class=\"yoast-schema-graph\">{\"@context\":\"https:\\\/\\\/schema.org\",\"@graph\":[{\"@type\":\"Article\",\"@id\":\"https:\\\/\\\/mfwa.org\\\/fr\\\/cyber-activiste-condamne-jete-en-prison-pour-une-publication-sur-facebook\\\/#article\",\"isPartOf\":{\"@id\":\"https:\\\/\\\/mfwa.org\\\/fr\\\/cyber-activiste-condamne-jete-en-prison-pour-une-publication-sur-facebook\\\/\"},\"author\":{\"name\":\"Kwaku Asante\",\"@id\":\"https:\\\/\\\/mfwa.org\\\/#\\\/schema\\\/person\\\/8e2c73d54ab8d90699e634b53256680f\"},\"headline\":\"Cyber-activiste Condamn\u00e9, Jet\u00e9 en Prison Pour une Publication sur Facebook\",\"datePublished\":\"2018-07-04T12:51:17+00:00\",\"dateModified\":\"2018-07-07T17:59:39+00:00\",\"mainEntityOfPage\":{\"@id\":\"https:\\\/\\\/mfwa.org\\\/fr\\\/cyber-activiste-condamne-jete-en-prison-pour-une-publication-sur-facebook\\\/\"},\"wordCount\":342,\"publisher\":{\"@id\":\"https:\\\/\\\/mfwa.org\\\/#organization\"},\"image\":{\"@id\":\"https:\\\/\\\/mfwa.org\\\/fr\\\/cyber-activiste-condamne-jete-en-prison-pour-une-publication-sur-facebook\\\/#primaryimage\"},\"thumbnailUrl\":\"https:\\\/\\\/mfwa.org\\\/wp-content\\\/uploads\\\/2018\\\/07\\\/Screen-Shot-2018-07-04-at-14.00.10.png\",\"articleSection\":[\"Droits num\u00e9riques\"],\"inLanguage\":\"fr-FR\"},{\"@type\":\"WebPage\",\"@id\":\"https:\\\/\\\/mfwa.org\\\/fr\\\/cyber-activiste-condamne-jete-en-prison-pour-une-publication-sur-facebook\\\/\",\"url\":\"https:\\\/\\\/mfwa.org\\\/fr\\\/cyber-activiste-condamne-jete-en-prison-pour-une-publication-sur-facebook\\\/\",\"name\":\"Cyber-activiste Condamn\u00e9, Jet\u00e9 en Prison Pour une Publication sur Facebook - Media Foundation For West Africa\",\"isPartOf\":{\"@id\":\"https:\\\/\\\/mfwa.org\\\/#website\"},\"primaryImageOfPage\":{\"@id\":\"https:\\\/\\\/mfwa.org\\\/fr\\\/cyber-activiste-condamne-jete-en-prison-pour-une-publication-sur-facebook\\\/#primaryimage\"},\"image\":{\"@id\":\"https:\\\/\\\/mfwa.org\\\/fr\\\/cyber-activiste-condamne-jete-en-prison-pour-une-publication-sur-facebook\\\/#primaryimage\"},\"thumbnailUrl\":\"https:\\\/\\\/mfwa.org\\\/wp-content\\\/uploads\\\/2018\\\/07\\\/Screen-Shot-2018-07-04-at-14.00.10.png\",\"datePublished\":\"2018-07-04T12:51:17+00:00\",\"dateModified\":\"2018-07-07T17:59:39+00:00\",\"breadcrumb\":{\"@id\":\"https:\\\/\\\/mfwa.org\\\/fr\\\/cyber-activiste-condamne-jete-en-prison-pour-une-publication-sur-facebook\\\/#breadcrumb\"},\"inLanguage\":\"fr-FR\",\"potentialAction\":[{\"@type\":\"ReadAction\",\"target\":[\"https:\\\/\\\/mfwa.org\\\/fr\\\/cyber-activiste-condamne-jete-en-prison-pour-une-publication-sur-facebook\\\/\"]}]},{\"@type\":\"ImageObject\",\"inLanguage\":\"fr-FR\",\"@id\":\"https:\\\/\\\/mfwa.org\\\/fr\\\/cyber-activiste-condamne-jete-en-prison-pour-une-publication-sur-facebook\\\/#primaryimage\",\"url\":\"https:\\\/\\\/mfwa.org\\\/wp-content\\\/uploads\\\/2018\\\/07\\\/Screen-Shot-2018-07-04-at-14.00.10.png\",\"contentUrl\":\"https:\\\/\\\/mfwa.org\\\/wp-content\\\/uploads\\\/2018\\\/07\\\/Screen-Shot-2018-07-04-at-14.00.10.png\",\"width\":1472,\"height\":1188},{\"@type\":\"BreadcrumbList\",\"@id\":\"https:\\\/\\\/mfwa.org\\\/fr\\\/cyber-activiste-condamne-jete-en-prison-pour-une-publication-sur-facebook\\\/#breadcrumb\",\"itemListElement\":[{\"@type\":\"ListItem\",\"position\":1,\"name\":\"Home\",\"item\":\"https:\\\/\\\/mfwa.org\\\/fr\\\/\"},{\"@type\":\"ListItem\",\"position\":2,\"name\":\"Cyber-activiste Condamn\u00e9, Jet\u00e9 en Prison Pour une Publication sur Facebook\"}]},{\"@type\":\"WebSite\",\"@id\":\"https:\\\/\\\/mfwa.org\\\/#website\",\"url\":\"https:\\\/\\\/mfwa.org\\\/\",\"name\":\"Media Foundation For West Africa\",\"description\":\"Promoting Freedom of Expression and Democracy in West Africa\",\"publisher\":{\"@id\":\"https:\\\/\\\/mfwa.org\\\/#organization\"},\"potentialAction\":[{\"@type\":\"SearchAction\",\"target\":{\"@type\":\"EntryPoint\",\"urlTemplate\":\"https:\\\/\\\/mfwa.org\\\/?s={search_term_string}\"},\"query-input\":{\"@type\":\"PropertyValueSpecification\",\"valueRequired\":true,\"valueName\":\"search_term_string\"}}],\"inLanguage\":\"fr-FR\"},{\"@type\":\"Organization\",\"@id\":\"https:\\\/\\\/mfwa.org\\\/#organization\",\"name\":\"Media Foundation for West Africa\",\"url\":\"https:\\\/\\\/mfwa.org\\\/\",\"logo\":{\"@type\":\"ImageObject\",\"inLanguage\":\"fr-FR\",\"@id\":\"https:\\\/\\\/mfwa.org\\\/#\\\/schema\\\/logo\\\/image\\\/\",\"url\":\"https:\\\/\\\/www.mfwa.org\\\/wp-content\\\/uploads\\\/2016\\\/06\\\/MFWA-LOGO.png\",\"contentUrl\":\"https:\\\/\\\/www.mfwa.org\\\/wp-content\\\/uploads\\\/2016\\\/06\\\/MFWA-LOGO.png\",\"width\":180,\"height\":180,\"caption\":\"Media Foundation for West Africa\"},\"image\":{\"@id\":\"https:\\\/\\\/mfwa.org\\\/#\\\/schema\\\/logo\\\/image\\\/\"},\"sameAs\":[\"https:\\\/\\\/www.facebook.com\\\/themfwa\",\"https:\\\/\\\/x.com\\\/TheMFWA\",\"https:\\\/\\\/www.youtube.com\\\/channel\\\/UCF6HrPuXcV1K1Ed8AAq4Rdw\"]},{\"@type\":\"Person\",\"@id\":\"https:\\\/\\\/mfwa.org\\\/#\\\/schema\\\/person\\\/8e2c73d54ab8d90699e634b53256680f\",\"name\":\"Kwaku Asante\",\"image\":{\"@type\":\"ImageObject\",\"inLanguage\":\"fr-FR\",\"@id\":\"https:\\\/\\\/secure.gravatar.com\\\/avatar\\\/f4b2f4008b9a29d4584bcac804b285ce2bebcee8b616a60be83b4a9ded8963b7?s=96&d=mm&r=g3fc24910de2fac178dc652a6771c3785\",\"url\":\"https:\\\/\\\/secure.gravatar.com\\\/avatar\\\/f4b2f4008b9a29d4584bcac804b285ce2bebcee8b616a60be83b4a9ded8963b7?s=96&d=mm&r=g\",\"contentUrl\":\"https:\\\/\\\/secure.gravatar.com\\\/avatar\\\/f4b2f4008b9a29d4584bcac804b285ce2bebcee8b616a60be83b4a9ded8963b7?s=96&d=mm&r=g\",\"caption\":\"Kwaku Asante\"},\"url\":\"https:\\\/\\\/mfwa.org\\\/fr\\\/author\\\/kwaku\\\/\"}]}<\/script>\n<!-- \/ Yoast SEO plugin. -->","yoast_head_json":{"title":"Cyber-activiste Condamn\u00e9, Jet\u00e9 en Prison Pour une Publication sur Facebook - Media Foundation For West Africa","robots":{"index":"index","follow":"follow","max-snippet":"max-snippet:-1","max-image-preview":"max-image-preview:large","max-video-preview":"max-video-preview:-1"},"canonical":"https:\/\/mfwa.org\/fr\/cyber-activiste-condamne-jete-en-prison-pour-une-publication-sur-facebook\/","og_locale":"fr_FR","og_type":"article","og_title":"Cyber-activiste Condamn\u00e9, Jet\u00e9 en Prison Pour une Publication sur Facebook - Media Foundation For West Africa","og_description":"Un tribunal d\u2019Ouagadougou a condamn\u00e9 un cyber-activiste \u00e0 deux mois de prison ferme pour avoir critiqu\u00e9 la gendarmerie","og_url":"https:\/\/mfwa.org\/fr\/cyber-activiste-condamne-jete-en-prison-pour-une-publication-sur-facebook\/","og_site_name":"Media Foundation For West Africa","article_publisher":"https:\/\/www.facebook.com\/themfwa","article_published_time":"2018-07-04T12:51:17+00:00","article_modified_time":"2018-07-07T17:59:39+00:00","og_image":[{"width":1472,"height":1188,"url":"https:\/\/mfwa.org\/wp-content\/uploads\/2018\/07\/Screen-Shot-2018-07-04-at-14.00.10.png","type":"image\/png"}],"author":"Kwaku Asante","twitter_card":"summary_large_image","twitter_creator":"@TheMFWA","twitter_site":"@TheMFWA","twitter_misc":{"Written by":"Kwaku Asante","Est. reading time":"2 minutes"},"schema":{"@context":"https:\/\/schema.org","@graph":[{"@type":"Article","@id":"https:\/\/mfwa.org\/fr\/cyber-activiste-condamne-jete-en-prison-pour-une-publication-sur-facebook\/#article","isPartOf":{"@id":"https:\/\/mfwa.org\/fr\/cyber-activiste-condamne-jete-en-prison-pour-une-publication-sur-facebook\/"},"author":{"name":"Kwaku Asante","@id":"https:\/\/mfwa.org\/#\/schema\/person\/8e2c73d54ab8d90699e634b53256680f"},"headline":"Cyber-activiste Condamn\u00e9, Jet\u00e9 en Prison Pour une Publication sur Facebook","datePublished":"2018-07-04T12:51:17+00:00","dateModified":"2018-07-07T17:59:39+00:00","mainEntityOfPage":{"@id":"https:\/\/mfwa.org\/fr\/cyber-activiste-condamne-jete-en-prison-pour-une-publication-sur-facebook\/"},"wordCount":342,"publisher":{"@id":"https:\/\/mfwa.org\/#organization"},"image":{"@id":"https:\/\/mfwa.org\/fr\/cyber-activiste-condamne-jete-en-prison-pour-une-publication-sur-facebook\/#primaryimage"},"thumbnailUrl":"https:\/\/mfwa.org\/wp-content\/uploads\/2018\/07\/Screen-Shot-2018-07-04-at-14.00.10.png","articleSection":["Droits num\u00e9riques"],"inLanguage":"fr-FR"},{"@type":"WebPage","@id":"https:\/\/mfwa.org\/fr\/cyber-activiste-condamne-jete-en-prison-pour-une-publication-sur-facebook\/","url":"https:\/\/mfwa.org\/fr\/cyber-activiste-condamne-jete-en-prison-pour-une-publication-sur-facebook\/","name":"Cyber-activiste Condamn\u00e9, Jet\u00e9 en Prison Pour une Publication sur Facebook - Media Foundation For West Africa","isPartOf":{"@id":"https:\/\/mfwa.org\/#website"},"primaryImageOfPage":{"@id":"https:\/\/mfwa.org\/fr\/cyber-activiste-condamne-jete-en-prison-pour-une-publication-sur-facebook\/#primaryimage"},"image":{"@id":"https:\/\/mfwa.org\/fr\/cyber-activiste-condamne-jete-en-prison-pour-une-publication-sur-facebook\/#primaryimage"},"thumbnailUrl":"https:\/\/mfwa.org\/wp-content\/uploads\/2018\/07\/Screen-Shot-2018-07-04-at-14.00.10.png","datePublished":"2018-07-04T12:51:17+00:00","dateModified":"2018-07-07T17:59:39+00:00","breadcrumb":{"@id":"https:\/\/mfwa.org\/fr\/cyber-activiste-condamne-jete-en-prison-pour-une-publication-sur-facebook\/#breadcrumb"},"inLanguage":"fr-FR","potentialAction":[{"@type":"ReadAction","target":["https:\/\/mfwa.org\/fr\/cyber-activiste-condamne-jete-en-prison-pour-une-publication-sur-facebook\/"]}]},{"@type":"ImageObject","inLanguage":"fr-FR","@id":"https:\/\/mfwa.org\/fr\/cyber-activiste-condamne-jete-en-prison-pour-une-publication-sur-facebook\/#primaryimage","url":"https:\/\/mfwa.org\/wp-content\/uploads\/2018\/07\/Screen-Shot-2018-07-04-at-14.00.10.png","contentUrl":"https:\/\/mfwa.org\/wp-content\/uploads\/2018\/07\/Screen-Shot-2018-07-04-at-14.00.10.png","width":1472,"height":1188},{"@type":"BreadcrumbList","@id":"https:\/\/mfwa.org\/fr\/cyber-activiste-condamne-jete-en-prison-pour-une-publication-sur-facebook\/#breadcrumb","itemListElement":[{"@type":"ListItem","position":1,"name":"Home","item":"https:\/\/mfwa.org\/fr\/"},{"@type":"ListItem","position":2,"name":"Cyber-activiste Condamn\u00e9, Jet\u00e9 en Prison Pour une Publication sur Facebook"}]},{"@type":"WebSite","@id":"https:\/\/mfwa.org\/#website","url":"https:\/\/mfwa.org\/","name":"Media Foundation For West Africa","description":"Promoting Freedom of Expression and Democracy in West Africa","publisher":{"@id":"https:\/\/mfwa.org\/#organization"},"potentialAction":[{"@type":"SearchAction","target":{"@type":"EntryPoint","urlTemplate":"https:\/\/mfwa.org\/?s={search_term_string}"},"query-input":{"@type":"PropertyValueSpecification","valueRequired":true,"valueName":"search_term_string"}}],"inLanguage":"fr-FR"},{"@type":"Organization","@id":"https:\/\/mfwa.org\/#organization","name":"Media Foundation for West Africa","url":"https:\/\/mfwa.org\/","logo":{"@type":"ImageObject","inLanguage":"fr-FR","@id":"https:\/\/mfwa.org\/#\/schema\/logo\/image\/","url":"https:\/\/www.mfwa.org\/wp-content\/uploads\/2016\/06\/MFWA-LOGO.png","contentUrl":"https:\/\/www.mfwa.org\/wp-content\/uploads\/2016\/06\/MFWA-LOGO.png","width":180,"height":180,"caption":"Media Foundation for West Africa"},"image":{"@id":"https:\/\/mfwa.org\/#\/schema\/logo\/image\/"},"sameAs":["https:\/\/www.facebook.com\/themfwa","https:\/\/x.com\/TheMFWA","https:\/\/www.youtube.com\/channel\/UCF6HrPuXcV1K1Ed8AAq4Rdw"]},{"@type":"Person","@id":"https:\/\/mfwa.org\/#\/schema\/person\/8e2c73d54ab8d90699e634b53256680f","name":"Kwaku Asante","image":{"@type":"ImageObject","inLanguage":"fr-FR","@id":"https:\/\/secure.gravatar.com\/avatar\/f4b2f4008b9a29d4584bcac804b285ce2bebcee8b616a60be83b4a9ded8963b7?s=96&d=mm&r=g3fc24910de2fac178dc652a6771c3785","url":"https:\/\/secure.gravatar.com\/avatar\/f4b2f4008b9a29d4584bcac804b285ce2bebcee8b616a60be83b4a9ded8963b7?s=96&d=mm&r=g","contentUrl":"https:\/\/secure.gravatar.com\/avatar\/f4b2f4008b9a29d4584bcac804b285ce2bebcee8b616a60be83b4a9ded8963b7?s=96&d=mm&r=g","caption":"Kwaku Asante"},"url":"https:\/\/mfwa.org\/fr\/author\/kwaku\/"}]}},"authors":[{"term_id":515,"user_id":6,"is_guest":0,"slug":"kwaku","display_name":"Kwaku Asante","avatar_url":"https:\/\/secure.gravatar.com\/avatar\/f4b2f4008b9a29d4584bcac804b285ce2bebcee8b616a60be83b4a9ded8963b7?s=96&d=mm&r=g","0":null,"1":"","2":"","3":"","4":"","5":"","6":"","7":"","8":""}],"_links":{"self":[{"href":"https:\/\/mfwa.org\/fr\/wp-json\/wp\/v2\/posts\/13029","targetHints":{"allow":["GET"]}}],"collection":[{"href":"https:\/\/mfwa.org\/fr\/wp-json\/wp\/v2\/posts"}],"about":[{"href":"https:\/\/mfwa.org\/fr\/wp-json\/wp\/v2\/types\/post"}],"author":[{"embeddable":true,"href":"https:\/\/mfwa.org\/fr\/wp-json\/wp\/v2\/users\/6"}],"replies":[{"embeddable":true,"href":"https:\/\/mfwa.org\/fr\/wp-json\/wp\/v2\/comments?post=13029"}],"version-history":[{"count":0,"href":"https:\/\/mfwa.org\/fr\/wp-json\/wp\/v2\/posts\/13029\/revisions"}],"wp:featuredmedia":[{"embeddable":true,"href":"https:\/\/mfwa.org\/fr\/wp-json\/wp\/v2\/media\/12987"}],"wp:attachment":[{"href":"https:\/\/mfwa.org\/fr\/wp-json\/wp\/v2\/media?parent=13029"}],"wp:term":[{"taxonomy":"category","embeddable":true,"href":"https:\/\/mfwa.org\/fr\/wp-json\/wp\/v2\/categories?post=13029"},{"taxonomy":"post_tag","embeddable":true,"href":"https:\/\/mfwa.org\/fr\/wp-json\/wp\/v2\/tags?post=13029"},{"taxonomy":"country","embeddable":true,"href":"https:\/\/mfwa.org\/fr\/wp-json\/wp\/v2\/country?post=13029"},{"taxonomy":"staff-position","embeddable":true,"href":"https:\/\/mfwa.org\/fr\/wp-json\/wp\/v2\/staff-position?post=13029"},{"taxonomy":"opportunity-category","embeddable":true,"href":"https:\/\/mfwa.org\/fr\/wp-json\/wp\/v2\/opportunity-category?post=13029"},{"taxonomy":"author","embeddable":true,"href":"https:\/\/mfwa.org\/fr\/wp-json\/wp\/v2\/ppma_author?post=13029"}],"curies":[{"name":"wp","href":"https:\/\/api.w.org\/{rel}","templated":true}]}}