{"id":12862,"date":"2018-06-21T20:32:32","date_gmt":"2018-06-21T20:32:32","guid":{"rendered":"http:\/\/www.mfwa.org\/?p=12862"},"modified":"2018-06-25T07:54:27","modified_gmt":"2018-06-25T07:54:27","slug":"activiste-arrete-pour-sa-publication-facebook","status":"publish","type":"post","link":"https:\/\/mfwa.org\/fr\/activiste-arrete-pour-sa-publication-facebook\/","title":{"rendered":"Activiste Arr\u00eat\u00e9 pour sa Publication Facebook"},"content":{"rendered":"<p style=\"text-align: justify;\">Les autorit\u00e9s au Burkina Faso ont arr\u00eat\u00e9 et d\u00e9tenu un activiste qui a critiqu\u00e9 la Gendarmerie Nationale pour sa pr\u00e9sum\u00e9e n\u00e9gligence d\u2019un gendarme qui a \u00e9t\u00e9 bless\u00e9 dans une op\u00e9ration anti-terroriste.<\/p>\n<p style=\"text-align: justify;\">Naim Toure a \u00e9t\u00e9 arr\u00eat\u00e9 le 14 Juin 2018, apr\u00e8s avoir condamn\u00e9 \u00e0 la veille les autorit\u00e9s \u00a0de la s\u00e9curit\u00e9 sur sa page Facebook pour leur pr\u00e9sum\u00e9e n\u00e9gligence du gendarme \u2033qui a risqu\u00e9 sa vie pout la s\u00e9curit\u00e9 nationale\u2033.<\/p>\n<p style=\"text-align: justify;\">Le commentaire de l\u2019activiste \u00e9tait en r\u00e9action \u00e0 l\u2019article publi\u00e9 par le quotidien nationale <em>Sidwaya\u00a0<\/em>qui a \u00a0\u00e9crit dans une de ses rubriques qu\u2019Henry Traore; le gendarme bless\u00e9 gravement lors de l\u2019assaut sur une villa occup\u00e9e par des pr\u00e9sum\u00e9s terroristes dans la capitale Ouagadougou, est abandonn\u00e9 \u00e0 son sort par les autorit\u00e9s.<\/p>\n<p style=\"text-align: justify;\">Suite au post sur Facebook, la Gendarmerie a accus\u00e9 Toure d\u2019incitation des forces arm\u00e9es \u00e0 la r\u00e9volte et a \u00e9t\u00e9 par cons\u00e9quent arr\u00eat\u00e9.<\/p>\n<p style=\"text-align: justify;\">La MFWA condamne l\u2019arrestation et la d\u00e9tention de Toure qui est une violation de son droit \u00e0 la libert\u00e9 d\u2019expression et son droit \u00e0 la pens\u00e9e. Nous lan\u00e7ons un appel aux autorit\u00e9s du Burkina Faso de le lib\u00e9rer imm\u00e9diatement et de respecter les droits des citoyens \u00e0 la libre expression en ligne comme hors ligne.<\/p>\n","protected":false},"excerpt":{"rendered":"<p>Les autorit\u00e9s au Burkina Faso ont arr\u00eat\u00e9 et d\u00e9tenu un activiste qui a critiqu\u00e9 la Gendarmerie Nationale pour<\/p>\n","protected":false},"author":2,"featured_media":12857,"comment_status":"closed","ping_status":"closed","sticky":false,"template":"","format":"standard","meta":{"footnotes":""},"categories":[231,254],"tags":[],"country":[239],"staff-position":[],"opportunity-category":[],"class_list":["post-12862","post","type-post","status-publish","format-standard","has-post-thumbnail","hentry","category-digital-rights-fr","category-free-expression-violations-fr","country-burkina-faso-fr"],"yoast_head":"<!-- This site is optimized with the Yoast SEO plugin v27.5 - https:\/\/yoast.com\/product\/yoast-seo-wordpress\/ -->\n<title>Activiste Arr\u00eat\u00e9 pour sa Publication Facebook - Media Foundation For West Africa<\/title>\n<meta name=\"robots\" content=\"index, follow, max-snippet:-1, max-image-preview:large, max-video-preview:-1\" \/>\n<link rel=\"canonical\" href=\"https:\/\/mfwa.org\/fr\/activiste-arrete-pour-sa-publication-facebook\/\" \/>\n<meta property=\"og:locale\" content=\"fr_FR\" \/>\n<meta property=\"og:type\" content=\"article\" \/>\n<meta property=\"og:title\" content=\"Activiste Arr\u00eat\u00e9 pour sa Publication Facebook - Media Foundation For West Africa\" \/>\n<meta property=\"og:description\" content=\"Les autorit\u00e9s au Burkina Faso ont arr\u00eat\u00e9 et d\u00e9tenu un activiste qui a critiqu\u00e9 la Gendarmerie Nationale pour\" \/>\n<meta property=\"og:url\" content=\"https:\/\/mfwa.org\/fr\/activiste-arrete-pour-sa-publication-facebook\/\" \/>\n<meta property=\"og:site_name\" content=\"Media Foundation For West Africa\" \/>\n<meta property=\"article:publisher\" content=\"https:\/\/www.facebook.com\/themfwa\" \/>\n<meta property=\"article:published_time\" content=\"2018-06-21T20:32:32+00:00\" \/>\n<meta property=\"article:modified_time\" content=\"2018-06-25T07:54:27+00:00\" \/>\n<meta property=\"og:image\" content=\"https:\/\/mfwa.org\/wp-content\/uploads\/2018\/06\/Naim-T-ok-1.jpg\" \/>\n\t<meta property=\"og:image:width\" content=\"708\" \/>\n\t<meta property=\"og:image:height\" content=\"763\" \/>\n\t<meta property=\"og:image:type\" content=\"image\/jpeg\" \/>\n<meta name=\"author\" content=\"Vivian Affoah\" \/>\n<meta name=\"twitter:card\" content=\"summary_large_image\" \/>\n<meta name=\"twitter:creator\" content=\"@TheMFWA\" \/>\n<meta name=\"twitter:site\" content=\"@TheMFWA\" \/>\n<meta name=\"twitter:label1\" content=\"Written by\" \/>\n\t<meta name=\"twitter:data1\" content=\"Vivian Affoah\" \/>\n\t<meta name=\"twitter:label2\" content=\"Est. reading time\" \/>\n\t<meta name=\"twitter:data2\" content=\"1 minute\" \/>\n<script type=\"application\/ld+json\" class=\"yoast-schema-graph\">{\"@context\":\"https:\\\/\\\/schema.org\",\"@graph\":[{\"@type\":\"Article\",\"@id\":\"https:\\\/\\\/mfwa.org\\\/fr\\\/activiste-arrete-pour-sa-publication-facebook\\\/#article\",\"isPartOf\":{\"@id\":\"https:\\\/\\\/mfwa.org\\\/fr\\\/activiste-arrete-pour-sa-publication-facebook\\\/\"},\"author\":{\"name\":\"Vivian Affoah\",\"@id\":\"https:\\\/\\\/mfwa.org\\\/#\\\/schema\\\/person\\\/6a1a8151b41fab6317c9544da609a96b\"},\"headline\":\"Activiste Arr\u00eat\u00e9 pour sa Publication Facebook\",\"datePublished\":\"2018-06-21T20:32:32+00:00\",\"dateModified\":\"2018-06-25T07:54:27+00:00\",\"mainEntityOfPage\":{\"@id\":\"https:\\\/\\\/mfwa.org\\\/fr\\\/activiste-arrete-pour-sa-publication-facebook\\\/\"},\"wordCount\":236,\"publisher\":{\"@id\":\"https:\\\/\\\/mfwa.org\\\/#organization\"},\"image\":{\"@id\":\"https:\\\/\\\/mfwa.org\\\/fr\\\/activiste-arrete-pour-sa-publication-facebook\\\/#primaryimage\"},\"thumbnailUrl\":\"https:\\\/\\\/mfwa.org\\\/wp-content\\\/uploads\\\/2018\\\/06\\\/Naim-T-ok-1.jpg\",\"articleSection\":[\"Droits num\u00e9riques\",\"Les violations de la libre expression\"],\"inLanguage\":\"fr-FR\"},{\"@type\":\"WebPage\",\"@id\":\"https:\\\/\\\/mfwa.org\\\/fr\\\/activiste-arrete-pour-sa-publication-facebook\\\/\",\"url\":\"https:\\\/\\\/mfwa.org\\\/fr\\\/activiste-arrete-pour-sa-publication-facebook\\\/\",\"name\":\"Activiste Arr\u00eat\u00e9 pour sa Publication Facebook - Media Foundation For West Africa\",\"isPartOf\":{\"@id\":\"https:\\\/\\\/mfwa.org\\\/#website\"},\"primaryImageOfPage\":{\"@id\":\"https:\\\/\\\/mfwa.org\\\/fr\\\/activiste-arrete-pour-sa-publication-facebook\\\/#primaryimage\"},\"image\":{\"@id\":\"https:\\\/\\\/mfwa.org\\\/fr\\\/activiste-arrete-pour-sa-publication-facebook\\\/#primaryimage\"},\"thumbnailUrl\":\"https:\\\/\\\/mfwa.org\\\/wp-content\\\/uploads\\\/2018\\\/06\\\/Naim-T-ok-1.jpg\",\"datePublished\":\"2018-06-21T20:32:32+00:00\",\"dateModified\":\"2018-06-25T07:54:27+00:00\",\"breadcrumb\":{\"@id\":\"https:\\\/\\\/mfwa.org\\\/fr\\\/activiste-arrete-pour-sa-publication-facebook\\\/#breadcrumb\"},\"inLanguage\":\"fr-FR\",\"potentialAction\":[{\"@type\":\"ReadAction\",\"target\":[\"https:\\\/\\\/mfwa.org\\\/fr\\\/activiste-arrete-pour-sa-publication-facebook\\\/\"]}]},{\"@type\":\"ImageObject\",\"inLanguage\":\"fr-FR\",\"@id\":\"https:\\\/\\\/mfwa.org\\\/fr\\\/activiste-arrete-pour-sa-publication-facebook\\\/#primaryimage\",\"url\":\"https:\\\/\\\/mfwa.org\\\/wp-content\\\/uploads\\\/2018\\\/06\\\/Naim-T-ok-1.jpg\",\"contentUrl\":\"https:\\\/\\\/mfwa.org\\\/wp-content\\\/uploads\\\/2018\\\/06\\\/Naim-T-ok-1.jpg\",\"width\":708,\"height\":763},{\"@type\":\"BreadcrumbList\",\"@id\":\"https:\\\/\\\/mfwa.org\\\/fr\\\/activiste-arrete-pour-sa-publication-facebook\\\/#breadcrumb\",\"itemListElement\":[{\"@type\":\"ListItem\",\"position\":1,\"name\":\"Home\",\"item\":\"https:\\\/\\\/mfwa.org\\\/fr\\\/\"},{\"@type\":\"ListItem\",\"position\":2,\"name\":\"Activiste Arr\u00eat\u00e9 pour sa Publication Facebook\"}]},{\"@type\":\"WebSite\",\"@id\":\"https:\\\/\\\/mfwa.org\\\/#website\",\"url\":\"https:\\\/\\\/mfwa.org\\\/\",\"name\":\"Media Foundation For West Africa\",\"description\":\"Promoting Freedom of Expression and Democracy in West Africa\",\"publisher\":{\"@id\":\"https:\\\/\\\/mfwa.org\\\/#organization\"},\"potentialAction\":[{\"@type\":\"SearchAction\",\"target\":{\"@type\":\"EntryPoint\",\"urlTemplate\":\"https:\\\/\\\/mfwa.org\\\/?s={search_term_string}\"},\"query-input\":{\"@type\":\"PropertyValueSpecification\",\"valueRequired\":true,\"valueName\":\"search_term_string\"}}],\"inLanguage\":\"fr-FR\"},{\"@type\":\"Organization\",\"@id\":\"https:\\\/\\\/mfwa.org\\\/#organization\",\"name\":\"Media Foundation for West Africa\",\"url\":\"https:\\\/\\\/mfwa.org\\\/\",\"logo\":{\"@type\":\"ImageObject\",\"inLanguage\":\"fr-FR\",\"@id\":\"https:\\\/\\\/mfwa.org\\\/#\\\/schema\\\/logo\\\/image\\\/\",\"url\":\"https:\\\/\\\/www.mfwa.org\\\/wp-content\\\/uploads\\\/2016\\\/06\\\/MFWA-LOGO.png\",\"contentUrl\":\"https:\\\/\\\/www.mfwa.org\\\/wp-content\\\/uploads\\\/2016\\\/06\\\/MFWA-LOGO.png\",\"width\":180,\"height\":180,\"caption\":\"Media Foundation for West Africa\"},\"image\":{\"@id\":\"https:\\\/\\\/mfwa.org\\\/#\\\/schema\\\/logo\\\/image\\\/\"},\"sameAs\":[\"https:\\\/\\\/www.facebook.com\\\/themfwa\",\"https:\\\/\\\/x.com\\\/TheMFWA\",\"https:\\\/\\\/www.youtube.com\\\/channel\\\/UCF6HrPuXcV1K1Ed8AAq4Rdw\"]},{\"@type\":\"Person\",\"@id\":\"https:\\\/\\\/mfwa.org\\\/#\\\/schema\\\/person\\\/6a1a8151b41fab6317c9544da609a96b\",\"name\":\"Vivian Affoah\",\"image\":{\"@type\":\"ImageObject\",\"inLanguage\":\"fr-FR\",\"@id\":\"https:\\\/\\\/secure.gravatar.com\\\/avatar\\\/ddf6c5c2ef2f35c978196ce314f9b81dba2ec548b12806a3acbe02e2360d7e63?s=96&d=mm&r=g\",\"url\":\"https:\\\/\\\/secure.gravatar.com\\\/avatar\\\/ddf6c5c2ef2f35c978196ce314f9b81dba2ec548b12806a3acbe02e2360d7e63?s=96&d=mm&r=g\",\"contentUrl\":\"https:\\\/\\\/secure.gravatar.com\\\/avatar\\\/ddf6c5c2ef2f35c978196ce314f9b81dba2ec548b12806a3acbe02e2360d7e63?s=96&d=mm&r=g\",\"caption\":\"Vivian Affoah\"},\"sameAs\":[\"http:\\\/\\\/www.mfwa.org\"],\"url\":\"https:\\\/\\\/mfwa.org\\\/fr\\\/author\\\/vivian\\\/\"}]}<\/script>\n<!-- \/ Yoast SEO plugin. -->","yoast_head_json":{"title":"Activiste Arr\u00eat\u00e9 pour sa Publication Facebook - Media Foundation For West Africa","robots":{"index":"index","follow":"follow","max-snippet":"max-snippet:-1","max-image-preview":"max-image-preview:large","max-video-preview":"max-video-preview:-1"},"canonical":"https:\/\/mfwa.org\/fr\/activiste-arrete-pour-sa-publication-facebook\/","og_locale":"fr_FR","og_type":"article","og_title":"Activiste Arr\u00eat\u00e9 pour sa Publication Facebook - Media Foundation For West Africa","og_description":"Les autorit\u00e9s au Burkina Faso ont arr\u00eat\u00e9 et d\u00e9tenu un activiste qui a critiqu\u00e9 la Gendarmerie Nationale pour","og_url":"https:\/\/mfwa.org\/fr\/activiste-arrete-pour-sa-publication-facebook\/","og_site_name":"Media Foundation For West Africa","article_publisher":"https:\/\/www.facebook.com\/themfwa","article_published_time":"2018-06-21T20:32:32+00:00","article_modified_time":"2018-06-25T07:54:27+00:00","og_image":[{"width":708,"height":763,"url":"https:\/\/mfwa.org\/wp-content\/uploads\/2018\/06\/Naim-T-ok-1.jpg","type":"image\/jpeg"}],"author":"Vivian Affoah","twitter_card":"summary_large_image","twitter_creator":"@TheMFWA","twitter_site":"@TheMFWA","twitter_misc":{"Written by":"Vivian Affoah","Est. reading time":"1 minute"},"schema":{"@context":"https:\/\/schema.org","@graph":[{"@type":"Article","@id":"https:\/\/mfwa.org\/fr\/activiste-arrete-pour-sa-publication-facebook\/#article","isPartOf":{"@id":"https:\/\/mfwa.org\/fr\/activiste-arrete-pour-sa-publication-facebook\/"},"author":{"name":"Vivian Affoah","@id":"https:\/\/mfwa.org\/#\/schema\/person\/6a1a8151b41fab6317c9544da609a96b"},"headline":"Activiste Arr\u00eat\u00e9 pour sa Publication Facebook","datePublished":"2018-06-21T20:32:32+00:00","dateModified":"2018-06-25T07:54:27+00:00","mainEntityOfPage":{"@id":"https:\/\/mfwa.org\/fr\/activiste-arrete-pour-sa-publication-facebook\/"},"wordCount":236,"publisher":{"@id":"https:\/\/mfwa.org\/#organization"},"image":{"@id":"https:\/\/mfwa.org\/fr\/activiste-arrete-pour-sa-publication-facebook\/#primaryimage"},"thumbnailUrl":"https:\/\/mfwa.org\/wp-content\/uploads\/2018\/06\/Naim-T-ok-1.jpg","articleSection":["Droits num\u00e9riques","Les violations de la libre expression"],"inLanguage":"fr-FR"},{"@type":"WebPage","@id":"https:\/\/mfwa.org\/fr\/activiste-arrete-pour-sa-publication-facebook\/","url":"https:\/\/mfwa.org\/fr\/activiste-arrete-pour-sa-publication-facebook\/","name":"Activiste Arr\u00eat\u00e9 pour sa Publication Facebook - Media Foundation For West Africa","isPartOf":{"@id":"https:\/\/mfwa.org\/#website"},"primaryImageOfPage":{"@id":"https:\/\/mfwa.org\/fr\/activiste-arrete-pour-sa-publication-facebook\/#primaryimage"},"image":{"@id":"https:\/\/mfwa.org\/fr\/activiste-arrete-pour-sa-publication-facebook\/#primaryimage"},"thumbnailUrl":"https:\/\/mfwa.org\/wp-content\/uploads\/2018\/06\/Naim-T-ok-1.jpg","datePublished":"2018-06-21T20:32:32+00:00","dateModified":"2018-06-25T07:54:27+00:00","breadcrumb":{"@id":"https:\/\/mfwa.org\/fr\/activiste-arrete-pour-sa-publication-facebook\/#breadcrumb"},"inLanguage":"fr-FR","potentialAction":[{"@type":"ReadAction","target":["https:\/\/mfwa.org\/fr\/activiste-arrete-pour-sa-publication-facebook\/"]}]},{"@type":"ImageObject","inLanguage":"fr-FR","@id":"https:\/\/mfwa.org\/fr\/activiste-arrete-pour-sa-publication-facebook\/#primaryimage","url":"https:\/\/mfwa.org\/wp-content\/uploads\/2018\/06\/Naim-T-ok-1.jpg","contentUrl":"https:\/\/mfwa.org\/wp-content\/uploads\/2018\/06\/Naim-T-ok-1.jpg","width":708,"height":763},{"@type":"BreadcrumbList","@id":"https:\/\/mfwa.org\/fr\/activiste-arrete-pour-sa-publication-facebook\/#breadcrumb","itemListElement":[{"@type":"ListItem","position":1,"name":"Home","item":"https:\/\/mfwa.org\/fr\/"},{"@type":"ListItem","position":2,"name":"Activiste Arr\u00eat\u00e9 pour sa Publication Facebook"}]},{"@type":"WebSite","@id":"https:\/\/mfwa.org\/#website","url":"https:\/\/mfwa.org\/","name":"Media Foundation For West Africa","description":"Promoting Freedom of Expression and Democracy in West Africa","publisher":{"@id":"https:\/\/mfwa.org\/#organization"},"potentialAction":[{"@type":"SearchAction","target":{"@type":"EntryPoint","urlTemplate":"https:\/\/mfwa.org\/?s={search_term_string}"},"query-input":{"@type":"PropertyValueSpecification","valueRequired":true,"valueName":"search_term_string"}}],"inLanguage":"fr-FR"},{"@type":"Organization","@id":"https:\/\/mfwa.org\/#organization","name":"Media Foundation for West Africa","url":"https:\/\/mfwa.org\/","logo":{"@type":"ImageObject","inLanguage":"fr-FR","@id":"https:\/\/mfwa.org\/#\/schema\/logo\/image\/","url":"https:\/\/www.mfwa.org\/wp-content\/uploads\/2016\/06\/MFWA-LOGO.png","contentUrl":"https:\/\/www.mfwa.org\/wp-content\/uploads\/2016\/06\/MFWA-LOGO.png","width":180,"height":180,"caption":"Media Foundation for West Africa"},"image":{"@id":"https:\/\/mfwa.org\/#\/schema\/logo\/image\/"},"sameAs":["https:\/\/www.facebook.com\/themfwa","https:\/\/x.com\/TheMFWA","https:\/\/www.youtube.com\/channel\/UCF6HrPuXcV1K1Ed8AAq4Rdw"]},{"@type":"Person","@id":"https:\/\/mfwa.org\/#\/schema\/person\/6a1a8151b41fab6317c9544da609a96b","name":"Vivian Affoah","image":{"@type":"ImageObject","inLanguage":"fr-FR","@id":"https:\/\/secure.gravatar.com\/avatar\/ddf6c5c2ef2f35c978196ce314f9b81dba2ec548b12806a3acbe02e2360d7e63?s=96&d=mm&r=g","url":"https:\/\/secure.gravatar.com\/avatar\/ddf6c5c2ef2f35c978196ce314f9b81dba2ec548b12806a3acbe02e2360d7e63?s=96&d=mm&r=g","contentUrl":"https:\/\/secure.gravatar.com\/avatar\/ddf6c5c2ef2f35c978196ce314f9b81dba2ec548b12806a3acbe02e2360d7e63?s=96&d=mm&r=g","caption":"Vivian Affoah"},"sameAs":["http:\/\/www.mfwa.org"],"url":"https:\/\/mfwa.org\/fr\/author\/vivian\/"}]}},"_links":{"self":[{"href":"https:\/\/mfwa.org\/fr\/wp-json\/wp\/v2\/posts\/12862","targetHints":{"allow":["GET"]}}],"collection":[{"href":"https:\/\/mfwa.org\/fr\/wp-json\/wp\/v2\/posts"}],"about":[{"href":"https:\/\/mfwa.org\/fr\/wp-json\/wp\/v2\/types\/post"}],"author":[{"embeddable":true,"href":"https:\/\/mfwa.org\/fr\/wp-json\/wp\/v2\/users\/2"}],"replies":[{"embeddable":true,"href":"https:\/\/mfwa.org\/fr\/wp-json\/wp\/v2\/comments?post=12862"}],"version-history":[{"count":0,"href":"https:\/\/mfwa.org\/fr\/wp-json\/wp\/v2\/posts\/12862\/revisions"}],"wp:featuredmedia":[{"embeddable":true,"href":"https:\/\/mfwa.org\/fr\/wp-json\/wp\/v2\/media\/12857"}],"wp:attachment":[{"href":"https:\/\/mfwa.org\/fr\/wp-json\/wp\/v2\/media?parent=12862"}],"wp:term":[{"taxonomy":"category","embeddable":true,"href":"https:\/\/mfwa.org\/fr\/wp-json\/wp\/v2\/categories?post=12862"},{"taxonomy":"post_tag","embeddable":true,"href":"https:\/\/mfwa.org\/fr\/wp-json\/wp\/v2\/tags?post=12862"},{"taxonomy":"country","embeddable":true,"href":"https:\/\/mfwa.org\/fr\/wp-json\/wp\/v2\/country?post=12862"},{"taxonomy":"staff-position","embeddable":true,"href":"https:\/\/mfwa.org\/fr\/wp-json\/wp\/v2\/staff-position?post=12862"},{"taxonomy":"opportunity-category","embeddable":true,"href":"https:\/\/mfwa.org\/fr\/wp-json\/wp\/v2\/opportunity-category?post=12862"}],"curies":[{"name":"wp","href":"https:\/\/api.w.org\/{rel}","templated":true}]}}