{"id":12131,"date":"2018-02-07T12:52:28","date_gmt":"2018-02-07T12:52:28","guid":{"rendered":"http:\/\/www.mfwa.org\/?p=12131"},"modified":"2018-02-08T11:40:50","modified_gmt":"2018-02-08T11:40:50","slug":"mfwa-et-ses-partenaires-organisent-un-forum-post-election-presidentiel-entre-la-police-et-les-medias-au-liberia","status":"publish","type":"post","link":"https:\/\/mfwa.org\/fr\/mfwa-et-ses-partenaires-organisent-un-forum-post-election-presidentiel-entre-la-police-et-les-medias-au-liberia\/","title":{"rendered":"MFWA et Ses Partenaires Organisent un Forum Post-Election Pr\u00e9sidentiel entre la Police et les M\u00e9dias au Liberia"},"content":{"rendered":"<p style=\"text-align: justify;\">La Fondation des M\u00e9dias pour l\u2019Afrique de l\u2019Ouest (MFWA) en collaboration avec son partenaire national du Liberia; Centre for Media Studies and Peacebuilding(CEMESP) organisent un <strong>Forum Post-Election Police-Media<\/strong> \u00e0 Corina Hotel \u00e0 Monrovia, Liberia le Vendredi, 9 F\u00e9vrier 2018 \u00e0 9\u00a0H: 00.<\/p>\n<p style=\"text-align: justify;\">Le forum qui va rassembler les acteurs des m\u00e9dias, la Police Nationale du Liberia, la CEDEAO, la Mission des Nations Unies au Liberia (UNMIL), Press Union of Liberia (PUL), la Commission National Electorale, et les organisations de la soci\u00e9t\u00e9 civile pour d\u00e9battre sur le r\u00f4le des m\u00e9dias, la suret\u00e9 des m\u00e9dias et les relations entre les m\u00e9dias et la police durant les \u00e9lections de 2017. Le forum va aussi discuter des voies de renforcement des relations entre les m\u00e9dias et la police au Liberia y compris la possibilit\u00e9 d\u2019avoir des personnes focales des m\u00e9dias au sein des services de police tant au niveau national que r\u00e9gionale.<\/p>\n<p style=\"text-align: justify;\">L\u2019\u00e9v\u00e8nement sera facilit\u00e9 par l\u2019expert renomm\u00e9 en Communications et M\u00e9dias; Prof Kwame Karikari, et sera meubl\u00e9 des pr\u00e9sentations, d\u2019un panel de discussion sur les enjeux cl\u00e9s tels que la couverture \u00e9lectorales des m\u00e9dias, la s\u00e9curit\u00e9 des \u00e9lections, la s\u00e9curit\u00e9 des m\u00e9dias et les relations entre la police et les m\u00e9dias durant les \u00e9lections.<\/p>\n<p style=\"text-align: justify;\">Le Forum Post-Electoral entre les M\u00e9dias et la Police est organis\u00e9 avec le soutien financier de l\u2019International Media Support (IMS) \u00e0 Copenhagen &#8211; Danemark.<\/p>\n","protected":false},"excerpt":{"rendered":"<p>La Fondation des M\u00e9dias pour l\u2019Afrique de l\u2019Ouest (MFWA) en collaboration avec son partenaire national du Liberia; Centre<\/p>\n","protected":false},"author":2,"featured_media":12130,"comment_status":"closed","ping_status":"closed","sticky":false,"template":"","format":"standard","meta":{"footnotes":""},"categories":[322,256,318],"tags":[],"country":[246],"staff-position":[],"opportunity-category":[],"class_list":["post-12131","post","type-post","status-publish","format-standard","has-post-thumbnail","hentry","category-bonne-gouvernance","category-media-development-fr","category-media-and-good-governance","country-liberia-fr"],"yoast_head":"<!-- This site is optimized with the Yoast SEO plugin v27.5 - https:\/\/yoast.com\/product\/yoast-seo-wordpress\/ -->\n<title>MFWA et Ses Partenaires Organisent un Forum Post-Election Pr\u00e9sidentiel entre la Police et les M\u00e9dias au Liberia - Media Foundation For West Africa<\/title>\n<meta name=\"robots\" content=\"index, follow, max-snippet:-1, max-image-preview:large, max-video-preview:-1\" \/>\n<link rel=\"canonical\" href=\"https:\/\/mfwa.org\/fr\/mfwa-et-ses-partenaires-organisent-un-forum-post-election-presidentiel-entre-la-police-et-les-medias-au-liberia\/\" \/>\n<meta property=\"og:locale\" content=\"fr_FR\" \/>\n<meta property=\"og:type\" content=\"article\" \/>\n<meta property=\"og:title\" content=\"MFWA et Ses Partenaires Organisent un Forum Post-Election Pr\u00e9sidentiel entre la Police et les M\u00e9dias au Liberia - Media Foundation For West Africa\" \/>\n<meta property=\"og:description\" content=\"La Fondation des M\u00e9dias pour l\u2019Afrique de l\u2019Ouest (MFWA) en collaboration avec son partenaire national du Liberia; Centre\" \/>\n<meta property=\"og:url\" content=\"https:\/\/mfwa.org\/fr\/mfwa-et-ses-partenaires-organisent-un-forum-post-election-presidentiel-entre-la-police-et-les-medias-au-liberia\/\" \/>\n<meta property=\"og:site_name\" content=\"Media Foundation For West Africa\" \/>\n<meta property=\"article:publisher\" content=\"https:\/\/www.facebook.com\/themfwa\" \/>\n<meta property=\"article:published_time\" content=\"2018-02-07T12:52:28+00:00\" \/>\n<meta property=\"article:modified_time\" content=\"2018-02-08T11:40:50+00:00\" \/>\n<meta property=\"og:image\" content=\"https:\/\/mfwa.org\/wp-content\/uploads\/2018\/02\/liberia-police-media.jpg\" \/>\n\t<meta property=\"og:image:width\" content=\"951\" \/>\n\t<meta property=\"og:image:height\" content=\"510\" \/>\n\t<meta property=\"og:image:type\" content=\"image\/jpeg\" \/>\n<meta name=\"author\" content=\"Vivian Affoah\" \/>\n<meta name=\"twitter:card\" content=\"summary_large_image\" \/>\n<meta name=\"twitter:creator\" content=\"@TheMFWA\" \/>\n<meta name=\"twitter:site\" content=\"@TheMFWA\" \/>\n<meta name=\"twitter:label1\" content=\"Written by\" \/>\n\t<meta name=\"twitter:data1\" content=\"Vivian Affoah\" \/>\n\t<meta name=\"twitter:label2\" content=\"Est. reading time\" \/>\n\t<meta name=\"twitter:data2\" content=\"1 minute\" \/>\n<script type=\"application\/ld+json\" class=\"yoast-schema-graph\">{\"@context\":\"https:\\\/\\\/schema.org\",\"@graph\":[{\"@type\":\"Article\",\"@id\":\"https:\\\/\\\/mfwa.org\\\/fr\\\/mfwa-et-ses-partenaires-organisent-un-forum-post-election-presidentiel-entre-la-police-et-les-medias-au-liberia\\\/#article\",\"isPartOf\":{\"@id\":\"https:\\\/\\\/mfwa.org\\\/fr\\\/mfwa-et-ses-partenaires-organisent-un-forum-post-election-presidentiel-entre-la-police-et-les-medias-au-liberia\\\/\"},\"author\":{\"name\":\"Vivian Affoah\",\"@id\":\"https:\\\/\\\/mfwa.org\\\/#\\\/schema\\\/person\\\/6a1a8151b41fab6317c9544da609a96b\"},\"headline\":\"MFWA et Ses Partenaires Organisent un Forum Post-Election Pr\u00e9sidentiel entre la Police et les M\u00e9dias au Liberia\",\"datePublished\":\"2018-02-07T12:52:28+00:00\",\"dateModified\":\"2018-02-08T11:40:50+00:00\",\"mainEntityOfPage\":{\"@id\":\"https:\\\/\\\/mfwa.org\\\/fr\\\/mfwa-et-ses-partenaires-organisent-un-forum-post-election-presidentiel-entre-la-police-et-les-medias-au-liberia\\\/\"},\"wordCount\":266,\"publisher\":{\"@id\":\"https:\\\/\\\/mfwa.org\\\/#organization\"},\"image\":{\"@id\":\"https:\\\/\\\/mfwa.org\\\/fr\\\/mfwa-et-ses-partenaires-organisent-un-forum-post-election-presidentiel-entre-la-police-et-les-medias-au-liberia\\\/#primaryimage\"},\"thumbnailUrl\":\"https:\\\/\\\/mfwa.org\\\/wp-content\\\/uploads\\\/2018\\\/02\\\/liberia-police-media.jpg\",\"articleSection\":[\"Bonne Gouvernance\",\"D\u00e9veloppement des m\u00e9dias\",\"Media and Good Governance\"],\"inLanguage\":\"fr-FR\"},{\"@type\":\"WebPage\",\"@id\":\"https:\\\/\\\/mfwa.org\\\/fr\\\/mfwa-et-ses-partenaires-organisent-un-forum-post-election-presidentiel-entre-la-police-et-les-medias-au-liberia\\\/\",\"url\":\"https:\\\/\\\/mfwa.org\\\/fr\\\/mfwa-et-ses-partenaires-organisent-un-forum-post-election-presidentiel-entre-la-police-et-les-medias-au-liberia\\\/\",\"name\":\"MFWA et Ses Partenaires Organisent un Forum Post-Election Pr\u00e9sidentiel entre la Police et les M\u00e9dias au Liberia - Media Foundation For West Africa\",\"isPartOf\":{\"@id\":\"https:\\\/\\\/mfwa.org\\\/#website\"},\"primaryImageOfPage\":{\"@id\":\"https:\\\/\\\/mfwa.org\\\/fr\\\/mfwa-et-ses-partenaires-organisent-un-forum-post-election-presidentiel-entre-la-police-et-les-medias-au-liberia\\\/#primaryimage\"},\"image\":{\"@id\":\"https:\\\/\\\/mfwa.org\\\/fr\\\/mfwa-et-ses-partenaires-organisent-un-forum-post-election-presidentiel-entre-la-police-et-les-medias-au-liberia\\\/#primaryimage\"},\"thumbnailUrl\":\"https:\\\/\\\/mfwa.org\\\/wp-content\\\/uploads\\\/2018\\\/02\\\/liberia-police-media.jpg\",\"datePublished\":\"2018-02-07T12:52:28+00:00\",\"dateModified\":\"2018-02-08T11:40:50+00:00\",\"breadcrumb\":{\"@id\":\"https:\\\/\\\/mfwa.org\\\/fr\\\/mfwa-et-ses-partenaires-organisent-un-forum-post-election-presidentiel-entre-la-police-et-les-medias-au-liberia\\\/#breadcrumb\"},\"inLanguage\":\"fr-FR\",\"potentialAction\":[{\"@type\":\"ReadAction\",\"target\":[\"https:\\\/\\\/mfwa.org\\\/fr\\\/mfwa-et-ses-partenaires-organisent-un-forum-post-election-presidentiel-entre-la-police-et-les-medias-au-liberia\\\/\"]}]},{\"@type\":\"ImageObject\",\"inLanguage\":\"fr-FR\",\"@id\":\"https:\\\/\\\/mfwa.org\\\/fr\\\/mfwa-et-ses-partenaires-organisent-un-forum-post-election-presidentiel-entre-la-police-et-les-medias-au-liberia\\\/#primaryimage\",\"url\":\"https:\\\/\\\/mfwa.org\\\/wp-content\\\/uploads\\\/2018\\\/02\\\/liberia-police-media.jpg\",\"contentUrl\":\"https:\\\/\\\/mfwa.org\\\/wp-content\\\/uploads\\\/2018\\\/02\\\/liberia-police-media.jpg\",\"width\":951,\"height\":510},{\"@type\":\"BreadcrumbList\",\"@id\":\"https:\\\/\\\/mfwa.org\\\/fr\\\/mfwa-et-ses-partenaires-organisent-un-forum-post-election-presidentiel-entre-la-police-et-les-medias-au-liberia\\\/#breadcrumb\",\"itemListElement\":[{\"@type\":\"ListItem\",\"position\":1,\"name\":\"Home\",\"item\":\"https:\\\/\\\/mfwa.org\\\/fr\\\/\"},{\"@type\":\"ListItem\",\"position\":2,\"name\":\"MFWA et Ses Partenaires Organisent un Forum Post-Election Pr\u00e9sidentiel entre la Police et les M\u00e9dias au Liberia\"}]},{\"@type\":\"WebSite\",\"@id\":\"https:\\\/\\\/mfwa.org\\\/#website\",\"url\":\"https:\\\/\\\/mfwa.org\\\/\",\"name\":\"Media Foundation For West Africa\",\"description\":\"Promoting Freedom of Expression and Democracy in West Africa\",\"publisher\":{\"@id\":\"https:\\\/\\\/mfwa.org\\\/#organization\"},\"potentialAction\":[{\"@type\":\"SearchAction\",\"target\":{\"@type\":\"EntryPoint\",\"urlTemplate\":\"https:\\\/\\\/mfwa.org\\\/?s={search_term_string}\"},\"query-input\":{\"@type\":\"PropertyValueSpecification\",\"valueRequired\":true,\"valueName\":\"search_term_string\"}}],\"inLanguage\":\"fr-FR\"},{\"@type\":\"Organization\",\"@id\":\"https:\\\/\\\/mfwa.org\\\/#organization\",\"name\":\"Media Foundation for West Africa\",\"url\":\"https:\\\/\\\/mfwa.org\\\/\",\"logo\":{\"@type\":\"ImageObject\",\"inLanguage\":\"fr-FR\",\"@id\":\"https:\\\/\\\/mfwa.org\\\/#\\\/schema\\\/logo\\\/image\\\/\",\"url\":\"https:\\\/\\\/www.mfwa.org\\\/wp-content\\\/uploads\\\/2016\\\/06\\\/MFWA-LOGO.png\",\"contentUrl\":\"https:\\\/\\\/www.mfwa.org\\\/wp-content\\\/uploads\\\/2016\\\/06\\\/MFWA-LOGO.png\",\"width\":180,\"height\":180,\"caption\":\"Media Foundation for West Africa\"},\"image\":{\"@id\":\"https:\\\/\\\/mfwa.org\\\/#\\\/schema\\\/logo\\\/image\\\/\"},\"sameAs\":[\"https:\\\/\\\/www.facebook.com\\\/themfwa\",\"https:\\\/\\\/x.com\\\/TheMFWA\",\"https:\\\/\\\/www.youtube.com\\\/channel\\\/UCF6HrPuXcV1K1Ed8AAq4Rdw\"]},{\"@type\":\"Person\",\"@id\":\"https:\\\/\\\/mfwa.org\\\/#\\\/schema\\\/person\\\/6a1a8151b41fab6317c9544da609a96b\",\"name\":\"Vivian Affoah\",\"image\":{\"@type\":\"ImageObject\",\"inLanguage\":\"fr-FR\",\"@id\":\"https:\\\/\\\/secure.gravatar.com\\\/avatar\\\/ddf6c5c2ef2f35c978196ce314f9b81dba2ec548b12806a3acbe02e2360d7e63?s=96&d=mm&r=g\",\"url\":\"https:\\\/\\\/secure.gravatar.com\\\/avatar\\\/ddf6c5c2ef2f35c978196ce314f9b81dba2ec548b12806a3acbe02e2360d7e63?s=96&d=mm&r=g\",\"contentUrl\":\"https:\\\/\\\/secure.gravatar.com\\\/avatar\\\/ddf6c5c2ef2f35c978196ce314f9b81dba2ec548b12806a3acbe02e2360d7e63?s=96&d=mm&r=g\",\"caption\":\"Vivian Affoah\"},\"sameAs\":[\"http:\\\/\\\/www.mfwa.org\"],\"url\":\"https:\\\/\\\/mfwa.org\\\/fr\\\/author\\\/vivian\\\/\"}]}<\/script>\n<!-- \/ Yoast SEO plugin. -->","yoast_head_json":{"title":"MFWA et Ses Partenaires Organisent un Forum Post-Election Pr\u00e9sidentiel entre la Police et les M\u00e9dias au Liberia - Media Foundation For West Africa","robots":{"index":"index","follow":"follow","max-snippet":"max-snippet:-1","max-image-preview":"max-image-preview:large","max-video-preview":"max-video-preview:-1"},"canonical":"https:\/\/mfwa.org\/fr\/mfwa-et-ses-partenaires-organisent-un-forum-post-election-presidentiel-entre-la-police-et-les-medias-au-liberia\/","og_locale":"fr_FR","og_type":"article","og_title":"MFWA et Ses Partenaires Organisent un Forum Post-Election Pr\u00e9sidentiel entre la Police et les M\u00e9dias au Liberia - Media Foundation For West Africa","og_description":"La Fondation des M\u00e9dias pour l\u2019Afrique de l\u2019Ouest (MFWA) en collaboration avec son partenaire national du Liberia; Centre","og_url":"https:\/\/mfwa.org\/fr\/mfwa-et-ses-partenaires-organisent-un-forum-post-election-presidentiel-entre-la-police-et-les-medias-au-liberia\/","og_site_name":"Media Foundation For West Africa","article_publisher":"https:\/\/www.facebook.com\/themfwa","article_published_time":"2018-02-07T12:52:28+00:00","article_modified_time":"2018-02-08T11:40:50+00:00","og_image":[{"width":951,"height":510,"url":"https:\/\/mfwa.org\/wp-content\/uploads\/2018\/02\/liberia-police-media.jpg","type":"image\/jpeg"}],"author":"Vivian Affoah","twitter_card":"summary_large_image","twitter_creator":"@TheMFWA","twitter_site":"@TheMFWA","twitter_misc":{"Written by":"Vivian Affoah","Est. reading time":"1 minute"},"schema":{"@context":"https:\/\/schema.org","@graph":[{"@type":"Article","@id":"https:\/\/mfwa.org\/fr\/mfwa-et-ses-partenaires-organisent-un-forum-post-election-presidentiel-entre-la-police-et-les-medias-au-liberia\/#article","isPartOf":{"@id":"https:\/\/mfwa.org\/fr\/mfwa-et-ses-partenaires-organisent-un-forum-post-election-presidentiel-entre-la-police-et-les-medias-au-liberia\/"},"author":{"name":"Vivian Affoah","@id":"https:\/\/mfwa.org\/#\/schema\/person\/6a1a8151b41fab6317c9544da609a96b"},"headline":"MFWA et Ses Partenaires Organisent un Forum Post-Election Pr\u00e9sidentiel entre la Police et les M\u00e9dias au Liberia","datePublished":"2018-02-07T12:52:28+00:00","dateModified":"2018-02-08T11:40:50+00:00","mainEntityOfPage":{"@id":"https:\/\/mfwa.org\/fr\/mfwa-et-ses-partenaires-organisent-un-forum-post-election-presidentiel-entre-la-police-et-les-medias-au-liberia\/"},"wordCount":266,"publisher":{"@id":"https:\/\/mfwa.org\/#organization"},"image":{"@id":"https:\/\/mfwa.org\/fr\/mfwa-et-ses-partenaires-organisent-un-forum-post-election-presidentiel-entre-la-police-et-les-medias-au-liberia\/#primaryimage"},"thumbnailUrl":"https:\/\/mfwa.org\/wp-content\/uploads\/2018\/02\/liberia-police-media.jpg","articleSection":["Bonne Gouvernance","D\u00e9veloppement des m\u00e9dias","Media and Good Governance"],"inLanguage":"fr-FR"},{"@type":"WebPage","@id":"https:\/\/mfwa.org\/fr\/mfwa-et-ses-partenaires-organisent-un-forum-post-election-presidentiel-entre-la-police-et-les-medias-au-liberia\/","url":"https:\/\/mfwa.org\/fr\/mfwa-et-ses-partenaires-organisent-un-forum-post-election-presidentiel-entre-la-police-et-les-medias-au-liberia\/","name":"MFWA et Ses Partenaires Organisent un Forum Post-Election Pr\u00e9sidentiel entre la Police et les M\u00e9dias au Liberia - Media Foundation For West Africa","isPartOf":{"@id":"https:\/\/mfwa.org\/#website"},"primaryImageOfPage":{"@id":"https:\/\/mfwa.org\/fr\/mfwa-et-ses-partenaires-organisent-un-forum-post-election-presidentiel-entre-la-police-et-les-medias-au-liberia\/#primaryimage"},"image":{"@id":"https:\/\/mfwa.org\/fr\/mfwa-et-ses-partenaires-organisent-un-forum-post-election-presidentiel-entre-la-police-et-les-medias-au-liberia\/#primaryimage"},"thumbnailUrl":"https:\/\/mfwa.org\/wp-content\/uploads\/2018\/02\/liberia-police-media.jpg","datePublished":"2018-02-07T12:52:28+00:00","dateModified":"2018-02-08T11:40:50+00:00","breadcrumb":{"@id":"https:\/\/mfwa.org\/fr\/mfwa-et-ses-partenaires-organisent-un-forum-post-election-presidentiel-entre-la-police-et-les-medias-au-liberia\/#breadcrumb"},"inLanguage":"fr-FR","potentialAction":[{"@type":"ReadAction","target":["https:\/\/mfwa.org\/fr\/mfwa-et-ses-partenaires-organisent-un-forum-post-election-presidentiel-entre-la-police-et-les-medias-au-liberia\/"]}]},{"@type":"ImageObject","inLanguage":"fr-FR","@id":"https:\/\/mfwa.org\/fr\/mfwa-et-ses-partenaires-organisent-un-forum-post-election-presidentiel-entre-la-police-et-les-medias-au-liberia\/#primaryimage","url":"https:\/\/mfwa.org\/wp-content\/uploads\/2018\/02\/liberia-police-media.jpg","contentUrl":"https:\/\/mfwa.org\/wp-content\/uploads\/2018\/02\/liberia-police-media.jpg","width":951,"height":510},{"@type":"BreadcrumbList","@id":"https:\/\/mfwa.org\/fr\/mfwa-et-ses-partenaires-organisent-un-forum-post-election-presidentiel-entre-la-police-et-les-medias-au-liberia\/#breadcrumb","itemListElement":[{"@type":"ListItem","position":1,"name":"Home","item":"https:\/\/mfwa.org\/fr\/"},{"@type":"ListItem","position":2,"name":"MFWA et Ses Partenaires Organisent un Forum Post-Election Pr\u00e9sidentiel entre la Police et les M\u00e9dias au Liberia"}]},{"@type":"WebSite","@id":"https:\/\/mfwa.org\/#website","url":"https:\/\/mfwa.org\/","name":"Media Foundation For West Africa","description":"Promoting Freedom of Expression and Democracy in West Africa","publisher":{"@id":"https:\/\/mfwa.org\/#organization"},"potentialAction":[{"@type":"SearchAction","target":{"@type":"EntryPoint","urlTemplate":"https:\/\/mfwa.org\/?s={search_term_string}"},"query-input":{"@type":"PropertyValueSpecification","valueRequired":true,"valueName":"search_term_string"}}],"inLanguage":"fr-FR"},{"@type":"Organization","@id":"https:\/\/mfwa.org\/#organization","name":"Media Foundation for West Africa","url":"https:\/\/mfwa.org\/","logo":{"@type":"ImageObject","inLanguage":"fr-FR","@id":"https:\/\/mfwa.org\/#\/schema\/logo\/image\/","url":"https:\/\/www.mfwa.org\/wp-content\/uploads\/2016\/06\/MFWA-LOGO.png","contentUrl":"https:\/\/www.mfwa.org\/wp-content\/uploads\/2016\/06\/MFWA-LOGO.png","width":180,"height":180,"caption":"Media Foundation for West Africa"},"image":{"@id":"https:\/\/mfwa.org\/#\/schema\/logo\/image\/"},"sameAs":["https:\/\/www.facebook.com\/themfwa","https:\/\/x.com\/TheMFWA","https:\/\/www.youtube.com\/channel\/UCF6HrPuXcV1K1Ed8AAq4Rdw"]},{"@type":"Person","@id":"https:\/\/mfwa.org\/#\/schema\/person\/6a1a8151b41fab6317c9544da609a96b","name":"Vivian Affoah","image":{"@type":"ImageObject","inLanguage":"fr-FR","@id":"https:\/\/secure.gravatar.com\/avatar\/ddf6c5c2ef2f35c978196ce314f9b81dba2ec548b12806a3acbe02e2360d7e63?s=96&d=mm&r=g","url":"https:\/\/secure.gravatar.com\/avatar\/ddf6c5c2ef2f35c978196ce314f9b81dba2ec548b12806a3acbe02e2360d7e63?s=96&d=mm&r=g","contentUrl":"https:\/\/secure.gravatar.com\/avatar\/ddf6c5c2ef2f35c978196ce314f9b81dba2ec548b12806a3acbe02e2360d7e63?s=96&d=mm&r=g","caption":"Vivian Affoah"},"sameAs":["http:\/\/www.mfwa.org"],"url":"https:\/\/mfwa.org\/fr\/author\/vivian\/"}]}},"_links":{"self":[{"href":"https:\/\/mfwa.org\/fr\/wp-json\/wp\/v2\/posts\/12131","targetHints":{"allow":["GET"]}}],"collection":[{"href":"https:\/\/mfwa.org\/fr\/wp-json\/wp\/v2\/posts"}],"about":[{"href":"https:\/\/mfwa.org\/fr\/wp-json\/wp\/v2\/types\/post"}],"author":[{"embeddable":true,"href":"https:\/\/mfwa.org\/fr\/wp-json\/wp\/v2\/users\/2"}],"replies":[{"embeddable":true,"href":"https:\/\/mfwa.org\/fr\/wp-json\/wp\/v2\/comments?post=12131"}],"version-history":[{"count":0,"href":"https:\/\/mfwa.org\/fr\/wp-json\/wp\/v2\/posts\/12131\/revisions"}],"wp:featuredmedia":[{"embeddable":true,"href":"https:\/\/mfwa.org\/fr\/wp-json\/wp\/v2\/media\/12130"}],"wp:attachment":[{"href":"https:\/\/mfwa.org\/fr\/wp-json\/wp\/v2\/media?parent=12131"}],"wp:term":[{"taxonomy":"category","embeddable":true,"href":"https:\/\/mfwa.org\/fr\/wp-json\/wp\/v2\/categories?post=12131"},{"taxonomy":"post_tag","embeddable":true,"href":"https:\/\/mfwa.org\/fr\/wp-json\/wp\/v2\/tags?post=12131"},{"taxonomy":"country","embeddable":true,"href":"https:\/\/mfwa.org\/fr\/wp-json\/wp\/v2\/country?post=12131"},{"taxonomy":"staff-position","embeddable":true,"href":"https:\/\/mfwa.org\/fr\/wp-json\/wp\/v2\/staff-position?post=12131"},{"taxonomy":"opportunity-category","embeddable":true,"href":"https:\/\/mfwa.org\/fr\/wp-json\/wp\/v2\/opportunity-category?post=12131"}],"curies":[{"name":"wp","href":"https:\/\/api.w.org\/{rel}","templated":true}]}}